{"id":266835,"date":"2025-06-05T07:30:36","date_gmt":"2025-06-05T10:30:36","guid":{"rendered":"https:\/\/www.agrobase.com.br\/concursos\/?p=266835"},"modified":"2025-06-04T11:39:25","modified_gmt":"2025-06-04T14:39:25","slug":"uffs-sc-selecao-simplificada-002-2025","status":"publish","type":"post","link":"https:\/\/www.agrobase.com.br\/concursos\/2025\/uffs-sc-selecao-simplificada-002-2025\/","title":{"rendered":"UFFS (SC) &#8211; Sele\u00e7\u00e3o Simplificada 002\/2025"},"content":{"rendered":"<h2>Informa\u00e7\u00f5es Gerais<\/h2>\n<p>O edital N\u00b0 400\/GR\/UFFS\/2025 da Universidade Federal da Fronteira Sul (UFFS) marca a abertura do Processo Seletivo Simplificado 002\/CHAPEC\u00d3. Com o edital j\u00e1 divulgado, este certame tem como principal objetivo a contrata\u00e7\u00e3o tempor\u00e1ria de Professores do Magist\u00e9rio Superior Substitutos, que ser\u00e3o regidos pela Lei n\u00ba 8.745\/1993, para atender a necessidades emergenciais da institui\u00e7\u00e3o.<\/p>\n<p>S\u00e3o ofertadas um total de 05 vagas destinadas a profissionais com forma\u00e7\u00e3o de n\u00edvel superior. As oportunidades abrangem diversas \u00e1reas do conhecimento, como Administra\u00e7\u00e3o Geral e Marketing, Cuidado de Enfermagem, Filosofia da Educa\u00e7\u00e3o e Matem\u00e1tica. Destacamos especialmente a vaga para a \u00e1rea de <strong>Sistemas de \u00c1gua e Gest\u00e3o de Recursos H\u00eddricos<\/strong>, de grande interesse para profissionais da Engenharia Ambiental e \u00e1reas correlatas. Este processo seletivo \u00e9 uma excelente porta de entrada para quem deseja atuar no ensino superior federal, contribuindo para a forma\u00e7\u00e3o acad\u00eamica e o desenvolvimento regional. Convidamos voc\u00ea a prosseguir com a leitura das pr\u00f3ximas se\u00e7\u00f5es para obter informa\u00e7\u00f5es detalhadas sobre como realizar sua inscri\u00e7\u00e3o, quais s\u00e3o as etapas da sele\u00e7\u00e3o e como acompanhar todos os resultados e convoca\u00e7\u00f5es.<\/p>\n<h2>Inscri\u00e7\u00f5es<\/h2>\n<p>As inscri\u00e7\u00f5es para o Processo Seletivo Simplificado 002\/CHAPEC\u00d3 da UFFS estar\u00e3o abertas em um per\u00edodo espec\u00edfico: iniciam-se \u00e0s <strong>10h do dia 04 de junho de 2025 e encerram-se impreterivelmente \u00e0s 23h59 do dia 12 de junho de 2025<\/strong> (hor\u00e1rio de Bras\u00edlia). Uma \u00f3tima not\u00edcia para os candidatos \u00e9 que a participa\u00e7\u00e3o neste certame \u00e9 <strong>totalmente gratuita<\/strong>, n\u00e3o havendo cobran\u00e7a de taxa de inscri\u00e7\u00e3o.<\/p>\n<p>Os interessados dever\u00e3o realizar sua inscri\u00e7\u00e3o exclusivamente por meio eletr\u00f4nico. Para isso, \u00e9 necess\u00e1rio enviar toda a documenta\u00e7\u00e3o exigida, devidamente digitalizada em um \u00fanico arquivo no formato .pdf, para o endere\u00e7o de e-mail <em>seletivo.ch@uffs.edu.br<\/em>. O Requerimento de Inscri\u00e7\u00e3o, que deve ser preenchido, e a lista completa dos documentos necess\u00e1rios (incluindo c\u00f3pia de documento de identifica\u00e7\u00e3o com foto e CPF, e Curriculum Vitae ou Lattes documentado conforme as normas do edital) podem ser acessados atrav\u00e9s do link oficial: <a href=\"https:\/\/site-prod.uffs.edu.br\/uffs\/concursos-e-processos-seletivos\/processos-seletivos-em-andamento\" target=\"_blank\" rel=\"noopener noreferrer\">Formul\u00e1rio de Inscri\u00e7\u00e3o e Documentos UFFS<\/a>. \u00c9 fundamental que o campo &#8216;assunto&#8217; do e-mail de inscri\u00e7\u00e3o seja preenchido com: &#8216;Processo seletivo &#8211; inscri\u00e7\u00e3o &#8211; [Seu Nome Completo]&#8217;. Ap\u00f3s o envio, o candidato receber\u00e1 um e-mail de confirma\u00e7\u00e3o do recebimento da inscri\u00e7\u00e3o, que servir\u00e1 como seu protocolo. Acompanhe a homologa\u00e7\u00e3o provis\u00f3ria e final das inscri\u00e7\u00f5es, bem como outros comunicados importantes, no portal oficial de concursos da UFFS: <a href=\"https:\/\/concursos.uffs.edu.br\/\" target=\"_blank\" rel=\"noopener noreferrer\">https:\/\/concursos.uffs.edu.br\/<\/a>. Recomendamos enfaticamente a leitura atenta e integral do Edital N\u00b0 400\/GR\/UFFS\/2025 para pleno conhecimento de todas as regras, prazos e procedimentos.<\/p>\n<h2>Etapas e Provas<\/h2>\n<p>O Processo Seletivo Simplificado 002\/CHAPEC\u00d3 da UFFS ser\u00e1 composto por duas etapas principais: Prova de T\u00edtulos e Prova Did\u00e1tica. Ambas s\u00e3o cruciais para a avalia\u00e7\u00e3o dos candidatos.<\/p>\n<ul>\n<li><strong>Prova de T\u00edtulos:<\/strong> De car\u00e1ter eliminat\u00f3rio e classificat\u00f3rio, esta etapa consiste na an\u00e1lise do Curriculum Vitae ou Lattes documentado, que deve ser enviado digitalizado no ato da inscri\u00e7\u00e3o. A pontua\u00e7\u00e3o varia de 0 a 10, sendo atribu\u00edda conforme os crit\u00e9rios e o formul\u00e1rio de avalia\u00e7\u00e3o de t\u00edtulos disponibilizado pela UFFS. O candidato com a maior pontua\u00e7\u00e3o em sua \u00e1rea de conhecimento receber\u00e1 nota 10, e os demais ter\u00e3o suas notas calculadas proporcionalmente. Apenas um n\u00famero limitado de candidatos por \u00e1rea, conforme especificado no edital, avan\u00e7ar\u00e1 para a pr\u00f3xima fase.<\/li>\n<li><strong>Prova Did\u00e1tica:<\/strong> Tamb\u00e9m de car\u00e1ter eliminat\u00f3rio e classificat\u00f3rio, esta etapa \u00e9 uma aula expositiva com dura\u00e7\u00e3o entre 30 e 40 minutos, realizada perante uma Banca Examinadora. O objetivo \u00e9 avaliar os conhecimentos espec\u00edficos e a capacidade did\u00e1tica do candidato. O ponto da aula ser\u00e1 sorteado publicamente no dia <em>27 de junho de 2025<\/em>, e as provas ocorrer\u00e3o entre <em>30 de junho e 03 de julho de 2025<\/em>. Para ser aprovado, o candidato deve obter m\u00e9dia igual ou superior a 6,0, n\u00e3o receber duas notas inferiores a 6,0 dos membros da banca e cumprir o tempo m\u00ednimo da aula.<\/li>\n<\/ul>\n<p>Para obter informa\u00e7\u00f5es completas sobre os crit\u00e9rios de avalia\u00e7\u00e3o de cada etapa, o conte\u00fado program\u00e1tico detalhado para cada \u00e1rea de conhecimento, e o cronograma oficial, \u00e9 indispens\u00e1vel a consulta ao Edital N\u00b0 400\/GR\/UFFS\/2025.<\/p>\n<h2>Resultados e Gabarito<\/h2>\n<p>O cronograma de divulga\u00e7\u00e3o dos resultados do Processo Seletivo Simplificado 002\/CHAPEC\u00d3 da UFFS \u00e9 uma etapa fundamental para os candidatos. As principais datas s\u00e3o:<\/p>\n<ul>\n<li>Divulga\u00e7\u00e3o provis\u00f3ria das inscri\u00e7\u00f5es: <em>13 de junho de 2025<\/em>.<\/li>\n<li>Divulga\u00e7\u00e3o da homologa\u00e7\u00e3o final das inscri\u00e7\u00f5es: <em>16 de junho de 2025<\/em>.<\/li>\n<li>Resultado provis\u00f3rio da Prova de T\u00edtulos: <em>24 de junho de 2025<\/em>.<\/li>\n<li>Resultado final da Prova de T\u00edtulos: <em>26 de junho de 2025<\/em>.<\/li>\n<li>Resultado Provis\u00f3rio da Prova Did\u00e1tica e Resultado Provis\u00f3rio Geral: <em>04 de julho de 2025<\/em>.<\/li>\n<li>Divulga\u00e7\u00e3o do Resultado Final do certame: <strong>a partir de 11 de julho de 2025<\/strong> (data que pode ser ajustada devido a procedimentos de heteroidentifica\u00e7\u00e3o, se aplic\u00e1vel).<\/li>\n<\/ul>\n<p>A classifica\u00e7\u00e3o final dos candidatos ser\u00e1 calculada pela M\u00e9dia Final (MF), obtida pela f\u00f3rmula: MF = (Nota da Prova de T\u00edtulos \u00d7 0,2) + (M\u00e9dia da Prova Did\u00e1tica \u00d7 0,8). Em caso de empate, os crit\u00e9rios de desempate seguir\u00e3o a ordem: idade igual ou superior a 60 anos, maior pontua\u00e7\u00e3o na Prova Did\u00e1tica, maior pontua\u00e7\u00e3o na Prova de T\u00edtulos e, por fim, maior idade.<\/p>\n<p>A homologa\u00e7\u00e3o do resultado final marca o in\u00edcio da validade do processo seletivo, que \u00e9 de 2 anos, podendo ser prorrogado por igual per\u00edodo. A convoca\u00e7\u00e3o dos aprovados ser\u00e1 realizada conforme a necessidade da UFFS, por meio de edital espec\u00edfico publicado no Boletim Oficial da institui\u00e7\u00e3o. Os candidatos convocados ter\u00e3o 5 dias \u00fateis para apresentar a documenta\u00e7\u00e3o exigida.<\/p>\n<p>\u00c9 de responsabilidade exclusiva do candidato acompanhar todas as publica\u00e7\u00f5es oficiais, incluindo resultados, convoca\u00e7\u00f5es e eventuais retifica\u00e7\u00f5es, no site <a href=\"https:\/\/concursos.uffs.edu.br\/\" target=\"_blank\" rel=\"noopener noreferrer\">https:\/\/concursos.uffs.edu.br\/<\/a> e no Boletim Oficial da UFFS.<\/p>\n","protected":false},"excerpt":{"rendered":"<p>Sel. Simplificada UFFS (SC) com edital publicado! Vagas p\/ Administra\u00e7\u00e3o e Enfermagem (Superior). Inscri\u00e7\u00f5es a partir de 04\/06. Confira detalhes!<\/p>\n","protected":false},"author":7,"featured_media":266834,"comment_status":"open","ping_status":"open","sticky":false,"template":"","format":"standard","meta":{"_acf_changed":false,"_breakdance_hide_in_design_set":false,"_breakdance_tags":"","footnotes":""},"categories":[3,12,13,16,136,112,6436,116],"tags":[61],"_amplo":[],"destaque":[],"instituicoes":[],"class_list":["post-266835","post","type-post","status-publish","format-standard","has-post-thumbnail","hentry","category-administracao","category-enfermagem","category-engenharia-ambiental","category-engenharia-sanitaria","category-estatistica","category-filosofia","category-fisica-licenciatura","category-matematica","tag-santa-catarina"],"acf":{"_tipo_vagas":"vagas","_numero_vagas":"","_quadro_vagas":"","_cargos":"professores","_cargos_especificos":"","_salario_max":"R$ 8.058,29","_abertura":"20250604","_encerramento":"20250612","_inscricoes":"https:\/\/site-prod.uffs.edu.br\/uffs\/concursos-e-processos-seletivos\/processos-seletivos-em-andamento","_executora_concurso":"","_instituicao_concurso":[],"_link_adicional":null,"_anexos":null,"_produtos":null,"_vagas":"05 vagas","_salario_min":"R$ 3.090,43","_instituicao":"Universidade Federal da Fronteira Sul","_edital":"https:\/\/www.agrobase.com.br\/concursos\/wp-content\/uploads\/sites\/4\/2025\/06\/edital-400-2025-uffs.pdf","_anexos_edital":"https:\/\/www.agrobase.com.br\/concursos\/wp-content\/uploads\/sites\/4\/2025\/06\/anexos-edital-400-2025-uffs.pdf","_fund_incompleto":"","_fund_completo":"","_medio":"","_superior":"<div>\r\n<table class=\"quadro\">\r\n<thead>\r\n<tr>\r\n<th class=\"hcargo\">Cargo<\/th>\r\n<th class=\"hvagas\">Vagas<\/th>\r\n<th class=\"hremuneracao\">Remunera\u00e7\u00e3o<\/th>\r\n<\/tr>\r\n<\/thead>\r\n    <tbody>\r\n      <tr>\r\n<td class=\"ccargos\">\r\n<span data-balloon-length=\"medium\" aria-label=\"Gradua\u00e7\u00e3o: Administra\u00e7\u00e3o; Especializa\u00e7\u00e3o: Marketing ou \u00e1reas afins ou Mestrado: Administra\u00e7\u00e3o ou interdisciplinar.\" data-balloon-pos=\"up\">Administra\u00e7\u00e3o Geral e Marketing<\/span><\/td>\r\n<td class=\"cvagas\">01<\/td>\r\n<td class=\"cremuneracao\">R$ 0,00 \/40h<\/td>\r\n<\/tr><tr>\r\n<td class=\"ccargos\">\r\n<span data-balloon-length=\"medium\" aria-label=\"Gradua\u00e7\u00e3o: Enfermagem; Especializa\u00e7\u00e3o: Enfermagem ou \u00c1rea da Sa\u00fade ou Educa\u00e7\u00e3o ou Mestrado: Enfermagem ou \u00c1rea da Sa\u00fade ou Educa\u00e7\u00e3o.\" data-balloon-pos=\"up\">Cuidado de Enfermagem na Rede de Aten\u00e7\u00e3o \u00e0 Sa\u00fade: Da Aten\u00e7\u00e3o Prim\u00e1ria ao Contexto Hospitalar<\/span><\/td>\r\n<td class=\"cvagas\">01<\/td>\r\n<td class=\"cremuneracao\">R$ 0,00 \/40h<\/td>\r\n<\/tr><tr>\r\n<td class=\"ccargos\">\r\n<span data-balloon-length=\"medium\" aria-label=\"Gradua\u00e7\u00e3o: Filosofia; Mestrado: Filosofia ou Educa\u00e7\u00e3o ou Doutorado: Filosofia ou Educa\u00e7\u00e3o.\" data-balloon-pos=\"up\">Filosofia da Educa\u00e7\u00e3o<\/span><\/td>\r\n<td class=\"cvagas\">01<\/td>\r\n<td class=\"cremuneracao\">R$ 0,00 \/40h<\/td>\r\n<\/tr><tr>\r\n<td class=\"ccargos\">\r\n<span data-balloon-length=\"medium\" aria-label=\"Gradua\u00e7\u00e3o: Engenharia Ambiental e Sanit\u00e1ria ou Engenharia Sanit\u00e1ria e Ambiental ou Engenharia Ambiental; Especializa\u00e7\u00e3o: Especializa\u00e7\u00e3o em Engenharia Ambiental ou \u00e1reas afins.\" data-balloon-pos=\"up\">Sistemas de \u00c1gua e Gest\u00e3o de Recursos H\u00eddricos<\/span><\/td>\r\n<td class=\"cvagas\">01<\/td>\r\n<td class=\"cremuneracao\">R$ 0,00 \/20h<\/td>\r\n<\/tr><tr>\r\n<td class=\"ccargos\">\r\n<span data-balloon-length=\"medium\" aria-label=\"Gradua\u00e7\u00e3o: Matem\u00e1tica, F\u00edsica, Estat\u00edstica, Computa\u00e7\u00e3o ou Engenharias; Especializa\u00e7\u00e3o: Matem\u00e1tica ou Educa\u00e7\u00e3o Matem\u00e1tica ou Educa\u00e7\u00e3o ou \u00e1reas afins ou Mestrado: Matem\u00e1tica ou Educa\u00e7\u00e3o Matem\u00e1tica ou Educa\u00e7\u00e3o ou \u00e1reas afins.\" data-balloon-pos=\"up\">Matem\u00e1tica<\/span><\/td>\r\n<td class=\"cvagas\">01<\/td>\r\n<td class=\"cremuneracao\">R$ 0,00 \/40h<\/td>\r\n<\/tr>\r\n    <\/tbody>\r\n  <\/table>\r\n<\/div>"},"_links":{"self":[{"href":"https:\/\/www.agrobase.com.br\/concursos\/wp-json\/wp\/v2\/posts\/266835","targetHints":{"allow":["GET"]}}],"collection":[{"href":"https:\/\/www.agrobase.com.br\/concursos\/wp-json\/wp\/v2\/posts"}],"about":[{"href":"https:\/\/www.agrobase.com.br\/concursos\/wp-json\/wp\/v2\/types\/post"}],"author":[{"embeddable":true,"href":"https:\/\/www.agrobase.com.br\/concursos\/wp-json\/wp\/v2\/users\/7"}],"replies":[{"embeddable":true,"href":"https:\/\/www.agrobase.com.br\/concursos\/wp-json\/wp\/v2\/comments?post=266835"}],"version-history":[{"count":4,"href":"https:\/\/www.agrobase.com.br\/concursos\/wp-json\/wp\/v2\/posts\/266835\/revisions"}],"predecessor-version":[{"id":266841,"href":"https:\/\/www.agrobase.com.br\/concursos\/wp-json\/wp\/v2\/posts\/266835\/revisions\/266841"}],"wp:featuredmedia":[{"embeddable":true,"href":"https:\/\/www.agrobase.com.br\/concursos\/wp-json\/wp\/v2\/media\/266834"}],"wp:attachment":[{"href":"https:\/\/www.agrobase.com.br\/concursos\/wp-json\/wp\/v2\/media?parent=266835"}],"wp:term":[{"taxonomy":"category","embeddable":true,"href":"https:\/\/www.agrobase.com.br\/concursos\/wp-json\/wp\/v2\/categories?post=266835"},{"taxonomy":"post_tag","embeddable":true,"href":"https:\/\/www.agrobase.com.br\/concursos\/wp-json\/wp\/v2\/tags?post=266835"},{"taxonomy":"_amplo","embeddable":true,"href":"https:\/\/www.agrobase.com.br\/concursos\/wp-json\/wp\/v2\/_amplo?post=266835"},{"taxonomy":"destaque","embeddable":true,"href":"https:\/\/www.agrobase.com.br\/concursos\/wp-json\/wp\/v2\/destaque?post=266835"},{"taxonomy":"instituicoes","embeddable":true,"href":"https:\/\/www.agrobase.com.br\/concursos\/wp-json\/wp\/v2\/instituicoes?post=266835"}],"curies":[{"name":"wp","href":"https:\/\/api.w.org\/{rel}","templated":true}]}}