{"id":266804,"date":"2025-06-04T08:20:39","date_gmt":"2025-06-04T11:20:39","guid":{"rendered":"https:\/\/www.agrobase.com.br\/concursos\/?p=266804"},"modified":"2025-06-03T14:51:27","modified_gmt":"2025-06-03T17:51:27","slug":"prefeitura-ico-ce-concurso-01-2025","status":"publish","type":"post","link":"https:\/\/www.agrobase.com.br\/concursos\/2025\/prefeitura-ico-ce-concurso-01-2025\/","title":{"rendered":"Prefeitura Ic\u00f3 (CE) &#8211; Concurso 01\/2025"},"content":{"rendered":"<h2>Informa\u00e7\u00f5es Gerais<\/h2>\n<p>A Prefeitura Municipal de Ic\u00f3, no estado do Cear\u00e1, publicou o edital para seu Concurso P\u00fablico (referente \u00e0 Lei Municipal n\u00b0 1.271\/2025), que est\u00e1 sob a responsabilidade da UNIVERSIDADE PATATIVA DO ASSAR\u00c9 \u2013 UPA. O certame tem como objetivo o provimento de <strong>52 vagas imediatas<\/strong> para o quadro permanente do Poder Executivo Municipal, al\u00e9m da forma\u00e7\u00e3o de cadastro de reserva para cargos que possam surgir ou vagar durante o prazo de validade do concurso, estipulado em 02 (dois) anos, prorrog\u00e1vel uma vez por igual per\u00edodo. Os profissionais aprovados e nomeados ser\u00e3o contratados sob o Regime Jur\u00eddico \u00danico, de car\u00e1ter Estatut\u00e1rio, conforme a Lei Municipal 475\/2000.<\/p>\n<p>As oportunidades s\u00e3o destinadas a candidatos com forma\u00e7\u00e3o de <strong>N\u00edvel M\u00e9dio Completo e N\u00edvel Superior Completo<\/strong>. As vagas abrangem setores cruciais da administra\u00e7\u00e3o p\u00fablica, como fiscaliza\u00e7\u00e3o tribut\u00e1ria e sanit\u00e1ria, seguran\u00e7a com o cargo de Guarda Municipal, e infraestrutura com diversas especialidades de engenharia. Na \u00e1rea da sa\u00fade, h\u00e1 postos para farmac\u00eauticos, fonoaudi\u00f3logos, psiquiatras e terapeutas ocupacionais. <strong>\u00c9 importante ressaltar a oferta de vagas para Engenheiro Ambiental e Engenheiro Florestal<\/strong>, profiss\u00f5es essenciais para o desenvolvimento sustent\u00e1vel e a gest\u00e3o dos recursos naturais. Se voc\u00ea busca uma carreira p\u00fablica no munic\u00edpio de Ic\u00f3, este concurso pode ser a sua chance. Explore as se\u00e7\u00f5es seguintes para entender o processo de inscri\u00e7\u00e3o, as etapas avaliativas e como se manter informado sobre os resultados.<\/p>\n<h2>Inscri\u00e7\u00f5es<\/h2>\n<p>As inscri\u00e7\u00f5es para o Concurso P\u00fablico da Prefeitura de Ic\u00f3 &#8211; CE estar\u00e3o abertas e ser\u00e3o realizadas exclusivamente online. Os interessados dever\u00e3o acessar o site da banca organizadora, UNIVERSIDADE PATATIVA DO ASSAR\u00c9 (www.universidadepatativa.com.br), no per\u00edodo de <strong>04 de junho de 2025, a partir das 09:00 horas, at\u00e9 o dia 29 de junho de 2025, \u00e0s 23:59 horas<\/strong>. \u00c9 fundamental que o candidato leia atentamente o edital antes de efetuar a inscri\u00e7\u00e3o, pois o pagamento da taxa implica na aceita\u00e7\u00e3o de todas as normas.<\/p>\n<p>Os valores das taxas de inscri\u00e7\u00e3o s\u00e3o de <strong>R$ 120,00 para cargos de N\u00edvel M\u00e9dio Completo<\/strong> e <strong>R$ 150,00 para cargos de N\u00edvel Superior Completo<\/strong>. O pagamento deve ser realizado por meio de boleto banc\u00e1rio, gerado ap\u00f3s o preenchimento do formul\u00e1rio de inscri\u00e7\u00e3o online, ou via QR Code PIX. O boleto pode ser pago em qualquer ag\u00eancia banc\u00e1ria, mas \u00e9 crucial observar o prazo de vencimento e efetuar o pagamento preferencialmente at\u00e9 \u00e0s 20:00h da data limite para garantir a compensa\u00e7\u00e3o. Recomenda-se conferir todos os dados do boleto e utilizar leitores de c\u00f3digo de barras para evitar erros. N\u00e3o ser\u00e3o aceitos pagamentos ap\u00f3s o vencimento, e o valor da taxa n\u00e3o ser\u00e1 devolvido em caso de desist\u00eancia ou indeferimento.<\/p>\n<p>O edital prev\u00ea a possibilidade de isen\u00e7\u00e3o da taxa de inscri\u00e7\u00e3o, cujos crit\u00e9rios e procedimentos detalhados devem ser consultados no documento oficial, dispon\u00edvel no site da banca. Os resultados dos pedidos de isen\u00e7\u00e3o ser\u00e3o divulgados conforme cronograma. Ap\u00f3s a confirma\u00e7\u00e3o do pagamento e preenchimento dos dados, o candidato poder\u00e1 acompanhar o status de sua inscri\u00e7\u00e3o e obter informa\u00e7\u00f5es sobre o certame em sua \u00e1rea restrita no portal da UNIVERSIDADE PATATIVA DO ASSAR\u00c9. Lembre-se: a leitura completa do edital \u00e9 indispens\u00e1vel para conhecer todos os requisitos e prazos.<\/p>\n<h2>Etapas e Provas<\/h2>\n<p>O Concurso P\u00fablico da Prefeitura de Ic\u00f3 &#8211; CE ser\u00e1 composto por diferentes etapas, variando conforme o cargo pretendido. \u00c9 crucial que os candidatos conhe\u00e7am todas as fases para uma prepara\u00e7\u00e3o adequada.<\/p>\n<ul>\n<li><strong>1\u00aa Etapa: Prova Objetiva<\/strong> (para todos os cargos)\n<ul>\n<li>Car\u00e1ter: Eliminat\u00f3rio e classificat\u00f3rio.<\/li>\n<li>Formato: 30 quest\u00f5es de m\u00faltipla escolha, com 04 alternativas cada, valendo 3,2 pontos por quest\u00e3o.<\/li>\n<li>Aprova\u00e7\u00e3o: M\u00ednimo de 60% de acertos.<\/li>\n<li>Dura\u00e7\u00e3o: 03 horas.<\/li>\n<li>Data prevista: 20 de julho de 2025.<\/li>\n<li>Conte\u00fado: As disciplinas e o conte\u00fado program\u00e1tico est\u00e3o detalhados nos Anexos II e III do edital.<\/li>\n<\/ul>\n<\/li>\n<li><strong>2\u00aa Etapa: Prova de T\u00edtulos<\/strong> (apenas para cargos de N\u00edvel Superior)\n<ul>\n<li>Car\u00e1ter: Classificat\u00f3rio (para candidatos aprovados na prova objetiva com pelo menos 60% de acertos).<\/li>\n<li>Formato: An\u00e1lise de Curriculum Vitae Simplificado e documenta\u00e7\u00e3o comprobat\u00f3ria.<\/li>\n<li>Pontua\u00e7\u00e3o: At\u00e9 04 pontos, considerando Doutorado (1,10), Mestrado (1,00), Especializa\u00e7\u00e3o na \u00e1rea (1,00) e certificados de cursos (m\u00ednimo 80h, at\u00e9 0,90).<\/li>\n<li>Entrega dos documentos: 25 e 26 de agosto de 2025.<\/li>\n<\/ul>\n<\/li>\n<li><strong>2\u00aa Etapa: Teste de Aptid\u00e3o F\u00edsica (TAF)<\/strong> (apenas para o cargo de Guarda Municipal)\n<ul>\n<li>Car\u00e1ter: Eliminat\u00f3rio (para candidatos aprovados na prova objetiva, convocados at\u00e9 o dobro das vagas).<\/li>\n<li>Formato: Testes de flex\u00e3o na barra fixa, abdominal e corrida, com exig\u00eancias distintas para sexo masculino e feminino.<\/li>\n<li>Requisito: Apresenta\u00e7\u00e3o de atestado m\u00e9dico espec\u00edfico de aptid\u00e3o para esfor\u00e7o f\u00edsico.<\/li>\n<li>Resultado: APTO ou INAPTO.<\/li>\n<li>Data prevista: 24 de agosto de 2025.<\/li>\n<\/ul>\n<\/li>\n<li><strong>3\u00aa Etapa: Avalia\u00e7\u00e3o Psicol\u00f3gica<\/strong> (apenas para o cargo de Guarda Municipal)\n<ul>\n<li>Car\u00e1ter: Eliminat\u00f3rio (para candidatos considerados APTOS no TAF).<\/li>\n<li>Formato: Testes psicol\u00f3gicos, din\u00e2mica de grupo e entrevista individual para avaliar controle emocional, relacionamento interpessoal e sociabilidade.<\/li>\n<li>Resultado: APTO ou INAPTO.<\/li>\n<li>Data prevista: 14 de setembro de 2025.<\/li>\n<\/ul>\n<\/li>\n<li><strong>4\u00aa Etapa: Curso de Forma\u00e7\u00e3o<\/strong> (apenas para o cargo de Guarda Municipal)\n<ul>\n<li>Car\u00e1ter: Eliminat\u00f3rio (para candidatos aprovados nas etapas anteriores).<\/li>\n<li>Formato: Carga hor\u00e1ria de 40 horas\/aula. Exige frequ\u00eancia m\u00ednima de 80% e m\u00e9dia 7,0 para aprova\u00e7\u00e3o.<\/li>\n<li>Requisito: Idade m\u00ednima de 18 anos na data da matr\u00edcula no curso.<\/li>\n<li>Resultado: APTO ou INAPTO.<\/li>\n<li>Convoca\u00e7\u00e3o: Edital de convoca\u00e7\u00e3o previsto para 25 de setembro de 2025.<\/li>\n<\/ul>\n<\/li>\n<\/ul>\n<p>Para informa\u00e7\u00f5es completas sobre o conte\u00fado program\u00e1tico de cada disciplina, os crit\u00e9rios detalhados de cada avalia\u00e7\u00e3o, as regras espec\u00edficas e o cronograma completo, \u00e9 fundamental a leitura integral do edital e seus anexos.<\/p>\n<h2>Resultados e Gabarito<\/h2>\n<p>O acompanhamento dos resultados do Concurso P\u00fablico da Prefeitura de Ic\u00f3 &#8211; CE \u00e9 uma etapa crucial para os candidatos. A banca organizadora, UNIVERSIDADE PATATIVA DO ASSAR\u00c9, divulgar\u00e1 todas as informa\u00e7\u00f5es em seu site oficial (www.universidadepatativa.com.br) e, em alguns casos, no quadro de avisos ou site da Prefeitura.<\/p>\n<p>O <strong>gabarito preliminar<\/strong> da prova objetiva est\u00e1 previsto para ser divulgado em <strong>21 de julho de 2025<\/strong>. Ap\u00f3s o per\u00edodo de recursos, o <strong>gabarito oficial<\/strong> ser\u00e1 publicado em <strong>01 de agosto de 2025<\/strong>. Os resultados preliminares e oficiais de cada etapa seguir\u00e3o um cronograma espec\u00edfico:<\/p>\n<ul>\n<li>Resultado Preliminar da Prova Objetiva: 04 de agosto de 2025.<\/li>\n<li>Resultado Oficial da Prova Objetiva: 13 de agosto de 2025.<\/li>\n<li>Resultado Preliminar da Prova de T\u00edtulos e do TAF: 04 de setembro de 2025.<\/li>\n<li>Resultado Oficial da Prova de T\u00edtulos e do TAF: 10 de setembro de 2025.<\/li>\n<li>Resultado Preliminar da Avalia\u00e7\u00e3o Psicol\u00f3gica: 18 de setembro de 2025.<\/li>\n<li>Resultado Oficial da Avalia\u00e7\u00e3o Psicol\u00f3gica: 23 de setembro de 2025.<\/li>\n<li>Resultado Oficial do Curso de Forma\u00e7\u00e3o (Guarda Municipal): 09 de outubro de 2025.<\/li>\n<\/ul>\n<p>O <strong>resultado final classificat\u00f3rio<\/strong> do concurso est\u00e1 previsto para <strong>09 de outubro de 2025<\/strong>.<\/p>\n<p>A classifica\u00e7\u00e3o dos candidatos ser\u00e1 feita em ordem decrescente da nota final, considerando a soma da prova escrita e dos t\u00edtulos (quando houver). Em caso de empate, os crit\u00e9rios s\u00e3o: 1\u00ba) maior nota em conhecimentos espec\u00edficos; 2\u00ba) maior nota em l\u00edngua portuguesa; 3\u00ba) idade mais elevada. A <strong>homologa\u00e7\u00e3o<\/strong> do resultado final, ato que o torna oficial, compete \u00e0 Prefeitura Municipal de Ic\u00f3 e deve ocorrer em at\u00e9 30 dias ap\u00f3s a divulga\u00e7\u00e3o do resultado final. As convoca\u00e7\u00f5es para posse seguir\u00e3o rigorosamente a ordem de classifica\u00e7\u00e3o e as necessidades da administra\u00e7\u00e3o, sendo fundamental que o candidato mantenha seu endere\u00e7o atualizado junto \u00e0 Prefeitura.<\/p>\n<p>\u00c9 de responsabilidade exclusiva do candidato acompanhar todas as publica\u00e7\u00f5es oficiais referentes ao concurso, incluindo convoca\u00e7\u00f5es, resultados e comunicados, tanto no site da UNIVERSIDADE PATATIVA DO ASSAR\u00c9 quanto nos meios de divulga\u00e7\u00e3o oficial do Munic\u00edpio de Ic\u00f3.<\/p>\n","protected":false},"excerpt":{"rendered":"<p>Concurso Pref. Ic\u00f3 (CE) com edital publicado! Vagas p\/ Guarda e Eng. Ambiental (M\u00e9dio\/Sup.). Inscri\u00e7\u00f5es a partir de 04\/06. Sal\u00e1rios at\u00e9 R$ 6k. Confira detalhes!<\/p>\n","protected":false},"author":7,"featured_media":266803,"comment_status":"open","ping_status":"open","sticky":false,"template":"","format":"standard","meta":{"_acf_changed":false,"_breakdance_hide_in_design_set":false,"_breakdance_tags":"","footnotes":""},"categories":[13,14,103,15,17,19,21,134],"tags":[43],"_amplo":[6427,6428],"destaque":[],"instituicoes":[],"class_list":["post-266804","post","type-post","status-publish","format-standard","has-post-thumbnail","hentry","category-engenharia-ambiental","category-engenharia","category-engenharia-eletrica","category-engenharia-florestal","category-farmacia","category-fonoaudiologia","category-medicina","category-terapia-ocupacional","tag-ceara","_amplo-nivel-medio","_amplo-nivel-superior"],"acf":{"_tipo_vagas":"vagas","_numero_vagas":"","_quadro_vagas":"","_cargos":"diversos","_cargos_especificos":"","_salario_max":"R$ 6000","_abertura":"20250604","_encerramento":"20250629","_inscricoes":"https:\/\/www.universidadepatativa.com.br","_executora_concurso":"","_instituicao_concurso":[],"_link_adicional":null,"_anexos":null,"_produtos":null,"_vagas":"52 vagas","_salario_min":"R$ 1518","_instituicao":"Prefeitura Municipal de Ic\u00f3","_edital":"https:\/\/www.agrobase.com.br\/concursos\/wp-content\/uploads\/sites\/4\/2025\/06\/edital-01-2025-ico-ce.pdf","_anexos_edital":"https:\/\/www.agrobase.com.br\/concursos\/wp-content\/uploads\/sites\/4\/2025\/06\/anexos-edital-01-2025-ico-ce.pdf","_fund_incompleto":"","_fund_completo":"","_medio":"<div>\r\n<table class=\"quadro\">\r\n<thead>\r\n<tr>\r\n<th class=\"hcargo\">Cargo<\/th>\r\n<th class=\"hvagas\">Vagas<\/th>\r\n<th class=\"hremuneracao\">Remunera\u00e7\u00e3o<\/th>\r\n<\/tr>\r\n<\/thead>\r\n    <tbody>\r\n      <td class=\"ccargos\">\r\n<span data-balloon-length=\"medium\" aria-label=\"Ensino M\u00e9dio Completo e Carteira Nacional de Habilita\u00e7\u00e3o Categoria AB\" data-balloon-pos=\"up\">AGENTE DE TR\u00c2NSITO<\/span><\/td>\r\n<td class=\"cvagas\">10<\/td>\r\n<td class=\"cremuneracao\">R$ 1.558,00 \/40h<\/td>\r\n<\/tr><td class=\"ccargos\">\r\n<span data-balloon-length=\"medium\" aria-label=\"Ensino M\u00e9dio Completo\" data-balloon-pos=\"up\">FISCAL DE TRIBUTOS<\/span><\/td>\r\n<td class=\"cvagas\">02<\/td>\r\n<td class=\"cremuneracao\">R$ 1.558,99 \/40h<\/td>\r\n<\/tr><td class=\"ccargos\">\r\n<span data-balloon-length=\"medium\" aria-label=\"Ensino M\u00e9dio Completo\" data-balloon-pos=\"up\">FISCAL SANIT\u00c1RIO<\/span><\/td>\r\n<td class=\"cvagas\">04<\/td>\r\n<td class=\"cremuneracao\">R$ 1.518,00 \/40h<\/td>\r\n<\/tr><td class=\"ccargos\">\r\n<span data-balloon-length=\"medium\" aria-label=\"Ensino M\u00e9dio Completo\" data-balloon-pos=\"up\">GUARDA MUNICIPAL<\/span><\/td>\r\n<td class=\"cvagas\">15<\/td>\r\n<td class=\"cremuneracao\">R$ 1.518,00 \/40h<\/td>\r\n<\/tr>\r\n    <\/tbody>\r\n  <\/table>\r\n<\/div>","_superior":"<div>\r\n<table class=\"quadro\">\r\n<thead>\r\n<tr>\r\n<th class=\"hcargo\">Cargo<\/th>\r\n<th class=\"hvagas\">Vagas<\/th>\r\n<th class=\"hremuneracao\">Remunera\u00e7\u00e3o<\/th>\r\n<\/tr>\r\n<\/thead>\r\n    <tbody>\r\n      <tr>\r\n<td class=\"ccargos\">\r\n<span data-balloon-length=\"medium\" aria-label=\"Ensino Superior Completo em Engenharia Ambiental e Registro no Conselho de Classe Competente\" data-balloon-pos=\"up\">ENGENHEIRO AMBIENTAL<\/span><\/td>\r\n<td class=\"cvagas\">02<\/td>\r\n<td class=\"cremuneracao\">R$ 5.000,00 \/40h<\/td>\r\n<\/tr><tr>\r\n<td class=\"ccargos\">\r\n<span data-balloon-length=\"medium\" aria-label=\"Ensino Superior Completo em Engenharia Civil e Registro no Conselho de Classe Competente\" data-balloon-pos=\"up\">ENGENHEIRO CIVIL<\/span><\/td>\r\n<td class=\"cvagas\">02<\/td>\r\n<td class=\"cremuneracao\">R$ 5.000,00 \/40h<\/td>\r\n<\/tr><tr>\r\n<td class=\"ccargos\">\r\n<span data-balloon-length=\"medium\" aria-label=\"Ensino Superior Completo em Engenharia El\u00e9trica e Registro no Conselho de Classe Competente\" data-balloon-pos=\"up\">ENGENHEIRO EL\u00c9TRICO<\/span><\/td>\r\n<td class=\"cvagas\">02<\/td>\r\n<td class=\"cremuneracao\">R$ 5.000,00 \/40h<\/td>\r\n<\/tr><tr>\r\n<td class=\"ccargos\">\r\n<span data-balloon-length=\"medium\" aria-label=\"Ensino Superior Completo em Engenharia Florestal e Registro no Conselho de Classe Competente\" data-balloon-pos=\"up\">ENGENHEIRO FLORESTAL<\/span><\/td>\r\n<td class=\"cvagas\">02<\/td>\r\n<td class=\"cremuneracao\">R$ 5.000,00 \/40h<\/td>\r\n<\/tr><tr>\r\n<td class=\"ccargos\">\r\n<span data-balloon-length=\"medium\" aria-label=\"Ensino Superior Completo em Farm\u00e1cia e Registro no Conselho de Classe Competente\" data-balloon-pos=\"up\">FARMAC\u00caUTICO<\/span><\/td>\r\n<td class=\"cvagas\">03<\/td>\r\n<td class=\"cremuneracao\">R$ 2.565,48 \/40h<\/td>\r\n<\/tr><tr>\r\n<td class=\"ccargos\">\r\n<span data-balloon-length=\"medium\" aria-label=\"Ensino Superior Completo em Qualquer \u00c1rea\" data-balloon-pos=\"up\">FISCAL AMBIENTAL<\/span><\/td>\r\n<td class=\"cvagas\">04<\/td>\r\n<td class=\"cremuneracao\">R$ 1.518,00 \/40h<\/td>\r\n<\/tr><tr>\r\n<td class=\"ccargos\">\r\n<span data-balloon-length=\"medium\" aria-label=\"Ensino Superior Completo em Fonoaudiologia e Registro no Conselho de Classe Competente\" data-balloon-pos=\"up\">FONOAUDI\u00d3LOGO<\/span><\/td>\r\n<td class=\"cvagas\">02<\/td>\r\n<td class=\"cremuneracao\">R$ 6.000,00 \/30h<\/td>\r\n<\/tr><tr>\r\n<td class=\"ccargos\">\r\n<span data-balloon-length=\"medium\" aria-label=\"Ensino Superior Completo em Medicina com Resid\u00eancia M\u00e9dica em Psiquiatria e Registro no Conselho de Classe Competente\" data-balloon-pos=\"up\">PSIQUIATRA<\/span><\/td>\r\n<td class=\"cvagas\">02<\/td>\r\n<td class=\"cremuneracao\">R$ 4.952,70 \/20h<\/td>\r\n<\/tr><tr>\r\n<td class=\"ccargos\">\r\n<span data-balloon-length=\"medium\" aria-label=\"Ensino Superior Completo em Terapia Ocupacional e Registro no Conselho de Classe Competente\" data-balloon-pos=\"up\">TERAPEUTA OCUPACIONAL<\/span><\/td>\r\n<td class=\"cvagas\">02<\/td>\r\n<td class=\"cremuneracao\">R$ 6.000,00 \/30h<\/td>\r\n<\/tr>\r\n    <\/tbody>\r\n  <\/table>\r\n<\/div>"},"_links":{"self":[{"href":"https:\/\/www.agrobase.com.br\/concursos\/wp-json\/wp\/v2\/posts\/266804","targetHints":{"allow":["GET"]}}],"collection":[{"href":"https:\/\/www.agrobase.com.br\/concursos\/wp-json\/wp\/v2\/posts"}],"about":[{"href":"https:\/\/www.agrobase.com.br\/concursos\/wp-json\/wp\/v2\/types\/post"}],"author":[{"embeddable":true,"href":"https:\/\/www.agrobase.com.br\/concursos\/wp-json\/wp\/v2\/users\/7"}],"replies":[{"embeddable":true,"href":"https:\/\/www.agrobase.com.br\/concursos\/wp-json\/wp\/v2\/comments?post=266804"}],"version-history":[{"count":2,"href":"https:\/\/www.agrobase.com.br\/concursos\/wp-json\/wp\/v2\/posts\/266804\/revisions"}],"predecessor-version":[{"id":266808,"href":"https:\/\/www.agrobase.com.br\/concursos\/wp-json\/wp\/v2\/posts\/266804\/revisions\/266808"}],"wp:featuredmedia":[{"embeddable":true,"href":"https:\/\/www.agrobase.com.br\/concursos\/wp-json\/wp\/v2\/media\/266803"}],"wp:attachment":[{"href":"https:\/\/www.agrobase.com.br\/concursos\/wp-json\/wp\/v2\/media?parent=266804"}],"wp:term":[{"taxonomy":"category","embeddable":true,"href":"https:\/\/www.agrobase.com.br\/concursos\/wp-json\/wp\/v2\/categories?post=266804"},{"taxonomy":"post_tag","embeddable":true,"href":"https:\/\/www.agrobase.com.br\/concursos\/wp-json\/wp\/v2\/tags?post=266804"},{"taxonomy":"_amplo","embeddable":true,"href":"https:\/\/www.agrobase.com.br\/concursos\/wp-json\/wp\/v2\/_amplo?post=266804"},{"taxonomy":"destaque","embeddable":true,"href":"https:\/\/www.agrobase.com.br\/concursos\/wp-json\/wp\/v2\/destaque?post=266804"},{"taxonomy":"instituicoes","embeddable":true,"href":"https:\/\/www.agrobase.com.br\/concursos\/wp-json\/wp\/v2\/instituicoes?post=266804"}],"curies":[{"name":"wp","href":"https:\/\/api.w.org\/{rel}","templated":true}]}}