{"id":266763,"date":"2025-06-04T07:20:08","date_gmt":"2025-06-04T10:20:08","guid":{"rendered":"https:\/\/www.agrobase.com.br\/concursos\/?p=266763"},"modified":"2025-06-03T12:50:34","modified_gmt":"2025-06-03T15:50:34","slug":"prefeitura-santa-barbara-mg-selecao-simplificada-002-2025","status":"publish","type":"post","link":"https:\/\/www.agrobase.com.br\/concursos\/2025\/prefeitura-santa-barbara-mg-selecao-simplificada-002-2025\/","title":{"rendered":"Prefeitura Santa B\u00e1rbara (MG) &#8211; Sele\u00e7\u00e3o Simplificada 002\/2025"},"content":{"rendered":"<h2>Informa\u00e7\u00f5es Gerais<\/h2>\n<p>A Prefeitura Municipal de Santa B\u00e1rbara, em Minas Gerais, publicou o <strong>edital n.\u00ba 002\/2025<\/strong> referente ao seu Processo Seletivo Simplificado. O certame, com edital publicado e organizado pela Fronte Concursos e Projetos LTDA, objetiva a forma\u00e7\u00e3o de <strong>cadastro reserva<\/strong> para provimento tempor\u00e1rio de vagas sob regime estatut\u00e1rio.<\/p>\n<p>As oportunidades contemplam os n\u00edveis de escolaridade <em>fundamental, m\u00e9dio, t\u00e9cnico e superior<\/em>, abrangendo diversas \u00e1reas da administra\u00e7\u00e3o municipal, como servi\u00e7os gerais, operacional, administrativa, educa\u00e7\u00e3o, sa\u00fade, assist\u00eancia social, engenharia e artes\/m\u00fasica. <strong>Destacamos a previs\u00e3o de vagas para Analista de Agropecu\u00e1ria (forma\u00e7\u00e3o em Agronomia), M\u00e9dico Veterin\u00e1rio e Nutricionista.<\/strong> Este processo seletivo representa uma importante oportunidade para ingresso no servi\u00e7o p\u00fablico municipal. Convidamos voc\u00ea a explorar as se\u00e7\u00f5es seguintes para obter informa\u00e7\u00f5es detalhadas sobre inscri\u00e7\u00f5es, etapas e como acompanhar os resultados.<\/p>\n<h2>Inscri\u00e7\u00f5es<\/h2>\n<p>As inscri\u00e7\u00f5es para o Processo Seletivo Simplificado da Prefeitura de Santa B\u00e1rbara-MG ser\u00e3o <strong>gratuitas<\/strong> e dever\u00e3o ser realizadas exclusivamente <strong>via internet<\/strong>. Os interessados dever\u00e3o acessar o portal da banca organizadora, Fronte Concursos e Projetos LTDA, no endere\u00e7o eletr\u00f4nico <a href=\"https:\/\/portal.fronteprojetos.com.br\" target=\"_blank\" rel=\"noopener noreferrer\">portal.fronteprojetos.com.br<\/a>. O per\u00edodo para realizar a inscri\u00e7\u00e3o ser\u00e1 de 02 a 09 de junho de 2025.<\/p>\n<p>Para se inscrever, o candidato dever\u00e1 ler e aceitar o requerimento de inscri\u00e7\u00e3o, preencher corretamente o formul\u00e1rio online (especialmente nome completo e o cargo desejado), transmitir os dados e imprimir o comprovante de inscri\u00e7\u00e3o. \u00c9 crucial que todas as informa\u00e7\u00f5es sejam prestadas com aten\u00e7\u00e3o, pois n\u00e3o ser\u00e3o permitidas altera\u00e7\u00f5es ap\u00f3s o encerramento do per\u00edodo de inscri\u00e7\u00f5es, e dados incorretos podem levar ao indeferimento. Cada candidato poder\u00e1 se inscrever para apenas um cargo. Por serem gratuitas, n\u00e3o h\u00e1 taxas de inscri\u00e7\u00e3o nem procedimentos para solicita\u00e7\u00e3o de isen\u00e7\u00e3o ou pagamento de boleto. Recomenda-se que os candidatos acompanhem todas as atualiza\u00e7\u00f5es e comunicados diretamente na \u00e1rea do candidato no site da Fronte Concursos. Para informa\u00e7\u00f5es completas e detalhadas, \u00e9 imprescind\u00edvel a leitura atenta do Edital n.\u00ba 002\/2025.<\/p>\n<h2>Etapas e Provas<\/h2>\n<p>O Processo Seletivo Simplificado da Prefeitura de Santa B\u00e1rbara-MG ser\u00e1 constitu\u00eddo por duas etapas principais: Prova Objetiva e Prova de T\u00edtulos.<\/p>\n<p><strong>1. Prova Objetiva:<\/strong><\/p>\n<ul>\n<li><strong>Car\u00e1ter:<\/strong> Eliminat\u00f3rio e classificat\u00f3rio.<\/li>\n<li><strong>Aplic\u00e1vel a:<\/strong> Todos os cargos (n\u00edveis fundamental, m\u00e9dio, t\u00e9cnico e superior).<\/li>\n<li><strong>Formato:<\/strong> Quest\u00f5es de m\u00faltipla escolha, com 4 (quatro) alternativas cada (A, B, C, D), sendo apenas uma correta.<\/li>\n<li><strong>Conte\u00fado:<\/strong> A prova ser\u00e1 elaborada com base nos instrumentos que mensuram as habilidades e conhecimentos exigidos pelo cargo pretendido.<\/li>\n<li><strong>Dura\u00e7\u00e3o:<\/strong> At\u00e9 2 (duas) horas, j\u00e1 inclu\u00eddo o tempo para preenchimento da folha de respostas.<\/li>\n<li><strong>Pontua\u00e7\u00e3o e Aprova\u00e7\u00e3o:<\/strong> A prova ser\u00e1 avaliada na escala de 0 (zero) a 100 (cem) pontos. Ser\u00e1 considerado habilitado o candidato que obtiver nota igual ou superior a 50 (cinquenta) pontos. Nota inferior a 50,00 pontos resultar\u00e1 na elimina\u00e7\u00e3o do candidato do processo seletivo.<\/li>\n<li><strong>Data prevista:<\/strong> <em>15 de junho de 2025<\/em>, no per\u00edodo da manh\u00e3. Os locais e hor\u00e1rios exatos ser\u00e3o divulgados no Edital de Convoca\u00e7\u00e3o para as Provas Objetivas, com publica\u00e7\u00e3o prevista para o dia 13 de junho de 2025.<\/li>\n<\/ul>\n<p><strong>2. Prova de T\u00edtulos:<\/strong><\/p>\n<ul>\n<li><strong>Car\u00e1ter:<\/strong> Classificat\u00f3rio.<\/li>\n<li><strong>Aplic\u00e1vel a:<\/strong> Candidatos aos cargos de N\u00edvel Superior que forem aprovados na Prova Objetiva.<\/li>\n<li><strong>Formato:<\/strong> Envio dos documentos relativos aos t\u00edtulos, que dever\u00e3o ser anexados exclusivamente na \u00e1rea do candidato no site <a href=\"https:\/\/www.fronteprojetos.com.br\" target=\"_blank\" rel=\"noopener noreferrer\">www.fronteprojetos.com.br<\/a>.<\/li>\n<li><strong>Per\u00edodo de envio:<\/strong> Conforme Anexo III do edital, nos dias <em>26 de junho de 2025<\/em> (at\u00e9 as 23:59h) e <em>27 de junho de 2025<\/em> (at\u00e9 as 17:00h).<\/li>\n<li><strong>Pontua\u00e7\u00e3o:<\/strong> A pontua\u00e7\u00e3o da documenta\u00e7\u00e3o de T\u00edtulos se limitar\u00e1 ao valor m\u00e1ximo de 4,0 (quatro) pontos para a maioria dos cargos. Excepcionalmente, para o cargo de Professor de M\u00fasica, a pontua\u00e7\u00e3o m\u00e1xima poder\u00e1 ser de at\u00e9 100 (cem) pontos. O envio dos t\u00edtulos n\u00e3o \u00e9 obrigat\u00f3rio, e o candidato que n\u00e3o os apresentar n\u00e3o ser\u00e1 eliminado do Processo Seletivo.<\/li>\n<\/ul>\n<p>\u00c9 fundamental que os candidatos consultem o edital completo para obter informa\u00e7\u00f5es detalhadas sobre o conte\u00fado program\u00e1tico espec\u00edfico para cada cargo, as regras de realiza\u00e7\u00e3o das provas, os crit\u00e9rios de avalia\u00e7\u00e3o e o cronograma completo do certame.<\/p>\n<h2>Resultados e Gabarito<\/h2>\n<p>A divulga\u00e7\u00e3o dos resultados e demais atos do Processo Seletivo Simplificado da Prefeitura de Santa B\u00e1rbara-MG seguir\u00e1 um cronograma espec\u00edfico. O <strong>gabarito preliminar<\/strong> da prova escrita objetiva est\u00e1 previsto para ser divulgado at\u00e9 o segundo dia \u00fatil ap\u00f3s a realiza\u00e7\u00e3o da referida prova, a partir das 17h00min do dia <em>17 de junho de 2025<\/em>. A consulta poder\u00e1 ser feita no site da banca organizadora Fronte Concursos (<a href=\"https:\/\/www.fronteprojetos.com.br\" target=\"_blank\" rel=\"noopener noreferrer\">www.fronteprojetos.com.br<\/a>) e no portal da prefeitura (<a href=\"https:\/\/www.santabarbara.mg.gov.br\" target=\"_blank\" rel=\"noopener noreferrer\">www.santabarbara.mg.gov.br<\/a>).<\/p>\n<p>A <strong>nota final<\/strong> de cada candidato ser\u00e1 igual ao total de pontos obtidos na prova objetiva, acrescido dos pontos obtidos na prova de t\u00edtulos (para os cargos de n\u00edvel superior). Os candidatos ser\u00e3o classificados por ordem decrescente da nota final, em lista de classifica\u00e7\u00e3o por emprego.<\/p>\n<p>Em caso de empate na nota final, os <strong>crit\u00e9rios de desempate<\/strong> seguir\u00e3o a seguinte ordem de prefer\u00eancia:<\/p>\n<ul>\n<li>Maior idade, no caso da exist\u00eancia de candidatos com idade igual ou superior a 60 anos, completados at\u00e9 o \u00faltimo dia de inscri\u00e7\u00e3o.<\/li>\n<li>Maior pontua\u00e7\u00e3o na prova de conhecimentos espec\u00edficos.<\/li>\n<li>Maior pontua\u00e7\u00e3o na prova de l\u00edngua portuguesa.<\/li>\n<li>Maior pontua\u00e7\u00e3o na prova de conhecimentos b\u00e1sicos.<\/li>\n<li>Maior pontua\u00e7\u00e3o na prova de T\u00edtulo (somente para N\u00edvel Superior).<\/li>\n<li>Maior idade, para os candidatos n\u00e3o alcan\u00e7ados pelo Estatuto do Idoso.<\/li>\n<\/ul>\n<p>A <strong>homologa\u00e7\u00e3o<\/strong> do resultado final do Processo Seletivo Simplificado, que torna p\u00fablica a lista definitiva de aprovados e classificados, marcar\u00e1 o in\u00edcio da contagem do prazo de validade do certame. Este ser\u00e1 de at\u00e9 1 (um) ano, contado da data de sua homologa\u00e7\u00e3o, prorrog\u00e1vel uma \u00fanica vez por igual per\u00edodo.<\/p>\n<p>A <strong>convoca\u00e7\u00e3o<\/strong> dos candidatos habilitados obedecer\u00e1 rigorosamente \u00e0 ordem de classifica\u00e7\u00e3o e ocorrer\u00e1 conforme as necessidades e o interesse p\u00fablico local. As convoca\u00e7\u00f5es ser\u00e3o publicadas no Di\u00e1rio Oficial Eletr\u00f4nico dos Munic\u00edpios Mineiros (<a href=\"https:\/\/www.diariomunicipal.com.br\/ammg\" target=\"_blank\" rel=\"noopener noreferrer\">www.diariomunicipal.com.br\/ammg<\/a>) e no Portal da Transpar\u00eancia do site da Prefeitura Municipal de Santa B\u00e1rbara-MG. O candidato convocado ter\u00e1 o prazo m\u00e1ximo de 02 (dois) dias, contados da data de publica\u00e7\u00e3o, para se apresentar com toda a documenta\u00e7\u00e3o necess\u00e1ria.<\/p>\n<p>Ressalta-se que o acompanhamento de todas as publica\u00e7\u00f5es oficiais referentes a este Processo Seletivo, incluindo editais, comunicados, convoca\u00e7\u00f5es e resultados, \u00e9 de responsabilidade exclusiva do candidato, devendo ser feito atrav\u00e9s dos sites da banca organizadora e da Prefeitura, bem como no Di\u00e1rio Oficial indicado.<\/p>\n","protected":false},"excerpt":{"rendered":"<p>Inscri\u00e7\u00f5es Encerradas \u2013 Sel. Simplificada Pref. Santa B\u00e1rbara (MG). Vagas p\/ M\u00e9dico, Professor (Fund. a Sup.). Acompanhe provas e resultados!<\/p>\n","protected":false},"author":7,"featured_media":266762,"comment_status":"open","ping_status":"open","sticky":false,"template":"","format":"standard","meta":{"_acf_changed":false,"_breakdance_hide_in_design_set":false,"_breakdance_tags":"","footnotes":""},"categories":[4,6433,9,10,141,6434,12,14,104,18,19,111,100,20,6871,116,21,22,119,23,24,25,26,101,108,143,134],"tags":[50],"_amplo":[],"destaque":[],"instituicoes":[],"class_list":["post-266763","post","type-post","status-publish","format-standard","has-post-thumbnail","hentry","category-agronomia","category-biologia-licenciatura","category-ciencias-contabeis","category-direito","category-educacao-artistica","category-educacao-fisica-licenciatura","category-enfermagem","category-engenharia","category-engenharia-mecanica","category-fisioterapia","category-fonoaudiologia","category-geografia","category-historia","category-letras","category-letras-ingles","category-matematica","category-medicina","category-veterinaria","category-musica","category-nutricao","category-odontologia","category-pedagogia","category-psicologia","category-servico-social","category-tecnico-enfermagem","category-tecnico-odontologia","category-terapia-ocupacional","tag-minas-gerais"],"acf":{"_tipo_vagas":"vagas","_numero_vagas":"","_quadro_vagas":"","_cargos":"diversos","_cargos_especificos":"","_salario_max":"R$ 23115.72","_abertura":"20250602","_encerramento":"20250609","_inscricoes":"https:\/\/portal.fronteprojetos.com.br","_executora_concurso":"","_instituicao_concurso":[],"_link_adicional":null,"_anexos":null,"_produtos":null,"_vagas":"CR","_salario_min":"R$ 111.9","_instituicao":"Prefeitura Municipal de Santa B\u00e1rbara","_edital":"https:\/\/www.agrobase.com.br\/concursos\/wp-content\/uploads\/sites\/4\/2025\/06\/edital-01-2025-santa-barbara-mg.pdf","_anexos_edital":"https:\/\/www.agrobase.com.br\/concursos\/wp-content\/uploads\/sites\/4\/2025\/06\/anexos-edital-01-2025-santa-barbara-mg.pdf","_fund_incompleto":"","_fund_completo":"<div>\r\n<table class=\"quadro\">\r\n<thead>\r\n<tr>\r\n<th class=\"hcargo\">Cargo<\/th>\r\n<th class=\"hvagas\">Vagas<\/th>\r\n<th class=\"hremuneracao\">Remunera\u00e7\u00e3o<\/th>\r\n<\/tr>\r\n<\/thead>\r\n    <tbody>\r\n      <td class=\"ccargos\">\r\n<span data-balloon-length=\"medium\" aria-label=\"N\u00edvel Fundamental de Escolaridade\" data-balloon-pos=\"up\">Auxiliar de Servi\u00e7os<\/span><\/td>\r\n<td class=\"cvagas\">CR<\/td>\r\n<td class=\"cremuneracao\">R$ 1.518,00 \/30h<\/td>\r\n<\/tr><td class=\"ccargos\">\r\n<span data-balloon-length=\"medium\" aria-label=\"N\u00edvel Fundamental de Escolaridade\" data-balloon-pos=\"up\">Auxiliar de Sepultamento<\/span><\/td>\r\n<td class=\"cvagas\">CR<\/td>\r\n<td class=\"cremuneracao\">R$ 1.549,77 \/30h<\/td>\r\n<\/tr><td class=\"ccargos\">\r\n<span data-balloon-length=\"medium\" data-balloon-pos=\"up\">Motorista<\/span><\/td>\r\n<td class=\"cvagas\">CR<\/td>\r\n<td class=\"cremuneracao\">R$ 2.600,53 \/40h<\/td>\r\n<\/tr><td class=\"ccargos\">\r\n<span data-balloon-length=\"medium\" aria-label=\"Ensino Fundamental Completo\" data-balloon-pos=\"up\">Operador de M\u00e1quinas<\/span><\/td>\r\n<td class=\"cvagas\">CR<\/td>\r\n<td class=\"cremuneracao\">R$ 3.178,41 \/40h<\/td>\r\n<\/tr><td class=\"ccargos\">\r\n<span data-balloon-length=\"medium\" aria-label=\"N\u00edvel Elementar de Escolaridade\" data-balloon-pos=\"up\">Vigia<\/span><\/td>\r\n<td class=\"cvagas\">CR<\/td>\r\n<td class=\"cremuneracao\">R$ 1.574,12 \/40h<\/td>\r\n<\/tr>\r\n    <\/tbody>\r\n  <\/table>\r\n<\/div>","_medio":"<div>\r\n<table class=\"quadro\">\r\n<thead>\r\n<tr>\r\n<th class=\"hcargo\">Cargo<\/th>\r\n<th class=\"hvagas\">Vagas<\/th>\r\n<th class=\"hremuneracao\">Remunera\u00e7\u00e3o<\/th>\r\n<\/tr>\r\n<\/thead>\r\n    <tbody>\r\n      <td class=\"ccargos\">\r\n<span data-balloon-length=\"medium\" aria-label=\"Ensino M\u00e9dio Completo\" data-balloon-pos=\"up\">Assistente de Educa\u00e7\u00e3o B\u00e1sica<\/span><\/td>\r\n<td class=\"cvagas\">CR<\/td>\r\n<td class=\"cremuneracao\">R$ 1.767,49 \/40h<\/td>\r\n<\/tr><td class=\"ccargos\">\r\n<span data-balloon-length=\"medium\" aria-label=\"Ensino M\u00e9dio Completo\" data-balloon-pos=\"up\">Escritur\u00e1rio<\/span><\/td>\r\n<td class=\"cvagas\">CR<\/td>\r\n<td class=\"cremuneracao\">R$ 2.120,99 \/40h<\/td>\r\n<\/tr><td class=\"ccargos\">\r\n<span data-balloon-length=\"medium\" aria-label=\"Ensino M\u00e9dio Completo\" data-balloon-pos=\"up\">Fiscal Municipal<\/span><\/td>\r\n<td class=\"cvagas\">CR<\/td>\r\n<td class=\"cremuneracao\">R$ 2.241,45 \/40h<\/td>\r\n<\/tr><td class=\"ccargos\">\r\n<span data-balloon-length=\"medium\" aria-label=\"Ensino M\u00e9dio Completo.\" data-balloon-pos=\"up\">Monitor de Turismo<\/span><\/td>\r\n<td class=\"cvagas\">CR<\/td>\r\n<td class=\"cremuneracao\">R$ 1.767,49 \/40h<\/td>\r\n<\/tr><td class=\"ccargos\">\r\n<span data-balloon-length=\"medium\" aria-label=\"Diploma ou Certificado de Curso T\u00e9cnico de Enfermagem, expedido pelo \u00f3rg\u00e3o competente de acordo com a legisla\u00e7\u00e3o que regulamenta a profiss\u00e3o, bem como registro no Conselho Profissional de Enfermagem.\" data-balloon-pos=\"up\">T\u00e9cnico em Enfermagem<\/span><\/td>\r\n<td class=\"cvagas\">CR<\/td>\r\n<td class=\"cremuneracao\">R$ 2.362,20 \/40h<\/td>\r\n<\/tr><td class=\"ccargos\">\r\n<span data-balloon-length=\"medium\" aria-label=\"Diploma de Curso T\u00e9cnico em Sa\u00fade Bucal com Registro no Conselho Profissional competente\" data-balloon-pos=\"up\">T\u00e9cnico em Sa\u00fade Bucal<\/span><\/td>\r\n<td class=\"cvagas\">CR<\/td>\r\n<td class=\"cremuneracao\">R$ 2.620,93 \/40h<\/td>\r\n<\/tr>\r\n    <\/tbody>\r\n  <\/table>\r\n<\/div>","_superior":"<div>\r\n<table class=\"quadro\">\r\n<thead>\r\n<tr>\r\n<th class=\"hcargo\">Cargo<\/th>\r\n<th class=\"hvagas\">Vagas<\/th>\r\n<th class=\"hremuneracao\">Remunera\u00e7\u00e3o<\/th>\r\n<\/tr>\r\n<\/thead>\r\n    <tbody>\r\n      <tr>\r\n<td class=\"ccargos\">\r\n<span data-balloon-length=\"medium\" aria-label=\"Diploma de Curso Superior em Agronomia\" data-balloon-pos=\"up\">Analista de Agropecu\u00e1ria<\/span><\/td>\r\n<td class=\"cvagas\">CR<\/td>\r\n<td class=\"cremuneracao\">R$ 3.653,03 \/40h<\/td>\r\n<\/tr><tr>\r\n<td class=\"ccargos\">\r\n<span data-balloon-length=\"medium\" aria-label=\"Diploma de Curso Superior em Engenharia Mec\u00e2nica\" data-balloon-pos=\"up\">Analista de Manuten\u00e7\u00e3o, Materiais e Log\u00edstica<\/span><\/td>\r\n<td class=\"cvagas\">CR<\/td>\r\n<td class=\"cremuneracao\">R$ 3.653,03 \/40h<\/td>\r\n<\/tr><tr>\r\n<td class=\"ccargos\">\r\n<span data-balloon-length=\"medium\" aria-label=\"Curso Superior em Direito ou Ci\u00eancias Cont\u00e1beis, com o devido registro no Conselho Profissional competente.\" data-balloon-pos=\"up\">Analista de Tributos<\/span><\/td>\r\n<td class=\"cvagas\">CR<\/td>\r\n<td class=\"cremuneracao\">R$ 3.653,03 \/40h<\/td>\r\n<\/tr><tr>\r\n<td class=\"ccargos\">\r\n<span data-balloon-length=\"medium\" aria-label=\"Diploma de Curso Superior em Odontologia e Registro no Conselho Profissional competente\" data-balloon-pos=\"up\">Dentista<\/span><\/td>\r\n<td class=\"cvagas\">CR<\/td>\r\n<td class=\"cremuneracao\">R$ 9.439,36 \/40h<\/td>\r\n<\/tr><tr>\r\n<td class=\"ccargos\">\r\n<span data-balloon-length=\"medium\" aria-label=\"Diploma de Curso Superior em Engenharia Civil e Registro no Conselho Profissional competente.\" data-balloon-pos=\"up\">Engenheiro Civil<\/span><\/td>\r\n<td class=\"cvagas\">CR<\/td>\r\n<td class=\"cremuneracao\">R$ 8.824,79 \/40h<\/td>\r\n<\/tr><tr>\r\n<td class=\"ccargos\">\r\n<span data-balloon-length=\"medium\" aria-label=\"Diploma de Curso Superior em Enfermagem e Registro no Conselho Profissional competente.\" data-balloon-pos=\"up\">Enfermeiro<\/span><\/td>\r\n<td class=\"cvagas\">CR<\/td>\r\n<td class=\"cremuneracao\">R$ 9.439,36 \/40h<\/td>\r\n<\/tr><tr>\r\n<td class=\"ccargos\">\r\n<span data-balloon-length=\"medium\" aria-label=\"Diploma de Curso Superior em Fonoaudiologia e Registro no Conselho Profissional competente\" data-balloon-pos=\"up\">Fonoaudi\u00f3logo<\/span><\/td>\r\n<td class=\"cvagas\">CR<\/td>\r\n<td class=\"cremuneracao\">R$ 4.178,67 \/20h<\/td>\r\n<\/tr><tr>\r\n<td class=\"ccargos\">\r\n<span data-balloon-length=\"medium\" aria-label=\"Diploma de Curso Superior em Medicina e Registro no Conselho Profissional competente.\" data-balloon-pos=\"up\">M\u00e9dico<\/span><\/td>\r\n<td class=\"cvagas\">CR<\/td>\r\n<td class=\"cremuneracao\">R$ 23.115,72 \/40h<\/td>\r\n<\/tr><tr>\r\n<td class=\"ccargos\">\r\n<span data-balloon-length=\"medium\" aria-label=\"Diploma de Curso Superior em Medicina, Registro no Conselho Profissional competente e Registro de Qualifica\u00e7\u00e3o de Especialista \u2013 RQE em Ginecologia e Obstetr\u00edcia.\" data-balloon-pos=\"up\">M\u00e9dico Ginecologista \/ Obstetra<\/span><\/td>\r\n<td class=\"cvagas\">CR<\/td>\r\n<td class=\"cremuneracao\">R$ 5.852,42 \/8h<\/td>\r\n<\/tr><tr>\r\n<td class=\"ccargos\">\r\n<span data-balloon-length=\"medium\" aria-label=\"Diploma de Curso Superior em Medicina, Registro no Conselho Profissional competente e Registro de Qualifica\u00e7\u00e3o de Especialista \u2013 RQE em Pediatria.\" data-balloon-pos=\"up\">M\u00e9dico Pediatra<\/span><\/td>\r\n<td class=\"cvagas\">CR<\/td>\r\n<td class=\"cremuneracao\">R$ 6.027,97 \/8h<\/td>\r\n<\/tr><tr>\r\n<td class=\"ccargos\">\r\n<span data-balloon-length=\"medium\" aria-label=\"Diploma de Curso Superior em Medicina, Registro no Conselho Profissional competente e Registro de Qualifica\u00e7\u00e3o de Especialista \u2013 RQE em Psiquiatria.\" data-balloon-pos=\"up\">M\u00e9dico Psiquiatra<\/span><\/td>\r\n<td class=\"cvagas\">CR<\/td>\r\n<td class=\"cremuneracao\">R$ 5.852,42 \/8h<\/td>\r\n<\/tr><tr>\r\n<td class=\"ccargos\">\r\n<span data-balloon-length=\"medium\" aria-label=\"Diploma de Curso Superior em Medicina Veterin\u00e1ria e Registro no Conselho Profissional competente.\" data-balloon-pos=\"up\">M\u00e9dico Veterin\u00e1rio<\/span><\/td>\r\n<td class=\"cvagas\">CR<\/td>\r\n<td class=\"cremuneracao\">R$ 4.209,87 \/40h<\/td>\r\n<\/tr><tr>\r\n<td class=\"ccargos\">\r\n<span data-balloon-length=\"medium\" aria-label=\"Diploma de Curso Superior, em curso de licenciatura, admitida, como forma\u00e7\u00e3o m\u00ednima para o exerc\u00edcio do magist\u00e9rio na educa\u00e7\u00e3o infantil e nos cinco primeiros anos do ensino fundamental, a oferecida em n\u00edvel m\u00e9dio, na modalidade normal.\" data-balloon-pos=\"up\">PEB-S\u00e9ries Iniciais<\/span><\/td>\r\n<td class=\"cvagas\">CR<\/td>\r\n<td class=\"cremuneracao\">R$ 3.527,81 \/27h<\/td>\r\n<\/tr><tr>\r\n<td class=\"ccargos\">\r\n<span data-balloon-length=\"medium\" aria-label=\"Diploma de Curso Superior, em curso de licenciatura, para doc\u00eancia na mat\u00e9ria espec\u00edfica nas s\u00e9ries finais do ensino fundamental.\" data-balloon-pos=\"up\">PEB-Artes\/Educa\u00e7\u00e3o Art\u00edstica<\/span><\/td>\r\n<td class=\"cvagas\">CR<\/td>\r\n<td class=\"cremuneracao\">R$ 3.527,81 \/27h<\/td>\r\n<\/tr><tr>\r\n<td class=\"ccargos\">\r\n<span data-balloon-length=\"medium\" aria-label=\"Diploma de Curso Superior, em curso de licenciatura, para doc\u00eancia na mat\u00e9ria espec\u00edfica nas s\u00e9ries finais do ensino fundamental.\" data-balloon-pos=\"up\">PEB-Ci\u00eancias<\/span><\/td>\r\n<td class=\"cvagas\">CR<\/td>\r\n<td class=\"cremuneracao\">R$ 3.527,81 \/27h<\/td>\r\n<\/tr><tr>\r\n<td class=\"ccargos\">\r\n<span data-balloon-length=\"medium\" aria-label=\"Diploma de Curso Superior, em curso de licenciatura, para doc\u00eancia na mat\u00e9ria espec\u00edfica nas s\u00e9ries finais do ensino fundamental.\" data-balloon-pos=\"up\">PEB-Educa\u00e7\u00e3o F\u00edsica<\/span><\/td>\r\n<td class=\"cvagas\">CR<\/td>\r\n<td class=\"cremuneracao\">R$ 3.527,81 \/27h<\/td>\r\n<\/tr><tr>\r\n<td class=\"ccargos\">\r\n<span data-balloon-length=\"medium\" aria-label=\"Diploma de Curso Superior, em curso de licenciatura, para doc\u00eancia na mat\u00e9ria espec\u00edfica nas s\u00e9ries finais do ensino fundamental.\" data-balloon-pos=\"up\">PEB-Ensino Religioso<\/span><\/td>\r\n<td class=\"cvagas\">CR<\/td>\r\n<td class=\"cremuneracao\">R$ 3.527,81 \/27h<\/td>\r\n<\/tr><tr>\r\n<td class=\"ccargos\">\r\n<span data-balloon-length=\"medium\" aria-label=\"Diploma de Curso Superior, em curso de licenciatura, para doc\u00eancia na mat\u00e9ria espec\u00edfica nas s\u00e9ries finais do ensino fundamental.\" data-balloon-pos=\"up\">PEB-Geografia<\/span><\/td>\r\n<td class=\"cvagas\">CR<\/td>\r\n<td class=\"cremuneracao\">R$ 3.527,81 \/27h<\/td>\r\n<\/tr><tr>\r\n<td class=\"ccargos\">\r\n<span data-balloon-length=\"medium\" aria-label=\"Diploma de Curso Superior, em curso de licenciatura, para doc\u00eancia na mat\u00e9ria espec\u00edfica nas s\u00e9ries finais do ensino fundamental.\" data-balloon-pos=\"up\">PEB-Hist\u00f3ria<\/span><\/td>\r\n<td class=\"cvagas\">CR<\/td>\r\n<td class=\"cremuneracao\">R$ 3.527,81 \/27h<\/td>\r\n<\/tr><tr>\r\n<td class=\"ccargos\">\r\n<span data-balloon-length=\"medium\" aria-label=\"Diploma de Curso Superior, em curso de licenciatura, para doc\u00eancia na mat\u00e9ria espec\u00edfica nas s\u00e9ries finais do ensino fundamental.\" data-balloon-pos=\"up\">PEB-L\u00edngua Inglesa<\/span><\/td>\r\n<td class=\"cvagas\">CR<\/td>\r\n<td class=\"cremuneracao\">R$ 3.527,81 \/27h<\/td>\r\n<\/tr><tr>\r\n<td class=\"ccargos\">\r\n<span data-balloon-length=\"medium\" aria-label=\"Diploma de Curso Superior, em curso de licenciatura, para doc\u00eancia na mat\u00e9ria espec\u00edfica nas s\u00e9ries finais do ensino fundamental.\" data-balloon-pos=\"up\">PEB-L\u00edngua Portuguesa<\/span><\/td>\r\n<td class=\"cvagas\">CR<\/td>\r\n<td class=\"cremuneracao\">R$ 3.527,81 \/27h<\/td>\r\n<\/tr><tr>\r\n<td class=\"ccargos\">\r\n<span data-balloon-length=\"medium\" aria-label=\"Diploma de Curso Superior, em curso de licenciatura, para doc\u00eancia na mat\u00e9ria espec\u00edfica nas s\u00e9ries finais do ensino fundamental.\" data-balloon-pos=\"up\">PEB-Matem\u00e1tica<\/span><\/td>\r\n<td class=\"cvagas\">CR<\/td>\r\n<td class=\"cremuneracao\">R$ 3.527,81 \/27h<\/td>\r\n<\/tr><tr>\r\n<td class=\"ccargos\">\r\n<span data-balloon-length=\"medium\" aria-label=\"Curso Superior em Pedagogia ou Normal Superior; e, especializa\u00e7\u00e3o, em n\u00edvel de p\u00f3s gradua\u00e7\u00e3o, em psicopedagogia, ou educa\u00e7\u00e3o especial\/educa\u00e7\u00e3o inclusiva nas \u00e1reas de defici\u00eancia intelectual, surdez, f\u00edsica, visual, m\u00faltipla e\/ou transtornos globais do desenvolvimento (TGD) oferecidos por institui\u00e7\u00f5es de ensino credenciadas.\" data-balloon-pos=\"up\">Professor de Apoio Pedag\u00f3gico<\/span><\/td>\r\n<td class=\"cvagas\">CR<\/td>\r\n<td class=\"cremuneracao\">R$ 3.527,81 \/27h<\/td>\r\n<\/tr><tr>\r\n<td class=\"ccargos\">\r\n<span data-balloon-length=\"medium\" aria-label=\"Curso Superior em Pedagogia ou Normal Superior; e especializa\u00e7\u00e3o, em n\u00edvel de p\u00f3s-gradua\u00e7\u00e3o, em psicopedagogia, educa\u00e7\u00e3o especial, educa\u00e7\u00e3o inclusiva, nas \u00e1reas de defici\u00eancia intelectual, surdez, f\u00edsica, visual, m\u00faltipla e\/ou transtornos globais do desenvolvimento (TGD) oferecidos por institui\u00e7\u00f5es de ensino credenciadas.\" data-balloon-pos=\"up\">Professor de Atendimento Educacional Especializado<\/span><\/td>\r\n<td class=\"cvagas\">CR<\/td>\r\n<td class=\"cremuneracao\">R$ 3.527,81 \/27h<\/td>\r\n<\/tr><tr>\r\n<td class=\"ccargos\">\r\n<span data-balloon-length=\"medium\" aria-label=\"Curso Superior completo Licenciatura em M\u00fasica com habilita\u00e7\u00e3o em Canto. Experi\u00eancia comprovada em Canto e reg\u00eancia em coro infanto juvenil e pr\u00e1ticas de Repert\u00f3rio Popular.\" data-balloon-pos=\"up\">M\u00fasica Canto\/Coral<\/span><\/td>\r\n<td class=\"cvagas\">CR<\/td>\r\n<td class=\"cremuneracao\">R$ 111,90 \/9h<\/td>\r\n<\/tr><tr>\r\n<td class=\"ccargos\">\r\n<span data-balloon-length=\"medium\" aria-label=\"Curso Superior completo Bacharelado em Clarineta e Licenciatura em M\u00fasica. Experi\u00eancia comprovada em doc\u00eancia e pr\u00e1ticas de Repert\u00f3rio Erudito e Popular.\" data-balloon-pos=\"up\">Professor de M\u00fasica-Clarineta e Musicaliza\u00e7\u00e3o<\/span><\/td>\r\n<td class=\"cvagas\">CR<\/td>\r\n<td class=\"cremuneracao\">R$ 111,90 \/6h<\/td>\r\n<\/tr><tr>\r\n<td class=\"ccargos\">\r\n<span data-balloon-length=\"medium\" aria-label=\"Curso Superior completo Bacharelado com habilita\u00e7\u00e3o em Contrabaixo. Experi\u00eancia comprovada em doc\u00eancia e pr\u00e1ticas de Repert\u00f3rio Erudito e\" data-balloon-pos=\"up\">Professor de M\u00fasica-Contrabaixo ac\u00fastico e el\u00e9trico<\/span><\/td>\r\n<td class=\"cvagas\">CR<\/td>\r\n<td class=\"cremuneracao\">R$ 111,90 \/5h<\/td>\r\n<\/tr><tr>\r\n<td class=\"ccargos\">\r\n<span data-balloon-length=\"medium\" aria-label=\"Curso Superior completo Bacharelado ou Licenciatura com habilita\u00e7\u00e3o em Flauta Transversal. Experi\u00eancia comprovada em doc\u00eancia e pr\u00e1ticas de Repert\u00f3rio Erudito e Popular.\" data-balloon-pos=\"up\">Professor de M\u00fasica-Flauta Transversal e Musicaliza\u00e7\u00e3o<\/span><\/td>\r\n<td class=\"cvagas\">CR<\/td>\r\n<td class=\"cremuneracao\">R$ 111,90 \/7h<\/td>\r\n<\/tr><tr>\r\n<td class=\"ccargos\">\r\n<span data-balloon-length=\"medium\" aria-label=\"Curso Superior completo Licenciatura em M\u00fasica e habilita\u00e7\u00e3o em instrumento. Experi\u00eancia comprovada em doc\u00eancia para crian\u00e7as do 1\u00ba ao 5\u00ba ano do ensino fundamental. (crian\u00e7as com idade entre 6 e 10 anos)\" data-balloon-pos=\"up\">Professor de M\u00fasica - Musicaliza\u00e7\u00e3o<\/span><\/td>\r\n<td class=\"cvagas\">CR<\/td>\r\n<td class=\"cremuneracao\">R$ 111,90 \/8h<\/td>\r\n<\/tr><tr>\r\n<td class=\"ccargos\">\r\n<span data-balloon-length=\"medium\" aria-label=\"Curso Superior completo Bacharelado com habilita\u00e7\u00e3o em Composi\u00e7\u00e3o. Experi\u00eancia comprovada em doc\u00eancia e pr\u00e1ticas de Repert\u00f3rio Erudito e Popular.\" data-balloon-pos=\"up\">Professor de M\u00fasica-Percep\u00e7\u00e3o Musical<\/span><\/td>\r\n<td class=\"cvagas\">CR<\/td>\r\n<td class=\"cremuneracao\">R$ 111,90 \/14h<\/td>\r\n<\/tr><tr>\r\n<td class=\"ccargos\">\r\n<span data-balloon-length=\"medium\" aria-label=\"Curso Superior completo Bacharelado em Percuss\u00e3o. Experi\u00eancia comprovada em doc\u00eancia e pr\u00e1ticas de Repert\u00f3rio Erudito e Popular.\" data-balloon-pos=\"up\">Professor de M\u00fasica Percuss\u00e3o<\/span><\/td>\r\n<td class=\"cvagas\">CR<\/td>\r\n<td class=\"cremuneracao\">R$ 111,90 \/9h<\/td>\r\n<\/tr><tr>\r\n<td class=\"ccargos\">\r\n<span data-balloon-length=\"medium\" aria-label=\"Bacharelado em Piano. Experi\u00eancia comprovada em doc\u00eancia e pr\u00e1ticas de Repert\u00f3rio Erudito e Popular.\" data-balloon-pos=\"up\">M\u00fasica-Piano<\/span><\/td>\r\n<td class=\"cvagas\">CR<\/td>\r\n<td class=\"cremuneracao\">R$ 111,90 \/14h<\/td>\r\n<\/tr><tr>\r\n<td class=\"ccargos\">\r\n<span data-balloon-length=\"medium\" aria-label=\"Curso Superior completo Bacharelado em Reg\u00eancia com acr\u00e9scimo de Licenciatura em M\u00fasica; Experi\u00eancia comprovada em Reg\u00eancia de Orquestra, Banda Sinf\u00f4nica, Coro, Grupos Coletivos de Metais; Arranjador de grupos de grande porte; Professor de Aprecia\u00e7\u00e3o Musical; reg\u00eancia e produ\u00e7\u00e3o de concerto ou espet\u00e1culos com grupos de grande porte;\" data-balloon-pos=\"up\">Professor de M\u00fasica-Regente<\/span><\/td>\r\n<td class=\"cvagas\">CR<\/td>\r\n<td class=\"cremuneracao\">R$ 111,90 \/14h<\/td>\r\n<\/tr><tr>\r\n<td class=\"ccargos\">\r\n<span data-balloon-length=\"medium\" aria-label=\"Curso Superior completo Bacharelado ou Licenciatura com habilita\u00e7\u00e3o em Saxofone. Experi\u00eancia comprovada em doc\u00eancia e pr\u00e1ticas de Repert\u00f3rio Erudito e Popular.\" data-balloon-pos=\"up\">Professor de M\u00fasica-Sax e Musicaliza\u00e7\u00e3o<\/span><\/td>\r\n<td class=\"cvagas\">CR<\/td>\r\n<td class=\"cremuneracao\">R$ 111,90 \/14h<\/td>\r\n<\/tr><tr>\r\n<td class=\"ccargos\">\r\n<span data-balloon-length=\"medium\" aria-label=\"Curso Superior completo Bacharelado em Trombone. Experiencia comprovada em doc\u00eancia e pr\u00e1ticas de Repert\u00f3rio Erudito e Popular.\" data-balloon-pos=\"up\">Professor de M\u00fasica Trombone<\/span><\/td>\r\n<td class=\"cvagas\">CR<\/td>\r\n<td class=\"cremuneracao\">R$ 111,90 \/6h<\/td>\r\n<\/tr><tr>\r\n<td class=\"ccargos\">\r\n<span data-balloon-length=\"medium\" aria-label=\"Bacharelado ou Licenciatura em M\u00fasica com habilita\u00e7\u00e3o em Trompa. Experiencia comprovada em doc\u00eancia e pr\u00e1ticas de Repert\u00f3rio Erudito e Popular.\" data-balloon-pos=\"up\">M\u00fasica-Trompa e Musicaliza\u00e7\u00e3o<\/span><\/td>\r\n<td class=\"cvagas\">CR<\/td>\r\n<td class=\"cremuneracao\">R$ 111,90 \/6h<\/td>\r\n<\/tr><tr>\r\n<td class=\"ccargos\">\r\n<span data-balloon-length=\"medium\" aria-label=\"Curso Superior completo Bacharelado em Trompete. Experi\u00eancia comprovada em doc\u00eancia e pr\u00e1ticas de Repert\u00f3rio Erudito e Popular.\" data-balloon-pos=\"up\">Professor de M\u00fasica Trompete<\/span><\/td>\r\n<td class=\"cvagas\">CR<\/td>\r\n<td class=\"cremuneracao\">R$ 111,90 \/6h<\/td>\r\n<\/tr><tr>\r\n<td class=\"ccargos\">\r\n<span data-balloon-length=\"medium\" aria-label=\"Curso Superior completo Bacharelado em Viola. Experi\u00eancia comprovada em doc\u00eancia e pr\u00e1ticas de Repert\u00f3rio Erudito e Popular\" data-balloon-pos=\"up\">Professor de M\u00fasica-Viola<\/span><\/td>\r\n<td class=\"cvagas\">CR<\/td>\r\n<td class=\"cremuneracao\">R$ 111,90 \/6h<\/td>\r\n<\/tr><tr>\r\n<td class=\"ccargos\">\r\n<span data-balloon-length=\"medium\" aria-label=\"Curso Superior completo Bacharelado ou Licenciatura com habilita\u00e7\u00e3o em Viol\u00e3o. Experi\u00eancia comprovada em doc\u00eancia e pr\u00e1ticas de Repert\u00f3rio Erudito e Popular.\" data-balloon-pos=\"up\">Professor de M\u00fasica-Viol\u00e3o<\/span><\/td>\r\n<td class=\"cvagas\">CR<\/td>\r\n<td class=\"cremuneracao\">R$ 111,90 \/9h<\/td>\r\n<\/tr><tr>\r\n<td class=\"ccargos\">\r\n<span data-balloon-length=\"medium\" aria-label=\"Curso Superior completo Bacharelado com habilita\u00e7\u00e3o em Violino e Canto L\u00edrico. Experi\u00eancia comprovada em doc\u00eancia e pr\u00e1ticas de Repert\u00f3rio Erudito e Popular.\" data-balloon-pos=\"up\">Professor de M\u00fasica-Violino e Canto L\u00edrico<\/span><\/td>\r\n<td class=\"cvagas\">CR<\/td>\r\n<td class=\"cremuneracao\">R$ 111,90 \/14h<\/td>\r\n<\/tr><tr>\r\n<td class=\"ccargos\">\r\n<span data-balloon-length=\"medium\" aria-label=\"Curso Superior completo Bacharelado com habilita\u00e7\u00e3o em Violoncelo. Experi\u00eancia comprovada em doc\u00eancia e pr\u00e1ticas de Repert\u00f3rio Erudito e Popular.\" data-balloon-pos=\"up\">Professor de M\u00fasica Violoncelo<\/span><\/td>\r\n<td class=\"cvagas\">CR<\/td>\r\n<td class=\"cremuneracao\">R$ 111,90 \/9h<\/td>\r\n<\/tr><tr>\r\n<td class=\"ccargos\">\r\n<span data-balloon-length=\"medium\" aria-label=\"Diploma de Curso Superior em Psicologia e Registro no Conselho Profissional competente.\" data-balloon-pos=\"up\">Psic\u00f3logo<\/span><\/td>\r\n<td class=\"cvagas\">CR<\/td>\r\n<td class=\"cremuneracao\">R$ 4.124,52 \/20h<\/td>\r\n<\/tr><tr>\r\n<td class=\"ccargos\">\r\n<span data-balloon-length=\"medium\" aria-label=\"Diploma de Curso Superior em Terapia Ocupacional e Registro no Conselho Profissional competente.\" data-balloon-pos=\"up\">Terapeuta Ocupacional<\/span><\/td>\r\n<td class=\"cvagas\">CR<\/td>\r\n<td class=\"cremuneracao\">R$ 4.124,52 \/20h<\/td>\r\n<\/tr><tr>\r\n<td class=\"ccargos\">\r\n<span data-balloon-length=\"medium\" aria-label=\"Diploma de Curso Superior em Servi\u00e7o Social e Registro Profissional no Conselho de Servi\u00e7o Social.\" data-balloon-pos=\"up\">Assistente Social<\/span><\/td>\r\n<td class=\"cvagas\">CR<\/td>\r\n<td class=\"cremuneracao\">R$ 5.852,42 \/30h<\/td>\r\n<\/tr><tr>\r\n<td class=\"ccargos\">\r\n<span data-balloon-length=\"medium\" aria-label=\"Diploma de Curso Superior em Fisioterapia e Registro no Conselho Profissional competente.\" data-balloon-pos=\"up\">Fisioterapeuta<\/span><\/td>\r\n<td class=\"cvagas\">CR<\/td>\r\n<td class=\"cremuneracao\">R$ 4.124,52 \/20h<\/td>\r\n<\/tr><tr>\r\n<td class=\"ccargos\">\r\n<span data-balloon-length=\"medium\" aria-label=\"Diploma de Curso Superior em Medicina e Registro no Conselho Profissional competente.\" data-balloon-pos=\"up\">M\u00e9dico Auditor<\/span><\/td>\r\n<td class=\"cvagas\">CR<\/td>\r\n<td class=\"cremuneracao\">R$ 8.668,25 \/15h<\/td>\r\n<\/tr><tr>\r\n<td class=\"ccargos\">\r\n<span data-balloon-length=\"medium\" aria-label=\"Diploma de Curso Superior em Nutri\u00e7\u00e3o e Registro no Conselho Profissional competente\" data-balloon-pos=\"up\">Nutricionista<\/span><\/td>\r\n<td class=\"cvagas\">CR<\/td>\r\n<td class=\"cremuneracao\">R$ 4.124,52 \/20h<\/td>\r\n<\/tr>\r\n    <\/tbody>\r\n  <\/table>\r\n<\/div>"},"_links":{"self":[{"href":"https:\/\/www.agrobase.com.br\/concursos\/wp-json\/wp\/v2\/posts\/266763","targetHints":{"allow":["GET"]}}],"collection":[{"href":"https:\/\/www.agrobase.com.br\/concursos\/wp-json\/wp\/v2\/posts"}],"about":[{"href":"https:\/\/www.agrobase.com.br\/concursos\/wp-json\/wp\/v2\/types\/post"}],"author":[{"embeddable":true,"href":"https:\/\/www.agrobase.com.br\/concursos\/wp-json\/wp\/v2\/users\/7"}],"replies":[{"embeddable":true,"href":"https:\/\/www.agrobase.com.br\/concursos\/wp-json\/wp\/v2\/comments?post=266763"}],"version-history":[{"count":3,"href":"https:\/\/www.agrobase.com.br\/concursos\/wp-json\/wp\/v2\/posts\/266763\/revisions"}],"predecessor-version":[{"id":266768,"href":"https:\/\/www.agrobase.com.br\/concursos\/wp-json\/wp\/v2\/posts\/266763\/revisions\/266768"}],"wp:featuredmedia":[{"embeddable":true,"href":"https:\/\/www.agrobase.com.br\/concursos\/wp-json\/wp\/v2\/media\/266762"}],"wp:attachment":[{"href":"https:\/\/www.agrobase.com.br\/concursos\/wp-json\/wp\/v2\/media?parent=266763"}],"wp:term":[{"taxonomy":"category","embeddable":true,"href":"https:\/\/www.agrobase.com.br\/concursos\/wp-json\/wp\/v2\/categories?post=266763"},{"taxonomy":"post_tag","embeddable":true,"href":"https:\/\/www.agrobase.com.br\/concursos\/wp-json\/wp\/v2\/tags?post=266763"},{"taxonomy":"_amplo","embeddable":true,"href":"https:\/\/www.agrobase.com.br\/concursos\/wp-json\/wp\/v2\/_amplo?post=266763"},{"taxonomy":"destaque","embeddable":true,"href":"https:\/\/www.agrobase.com.br\/concursos\/wp-json\/wp\/v2\/destaque?post=266763"},{"taxonomy":"instituicoes","embeddable":true,"href":"https:\/\/www.agrobase.com.br\/concursos\/wp-json\/wp\/v2\/instituicoes?post=266763"}],"curies":[{"name":"wp","href":"https:\/\/api.w.org\/{rel}","templated":true}]}}