{"id":266643,"date":"2025-06-02T07:50:24","date_gmt":"2025-06-02T10:50:24","guid":{"rendered":"https:\/\/www.agrobase.com.br\/concursos\/?p=266643"},"modified":"2025-05-30T14:22:48","modified_gmt":"2025-05-30T17:22:48","slug":"prefeitura-alvorada-de-minas-mg-selecao-simplificada-01-2025","status":"publish","type":"post","link":"https:\/\/www.agrobase.com.br\/concursos\/2025\/prefeitura-alvorada-de-minas-mg-selecao-simplificada-01-2025\/","title":{"rendered":"Prefeitura Alvorada de Minas (MG) &#8211; Sele\u00e7\u00e3o Simplificada 01\/2025"},"content":{"rendered":"<h2>Informa\u00e7\u00f5es Gerais<\/h2>\n<p>O Munic\u00edpio de Alvorada de Minas\/MG, em colabora\u00e7\u00e3o com o Instituto Brasileiro de Gest\u00e3o e Pesquisa (IBGP), divulgou o edital para o <strong>Processo Seletivo Simplificado n\u00ba 01\/2025<\/strong>. O certame, cujo edital j\u00e1 est\u00e1 publicado, tem como objetivo a contrata\u00e7\u00e3o tempor\u00e1ria de 69 profissionais e a forma\u00e7\u00e3o de cadastro de reserva para diversas fun\u00e7\u00f5es no quadro de pessoal do munic\u00edpio. As contrata\u00e7\u00f5es ser\u00e3o efetuadas sob regime de Direito Administrativo, conforme a Lei Municipal n\u00b0 699\/2006, e os servidores estar\u00e3o vinculados ao Regime Geral da Previd\u00eancia Social.<\/p>\n<p>Este processo seletivo oferece oportunidades para candidatos com diferentes n\u00edveis de escolaridade: <strong>Fundamental Incompleto, Fundamental Completo, M\u00e9dio\/T\u00e9cnico e Superior<\/strong>. As vagas est\u00e3o distribu\u00eddas em \u00e1reas como Educa\u00e7\u00e3o, Assist\u00eancia Social, Sa\u00fade, Obras, Servi\u00e7os Gerais e Administrativa, buscando suprir necessidades tempor\u00e1rias de excepcional interesse p\u00fablico.<\/p>\n<p>Para os profissionais com forma\u00e7\u00e3o nas \u00e1reas de ci\u00eancias agr\u00e1rias, ambientais e da sa\u00fade, o concurso apresenta vagas de destaque, incluindo <strong>T\u00e9cnico Agr\u00edcola<\/strong> (n\u00edvel m\u00e9dio\/t\u00e9cnico), <strong>Fiscal de Meio Ambiente<\/strong> (cargo que aceita forma\u00e7\u00e3o t\u00e9cnica ou superior em \u00e1reas como Biologia, Engenharia Florestal ou Engenharia Ambiental), <strong>Engenheiro Ambiental\/Sanitarista<\/strong> (n\u00edvel superior) e <strong>Nutricionista<\/strong> (n\u00edvel superior). Candidatos com forma\u00e7\u00e3o em <strong>Biologia<\/strong> tamb\u00e9m podem encontrar oportunidades em cargos como Agente de Defesa Civil, que exige curso t\u00e9cnico em \u00e1reas correlatas. Continue a leitura para obter informa\u00e7\u00f5es detalhadas sobre o processo de inscri\u00e7\u00e3o, as etapas da sele\u00e7\u00e3o e como acompanhar os resultados.<\/p>\n<h2>Inscri\u00e7\u00f5es<\/h2>\n<p>As inscri\u00e7\u00f5es para o Processo Seletivo Simplificado de Alvorada de Minas\/MG estar\u00e3o abertas no per\u00edodo de <strong>29 de maio de 2025, a partir das 09h00, at\u00e9 \u00e0s 16h00 do dia 09 de junho de 2025<\/strong> (hor\u00e1rio de Bras\u00edlia). Os interessados dever\u00e3o realizar sua inscri\u00e7\u00e3o exclusivamente pela internet, atrav\u00e9s do portal da banca organizadora, IBGP, no endere\u00e7o eletr\u00f4nico <em>https:\/\/www.ibgpconcursos.com.br<\/em>.<\/p>\n<p>Os valores da taxa de inscri\u00e7\u00e3o variam conforme o n\u00edvel de escolaridade exigido para o cargo:<\/p>\n<ul>\n<li>N\u00edvel Fundamental: <strong>R$ 20,00<\/strong><\/li>\n<li>N\u00edvel M\u00e9dio\/T\u00e9cnico: <strong>R$ 40,00<\/strong><\/li>\n<li>N\u00edvel Superior: <strong>R$ 60,00<\/strong><\/li>\n<\/ul>\n<p>O pagamento da taxa dever\u00e1 ser realizado por meio de boleto banc\u00e1rio, gerado no ato da inscri\u00e7\u00e3o, com vencimento at\u00e9 o dia <strong>10 de junho de 2025<\/strong>. \u00c9 importante observar que o pagamento deve respeitar os hor\u00e1rios de atendimento e transa\u00e7\u00f5es das institui\u00e7\u00f5es banc\u00e1rias. Recomenda-se aguardar um per\u00edodo m\u00ednimo de 02 horas ap\u00f3s a emiss\u00e3o do boleto para efetuar o pagamento. A reimpress\u00e3o do boleto (2\u00aa via) estar\u00e1 dispon\u00edvel no site do IBGP at\u00e9 \u00e0s 17h00 do dia 10 de junho de 2025. Formas de pagamento como cheque, dep\u00f3sito em caixa eletr\u00f4nico, PIX direto em conta, DOC ou TED n\u00e3o ser\u00e3o aceitas.<\/p>\n<p>Candidatos que desejarem solicitar a isen\u00e7\u00e3o da taxa de inscri\u00e7\u00e3o devem consultar os crit\u00e9rios e procedimentos detalhados no Edital n\u00ba 01\/2025. Ap\u00f3s a conclus\u00e3o da inscri\u00e7\u00e3o e o respectivo pagamento, \u00e9 crucial que o candidato acompanhe o status e todas as comunica\u00e7\u00f5es subsequentes atrav\u00e9s da \u201c\u00c1rea do Candidato\u201d no site do IBGP. Para um entendimento completo de todas as regras e exig\u00eancias, recomenda-se a leitura integral do edital.<\/p>\n<h2>Etapas e Provas<\/h2>\n<p>O Processo Seletivo Simplificado do Munic\u00edpio de Alvorada de Minas\/MG \u00e9 composto por diferentes etapas, elaboradas de acordo com as exig\u00eancias de cada cargo. A Prova Objetiva est\u00e1 prevista para o dia <strong>29 de junho de 2025<\/strong>.<\/p>\n<p><strong>Primeira Etapa:<\/strong><\/p>\n<ul>\n<li><strong>Prova Objetiva de M\u00faltipla Escolha:<\/strong> Esta etapa, de car\u00e1ter <em>eliminat\u00f3rio e classificat\u00f3rio<\/em>, ser\u00e1 aplicada a <strong>todos os candidatos<\/strong>. A prova ser\u00e1 composta por quest\u00f5es de m\u00faltipla escolha (04 alternativas cada) e ter\u00e1 dura\u00e7\u00e3o de 3 horas. As disciplinas abordadas podem incluir L\u00edngua Portuguesa, Legisla\u00e7\u00e3o, Matem\u00e1tica\/Racioc\u00ednio L\u00f3gico, Conhecimentos Gerais e No\u00e7\u00f5es de Inform\u00e1tica, conforme o cargo e o conte\u00fado program\u00e1tico detalhado no Anexo IV do edital. Para ser aprovado, o candidato dever\u00e1 obter no m\u00ednimo 50% da maior pontua\u00e7\u00e3o alcan\u00e7ada por candidatos ao mesmo cargo.<\/li>\n<li><strong>Prova de T\u00edtulos:<\/strong> De car\u00e1ter exclusivamente <em>classificat\u00f3rio<\/em>, esta fase \u00e9 destinada apenas aos candidatos aos cargos de <strong>N\u00edvel Superior<\/strong> que forem aprovados na Prova Objetiva. A convoca\u00e7\u00e3o seguir\u00e1 o limite de at\u00e9 10 vezes o n\u00famero de vagas imediatas ofertadas para o cargo (considerando empates). Ser\u00e3o avaliados documentos que comprovem forma\u00e7\u00e3o acad\u00eamica e experi\u00eancia profissional, conforme os crit\u00e9rios estabelecidos no Anexo VI do edital. Os detalhes para o envio dos documentos ser\u00e3o divulgados no site do IBGP.<\/li>\n<\/ul>\n<p><strong>Segunda Etapa:<\/strong><\/p>\n<ul>\n<li><strong>Prova Pr\u00e1tica:<\/strong> Com car\u00e1ter <em>eliminat\u00f3rio<\/em>, esta etapa \u00e9 espec\u00edfica para os candidatos aprovados na Prova Objetiva dos seguintes cargos: Auxiliar de Servi\u00e7os Gerais, Auxiliar de Servi\u00e7os P\u00fablicos, Motorista B, Motorista D, Oficial de Servi\u00e7os P\u00fablicos \u2013 Coveiro, Carpinteiro, Operador de M\u00e1quinas Leves, Operador de M\u00e1quinas Pesadas, Pedreiro, Eletricista e T\u00e9cnico em Inform\u00e1tica. A prova consistir\u00e1 na simula\u00e7\u00e3o de atividades pr\u00e1ticas inerentes \u00e0 fun\u00e7\u00e3o. Os candidatos ser\u00e3o avaliados como APTOS ou INAPTOS, sendo necess\u00e1rio obter um desempenho m\u00ednimo de 50% (5,0 de 10,0 pontos) para ser considerado APTO. O regulamento e os crit\u00e9rios de avalia\u00e7\u00e3o est\u00e3o detalhados no Anexo VII do edital.<\/li>\n<\/ul>\n<p>\u00c9 fundamental a leitura completa do Edital n\u00ba 01\/2025 e seus anexos para o pleno conhecimento das regras, conte\u00fados program\u00e1ticos, crit\u00e9rios de avalia\u00e7\u00e3o e cronograma de todas as etapas do certame.<\/p>\n<h2>Resultados e Gabarito<\/h2>\n<p>A divulga\u00e7\u00e3o dos resultados do Processo Seletivo Simplificado de Alvorada de Minas\/MG ser\u00e1 realizada pela banca organizadora, IBGP, conforme cronograma a ser publicado. Os candidatos dever\u00e3o acompanhar atentamente a libera\u00e7\u00e3o dos gabaritos preliminares e definitivos da Prova Objetiva, assim como os resultados preliminares e finais de cada etapa. Essas informa\u00e7\u00f5es estar\u00e3o dispon\u00edveis nos endere\u00e7os eletr\u00f4nicos <em>www.ibgpconcursos.com.br<\/em> e, para atos posteriores \u00e0 homologa\u00e7\u00e3o, tamb\u00e9m em <em>www.alvoradademinas.mg.gov.br<\/em>.<\/p>\n<p>A classifica\u00e7\u00e3o final dos candidatos ser\u00e1 obtida pela soma dos pontos da Prova Objetiva e, para os cargos de n\u00edvel superior, da Prova de T\u00edtulos. Em caso de empate na pontua\u00e7\u00e3o final, ser\u00e3o aplicados os seguintes crit\u00e9rios de desempate, sucessivamente:<\/p>\n<ul>\n<li>Idade igual ou superior a 60 anos (Estatuto do Idoso);<\/li>\n<li>Maior n\u00famero de pontos na Prova Objetiva de L\u00edngua Portuguesa;<\/li>\n<li>Maior n\u00famero de pontos na Prova Objetiva de Legisla\u00e7\u00e3o (se houver);<\/li>\n<li>Maior n\u00famero de pontos na Prova Objetiva de Matem\u00e1tica\/Racioc\u00ednio L\u00f3gico;<\/li>\n<li>Maior n\u00famero de pontos na Prova Objetiva de Conhecimentos Gerais;<\/li>\n<li>Maior n\u00famero de pontos na Prova Objetiva de No\u00e7\u00f5es de Inform\u00e1tica (se houver);<\/li>\n<li>Ter exercido a fun\u00e7\u00e3o de jurado;<\/li>\n<li>Maior idade.<\/li>\n<\/ul>\n<p>Se o empate persistir, ser\u00e1 realizado um sorteio p\u00fablico.<\/p>\n<p>A <strong>homologa\u00e7\u00e3o<\/strong> do resultado final, ato que oficializa a conclus\u00e3o do certame, ser\u00e1 feita pelo Prefeito Municipal de Alvorada de Minas\/MG e publicada nos sites oficiais. A homologa\u00e7\u00e3o poder\u00e1 ocorrer de forma parcial. Ap\u00f3s esta etapa, os candidatos aprovados dentro do n\u00famero de vagas ser\u00e3o convocados para a apresenta\u00e7\u00e3o da documenta\u00e7\u00e3o necess\u00e1ria para a contrata\u00e7\u00e3o. \u00c9 crucial destacar que a convoca\u00e7\u00e3o para entrega de documentos ser\u00e1 publicada <em>exclusivamente<\/em> no site <em>www.ibgpconcursos.com.br<\/em>, conforme item 15.3 do edital.<\/p>\n<p>O acompanhamento de todas as publica\u00e7\u00f5es oficiais, incluindo convoca\u00e7\u00f5es, resultados, comunicados e eventuais retifica\u00e7\u00f5es, \u00e9 de responsabilidade exclusiva do candidato. Essas informa\u00e7\u00f5es devem ser verificadas no site da banca organizadora (IBGP) e, ap\u00f3s a homologa\u00e7\u00e3o, tamb\u00e9m no site da Prefeitura de Alvorada de Minas\/MG e no Di\u00e1rio Oficial, quando aplic\u00e1vel.<\/p>\n","protected":false},"excerpt":{"rendered":"<p>Sel. Simplificada Pref. Alvorada de Minas (MG) com edital publicado! Vagas p\/ Enfermeiro, T\u00e9cnico (Fund. a Sup.). Inscri\u00e7\u00f5es a partir de 29\/05. Confira detalhes!<\/p>\n","protected":false},"author":7,"featured_media":266642,"comment_status":"open","ping_status":"open","sticky":false,"template":"","format":"standard","meta":{"_acf_changed":false,"_breakdance_hide_in_design_set":false,"_breakdance_tags":"","footnotes":""},"categories":[5,6,147,11,12,13,15,102,16,17,18,155,23,25,26,101,118,29,31,108,130,143,157,134],"tags":[50],"_amplo":[],"destaque":[],"instituicoes":[],"class_list":["post-266643","post","type-post","status-publish","format-standard","has-post-thumbnail","hentry","category-arquitetura","category-biologia","category-economia-domestica","category-educacao-fisica","category-enfermagem","category-engenharia-ambiental","category-engenharia-florestal","category-engenharia-quimica","category-engenharia-sanitaria","category-farmacia","category-fisioterapia","category-gestao-ambiental","category-nutricao","category-pedagogia","category-psicologia","category-servico-social","category-sociologia","category-tecnico-agricola","category-tecnico-ambiental","category-tecnico-enfermagem","category-tecnico-informatica","category-tecnico-odontologia","category-tecnico-seguranca-trabalho","category-terapia-ocupacional","tag-minas-gerais"],"acf":{"_tipo_vagas":"vagas","_numero_vagas":"","_quadro_vagas":"","_cargos":"diversos","_cargos_especificos":"","_salario_max":"R$ 5462.15","_abertura":"20250529","_encerramento":"20250609","_inscricoes":"https:\/\/www.ibgpconcursos.com.br","_executora_concurso":"","_instituicao_concurso":[],"_link_adicional":null,"_anexos":null,"_produtos":null,"_vagas":"69 vagas + CR","_salario_min":"R$ 1518","_instituicao":"Prefeitura Municipal de Alvorada de Minas","_edital":"https:\/\/www.agrobase.com.br\/concursos\/wp-content\/uploads\/sites\/4\/2025\/05\/edital-01-2025-alvorada-de-minas.pdf","_anexos_edital":"https:\/\/www.agrobase.com.br\/concursos\/wp-content\/uploads\/sites\/4\/2025\/05\/anexos-edital-01-2025-alvorada-de-minas.pdf","_fund_incompleto":"<div>\r\n<table class=\"quadro\">\r\n<thead>\r\n<tr>\r\n<th class=\"hcargo\">Cargo<\/th>\r\n<th class=\"hvagas\">Vagas<\/th>\r\n<th class=\"hremuneracao\">Remunera\u00e7\u00e3o<\/th>\r\n<\/tr>\r\n<\/thead>\r\n    <tbody>\r\n      <td class=\"ccargos\">\r\n<span data-balloon-length=\"medium\" aria-label=\"Ensino Fundamental Incompleto.\" data-balloon-pos=\"up\">AUXILIAR DE SERVI\u00c7OS GERAIS<\/span><\/td>\r\n<td class=\"cvagas\">03<\/td>\r\n<td class=\"cremuneracao\">R$ 1.518,00 \/40h<\/td>\r\n<\/tr><td class=\"ccargos\">\r\n<span data-balloon-length=\"medium\" aria-label=\"Ensino Fundamental Incompleto.\" data-balloon-pos=\"up\">AUXILIAR DE SERVI\u00c7OS P\u00daBLICOS<\/span><\/td>\r\n<td class=\"cvagas\">07<\/td>\r\n<td class=\"cremuneracao\">R$ 1.518,00 \/40h<\/td>\r\n<\/tr><td class=\"ccargos\">\r\n<span data-balloon-length=\"medium\" aria-label=\"Ensino Fundamental Incompleto, Carteira Nacional de Habilita\u00e7\u00e3o B.\" data-balloon-pos=\"up\">MOTORISTA CATEGORIA B<\/span><\/td>\r\n<td class=\"cvagas\">05<\/td>\r\n<td class=\"cremuneracao\">R$ 2.167,68 \/40h<\/td>\r\n<\/tr><td class=\"ccargos\">\r\n<span data-balloon-length=\"medium\" aria-label=\"Ensino Fundamental Incompleto, Carteira Nacional de Habilita\u00e7\u00e3o D.\" data-balloon-pos=\"up\">MOTORISTA CATEGORIA D<\/span><\/td>\r\n<td class=\"cvagas\">05<\/td>\r\n<td class=\"cremuneracao\">R$ 2.167,68 \/40h<\/td>\r\n<\/tr><td class=\"ccargos\">\r\n<span data-balloon-length=\"medium\" aria-label=\"Ensino Fundamental Incompleto.\" data-balloon-pos=\"up\">OFICIAL DE SERVI\u00c7OS P\u00daBLICOS - COVEIRO<\/span><\/td>\r\n<td class=\"cvagas\">01<\/td>\r\n<td class=\"cremuneracao\">R$ 1.518,00 \/40h<\/td>\r\n<\/tr>\r\n    <\/tbody>\r\n  <\/table>\r\n<\/div>","_fund_completo":"<div>\r\n<table class=\"quadro\">\r\n<thead>\r\n<tr>\r\n<th class=\"hcargo\">Cargo<\/th>\r\n<th class=\"hvagas\">Vagas<\/th>\r\n<th class=\"hremuneracao\">Remunera\u00e7\u00e3o<\/th>\r\n<\/tr>\r\n<\/thead>\r\n    <tbody>\r\n      <td class=\"ccargos\">\r\n<span data-balloon-length=\"medium\" aria-label=\"Ensino Fundamental Completo.\" data-balloon-pos=\"up\">CARPINTEIRO<\/span><\/td>\r\n<td class=\"cvagas\">02<\/td>\r\n<td class=\"cremuneracao\">R$ 1.806,39 \/40h<\/td>\r\n<\/tr><td class=\"ccargos\">\r\n<span data-balloon-length=\"medium\" aria-label=\"Ensino Fundamental Completo.\" data-balloon-pos=\"up\">MONITOR ESCOLAR<\/span><\/td>\r\n<td class=\"cvagas\">04<\/td>\r\n<td class=\"cremuneracao\">R$ 1.518,00 \/40h<\/td>\r\n<\/tr><td class=\"ccargos\">\r\n<span data-balloon-length=\"medium\" aria-label=\"Ensino Fundamental Completo com Carteira Nacional de Habilita\u00e7\u00e3o - CNH categoria \u201cC\u201d, \u201cD\u201d ou \u201cE\u201d. Experi\u00eancia m\u00ednima de 06 (seis) meses.\" data-balloon-pos=\"up\">OPERADOR DE M\u00c1QUINAS LEVES<\/span><\/td>\r\n<td class=\"cvagas\">02<\/td>\r\n<td class=\"cremuneracao\">R$ 2.167,69 \/40h<\/td>\r\n<\/tr><td class=\"ccargos\">\r\n<span data-balloon-length=\"medium\" aria-label=\"Ensino Fundamental Completo com Carteira Nacional de Habilita\u00e7\u00e3o - CNH categoria \u201cC\u201d, \u201cD\u201d ou \u201cE\u201d. Experi\u00eancia m\u00ednima de 06 (seis) meses.\" data-balloon-pos=\"up\">OPERADOR DE M\u00c1QUINAS PESADAS<\/span><\/td>\r\n<td class=\"cvagas\">03<\/td>\r\n<td class=\"cremuneracao\">R$ 2.709,61 \/40h<\/td>\r\n<\/tr><td class=\"ccargos\">\r\n<span data-balloon-length=\"medium\" aria-label=\"Ensino Fundamental Completo.\" data-balloon-pos=\"up\">PEDREIRO<\/span><\/td>\r\n<td class=\"cvagas\">04<\/td>\r\n<td class=\"cremuneracao\">R$ 1.806,40 \/40h<\/td>\r\n<\/tr>\r\n    <\/tbody>\r\n  <\/table>\r\n<\/div>","_medio":"<div>\r\n<table class=\"quadro\">\r\n<thead>\r\n<tr>\r\n<th class=\"hcargo\">Cargo<\/th>\r\n<th class=\"hvagas\">Vagas<\/th>\r\n<th class=\"hremuneracao\">Remunera\u00e7\u00e3o<\/th>\r\n<\/tr>\r\n<\/thead>\r\n    <tbody>\r\n      <td class=\"ccargos\">\r\n<span data-balloon-length=\"medium\" aria-label=\"Ensino M\u00e9dio Completo.\" data-balloon-pos=\"up\">ASSISTENTE ESCOLAR<\/span><\/td>\r\n<td class=\"cvagas\">05<\/td>\r\n<td class=\"cremuneracao\">R$ 1.518,00 \/30h<\/td>\r\n<\/tr><td class=\"ccargos\">\r\n<span data-balloon-length=\"medium\" aria-label=\"Ensino M\u00e9dio Completo.\" data-balloon-pos=\"up\">AUXILIAR DE SA\u00daDE BUCAL<\/span><\/td>\r\n<td class=\"cvagas\">02<\/td>\r\n<td class=\"cremuneracao\">R$ 1.518,00 \/40h<\/td>\r\n<\/tr><td class=\"ccargos\">\r\n<span data-balloon-length=\"medium\" aria-label=\"Ensino M\u00e9dio Completo.\" data-balloon-pos=\"up\">AUXILIAR DE SECRETARIA<\/span><\/td>\r\n<td class=\"cvagas\">01<\/td>\r\n<td class=\"cremuneracao\">R$ 1.806,40 \/30h<\/td>\r\n<\/tr><td class=\"ccargos\">\r\n<span data-balloon-length=\"medium\" aria-label=\"Ensino M\u00e9dio Completo.\" data-balloon-pos=\"up\">ELETRICISTA<\/span><\/td>\r\n<td class=\"cvagas\">01<\/td>\r\n<td class=\"cremuneracao\">R$ 1.806,40 \/40h<\/td>\r\n<\/tr><td class=\"ccargos\">\r\n<span data-balloon-length=\"medium\" aria-label=\"Ensino M\u00e9dio Completo.\" data-balloon-pos=\"up\">FISCAL DE OBRAS E POSTURAS<\/span><\/td>\r\n<td class=\"cvagas\">01<\/td>\r\n<td class=\"cremuneracao\">R$ 1.806,40 \/40h<\/td>\r\n<\/tr><td class=\"ccargos\">\r\n<span data-balloon-length=\"medium\" aria-label=\"Ensino M\u00e9dio Completo.\" data-balloon-pos=\"up\">ORIENTADOR SOCIAL<\/span><\/td>\r\n<td class=\"cvagas\">01<\/td>\r\n<td class=\"cremuneracao\">R$ 2.276,85 \/40h<\/td>\r\n<\/tr><td class=\"ccargos\">\r\n<span data-balloon-length=\"medium\" aria-label=\"Ensino M\u00e9dio Completo, curso t\u00e9cnico na \u00e1rea correlata (T\u00e9cnico em Seguran\u00e7a do Trabalho, T\u00e9cnico em Meio Ambiente, T\u00e9cnico em Biologia, T\u00e9cnico em Edifica\u00e7\u00e3o, T\u00e9cnico em Enfermagem ou T\u00e9cnico em Assist\u00eancia Social) e Carteira Nacional de Habilita\u00e7\u00e3o Categoria B.\" data-balloon-pos=\"up\">AGENTE DE DEFESA CIVIL ADMINISTRATIVO<\/span><\/td>\r\n<td class=\"cvagas\">01<\/td>\r\n<td class=\"cremuneracao\">R$ 2.067,36 \/44h<\/td>\r\n<\/tr><td class=\"ccargos\">\r\n<span data-balloon-length=\"medium\" aria-label=\"Ensino M\u00e9dio Completo, curso t\u00e9cnico na \u00e1rea correlata (T\u00e9cnico em Seguran\u00e7a do Trabalho, T\u00e9cnico em Meio Ambiente, T\u00e9cnico em Biologia, T\u00e9cnico em Edifica\u00e7\u00e3o, T\u00e9cnico em Enfermagem ou T\u00e9cnico em Assist\u00eancia Social) e Carteira Nacional de Habilita\u00e7\u00e3o Categoria AB.\" data-balloon-pos=\"up\">AGENTE DE DEFESA CIVIL OPERACIONAL<\/span><\/td>\r\n<td class=\"cvagas\">01<\/td>\r\n<td class=\"cremuneracao\">R$ 2.067,36 \/44h<\/td>\r\n<\/tr><td class=\"ccargos\">\r\n<span data-balloon-length=\"medium\" aria-label=\"Ensino M\u00e9dio Completo, curso T\u00e9cnico em Meio Ambiente ou Tecn\u00f3logo em Gest\u00e3o Ambiental ou Ensino Superior Completo em Biologia ou Engenharia Florestal ou Engenharia Qu\u00edmica ou Engenharia Sanitarista e Ambiental, com registro no respectivo \u00f3rg\u00e3o fiscalizador da profiss\u00e3o.\" data-balloon-pos=\"up\">FISCAL DE MEIO AMBIENTE<\/span><\/td>\r\n<td class=\"cvagas\">01<\/td>\r\n<td class=\"cremuneracao\">R$ 2.366,61 \/40h<\/td>\r\n<\/tr><td class=\"ccargos\">\r\n<span data-balloon-length=\"medium\" aria-label=\"Ensino M\u00e9dio Completo, curso t\u00e9cnico na \u00e1rea correlata e registro no respectivo Conselho de Classe.\" data-balloon-pos=\"up\">T\u00c9CNICO AGR\u00cdCOLA<\/span><\/td>\r\n<td class=\"cvagas\">01<\/td>\r\n<td class=\"cremuneracao\">R$ 2.167,68 \/40h<\/td>\r\n<\/tr><td class=\"ccargos\">\r\n<span data-balloon-length=\"medium\" aria-label=\"Ensino M\u00e9dio Completo, curso t\u00e9cnico na \u00e1rea correlata e registro no COREN.\" data-balloon-pos=\"up\">T\u00c9CNICO EM ENFERMAGEM<\/span><\/td>\r\n<td class=\"cvagas\">05<\/td>\r\n<td class=\"cremuneracao\">R$ 3.823,50 \/40h<\/td>\r\n<\/tr><td class=\"ccargos\">\r\n<span data-balloon-length=\"medium\" aria-label=\"Ensino M\u00e9dio Completo e curso t\u00e9cnico em TI.\" data-balloon-pos=\"up\">T\u00c9CNICO EM INFORM\u00c1TICA<\/span><\/td>\r\n<td class=\"cvagas\">01<\/td>\r\n<td class=\"cremuneracao\">R$ 2.167,68 \/40h<\/td>\r\n<\/tr><td class=\"ccargos\">\r\n<span data-balloon-length=\"medium\" aria-label=\"Ensino M\u00e9dio Completo, curso t\u00e9cnico na \u00e1rea correlata e registro no respectivo Conselho de Classe.\" data-balloon-pos=\"up\">T\u00c9CNICO EM SA\u00daDE BUCAL<\/span><\/td>\r\n<td class=\"cvagas\">01<\/td>\r\n<td class=\"cremuneracao\">R$ 1.806,40 \/40h<\/td>\r\n<\/tr>\r\n    <\/tbody>\r\n  <\/table>\r\n<\/div>","_superior":"<div>\r\n<table class=\"quadro\">\r\n<thead>\r\n<tr>\r\n<th class=\"hcargo\">Cargo<\/th>\r\n<th class=\"hvagas\">Vagas<\/th>\r\n<th class=\"hremuneracao\">Remunera\u00e7\u00e3o<\/th>\r\n<\/tr>\r\n<\/thead>\r\n    <tbody>\r\n      <tr>\r\n<td class=\"ccargos\">\r\n<span data-balloon-length=\"medium\" aria-label=\"Ensino Superior Completo em Arquitetura e Urbanismo e registro no CAU.\" data-balloon-pos=\"up\">ARQUITETO URBANISTA<\/span><\/td>\r\n<td class=\"cvagas\">01<\/td>\r\n<td class=\"cremuneracao\">R$ 5.419,24 \/40h<\/td>\r\n<\/tr><tr>\r\n<td class=\"ccargos\">\r\n<span data-balloon-length=\"medium\" aria-label=\"Ensino Superior Completo em Servi\u00e7o Social e registro ativo no Conselho de Classe.\" data-balloon-pos=\"up\">ASSISTENTE SOCIAL<\/span><\/td>\r\n<td class=\"cvagas\">01<\/td>\r\n<td class=\"cremuneracao\">R$ 4.599,71 \/30h<\/td>\r\n<\/tr><tr>\r\n<td class=\"ccargos\">\r\n<span data-balloon-length=\"medium\" aria-label=\"Ensino Superior Completo em Educa\u00e7\u00e3o F\u00edsica (bacharelado) em institui\u00e7\u00e3o de ensino superior reconhecida pelo MEC e registro no Conselho Regional de Educa\u00e7\u00e3o F\u00edsica (CREF) ativo.\" data-balloon-pos=\"up\">EDUCADOR F\u00cdSICO<\/span><\/td>\r\n<td class=\"cvagas\">CR<\/td>\r\n<td class=\"cremuneracao\">R$ 5.057,95 \/30h<\/td>\r\n<\/tr><tr>\r\n<td class=\"ccargos\">\r\n<span data-balloon-length=\"medium\" aria-label=\"Ensino Superior Completo em Enfermagem e registro no COREN.\" data-balloon-pos=\"up\">ENFERMEIRO<\/span><\/td>\r\n<td class=\"cvagas\">01<\/td>\r\n<td class=\"cremuneracao\">R$ 5.462,15 \/40h<\/td>\r\n<\/tr><tr>\r\n<td class=\"ccargos\">\r\n<span data-balloon-length=\"medium\" aria-label=\"Ensino Superior Completo em Engenharia Ambiental e registro no CREA.\" data-balloon-pos=\"up\">ENGENHEIRO AMBIENTAL\/SANITARISTA<\/span><\/td>\r\n<td class=\"cvagas\">01<\/td>\r\n<td class=\"cremuneracao\">R$ 5.419,24 \/40h<\/td>\r\n<\/tr><tr>\r\n<td class=\"ccargos\">\r\n<span data-balloon-length=\"medium\" aria-label=\"Ensino Superior Completo em Farm\u00e1cia e registro no CRF.\" data-balloon-pos=\"up\">FARMAC\u00caUTICO<\/span><\/td>\r\n<td class=\"cvagas\">02<\/td>\r\n<td class=\"cremuneracao\">R$ 5.419,24 \/40h<\/td>\r\n<\/tr><tr>\r\n<td class=\"ccargos\">\r\n<span data-balloon-length=\"medium\" aria-label=\"Ensino Superior Completo em Fisioterapia e registro ativo no respectivo Conselho de Classe.\" data-balloon-pos=\"up\">FISIOTERAP\u00caUTA<\/span><\/td>\r\n<td class=\"cvagas\">01<\/td>\r\n<td class=\"cremuneracao\">R$ 5.419,24 \/30h<\/td>\r\n<\/tr><tr>\r\n<td class=\"ccargos\">\r\n<span data-balloon-length=\"medium\" aria-label=\"Ensino Superior Completo em Nutri\u00e7\u00e3o e registro no CRN.\" data-balloon-pos=\"up\">NUTRICIONISTA<\/span><\/td>\r\n<td class=\"cvagas\">01<\/td>\r\n<td class=\"cremuneracao\">R$ 5.419,24 \/40h<\/td>\r\n<\/tr><tr>\r\n<td class=\"ccargos\">\r\n<span data-balloon-length=\"medium\" aria-label=\"Ensino Superior Completo em Psicologia e registro ativo no respectivo Conselho de Classe.\" data-balloon-pos=\"up\">PSIC\u00d3LOGO<\/span><\/td>\r\n<td class=\"cvagas\">02<\/td>\r\n<td class=\"cremuneracao\">R$ 5.419,24 \/40h<\/td>\r\n<\/tr><tr>\r\n<td class=\"ccargos\">\r\n<span data-balloon-length=\"medium\" aria-label=\"Ensino Superior Completo em Psicologia, Servi\u00e7o Social, Antropologia, Economia Dom\u00e9stica, Pedagogia, Sociologia, Terapia ocupacional ou Musicoterapeuta conforme Resolu\u00e7\u00e3o CNAS n\u00ba 17 de 20 de junho de 2011.\" data-balloon-pos=\"up\">T\u00c9CNICO DE REFER\u00caNCIA SCFV<\/span><\/td>\r\n<td class=\"cvagas\">01<\/td>\r\n<td class=\"cremuneracao\">R$ 5.066,14 \/40h<\/td>\r\n<\/tr>\r\n    <\/tbody>\r\n  <\/table>\r\n<\/div>"},"_links":{"self":[{"href":"https:\/\/www.agrobase.com.br\/concursos\/wp-json\/wp\/v2\/posts\/266643","targetHints":{"allow":["GET"]}}],"collection":[{"href":"https:\/\/www.agrobase.com.br\/concursos\/wp-json\/wp\/v2\/posts"}],"about":[{"href":"https:\/\/www.agrobase.com.br\/concursos\/wp-json\/wp\/v2\/types\/post"}],"author":[{"embeddable":true,"href":"https:\/\/www.agrobase.com.br\/concursos\/wp-json\/wp\/v2\/users\/7"}],"replies":[{"embeddable":true,"href":"https:\/\/www.agrobase.com.br\/concursos\/wp-json\/wp\/v2\/comments?post=266643"}],"version-history":[{"count":2,"href":"https:\/\/www.agrobase.com.br\/concursos\/wp-json\/wp\/v2\/posts\/266643\/revisions"}],"predecessor-version":[{"id":266647,"href":"https:\/\/www.agrobase.com.br\/concursos\/wp-json\/wp\/v2\/posts\/266643\/revisions\/266647"}],"wp:featuredmedia":[{"embeddable":true,"href":"https:\/\/www.agrobase.com.br\/concursos\/wp-json\/wp\/v2\/media\/266642"}],"wp:attachment":[{"href":"https:\/\/www.agrobase.com.br\/concursos\/wp-json\/wp\/v2\/media?parent=266643"}],"wp:term":[{"taxonomy":"category","embeddable":true,"href":"https:\/\/www.agrobase.com.br\/concursos\/wp-json\/wp\/v2\/categories?post=266643"},{"taxonomy":"post_tag","embeddable":true,"href":"https:\/\/www.agrobase.com.br\/concursos\/wp-json\/wp\/v2\/tags?post=266643"},{"taxonomy":"_amplo","embeddable":true,"href":"https:\/\/www.agrobase.com.br\/concursos\/wp-json\/wp\/v2\/_amplo?post=266643"},{"taxonomy":"destaque","embeddable":true,"href":"https:\/\/www.agrobase.com.br\/concursos\/wp-json\/wp\/v2\/destaque?post=266643"},{"taxonomy":"instituicoes","embeddable":true,"href":"https:\/\/www.agrobase.com.br\/concursos\/wp-json\/wp\/v2\/instituicoes?post=266643"}],"curies":[{"name":"wp","href":"https:\/\/api.w.org\/{rel}","templated":true}]}}