{"id":266534,"date":"2025-05-30T07:10:44","date_gmt":"2025-05-30T10:10:44","guid":{"rendered":"https:\/\/www.agrobase.com.br\/concursos\/?p=266534"},"modified":"2025-05-29T14:08:19","modified_gmt":"2025-05-29T17:08:19","slug":"prefeitura-vermelho-novo-mg-concurso-01-2025","status":"publish","type":"post","link":"https:\/\/www.agrobase.com.br\/concursos\/2025\/prefeitura-vermelho-novo-mg-concurso-01-2025\/","title":{"rendered":"Prefeitura Vermelho Novo (MG) &#8211; Concurso 01\/2025"},"content":{"rendered":"<h2>Informa\u00e7\u00f5es Gerais<\/h2>\n<p>A Prefeitura Municipal de Vermelho Novo, em Minas Gerais, publicou o edital de seu Concurso P\u00fablico destinado ao preenchimento de <strong>76 vagas<\/strong> em seu quadro de servidores, al\u00e9m da forma\u00e7\u00e3o de cadastro reserva. O certame \u00e9 regido pelo edital de abertura e executado pelo Instituto Consulplan de Desenvolvimento, Projetos e Assist\u00eancia Social. As oportunidades contemplam cargos de N\u00edvel Superior, N\u00edvel M\u00e9dio T\u00e9cnico, N\u00edvel M\u00e9dio, N\u00edvel Fundamental Completo e Incompleto, sob o regime jur\u00eddico <strong>Estatut\u00e1rio<\/strong>.<\/p>\n<p>As vagas abrangem diversas \u00e1reas da administra\u00e7\u00e3o municipal, incluindo setores como educa\u00e7\u00e3o, sa\u00fade, administrativo, operacional e fiscal. Para os profissionais da \u00e1rea de sa\u00fade e bem-estar, destaca-se a oferta de vagas para <strong>Nutricionista<\/strong>, al\u00e9m de oportunidades para Enfermeiro, Fisioterapeuta, Fonoaudi\u00f3logo, M\u00e9dico, T\u00e9cnico em Enfermagem, T\u00e9cnico em Higiene Dental e Auxiliar de Sa\u00fade Bucal. H\u00e1 tamb\u00e9m vagas para Assistente Social, Psic\u00f3logo, Contador, entre outras.<\/p>\n<p>Este concurso representa uma excelente oportunidade para ingressar no servi\u00e7o p\u00fablico municipal de Vermelho Novo\/MG. Continue a leitura para obter informa\u00e7\u00f5es detalhadas sobre o processo de inscri\u00e7\u00e3o, as etapas da sele\u00e7\u00e3o e como acompanhar os resultados.<\/p>\n<h2>Inscri\u00e7\u00f5es<\/h2>\n<p>As inscri\u00e7\u00f5es para o Concurso P\u00fablico da Prefeitura de Vermelho Novo\/MG estar\u00e3o abertas e ser\u00e3o realizadas exclusivamente pela internet. O per\u00edodo para se inscrever inicia \u00e0s <strong>16h00min do dia 30 de junho de 2025<\/strong> e encerra \u00e0s <strong>16h00min do dia 31 de julho de 2025<\/strong>, observado o hor\u00e1rio oficial de Bras\u00edlia\/DF.<\/p>\n<p>Os valores das taxas de inscri\u00e7\u00e3o s\u00e3o os seguintes:<\/p>\n<ul>\n<li><strong>R$ 100,00<\/strong> para os cargos de N\u00edvel Superior;<\/li>\n<li><strong>R$ 90,00<\/strong> para os cargos de N\u00edvel M\u00e9dio, T\u00e9cnico e Superior em Andamento;<\/li>\n<li><strong>R$ 80,00<\/strong> para os cargos de N\u00edvel Fundamental Completo e Incompleto.<\/li>\n<\/ul>\n<p>Para se inscrever, o candidato dever\u00e1 acessar o site da banca organizadora, Instituto Consulplan, no endere\u00e7o eletr\u00f4nico <em>www.institutoconsulplan.org.br<\/em>, preencher o formul\u00e1rio de inscri\u00e7\u00e3o, optar pelo cargo desejado e imprimir o boleto banc\u00e1rio. O pagamento do boleto poder\u00e1 ser efetuado em qualquer banco at\u00e9 a data de vencimento. O boleto poder\u00e1 ser reimpresso at\u00e9 o primeiro dia \u00fatil ap\u00f3s o encerramento das inscri\u00e7\u00f5es, 1\u00ba de agosto de 2025, at\u00e9 as 20h00min. N\u00e3o ser\u00e3o aceitos pagamentos por DOC, PIX (exceto se houver QR code espec\u00edfico no boleto), dep\u00f3sito ou transfer\u00eancia.<\/p>\n<p>O edital prev\u00ea a possibilidade de isen\u00e7\u00e3o da taxa de inscri\u00e7\u00e3o, cujos procedimentos e crit\u00e9rios devem ser consultados no documento oficial. \u00c9 permitido ao candidato inscrever-se para at\u00e9 dois cargos, desde que os turnos de prova sejam distintos. O acompanhamento da situa\u00e7\u00e3o da inscri\u00e7\u00e3o deve ser feito atrav\u00e9s da \u00e1rea restrita no site do Instituto Consulplan. Para candidatos sem acesso \u00e0 internet, ser\u00e1 disponibilizado um posto de inscri\u00e7\u00e3o presencial na sede da Prefeitura Municipal de Vermelho Novo (Rua Prefeito Wilson Dami\u00e3o, n\u00ba 48, Centro), de segunda a sexta-feira, das 07h00min \u00e0s 11h00min e das 12h00min \u00e0s 16h00min, durante o per\u00edodo de inscri\u00e7\u00e3o.<\/p>\n<p>Recomenda-se a leitura atenta e completa do edital para pleno conhecimento de todas as normas e condi\u00e7\u00f5es do certame.<\/p>\n<h2>Etapas e Provas<\/h2>\n<p>O Concurso P\u00fablico da Prefeitura de Vermelho Novo\/MG ser\u00e1 composto por diferentes etapas, variando conforme o cargo pretendido. As etapas principais s\u00e3o:<\/p>\n<ul>\n<li><strong>Provas Objetivas de M\u00faltipla Escolha:<\/strong> De car\u00e1ter eliminat\u00f3rio e classificat\u00f3rio, aplicadas a <em>todos os cargos<\/em>. As provas ter\u00e3o 4 op\u00e7\u00f5es (A a D) e abordar\u00e3o conte\u00fados program\u00e1ticos especificados no Anexo I do edital, incluindo disciplinas como L\u00edngua Portuguesa, Racioc\u00ednio L\u00f3gico Matem\u00e1tico, Conhecimentos Gerais, Legisla\u00e7\u00e3o e Conhecimentos Espec\u00edficos do cargo. A dura\u00e7\u00e3o ser\u00e1 de 3 horas. Ser\u00e1 considerado aprovado o candidato que obtiver, no m\u00ednimo, 50% de aproveitamento dos pontos. A aplica\u00e7\u00e3o est\u00e1 prevista para o dia <strong>31 de agosto de 2025 (domingo)<\/strong>, em dois turnos.<\/li>\n<li><strong>Provas Pr\u00e1ticas:<\/strong> De car\u00e1ter eliminat\u00f3rio, aplicadas apenas aos candidatos aos cargos de <em>Mec\u00e2nico, Motorista, Motorista do Conselho Tutelar e do CRAS e Operador de M\u00e1quinas<\/em> que forem aprovados nas provas objetivas e classificados dentro do quantitativo de corte. Esta etapa avaliar\u00e1 o dom\u00ednio das tarefas espec\u00edficas de cada cargo, valendo 40 pontos, sendo necess\u00e1rio obter no m\u00ednimo 50% para aprova\u00e7\u00e3o (resultado expresso em APROVADO ou REPROVADO).<\/li>\n<li><strong>Avalia\u00e7\u00e3o de T\u00edtulos:<\/strong> De car\u00e1ter apenas classificat\u00f3rio, exclusiva para os candidatos ao cargo de <em>Professor de Ingl\u00eas<\/em> aprovados na prova objetiva. A pontua\u00e7\u00e3o m\u00e1xima ser\u00e1 de 4 pontos. Os t\u00edtulos dever\u00e3o ser enviados conforme as especifica\u00e7\u00f5es do edital at\u00e9 o dia 1\u00ba de agosto de 2025.<\/li>\n<\/ul>\n<p>Adicionalmente, os candidatos aprovados e classificados dentro do n\u00famero de vagas ser\u00e3o submetidos \u00e0 etapa de <strong>Comprova\u00e7\u00e3o de Requisitos e Exames M\u00e9dicos<\/strong>, de car\u00e1ter eliminat\u00f3rio, realizada pela Prefeitura Municipal de Vermelho Novo\/MG ap\u00f3s a homologa\u00e7\u00e3o do concurso.<\/p>\n<p>As provas ser\u00e3o realizadas preferencialmente no munic\u00edpio de Vermelho Novo\/MG, podendo se estender a cidades circunvizinhas caso necess\u00e1rio. \u00c9 fundamental que os candidatos consultem o edital para obter informa\u00e7\u00f5es detalhadas sobre o conte\u00fado program\u00e1tico de cada disciplina, os crit\u00e9rios espec\u00edficos de cada etapa, as regras de realiza\u00e7\u00e3o das provas e o cronograma completo.<\/p>\n<h2>Resultados e Gabarito<\/h2>\n<p>A divulga\u00e7\u00e3o dos resultados do Concurso P\u00fablico da Prefeitura de Vermelho Novo\/MG seguir\u00e1 um cronograma estabelecido pela banca organizadora, o Instituto Consulplan. Os <strong>gabaritos oficiais preliminares<\/strong> das provas objetivas ser\u00e3o disponibilizados no site <em>www.institutoconsulplan.org.br<\/em> a partir das 16h00min da segunda-feira subsequente \u00e0 realiza\u00e7\u00e3o das provas. Ap\u00f3s o per\u00edodo de recursos, ser\u00e3o publicados os gabaritos definitivos.<\/p>\n<p>Os resultados preliminares e definitivos de cada etapa, como as provas objetivas, provas pr\u00e1ticas e avalia\u00e7\u00e3o de t\u00edtulos (quando aplic\u00e1vel), tamb\u00e9m ser\u00e3o divulgados no mesmo endere\u00e7o eletr\u00f4nico. A <strong>classifica\u00e7\u00e3o final<\/strong> dos candidatos ser\u00e1 determinada pela soma dos pontos obtidos na prova objetiva e, para o cargo de Professor de Ingl\u00eas, na avalia\u00e7\u00e3o de t\u00edtulos. Os candidatos ser\u00e3o ordenados por cargo em ordem decrescente de nota final.<\/p>\n<p>Os <strong>crit\u00e9rios de desempate<\/strong> variam conforme o n\u00edvel de escolaridade do cargo. Para N\u00edvel Fundamental, consideram-se, sucessivamente: maior pontua\u00e7\u00e3o em L\u00edngua Portuguesa, Racioc\u00ednio L\u00f3gico Matem\u00e1tico, Conhecimentos Gerais, maior idade e exerc\u00edcio da fun\u00e7\u00e3o de jurado. Para os demais n\u00edveis (M\u00e9dio, T\u00e9cnico e Superior), os crit\u00e9rios incluem: maior pontua\u00e7\u00e3o em Conhecimentos do Cargo, Legisla\u00e7\u00e3o, Conhecimentos de Direito (quando houver), L\u00edngua Portuguesa, maior idade (sendo este o primeiro crit\u00e9rio para candidatos com 60 anos ou mais) e exerc\u00edcio da fun\u00e7\u00e3o de jurado.<\/p>\n<p>A <strong>homologa\u00e7\u00e3o do concurso<\/strong>, ato que torna p\u00fablico o resultado final e encerra o certame, marcar\u00e1 o in\u00edcio da contagem do prazo de validade do concurso, que \u00e9 de 2 (dois) anos, podendo ser prorrogado uma vez por igual per\u00edodo. A <strong>convoca\u00e7\u00e3o<\/strong> dos candidatos aprovados dentro do n\u00famero de vagas ocorrer\u00e1 durante o prazo de validade do concurso, respeitando rigorosamente a ordem de classifica\u00e7\u00e3o. O acompanhamento das convoca\u00e7\u00f5es dever\u00e1 ser feito por meio das publica\u00e7\u00f5es oficiais da Prefeitura de Vermelho Novo\/MG e no site da banca.<\/p>\n<p>\u00c9 de responsabilidade exclusiva do candidato acompanhar todas as publica\u00e7\u00f5es, comunicados e convoca\u00e7\u00f5es referentes ao concurso p\u00fablico no site do Instituto Consulplan e nos meios oficiais de divulga\u00e7\u00e3o da Prefeitura Municipal de Vermelho Novo\/MG.<\/p>\n","protected":false},"excerpt":{"rendered":"<p>Concurso Pref. Vermelho Novo (MG) com edital publicado! Vagas p\/ M\u00e9dico e Professor (Fund. a Sup.). Inscri\u00e7\u00f5es a partir de 30\/06. At\u00e9 R$ 9.5k. Confira detalhes!<\/p>\n","protected":false},"author":7,"featured_media":266571,"comment_status":"open","ping_status":"open","sticky":false,"template":"","format":"standard","meta":{"_acf_changed":false,"_breakdance_hide_in_design_set":false,"_breakdance_tags":"","footnotes":""},"categories":[3,126,9,10,117,12,151,18,19,6871,21,23,25,26,101,108,130,143,134],"tags":[50],"_amplo":[],"destaque":[],"instituicoes":[],"class_list":["post-266534","post","type-post","status-publish","format-standard","has-post-thumbnail","hentry","category-administracao","category-ciencia-computacao","category-ciencias-contabeis","category-direito","category-economia","category-enfermagem","category-engenharia-computacao","category-fisioterapia","category-fonoaudiologia","category-letras-ingles","category-medicina","category-nutricao","category-pedagogia","category-psicologia","category-servico-social","category-tecnico-enfermagem","category-tecnico-informatica","category-tecnico-odontologia","category-terapia-ocupacional","tag-minas-gerais"],"acf":{"_tipo_vagas":"vagas","_numero_vagas":"","_quadro_vagas":"","_cargos":"diversos","_cargos_especificos":"","_salario_max":"R$ 9541.32","_abertura":"20250630","_encerramento":"20250731","_inscricoes":"https:\/\/www.institutoconsulplan.org.br","_executora_concurso":"","_instituicao_concurso":[],"_link_adicional":null,"_anexos":null,"_produtos":null,"_vagas":"76 vagas","_salario_min":"R$ 1723.93","_instituicao":"Prefeitura Municipal de Vermelho Novo\/MG","_edital":"https:\/\/www.agrobase.com.br\/concursos\/wp-content\/uploads\/sites\/4\/2025\/05\/edital-01-2025-vermelho-novo-mg.pdf","_anexos_edital":"https:\/\/www.agrobase.com.br\/concursos\/wp-content\/uploads\/sites\/4\/2025\/05\/anexos-edital-01-2025-vermelho-novo-mg.pdf","_fund_incompleto":"<div>\r\n<table class=\"quadro\">\r\n<thead>\r\n<tr>\r\n<th class=\"hcargo\">Cargo<\/th>\r\n<th class=\"hvagas\">Vagas<\/th>\r\n<th class=\"hremuneracao\">Remunera\u00e7\u00e3o<\/th>\r\n<\/tr>\r\n<\/thead>\r\n    <tbody>\r\n      <td class=\"ccargos\">\r\n<span data-balloon-length=\"medium\" aria-label=\"Ensino Fundamental Incompleto e CNH Categoria C\" data-balloon-pos=\"up\">Operador de M\u00e1quinas<\/span><\/td>\r\n<td class=\"cvagas\">04<\/td>\r\n<td class=\"cremuneracao\">R$ 2.507,54 \/40h<\/td>\r\n<\/tr><td class=\"ccargos\">\r\n<span data-balloon-length=\"medium\" aria-label=\"Ensino Fundamental Incompleto\" data-balloon-pos=\"up\">Soldador<\/span><\/td>\r\n<td class=\"cvagas\">01<\/td>\r\n<td class=\"cremuneracao\">R$ 2.530,55 \/40h<\/td>\r\n<\/tr>\r\n    <\/tbody>\r\n  <\/table>\r\n<\/div>","_fund_completo":"<div>\r\n<table class=\"quadro\">\r\n<thead>\r\n<tr>\r\n<th class=\"hcargo\">Cargo<\/th>\r\n<th class=\"hvagas\">Vagas<\/th>\r\n<th class=\"hremuneracao\">Remunera\u00e7\u00e3o<\/th>\r\n<\/tr>\r\n<\/thead>\r\n    <tbody>\r\n      <td class=\"ccargos\">\r\n<span data-balloon-length=\"medium\" aria-label=\"Ensino Fundamental Completo\" data-balloon-pos=\"up\">Ajudante de Servi\u00e7os Gerais<\/span><\/td>\r\n<td class=\"cvagas\">03<\/td>\r\n<td class=\"cremuneracao\">R$ 1.723,93 \/40h<\/td>\r\n<\/tr><td class=\"ccargos\">\r\n<span data-balloon-length=\"medium\" aria-label=\"Ensino Fundamental Completo acrescido de curso de Auxiliar em Sa\u00fade Bucal e Registro no Conselho de Classe Profissional\" data-balloon-pos=\"up\">Auxiliar de Sa\u00fade Bucal<\/span><\/td>\r\n<td class=\"cvagas\">01<\/td>\r\n<td class=\"cremuneracao\">R$ 1.723,93 \/40h<\/td>\r\n<\/tr><td class=\"ccargos\">\r\n<span data-balloon-length=\"medium\" aria-label=\"Ensino Fundamental Completo\" data-balloon-pos=\"up\">Auxiliar de Servi\u00e7os Gerais Mec\u00e2nico<\/span><\/td>\r\n<td class=\"cvagas\">01<\/td>\r\n<td class=\"cremuneracao\">R$ 1.723,93 \/40h<\/td>\r\n<\/tr><td class=\"ccargos\">\r\n<span data-balloon-length=\"medium\" aria-label=\"Ensino Fundamental Completo e CNH Categoria D\" data-balloon-pos=\"up\">Motorista<\/span><\/td>\r\n<td class=\"cvagas\">06<\/td>\r\n<td class=\"cremuneracao\">R$ 1.723,93 \/40h<\/td>\r\n<\/tr><td class=\"ccargos\">\r\n<span data-balloon-length=\"medium\" aria-label=\"Ensino Fundamental Completo e CNH Categoria D\" data-balloon-pos=\"up\">Motorista do Conselho Tutelar e do CRAS<\/span><\/td>\r\n<td class=\"cvagas\">01<\/td>\r\n<td class=\"cremuneracao\">R$ 1.723,93 \/40h<\/td>\r\n<\/tr><td class=\"ccargos\">\r\n<span data-balloon-length=\"medium\" aria-label=\"Ensino Fundamental Completo\" data-balloon-pos=\"up\">Oficial de Obras (Pedreiro)<\/span><\/td>\r\n<td class=\"cvagas\">03<\/td>\r\n<td class=\"cremuneracao\">R$ 3.134,43 \/40h<\/td>\r\n<\/tr><td class=\"ccargos\">\r\n<span data-balloon-length=\"medium\" aria-label=\"4\u00aa S\u00e9rie Completa do Ensino Fundamental\" data-balloon-pos=\"up\">Servente Escolar<\/span><\/td>\r\n<td class=\"cvagas\">04<\/td>\r\n<td class=\"cremuneracao\">R$ 1.723,93 \/30h<\/td>\r\n<\/tr><td class=\"ccargos\">\r\n<span data-balloon-length=\"medium\" aria-label=\"4\u00aa S\u00e9rie do Ensino Fundamental\" data-balloon-pos=\"up\">Vigia<\/span><\/td>\r\n<td class=\"cvagas\">03<\/td>\r\n<td class=\"cremuneracao\">R$ 1.723,93 \/40h<\/td>\r\n<\/tr><td class=\"ccargos\">\r\n<span data-balloon-length=\"medium\" aria-label=\"Ensino Fundamental Completo\" data-balloon-pos=\"up\">Zelador de Cemit\u00e9rio<\/span><\/td>\r\n<td class=\"cvagas\">01<\/td>\r\n<td class=\"cremuneracao\">R$ 1.723,93 \/40h<\/td>\r\n<\/tr>\r\n    <\/tbody>\r\n  <\/table>\r\n<\/div>","_medio":"<div>\r\n<table class=\"quadro\">\r\n<thead>\r\n<tr>\r\n<th class=\"hcargo\">Cargo<\/th>\r\n<th class=\"hvagas\">Vagas<\/th>\r\n<th class=\"hremuneracao\">Remunera\u00e7\u00e3o<\/th>\r\n<\/tr>\r\n<\/thead>\r\n    <tbody>\r\n      <td class=\"ccargos\">\r\n<span data-balloon-length=\"medium\" aria-label=\"Ensino M\u00e9dio\" data-balloon-pos=\"up\">Agente Administrativo<\/span><\/td>\r\n<td class=\"cvagas\">05<\/td>\r\n<td class=\"cremuneracao\">R$ 1.723,93 \/40h<\/td>\r\n<\/tr><td class=\"ccargos\">\r\n<span data-balloon-length=\"medium\" aria-label=\"Ensino M\u00e9dio\" data-balloon-pos=\"up\">Atendente de Biblioteca<\/span><\/td>\r\n<td class=\"cvagas\">01<\/td>\r\n<td class=\"cremuneracao\">R$ 1.723,93 \/40h<\/td>\r\n<\/tr><td class=\"ccargos\">\r\n<span data-balloon-length=\"medium\" aria-label=\"Ensino M\u00e9dio\" data-balloon-pos=\"up\">Fiscal<\/span><\/td>\r\n<td class=\"cvagas\">01<\/td>\r\n<td class=\"cremuneracao\">R$ 1.723,93 \/40h<\/td>\r\n<\/tr><td class=\"ccargos\">\r\n<span data-balloon-length=\"medium\" aria-label=\"Ensino M\u00e9dio\" data-balloon-pos=\"up\">Fiscal Sanit\u00e1rio<\/span><\/td>\r\n<td class=\"cvagas\">01<\/td>\r\n<td class=\"cremuneracao\">R$ 1.723,93 \/40h<\/td>\r\n<\/tr><td class=\"ccargos\">\r\n<span data-balloon-length=\"medium\" aria-label=\"Ensino M\u00e9dio\" data-balloon-pos=\"up\">Monitor de Transporte Escolar<\/span><\/td>\r\n<td class=\"cvagas\">02<\/td>\r\n<td class=\"cremuneracao\">R$ 1.723,93 \/40h<\/td>\r\n<\/tr><td class=\"ccargos\">\r\n<span data-balloon-length=\"medium\" aria-label=\"Ensino M\u00e9dio\" data-balloon-pos=\"up\">Recepcionista<\/span><\/td>\r\n<td class=\"cvagas\">04<\/td>\r\n<td class=\"cremuneracao\">R$ 1.723,93 \/40h<\/td>\r\n<\/tr><td class=\"ccargos\">\r\n<span data-balloon-length=\"medium\" aria-label=\"Ensino M\u00e9dio\" data-balloon-pos=\"up\">Tesoureiro<\/span><\/td>\r\n<td class=\"cvagas\">01<\/td>\r\n<td class=\"cremuneracao\">R$ 2.758,29 \/40h<\/td>\r\n<\/tr><td class=\"ccargos\">\r\n<span data-balloon-length=\"medium\" aria-label=\"Curso T\u00e9cnico em Enfermagem e Registro no Conselho de Classe Profissional\" data-balloon-pos=\"up\">T\u00e9cnico em Enfermagem<\/span><\/td>\r\n<td class=\"cvagas\">01<\/td>\r\n<td class=\"cremuneracao\">R$ 1.723,93 \/40h<\/td>\r\n<\/tr><td class=\"ccargos\">\r\n<span data-balloon-length=\"medium\" aria-label=\"Curso T\u00e9cnico em Higiene Dental e Registro no Conselho de Classe Profissional\" data-balloon-pos=\"up\">T\u00e9cnico em Higiene Dental<\/span><\/td>\r\n<td class=\"cvagas\">02<\/td>\r\n<td class=\"cremuneracao\">R$ 1.723,93 \/40h<\/td>\r\n<\/tr>\r\n    <\/tbody>\r\n  <\/table>\r\n<\/div>","_superior":"<div>\r\n<table class=\"quadro\">\r\n<thead>\r\n<tr>\r\n<th class=\"hcargo\">Cargo<\/th>\r\n<th class=\"hvagas\">Vagas<\/th>\r\n<th class=\"hremuneracao\">Remunera\u00e7\u00e3o<\/th>\r\n<\/tr>\r\n<\/thead>\r\n    <tbody>\r\n      <tr>\r\n<td class=\"ccargos\">\r\n<span data-balloon-length=\"medium\" aria-label=\"Curso Superior em andamento em Pedagogia, Psicologia ou Normal Superior\" data-balloon-pos=\"up\">Auxiliar de Creche<\/span><\/td>\r\n<td class=\"cvagas\">04<\/td>\r\n<td class=\"cremuneracao\">R$ 1.723,93 \/40h<\/td>\r\n<\/tr><tr>\r\n<td class=\"ccargos\">\r\n<span data-balloon-length=\"medium\" aria-label=\"Curso Superior em andamento em Pedagogia, Psicologia ou Normal Superior\" data-balloon-pos=\"up\">T\u00e9cnico em Desenvolvimento Educacional Especializado (TDEEs)<\/span><\/td>\r\n<td class=\"cvagas\">05<\/td>\r\n<td class=\"cremuneracao\">R$ 1.723,93 \/24h<\/td>\r\n<\/tr><tr>\r\n<td class=\"ccargos\">\r\n<span data-balloon-length=\"medium\" aria-label=\"Curso Superior em Servi\u00e7o Social e Registro no Conselho de Classe Profissional\" data-balloon-pos=\"up\">Assistente Social da Educa\u00e7\u00e3o<\/span><\/td>\r\n<td class=\"cvagas\">01<\/td>\r\n<td class=\"cremuneracao\">R$ 3.134,43 \/30h<\/td>\r\n<\/tr><tr>\r\n<td class=\"ccargos\">\r\n<span data-balloon-length=\"medium\" aria-label=\"Curso Superior em Contabilidade e Registro no Conselho de Classe Profissional\" data-balloon-pos=\"up\">Contador<\/span><\/td>\r\n<td class=\"cvagas\">01<\/td>\r\n<td class=\"cremuneracao\">R$ 3.134,43 \/20h<\/td>\r\n<\/tr><tr>\r\n<td class=\"ccargos\">\r\n<span data-balloon-length=\"medium\" aria-label=\"Curso Superior em Enfermagem e Registro no Conselho de Classe Profissional\" data-balloon-pos=\"up\">Enfermeiro<\/span><\/td>\r\n<td class=\"cvagas\">02<\/td>\r\n<td class=\"cremuneracao\">R$ 5.259,23 \/40h<\/td>\r\n<\/tr><tr>\r\n<td class=\"ccargos\">\r\n<span data-balloon-length=\"medium\" aria-label=\"Forma\u00e7\u00e3o em n\u00edvel superior, em curso de gradua\u00e7\u00e3o plena em pedagogia ou outra licenciatura, acrescido em p\u00f3s-gradua\u00e7\u00e3o espec\u00edfica nas \u00e1reas de administra\u00e7\u00e3o escolar, planejamento, inspe\u00e7\u00e3o, supervis\u00e3o e orienta\u00e7\u00e3o educacional com dura\u00e7\u00e3o m\u00ednima de 360 horas\" data-balloon-pos=\"up\">Especialista em Educa\u00e7\u00e3o<\/span><\/td>\r\n<td class=\"cvagas\">01<\/td>\r\n<td class=\"cremuneracao\">R$ 4.450,65 \/24h<\/td>\r\n<\/tr><tr>\r\n<td class=\"ccargos\">\r\n<span data-balloon-length=\"medium\" aria-label=\"Curso Superior em Direito, Administra\u00e7\u00e3o, Economia ou Ci\u00eancias Cont\u00e1beis\" data-balloon-pos=\"up\">Fiscal de Tributos<\/span><\/td>\r\n<td class=\"cvagas\">01<\/td>\r\n<td class=\"cremuneracao\">R$ 3.134,43 \/30h<\/td>\r\n<\/tr><tr>\r\n<td class=\"ccargos\">\r\n<span data-balloon-length=\"medium\" aria-label=\"Curso Superior em Fisioterapia e Registro no Conselho de Classe\" data-balloon-pos=\"up\">Fisioterapeuta<\/span><\/td>\r\n<td class=\"cvagas\">01<\/td>\r\n<td class=\"cremuneracao\">R$ 3.131,91 \/30h<\/td>\r\n<\/tr><tr>\r\n<td class=\"ccargos\">\r\n<span data-balloon-length=\"medium\" aria-label=\"Curso Superior em Fonoaudiologia e Registro no Conselho de Classe Profissional\" data-balloon-pos=\"up\">Fonoaudi\u00f3logo<\/span><\/td>\r\n<td class=\"cvagas\">01<\/td>\r\n<td class=\"cremuneracao\">R$ 3.019,40 \/30h<\/td>\r\n<\/tr><tr>\r\n<td class=\"ccargos\">\r\n<span data-balloon-length=\"medium\" aria-label=\"Curso Superior em Medicina e Registro no Conselho de Classe Profissional\" data-balloon-pos=\"up\">M\u00e9dico<\/span><\/td>\r\n<td class=\"cvagas\">02<\/td>\r\n<td class=\"cremuneracao\">R$ 9.541,32 \/40h<\/td>\r\n<\/tr><tr>\r\n<td class=\"ccargos\">\r\n<span data-balloon-length=\"medium\" aria-label=\"Graduado em Pedagogia ou Normal Superior\" data-balloon-pos=\"up\">Monitor de Creche<\/span><\/td>\r\n<td class=\"cvagas\">04<\/td>\r\n<td class=\"cremuneracao\">R$ 1.817,79 \/30h<\/td>\r\n<\/tr><tr>\r\n<td class=\"ccargos\">\r\n<span data-balloon-length=\"medium\" aria-label=\"Curso Superior em Nutri\u00e7\u00e3o e Registro no Conselho de Classe Profissional\" data-balloon-pos=\"up\">Nutricionista<\/span><\/td>\r\n<td class=\"cvagas\">01<\/td>\r\n<td class=\"cremuneracao\">R$ 3.134,43 \/30h<\/td>\r\n<\/tr><tr>\r\n<td class=\"ccargos\">\r\n<span data-balloon-length=\"medium\" aria-label=\"Licenciatura Plena em Letras com Habilita\u00e7\u00e3o em l\u00edngua estrangeira Ingl\u00eas\" data-balloon-pos=\"up\">Professor de Ingl\u00eas<\/span><\/td>\r\n<td class=\"cvagas\">01<\/td>\r\n<td class=\"cremuneracao\">R$ 3.832,44 \/24h<\/td>\r\n<\/tr><tr>\r\n<td class=\"ccargos\">\r\n<span data-balloon-length=\"medium\" aria-label=\"Curso Superior em Psicologia e Registro no Conselho de Classe Profissional\" data-balloon-pos=\"up\">Psic\u00f3logo da Educa\u00e7\u00e3o<\/span><\/td>\r\n<td class=\"cvagas\">01<\/td>\r\n<td class=\"cremuneracao\">R$ 3.134,43 \/30h<\/td>\r\n<\/tr><tr>\r\n<td class=\"ccargos\">\r\n<span data-balloon-length=\"medium\" aria-label=\"Curso Superior em An\u00e1lise de Sistemas ou Ci\u00eancia da Computa\u00e7\u00e3o ou Engenharia da Computa\u00e7\u00e3o ou Inform\u00e1tica ou Sistemas de Informa\u00e7\u00e3o, reconhecido pelo Minist\u00e9rio da Educa\u00e7\u00e3o\" data-balloon-pos=\"up\">T\u00e9cnico em Inform\u00e1tica<\/span><\/td>\r\n<td class=\"cvagas\">01<\/td>\r\n<td class=\"cremuneracao\">R$ 2.657,07 \/30h<\/td>\r\n<\/tr><tr>\r\n<td class=\"ccargos\">\r\n<span data-balloon-length=\"medium\" aria-label=\"Curso Superior e Registro no Conselho de Classe Profissional\" data-balloon-pos=\"up\">Terapeuta Ocupacional<\/span><\/td>\r\n<td class=\"cvagas\">01<\/td>\r\n<td class=\"cremuneracao\">R$ 2.657,07 \/30h<\/td>\r\n<\/tr>\r\n    <\/tbody>\r\n  <\/table>\r\n<\/div>"},"_links":{"self":[{"href":"https:\/\/www.agrobase.com.br\/concursos\/wp-json\/wp\/v2\/posts\/266534","targetHints":{"allow":["GET"]}}],"collection":[{"href":"https:\/\/www.agrobase.com.br\/concursos\/wp-json\/wp\/v2\/posts"}],"about":[{"href":"https:\/\/www.agrobase.com.br\/concursos\/wp-json\/wp\/v2\/types\/post"}],"author":[{"embeddable":true,"href":"https:\/\/www.agrobase.com.br\/concursos\/wp-json\/wp\/v2\/users\/7"}],"replies":[{"embeddable":true,"href":"https:\/\/www.agrobase.com.br\/concursos\/wp-json\/wp\/v2\/comments?post=266534"}],"version-history":[{"count":3,"href":"https:\/\/www.agrobase.com.br\/concursos\/wp-json\/wp\/v2\/posts\/266534\/revisions"}],"predecessor-version":[{"id":266572,"href":"https:\/\/www.agrobase.com.br\/concursos\/wp-json\/wp\/v2\/posts\/266534\/revisions\/266572"}],"wp:featuredmedia":[{"embeddable":true,"href":"https:\/\/www.agrobase.com.br\/concursos\/wp-json\/wp\/v2\/media\/266571"}],"wp:attachment":[{"href":"https:\/\/www.agrobase.com.br\/concursos\/wp-json\/wp\/v2\/media?parent=266534"}],"wp:term":[{"taxonomy":"category","embeddable":true,"href":"https:\/\/www.agrobase.com.br\/concursos\/wp-json\/wp\/v2\/categories?post=266534"},{"taxonomy":"post_tag","embeddable":true,"href":"https:\/\/www.agrobase.com.br\/concursos\/wp-json\/wp\/v2\/tags?post=266534"},{"taxonomy":"_amplo","embeddable":true,"href":"https:\/\/www.agrobase.com.br\/concursos\/wp-json\/wp\/v2\/_amplo?post=266534"},{"taxonomy":"destaque","embeddable":true,"href":"https:\/\/www.agrobase.com.br\/concursos\/wp-json\/wp\/v2\/destaque?post=266534"},{"taxonomy":"instituicoes","embeddable":true,"href":"https:\/\/www.agrobase.com.br\/concursos\/wp-json\/wp\/v2\/instituicoes?post=266534"}],"curies":[{"name":"wp","href":"https:\/\/api.w.org\/{rel}","templated":true}]}}