{"id":266528,"date":"2025-05-30T07:00:44","date_gmt":"2025-05-30T10:00:44","guid":{"rendered":"https:\/\/www.agrobase.com.br\/concursos\/?p=266528"},"modified":"2025-05-29T11:27:07","modified_gmt":"2025-05-29T14:27:07","slug":"municipio-de-cujubim-ro-selecao-simplificada","status":"publish","type":"post","link":"https:\/\/www.agrobase.com.br\/concursos\/2025\/municipio-de-cujubim-ro-selecao-simplificada\/","title":{"rendered":"Munic\u00edpio de Cujubim (RO) &#8211; Sele\u00e7\u00e3o Simplificada"},"content":{"rendered":"<h2>Informa\u00e7\u00f5es Gerais<\/h2>\n<p>O Munic\u00edpio de Cujubim, em Rond\u00f4nia, anunciou a abertura do <strong>Processo Seletivo Simplificado Unificado<\/strong>, regido pelo edital publicado e coordenado pelo Gabinete do Prefeito em conjunto com diversas Secretarias Municipais. O certame encontra-se com <strong>edital publicado<\/strong> e visa \u00e0 contrata\u00e7\u00e3o de profissionais por tempo determinado para atender necessidades tempor\u00e1rias e urgentes, garantindo a continuidade dos servi\u00e7os p\u00fablicos essenciais. Ser\u00e3o preenchidas vagas imediatas e formado cadastro de reserva.<\/p>\n<p>As contrata\u00e7\u00f5es ocorrer\u00e3o sob regime de contrato administrativo de presta\u00e7\u00e3o de servi\u00e7os, com validade inicial de 01 (um) ano, podendo ser prorrogado por igual per\u00edodo. O processo seletivo contempla oportunidades para candidatos com n\u00edveis de escolaridade <strong>Fundamental Completo, M\u00e9dio\/T\u00e9cnico e Superior<\/strong>. As vagas abrangem diversas \u00e1reas, como Administra\u00e7\u00e3o, Assist\u00eancia Social, Educa\u00e7\u00e3o, Infraestrutura, Meio Ambiente, Obras e Sa\u00fade. Destaca-se a oferta de vagas para <strong>Nutricionista<\/strong>. Continue a leitura para obter informa\u00e7\u00f5es detalhadas sobre inscri\u00e7\u00f5es, etapas e resultados deste processo seletivo.<\/p>\n<h2>Inscri\u00e7\u00f5es<\/h2>\n<p>As inscri\u00e7\u00f5es para o Processo Seletivo Simplificado da Prefeitura de Cujubim\/RO estar\u00e3o abertas em breve. Os interessados poder\u00e3o se inscrever gratuitamente no per\u00edodo de <strong>28 de maio de 2025 at\u00e9 as 23h59min do dia 30 de maio de 2025<\/strong> (hor\u00e1rio oficial de Rond\u00f4nia).<\/p>\n<p>As inscri\u00e7\u00f5es ser\u00e3o realizadas exclusivamente de forma online, atrav\u00e9s do portal oficial da prefeitura no endere\u00e7o: <a href=\"https:\/\/transparencia.cujubim.ro.gov.br\/transparencia\/aplicacoes\/testeseletivo\/\" target=\"_blank\" rel=\"noopener noreferrer\">https:\/\/transparencia.cujubim.ro.gov.br\/transparencia\/aplicacoes\/testeseletivo\/<\/a>. \u00c9 fundamental que o candidato preencha todos os campos da Ficha de Inscri\u00e7\u00e3o com aten\u00e7\u00e3o, pois \u00e9 o \u00fanico respons\u00e1vel pelos dados fornecidos. No ato da inscri\u00e7\u00e3o, ser\u00e1 necess\u00e1rio anexar, em um \u00fanico arquivo PDF leg\u00edvel, toda a documenta\u00e7\u00e3o comprobat\u00f3ria dos t\u00edtulos de forma\u00e7\u00e3o profissional e da experi\u00eancia profissional, conforme especificado no edital. Cada candidato poder\u00e1 se inscrever para apenas uma vaga.<\/p>\n<p>N\u00e3o haver\u00e1 cobran\u00e7a de taxa de inscri\u00e7\u00e3o. O deferimento da candidatura depender\u00e1 do correto preenchimento das informa\u00e7\u00f5es e do envio completo da documenta\u00e7\u00e3o exigida. Recomenda-se a leitura atenta e integral do edital para pleno conhecimento de todas as normas e requisitos do certame.<\/p>\n<h2>Etapas e Provas<\/h2>\n<p>O Processo Seletivo Simplificado do Munic\u00edpio de Cujubim\/RO ser\u00e1 conduzido em at\u00e9 duas etapas principais, dependendo do cargo pretendido:<\/p>\n<ul>\n<li><strong>1\u00aa Etapa: An\u00e1lise de T\u00edtulos (Experi\u00eancia por Tempo de Trabalho e Forma\u00e7\u00e3o Profissional)<\/strong>\n<ul>\n<li><strong>Car\u00e1ter:<\/strong> Classificat\u00f3rio e eliminat\u00f3rio.<\/li>\n<li><strong>Formato:<\/strong> Consiste na avalia\u00e7\u00e3o dos documentos comprobat\u00f3rios de forma\u00e7\u00e3o acad\u00eamica (como doutorado, mestrado e especializa\u00e7\u00e3o com carga hor\u00e1ria m\u00ednima de 360 horas) e experi\u00eancia profissional, que devem ser enviados digitalmente no ato da inscri\u00e7\u00e3o.<\/li>\n<li><strong>Observa\u00e7\u00e3o:<\/strong> Documentos ileg\u00edveis ou enviados fora das especifica\u00e7\u00f5es n\u00e3o ser\u00e3o pontuados. Esta etapa \u00e9 aplic\u00e1vel a todos os cargos.<\/li>\n<\/ul>\n<\/li>\n<li><strong>2\u00aa Etapa: Teste Pr\u00e1tico Operacional<\/strong>\n<ul>\n<li><strong>Car\u00e1ter:<\/strong> Classificat\u00f3rio e eliminat\u00f3rio.<\/li>\n<li><strong>Formato:<\/strong> Avalia\u00e7\u00e3o pr\u00e1tica destinada a aferir a capacidade funcional do candidato para o desempenho eficiente das atividades do cargo. Ser\u00e3o avaliados conhecimentos pr\u00e1ticos elementares de inspe\u00e7\u00e3o, manuten\u00e7\u00e3o, opera\u00e7\u00e3o e cuidados preventivos com ve\u00edculos.<\/li>\n<li><strong>Crit\u00e9rios:<\/strong> A prova ser\u00e1 avaliada em uma escala de 0 a 10 pontos, sendo considerado APTO o candidato que obtiver nota igual ou superior a 6,0. O candidato dever\u00e1 comparecer munido de Carteira Nacional de Habilita\u00e7\u00e3o (CNH) original e v\u00e1lida para a categoria exigida, al\u00e9m de estar trajado adequadamente.<\/li>\n<li><strong>Cargos Espec\u00edficos:<\/strong> Esta etapa \u00e9 exclusiva para os candidatos aos cargos de <strong>Motorista de Transporte Escolar<\/strong>, <strong>Motorista Oficial\/Ve\u00edculos Pesados<\/strong> e <strong>Condutor de Ambul\u00e2ncia<\/strong>.<\/li>\n<\/ul>\n<\/li>\n<\/ul>\n<p>Para informa\u00e7\u00f5es detalhadas sobre os crit\u00e9rios de pontua\u00e7\u00e3o de t\u00edtulos, conte\u00fado do teste pr\u00e1tico, regras espec\u00edficas e o cronograma completo, \u00e9 imprescind\u00edvel a consulta ao edital oficial do processo seletivo.<\/p>\n<h2>Resultados e Gabarito<\/h2>\n<p>A divulga\u00e7\u00e3o dos resultados do Processo Seletivo Simplificado de Cujubim\/RO seguir\u00e1 um cronograma espec\u00edfico, com publica\u00e7\u00f5es dos resultados parciais ap\u00f3s cada etapa, incluindo prazos para interposi\u00e7\u00e3o de recursos. O resultado final do certame ser\u00e1 divulgado no site oficial da Prefeitura Municipal de Cujubim (<a href=\"https:\/\/transparencia.cujubim.ro.gov.br\/transparencia\/aplicacoes\/testeseletivo\/\" target=\"_blank\" rel=\"noopener noreferrer\">https:\/\/transparencia.cujubim.ro.gov.br\/transparencia\/aplicacoes\/testeseletivo\/<\/a>) e no Di\u00e1rio Oficial dos Munic\u00edpios (AROM).<\/p>\n<p>A classifica\u00e7\u00e3o final dos candidatos ser\u00e1 organizada por cargo, em ordem decrescente da pontua\u00e7\u00e3o obtida. Para a maioria dos cargos, a nota final corresponder\u00e1 \u00e0 pontua\u00e7\u00e3o da An\u00e1lise de T\u00edtulos. Para os cargos de Motorista de Transporte Escolar, Motorista Oficial\/Ve\u00edculos Pesados e Condutor de Ambul\u00e2ncia, a nota final ser\u00e1 calculada pela m\u00e9dia aritm\u00e9tica das pontua\u00e7\u00f5es da 1\u00aa Etapa (An\u00e1lise de T\u00edtulos) e da 2\u00aa Etapa (Teste Pr\u00e1tico Operacional), desde que o candidato seja considerado apto no teste pr\u00e1tico. Em caso de empate na classifica\u00e7\u00e3o final, ser\u00e3o aplicados os seguintes crit\u00e9rios de desempate, nesta ordem: <em>maior tempo de Experi\u00eancia Profissional<\/em>; <em>maior pontua\u00e7\u00e3o na comprova\u00e7\u00e3o da Forma\u00e7\u00e3o Profissional (t\u00edtulos)<\/em>; e <em>maior idade<\/em>.<\/p>\n<p>Ap\u00f3s a divulga\u00e7\u00e3o do resultado final, o Processo Seletivo ser\u00e1 homologado. A validade do certame ser\u00e1 de 01 (um) ano, a contar da data da homologa\u00e7\u00e3o, podendo ser prorrogada por igual per\u00edodo, a crit\u00e9rio da administra\u00e7\u00e3o municipal. Os candidatos aprovados e classificados, dentro do n\u00famero de vagas ofertadas ou em cadastro de reserva, ser\u00e3o convocados conforme a necessidade do Munic\u00edpio, por meio de Edital de Convoca\u00e7\u00e3o espec\u00edfico, que tamb\u00e9m ser\u00e1 publicado nos canais oficiais mencionados.<\/p>\n<p>\u00c9 de responsabilidade exclusiva do candidato acompanhar todas as publica\u00e7\u00f5es oficiais referentes ao Processo Seletivo Simplificado, incluindo convoca\u00e7\u00f5es e demais atos, no site da banca organizadora e no Di\u00e1rio Oficial.<\/p>\n","protected":false},"excerpt":{"rendered":"<p>Processo Seletivo Cujubim (RO) com edital publicado! Vagas p\/ Motorista e Enfermeiro (Fund. a Sup.). Inscri\u00e7\u00f5es a partir de 28\/05. Sal\u00e1rios at\u00e9 R$ 3.6k. Confira!<\/p>\n","protected":false},"author":7,"featured_media":266527,"comment_status":"open","ping_status":"open","sticky":false,"template":"","format":"standard","meta":{"_acf_changed":false,"_breakdance_hide_in_design_set":false,"_breakdance_tags":"","footnotes":""},"categories":[7,12,18,19,23,26,101,143],"tags":[59],"_amplo":[],"destaque":[],"instituicoes":[],"class_list":["post-266528","post","type-post","status-publish","format-standard","has-post-thumbnail","hentry","category-biomedicina","category-enfermagem","category-fisioterapia","category-fonoaudiologia","category-nutricao","category-psicologia","category-servico-social","category-tecnico-odontologia","tag-rondonia"],"acf":{"_tipo_vagas":"vagas","_numero_vagas":"","_quadro_vagas":"","_cargos":"diversos","_cargos_especificos":"","_salario_max":"R$ 3631.6","_abertura":"20250528","_encerramento":"20250530","_inscricoes":"https:\/\/transparencia.cujubim.ro.gov.br\/transparencia\/aplicacoes\/testeseletivo\/","_executora_concurso":"","_instituicao_concurso":[],"_link_adicional":null,"_anexos":null,"_produtos":null,"_vagas":"70 vagas + CR","_salario_min":"R$ 1333.46","_instituicao":"MUNIC\u00cdPIO DE CUJUBIM ESTADO DE ROND\u00d4NIA","_edital":"https:\/\/www.agrobase.com.br\/concursos\/wp-content\/uploads\/sites\/4\/2025\/05\/edital-02-2025-cujubim-ro.pdf","_anexos_edital":"https:\/\/www.agrobase.com.br\/concursos\/wp-content\/uploads\/sites\/4\/2025\/05\/anexos-edital-02-2025-cujubim-ro.pdf","_fund_incompleto":"","_fund_completo":"<div>\r\n<table class=\"quadro\">\r\n<thead>\r\n<tr>\r\n<th class=\"hcargo\">Cargo<\/th>\r\n<th class=\"hvagas\">Vagas<\/th>\r\n<th class=\"hremuneracao\">Remunera\u00e7\u00e3o<\/th>\r\n<\/tr>\r\n<\/thead>\r\n    <tbody>\r\n      <td class=\"ccargos\">\r\n<span data-balloon-length=\"medium\" aria-label=\"Ensino Fundamental Completo\" data-balloon-pos=\"up\">Auxiliar Administrativo<\/span><\/td>\r\n<td class=\"cvagas\">01<\/td>\r\n<td class=\"cremuneracao\">R$ 1.333,46 \/40h<\/td>\r\n<\/tr><td class=\"ccargos\">\r\n<span data-balloon-length=\"medium\" aria-label=\"Ensino Fundamental Completo + CNH D ou E\" data-balloon-pos=\"up\">Condutor de Ambul\u00e2ncia (SAMU)<\/span><\/td>\r\n<td class=\"cvagas\">07<\/td>\r\n<td class=\"cremuneracao\">R$ 1.540,41 \/40h<\/td>\r\n<\/tr><td class=\"ccargos\">\r\n<span data-balloon-length=\"medium\" aria-label=\"Ensino Fundamental Completo\" data-balloon-pos=\"up\">Cozinheira<\/span><\/td>\r\n<td class=\"cvagas\">01<\/td>\r\n<td class=\"cremuneracao\">R$ 1.333,46 \/40h<\/td>\r\n<\/tr><td class=\"ccargos\">\r\n<span data-balloon-length=\"medium\" aria-label=\"Ensino Fundamental Completo\" data-balloon-pos=\"up\">Cuidador de Crian\u00e7as e Adolescentes<\/span><\/td>\r\n<td class=\"cvagas\">02<\/td>\r\n<td class=\"cremuneracao\">R$ 1.333,46 \/40h<\/td>\r\n<\/tr><td class=\"ccargos\">\r\n<span data-balloon-length=\"medium\" aria-label=\"Ensino Fundamental Completo\" data-balloon-pos=\"up\">Gari<\/span><\/td>\r\n<td class=\"cvagas\">03<\/td>\r\n<td class=\"cremuneracao\">R$ 1.333,46 \/40h<\/td>\r\n<\/tr><td class=\"ccargos\">\r\n<span data-balloon-length=\"medium\" aria-label=\"Ensino Fundamental Completo + CNH compat\u00edvel com o ve\u00edculo + Curso de condutor de transporte escolar\" data-balloon-pos=\"up\">Motorista de Transporte Escolar<\/span><\/td>\r\n<td class=\"cvagas\">08<\/td>\r\n<td class=\"cremuneracao\">R$ 3.000,00 \/40h<\/td>\r\n<\/tr><td class=\"ccargos\">\r\n<span data-balloon-length=\"medium\" data-balloon-pos=\"up\">Motorista Oficial\/ Ve\u00edculos Pesados<\/span><\/td>\r\n<td class=\"cvagas\">07<\/td>\r\n<td class=\"cremuneracao\">R$ 1.540,41 \/40h<\/td>\r\n<\/tr><td class=\"ccargos\">\r\n<span data-balloon-length=\"medium\" aria-label=\"Ensino Fundamental Completo\" data-balloon-pos=\"up\">Trabalhador de Servi\u00e7os Gerais\/ Bra\u00e7al<\/span><\/td>\r\n<td class=\"cvagas\">19<\/td>\r\n<td class=\"cremuneracao\">R$ 1.333,46 \/40h<\/td>\r\n<\/tr><td class=\"ccargos\">\r\n<span data-balloon-length=\"medium\" aria-label=\"Ensino Fundamental Completo\" data-balloon-pos=\"up\">Zelador(a)<\/span><\/td>\r\n<td class=\"cvagas\">02<\/td>\r\n<td class=\"cremuneracao\">R$ 1.333,46 \/40h<\/td>\r\n<\/tr>\r\n    <\/tbody>\r\n  <\/table>\r\n<\/div>","_medio":"<div>\r\n<table class=\"quadro\">\r\n<thead>\r\n<tr>\r\n<th class=\"hcargo\">Cargo<\/th>\r\n<th class=\"hvagas\">Vagas<\/th>\r\n<th class=\"hremuneracao\">Remunera\u00e7\u00e3o<\/th>\r\n<\/tr>\r\n<\/thead>\r\n    <tbody>\r\n      <td class=\"ccargos\">\r\n<span data-balloon-length=\"medium\" aria-label=\"Ensino M\u00e9dio Completo\" data-balloon-pos=\"up\">Agente Administrativo<\/span><\/td>\r\n<td class=\"cvagas\">06<\/td>\r\n<td class=\"cremuneracao\">R$ 1.641,53 \/40h<\/td>\r\n<\/tr><td class=\"ccargos\">\r\n<span data-balloon-length=\"medium\" aria-label=\"Ensino M\u00e9dio Completo e residir na \u00e1rea da comunidade em que atuar desde a data da publica\u00e7\u00e3o do edital do processo seletivo.\" data-balloon-pos=\"up\">Agente Comunit\u00e1rio de Sa\u00fade - RO 205<\/span><\/td>\r\n<td class=\"cvagas\">01<\/td>\r\n<td class=\"cremuneracao\">R$ 3.036,00 \/40h<\/td>\r\n<\/tr><td class=\"ccargos\">\r\n<span data-balloon-length=\"medium\" aria-label=\"Ensino M\u00e9dio Completo e residir na \u00e1rea da comunidade em que atuar desde a data da publica\u00e7\u00e3o do edital do processo seletivo.\" data-balloon-pos=\"up\">Agente Comunit\u00e1rio de Sa\u00fade - Assentamento 02 de Julho<\/span><\/td>\r\n<td class=\"cvagas\">01<\/td>\r\n<td class=\"cremuneracao\">R$ 3.036,00 \/40h<\/td>\r\n<\/tr><td class=\"ccargos\">\r\n<span data-balloon-length=\"medium\" aria-label=\"Ensino M\u00e9dio Completo e residir na \u00e1rea da comunidade em que atuar desde a data da publica\u00e7\u00e3o do edital do processo seletivo.\" data-balloon-pos=\"up\">Agente Comunit\u00e1rio de Sa\u00fade - Linha 110 (Vila Boa Esperan\u00e7a)<\/span><\/td>\r\n<td class=\"cvagas\">01<\/td>\r\n<td class=\"cremuneracao\">R$ 3.036,00 \/40h<\/td>\r\n<\/tr><td class=\"ccargos\">\r\n<span data-balloon-length=\"medium\" aria-label=\"Ensino M\u00e9dio Completo e residir na \u00e1rea da comunidade em que atuar desde a data da publica\u00e7\u00e3o do edital do processo seletivo.\" data-balloon-pos=\"up\">Agente Comunit\u00e1rio de Sa\u00fade - 1\u00aa, 2\u00aa, 3\u00aa Linha Galo Velho (Assentamento Sol Nascente)<\/span><\/td>\r\n<td class=\"cvagas\">02<\/td>\r\n<td class=\"cremuneracao\">R$ 3.036,00 \/40h<\/td>\r\n<\/tr><td class=\"ccargos\">\r\n<span data-balloon-length=\"medium\" aria-label=\"Ensino M\u00e9dio Completo e residir na \u00e1rea da comunidade em que atuar desde a data da publica\u00e7\u00e3o do edital do processo seletivo.\" data-balloon-pos=\"up\">Agente Comunit\u00e1rio de Sa\u00fade - Setor 05\/ Setor 01<\/span><\/td>\r\n<td class=\"cvagas\">01<\/td>\r\n<td class=\"cremuneracao\">R$ 3.036,00 \/40h<\/td>\r\n<\/tr><td class=\"ccargos\">\r\n<span data-balloon-length=\"medium\" aria-label=\"Ensino M\u00e9dio Completo e residir na \u00e1rea da comunidade em que atuar desde a data da publica\u00e7\u00e3o do edital do processo seletivo.\" data-balloon-pos=\"up\">Agente Comunit\u00e1rio de Sa\u00fade - Setor 07<\/span><\/td>\r\n<td class=\"cvagas\">01<\/td>\r\n<td class=\"cremuneracao\">R$ 3.036,00 \/40h<\/td>\r\n<\/tr><td class=\"ccargos\">\r\n<span data-balloon-length=\"medium\" aria-label=\"Ensino M\u00e9dio Completo e residir na \u00e1rea da comunidade em que atuar desde a data da publica\u00e7\u00e3o do edital do processo seletivo.\" data-balloon-pos=\"up\">Agente Comunit\u00e1rio de Sa\u00fade - Setor 06<\/span><\/td>\r\n<td class=\"cvagas\">01<\/td>\r\n<td class=\"cremuneracao\">R$ 3.036,00 \/40h<\/td>\r\n<\/tr><td class=\"ccargos\">\r\n<span data-balloon-length=\"medium\" aria-label=\"Ensino M\u00e9dio Completo\" data-balloon-pos=\"up\">Recepcionista<\/span><\/td>\r\n<td class=\"cvagas\">08<\/td>\r\n<td class=\"cremuneracao\">R$ 1.641,53 \/40h<\/td>\r\n<\/tr><td class=\"ccargos\">\r\n<span data-balloon-length=\"medium\" aria-label=\"Ensino M\u00e9dio Completo\" data-balloon-pos=\"up\">Visitador Social<\/span><\/td>\r\n<td class=\"cvagas\">03<\/td>\r\n<td class=\"cremuneracao\">R$ 1.540,41 \/40h<\/td>\r\n<\/tr><td class=\"ccargos\">\r\n<span data-balloon-length=\"medium\" aria-label=\"Ensino M\u00e9dio Completo + Curso T\u00e9cnico Completo em Sa\u00fade Bucal ou T\u00e9cnico em Higiene Dental.\" data-balloon-pos=\"up\">T\u00e9cnico em Sa\u00fade Bucal<\/span><\/td>\r\n<td class=\"cvagas\">02<\/td>\r\n<td class=\"cremuneracao\">R$ 1.540,41 \/40h<\/td>\r\n<\/tr>\r\n    <\/tbody>\r\n  <\/table>\r\n<\/div>","_superior":"<div>\r\n<table class=\"quadro\">\r\n<thead>\r\n<tr>\r\n<th class=\"hcargo\">Cargo<\/th>\r\n<th class=\"hvagas\">Vagas<\/th>\r\n<th class=\"hremuneracao\">Remunera\u00e7\u00e3o<\/th>\r\n<\/tr>\r\n<\/thead>\r\n    <tbody>\r\n      <tr>\r\n<td class=\"ccargos\">\r\n<span data-balloon-length=\"medium\" aria-label=\"Ensino Superior Completo - Graduado em Servi\u00e7o Social + registro no Conselho Profissional.\" data-balloon-pos=\"up\">Assistente Social Secretaria de Sa\u00fade<\/span><\/td>\r\n<td class=\"cvagas\">01<\/td>\r\n<td class=\"cremuneracao\">R$ 2.750,54 \/40h<\/td>\r\n<\/tr><tr>\r\n<td class=\"ccargos\">\r\n<span data-balloon-length=\"medium\" aria-label=\"Ensino Superior Completo - Graduado em Servi\u00e7o Social + registro no Conselho Profissional.\" data-balloon-pos=\"up\">Assistente Social Secretaria de Assist\u00eancia Social<\/span><\/td>\r\n<td class=\"cvagas\">02<\/td>\r\n<td class=\"cremuneracao\">R$ 2.750,54 \/40h<\/td>\r\n<\/tr><tr>\r\n<td class=\"ccargos\">\r\n<span data-balloon-length=\"medium\" aria-label=\"Ensino Superior Completo - Graduado em Biomedicina + registro no Conselho Profissional\" data-balloon-pos=\"up\">Biom\u00e9dico<\/span><\/td>\r\n<td class=\"cvagas\">02<\/td>\r\n<td class=\"cremuneracao\">R$ 2.750,54 \/40h<\/td>\r\n<\/tr><tr>\r\n<td class=\"ccargos\">\r\n<span data-balloon-length=\"medium\" aria-label=\"Ensino Superior Completo - Gradua\u00e7\u00e3o em Enfermagem + registro no Conselho Profissional.\" data-balloon-pos=\"up\">Enfermeiro - SAMU<\/span><\/td>\r\n<td class=\"cvagas\">03 + CR<\/td>\r\n<td class=\"cremuneracao\">R$ 3.631,60 \/40h<\/td>\r\n<\/tr><tr>\r\n<td class=\"ccargos\">\r\n<span data-balloon-length=\"medium\" aria-label=\"Ensino Superior Completo - Gradua\u00e7\u00e3o em Enfermagem + registro no Conselho Profissional.\" data-balloon-pos=\"up\">Enfermeiro HOSPITAL MUNICIPAL<\/span><\/td>\r\n<td class=\"cvagas\">01 + CR<\/td>\r\n<td class=\"cremuneracao\">R$ 3.631,60 \/40h<\/td>\r\n<\/tr><tr>\r\n<td class=\"ccargos\">\r\n<span data-balloon-length=\"medium\" aria-label=\"Ensino Superior Completo - Gradua\u00e7\u00e3o em Enfermagem + registro no Conselho Profissional.\" data-balloon-pos=\"up\">Enfermeiro UNIDADE B\u00c1SICA DE SA\u00daDE<\/span><\/td>\r\n<td class=\"cvagas\">01 + CR<\/td>\r\n<td class=\"cremuneracao\">R$ 3.631,60 \/40h<\/td>\r\n<\/tr><tr>\r\n<td class=\"ccargos\">\r\n<span data-balloon-length=\"medium\" aria-label=\"Ensino Superior Completo - Gradua\u00e7\u00e3o em Fisioterapia + registro no Conselho Profissional.\" data-balloon-pos=\"up\">Fisioterapeuta<\/span><\/td>\r\n<td class=\"cvagas\">02<\/td>\r\n<td class=\"cremuneracao\">R$ 2.750,54 \/40h<\/td>\r\n<\/tr><tr>\r\n<td class=\"ccargos\">\r\n<span data-balloon-length=\"medium\" aria-label=\"Ensino Superior Completo - Graduado em Fonoaudiologia + registro no Conselho Profissional.\" data-balloon-pos=\"up\">Fonoaudi\u00f3logo<\/span><\/td>\r\n<td class=\"cvagas\">02<\/td>\r\n<td class=\"cremuneracao\">R$ 2.750,54 \/40h<\/td>\r\n<\/tr><tr>\r\n<td class=\"ccargos\">\r\n<span data-balloon-length=\"medium\" aria-label=\"Ensino Superior Completo - Gradua\u00e7\u00e3o em Nutri\u00e7\u00e3o + registro no Conselho Profissional.\" data-balloon-pos=\"up\">Nutricionista<\/span><\/td>\r\n<td class=\"cvagas\">02<\/td>\r\n<td class=\"cremuneracao\">R$ 2.750,54 \/40h<\/td>\r\n<\/tr><tr>\r\n<td class=\"ccargos\">\r\n<span data-balloon-length=\"medium\" aria-label=\"Ensino Superior Completo - Gradua\u00e7\u00e3o em Psicologia (T\u00edtulo de Psic\u00f3logo ou Bacharel em Psicologia) com registro no Conselho Profissional.\" data-balloon-pos=\"up\">Psic\u00f3logo Cl\u00ednico<\/span><\/td>\r\n<td class=\"cvagas\">02<\/td>\r\n<td class=\"cremuneracao\">R$ 2.750,54 \/40h<\/td>\r\n<\/tr><tr>\r\n<td class=\"ccargos\">\r\n<span data-balloon-length=\"medium\" aria-label=\"Ensino Superior Completo - Gradua\u00e7\u00e3o em Psicologia (T\u00edtulo de Psic\u00f3logo ou Bacharel em Psicologia) com registro no Conselho Profissional.\" data-balloon-pos=\"up\">Psic\u00f3logo Social<\/span><\/td>\r\n<td class=\"cvagas\">02<\/td>\r\n<td class=\"cremuneracao\">R$ 2.750,54 \/40h<\/td>\r\n<\/tr>\r\n    <\/tbody>\r\n  <\/table>\r\n<\/div>"},"_links":{"self":[{"href":"https:\/\/www.agrobase.com.br\/concursos\/wp-json\/wp\/v2\/posts\/266528","targetHints":{"allow":["GET"]}}],"collection":[{"href":"https:\/\/www.agrobase.com.br\/concursos\/wp-json\/wp\/v2\/posts"}],"about":[{"href":"https:\/\/www.agrobase.com.br\/concursos\/wp-json\/wp\/v2\/types\/post"}],"author":[{"embeddable":true,"href":"https:\/\/www.agrobase.com.br\/concursos\/wp-json\/wp\/v2\/users\/7"}],"replies":[{"embeddable":true,"href":"https:\/\/www.agrobase.com.br\/concursos\/wp-json\/wp\/v2\/comments?post=266528"}],"version-history":[{"count":2,"href":"https:\/\/www.agrobase.com.br\/concursos\/wp-json\/wp\/v2\/posts\/266528\/revisions"}],"predecessor-version":[{"id":266532,"href":"https:\/\/www.agrobase.com.br\/concursos\/wp-json\/wp\/v2\/posts\/266528\/revisions\/266532"}],"wp:featuredmedia":[{"embeddable":true,"href":"https:\/\/www.agrobase.com.br\/concursos\/wp-json\/wp\/v2\/media\/266527"}],"wp:attachment":[{"href":"https:\/\/www.agrobase.com.br\/concursos\/wp-json\/wp\/v2\/media?parent=266528"}],"wp:term":[{"taxonomy":"category","embeddable":true,"href":"https:\/\/www.agrobase.com.br\/concursos\/wp-json\/wp\/v2\/categories?post=266528"},{"taxonomy":"post_tag","embeddable":true,"href":"https:\/\/www.agrobase.com.br\/concursos\/wp-json\/wp\/v2\/tags?post=266528"},{"taxonomy":"_amplo","embeddable":true,"href":"https:\/\/www.agrobase.com.br\/concursos\/wp-json\/wp\/v2\/_amplo?post=266528"},{"taxonomy":"destaque","embeddable":true,"href":"https:\/\/www.agrobase.com.br\/concursos\/wp-json\/wp\/v2\/destaque?post=266528"},{"taxonomy":"instituicoes","embeddable":true,"href":"https:\/\/www.agrobase.com.br\/concursos\/wp-json\/wp\/v2\/instituicoes?post=266528"}],"curies":[{"name":"wp","href":"https:\/\/api.w.org\/{rel}","templated":true}]}}