{"id":266483,"date":"2025-05-29T07:40:19","date_gmt":"2025-05-29T10:40:19","guid":{"rendered":"https:\/\/www.agrobase.com.br\/concursos\/?p=266483"},"modified":"2025-05-29T09:54:10","modified_gmt":"2025-05-29T12:54:10","slug":"prefeitura-nova-ubirata-mt-selecao-simplificada-002-2025","status":"publish","type":"post","link":"https:\/\/www.agrobase.com.br\/concursos\/2025\/prefeitura-nova-ubirata-mt-selecao-simplificada-002-2025\/","title":{"rendered":"Prefeitura Nova Ubirat\u00e3 (MT) &#8211; Sele\u00e7\u00e3o Simplificada 002\/2025"},"content":{"rendered":"<h2>Informa\u00e7\u00f5es Gerais<\/h2>\n<p>A Prefeitura Municipal de Nova Ubirat\u00e3, localizada no estado de Mato Grosso, anunciou a abertura do <strong>Processo Seletivo Simplificado n\u00ba 002\/2025<\/strong>, conforme edital publicado. O certame tem como objetivo principal o preenchimento de <strong>3 vagas imediatas e a forma\u00e7\u00e3o de cadastro de reserva<\/strong> para atender a necessidades tempor\u00e1rias de excepcional interesse p\u00fablico. As oportunidades s\u00e3o para diversas secretarias municipais, visando suprir aus\u00eancias, afastamentos legais, atender \u00e0 reg\u00eancia de classes e ao calend\u00e1rio escolar de 2025, al\u00e9m de garantir a continuidade dos servi\u00e7os p\u00fablicos essenciais.<\/p>\n<p>Os candidatos aprovados ser\u00e3o contratados sob o <strong>Regime Jur\u00eddico Administrativo Contratual<\/strong>, conforme a Lei Municipal n\u00ba 656\/2014, e estar\u00e3o vinculados ao Regime Geral de Previd\u00eancia Social (RGPS). O processo seletivo contempla vagas para os n\u00edveis de escolaridade <strong>Fundamental Incompleto, Fundamental Completo, M\u00e9dio\/T\u00e9cnico e Superior<\/strong>. As \u00e1reas com oportunidades incluem educa\u00e7\u00e3o (Professores, T\u00e9cnicos Administrativos Educacionais, Equipe de Apoio Educacional), operacional (Motorista, Operador de M\u00e1quinas), servi\u00e7os gerais (Auxiliar de Servi\u00e7os Gerais, Zeladora), e tamb\u00e9m cargos t\u00e9cnicos e de n\u00edvel superior como T\u00e9cnico em Enfermagem, Psic\u00f3logo e Assistente Social. <strong>Especialmente para os profissionais das \u00e1reas de ci\u00eancias agr\u00e1rias e sa\u00fade, h\u00e1 oportunidades para M\u00e9dico Veterin\u00e1rio e para Auxiliar de Desenvolvimento Educacional (ADE) com foco em Nutri\u00e7\u00e3o.<\/strong><\/p>\n<p>Este processo seletivo \u00e9 uma excelente chance para ingressar no servi\u00e7o p\u00fablico municipal de Nova Ubirat\u00e3. Convidamos voc\u00ea a explorar as pr\u00f3ximas se\u00e7\u00f5es para obter informa\u00e7\u00f5es detalhadas sobre o per\u00edodo de inscri\u00e7\u00f5es, as etapas da sele\u00e7\u00e3o e como acompanhar os resultados.<\/p>\n<h2>Inscri\u00e7\u00f5es<\/h2>\n<p>As inscri\u00e7\u00f5es para o Processo Seletivo Simplificado n\u00ba 002\/2025 da Prefeitura Municipal de Nova Ubirat\u00e3 ser\u00e3o realizadas exclusivamente de forma <strong>presencial<\/strong>. Os interessados dever\u00e3o comparecer ao <strong>Espa\u00e7o Cient\u00edfico Educacional Prof\u00aa Margarete Traversin Massocco<\/strong>, situado na Rua Pedro Duarte n\u00ba 191, Centro, Nova Ubirat\u00e3 &#8211; MT, para efetuar sua inscri\u00e7\u00e3o.<\/p>\n<p>O per\u00edodo para se inscrever ser\u00e1 de <strong>02 de junho de 2025 a 16 de junho de 2025<\/strong>. O atendimento ocorrer\u00e1 de segunda a sexta-feira, nos hor\u00e1rios das 07:00h \u00e0s 11:00h e das 13:00h \u00e0s 17:00h, durante os dias mencionados. \u00c9 importante ressaltar que, conforme o edital, <strong>n\u00e3o haver\u00e1 cobran\u00e7a de taxa de inscri\u00e7\u00e3o<\/strong> para este processo seletivo, tornando a participa\u00e7\u00e3o gratuita para todos os candidatos que atenderem aos requisitos.<\/p>\n<p>Para se inscrever, o candidato dever\u00e1 ter idade igual ou superior a 18 anos na data da nomea\u00e7\u00e3o e possuir a escolaridade compat\u00edvel com o cargo pretendido. Ao realizar a inscri\u00e7\u00e3o, o candidato receber\u00e1 um protocolo de confirma\u00e7\u00e3o. \u00c9 fundamental que o candidato confira seus dados pessoais nas listas que ser\u00e3o divulgadas posteriormente e, caso identifique alguma inexatid\u00e3o, entre em contato com a Comiss\u00e3o de Elabora\u00e7\u00e3o e Aplica\u00e7\u00e3o do Teste Seletivo Simplificado para solicitar a corre\u00e7\u00e3o, conforme os prazos estabelecidos no Anexo III do edital.<\/p>\n<p>Recomendamos a todos os interessados a leitura atenta e completa do Edital de Abertura n\u00ba 002\/2025 para pleno conhecimento de todas as normas, requisitos e procedimentos do certame.<\/p>\n<h2>Etapas e Provas<\/h2>\n<p>O Processo Seletivo Simplificado n\u00ba 002\/2025 da Prefeitura de Nova Ubirat\u00e3 envolver\u00e1 diferentes fases, conforme o cargo. Todos os candidatos passar\u00e3o por uma <strong>Prova Objetiva<\/strong>, de car\u00e1ter eliminat\u00f3rio e classificat\u00f3rio.<\/p>\n<p>Esta prova ocorrer\u00e1 em <strong>29 de junho de 2025<\/strong> (08h-11h), na Escola Municipal Tancredo Neves. Ser\u00e3o 3 horas para 20 quest\u00f5es (L\u00edngua Portuguesa, Matem\u00e1tica, Conhecimentos Gerais e Espec\u00edficos), valendo 10 pontos no total. A aprova\u00e7\u00e3o exige pontua\u00e7\u00e3o m\u00ednima de 5,0 (Superior), 3,0 (M\u00e9dio) ou 1,0 (Fundamental\/Alfabetizado).<\/p>\n<p>Etapas adicionais incluem:<\/p>\n<ul>\n<li><strong>Prova Pr\u00e1tica para Operador de M\u00e1quinas:<\/strong> Classificat\u00f3ria, em <strong>29 de junho de 2025<\/strong> (at\u00e9 11:30), na Garagem Municipal. Avaliar\u00e1 habilidades pr\u00e1ticas (manobras, opera\u00e7\u00e3o, etc.), valendo at\u00e9 10 pontos.<\/li>\n<li><strong>Testes para Brigadista (TAF e THUFA):<\/strong> Eliminat\u00f3rios e classificat\u00f3rios, em <strong>06 de julho de 2025<\/strong> (08h-11h), local a ser divulgado.\n<ul>\n<li><em>TAF:<\/em> Corrida\/caminhada de 2.400m (limites de tempo: 30min masc., 36min fem.). Requer atestado m\u00e9dico.<\/li>\n<li><em>THUFA:<\/em> Carpir e rastelar \u00e1rea de 3x5m (m\u00e1ximo 25 min).<\/li>\n<li>Ambos os testes possuem tabelas de pontua\u00e7\u00e3o no edital.<\/li>\n<\/ul>\n<\/li>\n<\/ul>\n<p>A nota final para a maioria dos cargos ser\u00e1 a da prova objetiva. Para Operador de M\u00e1quinas e Brigadista, ser\u00e1 a soma da nota da prova objetiva com a da prova pr\u00e1tica (que para Brigadista considera TAF e THUFA), dividida por tr\u00eas.<\/p>\n<p>Consulte o edital oficial para detalhes sobre conte\u00fado program\u00e1tico, crit\u00e9rios de avalia\u00e7\u00e3o e cronograma completo.<\/p>\n<h2>Resultados e Gabarito<\/h2>\n<p>A divulga\u00e7\u00e3o dos gabaritos preliminares e definitivos da prova objetiva, bem como os resultados preliminares e finais de cada etapa e do Processo Seletivo Simplificado n\u00ba 002\/2025, seguir\u00e1 o cronograma estimado constante no Anexo III do edital. Todas as publica\u00e7\u00f5es oficiais ser\u00e3o realizadas por afixa\u00e7\u00e3o no Mural da Prefeitura Municipal de Nova Ubirat\u00e3, no site oficial (www.novaubirata.mt.gov.br) e no Di\u00e1rio Oficial da Associa\u00e7\u00e3o Mato-grossense dos Munic\u00edpios (www.diariomunicipal.com.br\/amm-mt).<\/p>\n<p>Os candidatos ser\u00e3o classificados em ordem decrescente da nota final obtida. Em caso de empate na pontua\u00e7\u00e3o total, os crit\u00e9rios de desempate seguir\u00e3o a seguinte ordem de prioridade:<\/p>\n<ul>\n<li>Maior n\u00famero de acertos na prova de Conhecimentos Gerais e Espec\u00edficos;<\/li>\n<li>Maior n\u00famero de acertos na prova de L\u00edngua Portuguesa;<\/li>\n<li>Maior n\u00famero de acertos na prova de Matem\u00e1tica;<\/li>\n<li>Maior idade.<\/li>\n<\/ul>\n<p>A homologa\u00e7\u00e3o do resultado final do processo seletivo ser\u00e1 publicada nos mesmos canais e, a partir desta data, a Prefeitura poder\u00e1 iniciar as convoca\u00e7\u00f5es para o provimento dos cargos. O presente Processo Seletivo Simplificado ter\u00e1 validade at\u00e9 <strong>15 de dezembro de 2025<\/strong>. A convoca\u00e7\u00e3o dos aprovados ocorrer\u00e1 de acordo com a necessidade da Administra\u00e7\u00e3o Municipal e seguir\u00e1 rigorosamente a ordem de classifica\u00e7\u00e3o. Os candidatos convocados ter\u00e3o 07 (sete) dias \u00fateis, a contar da publica\u00e7\u00e3o do edital de convoca\u00e7\u00e3o, para se manifestarem e apresentarem a documenta\u00e7\u00e3o exigida.<\/p>\n<p>\u00c9 de responsabilidade exclusiva do candidato acompanhar todas as publica\u00e7\u00f5es referentes ao certame, incluindo convoca\u00e7\u00f5es, nos ve\u00edculos oficiais de comunica\u00e7\u00e3o informados no edital. A n\u00e3o manifesta\u00e7\u00e3o dentro do prazo estipulado ou a desist\u00eancia implicar\u00e1 na exclus\u00e3o do candidato.<\/p>\n","protected":false},"excerpt":{"rendered":"<p>Processo Seletivo Pref. Nova Ubirat\u00e3 (MT) com edital publicado! Vagas p\/ Brigadista e Professor (Fund. a Sup.). Inscri\u00e7\u00f5es a partir de 02\/06. Confira detalhes!<\/p>\n","protected":false},"author":7,"featured_media":266482,"comment_status":"open","ping_status":"open","sticky":false,"template":"","format":"standard","meta":{"_acf_changed":false,"_breakdance_hide_in_design_set":false,"_breakdance_tags":"","footnotes":""},"categories":[22,25,26,101,108],"tags":[47],"_amplo":[],"destaque":[],"instituicoes":[],"class_list":["post-266483","post","type-post","status-publish","format-standard","has-post-thumbnail","hentry","category-veterinaria","category-pedagogia","category-psicologia","category-servico-social","category-tecnico-enfermagem","tag-mato-grosso"],"acf":{"_tipo_vagas":"vagas","_numero_vagas":"","_quadro_vagas":"","_cargos":"diversos","_cargos_especificos":"","_salario_max":"R$ 6294","_abertura":"20250602","_encerramento":"20250616","_inscricoes":"","_executora_concurso":"","_instituicao_concurso":[],"_link_adicional":null,"_anexos":null,"_produtos":null,"_vagas":"3 vagas + CR","_salario_min":"R$ 1518","_instituicao":"PREFEITURA MUNICIPAL DE NOVA UBIRATA","_edital":"https:\/\/www.agrobase.com.br\/concursos\/wp-content\/uploads\/sites\/4\/2025\/05\/edital-02-2025-nova-ubirata-mt.pdf","_anexos_edital":"https:\/\/www.agrobase.com.br\/concursos\/wp-content\/uploads\/sites\/4\/2025\/05\/anexos-edital-02-2025-nova-ubirata-mt.pdf","_fund_incompleto":"<div>\r\n<table class=\"quadro\">\r\n<thead>\r\n<tr>\r\n<th class=\"hcargo\">Cargo<\/th>\r\n<th class=\"hvagas\">Vagas<\/th>\r\n<th class=\"hremuneracao\">Remunera\u00e7\u00e3o<\/th>\r\n<\/tr>\r\n<\/thead>\r\n    <tbody>\r\n      <td class=\"ccargos\">\r\n<span data-balloon-length=\"medium\" aria-label=\"Alfabetizado\" data-balloon-pos=\"up\">AUXILIAR DE SERVICOS GERAIS<\/span><\/td>\r\n<td class=\"cvagas\">01<\/td>\r\n<td class=\"cremuneracao\">R$ 1.742,13 \/40h<\/td>\r\n<\/tr><td class=\"ccargos\">\r\n<span data-balloon-length=\"medium\" aria-label=\"Alfabetizado, Carteira Nacional de Habilita\u00e7\u00e3o Categoria D ou E\" data-balloon-pos=\"up\">MOTORISTA<\/span><\/td>\r\n<td class=\"cvagas\">CR<\/td>\r\n<td class=\"cremuneracao\">R$ 2.333,58 \/40h<\/td>\r\n<\/tr><td class=\"ccargos\">\r\n<span data-balloon-length=\"medium\" aria-label=\"Alfabetizado\/Prova Pr\u00e1tica\/Habilita\u00e7\u00e3o B\" data-balloon-pos=\"up\">OPERADOR DE MAQUINAS<\/span><\/td>\r\n<td class=\"cvagas\">CR<\/td>\r\n<td class=\"cremuneracao\">R$ 2.195,99 \/40h<\/td>\r\n<\/tr><td class=\"ccargos\">\r\n<span data-balloon-length=\"medium\" aria-label=\"Alfabetizado\" data-balloon-pos=\"up\">ZELADORA<\/span><\/td>\r\n<td class=\"cvagas\">CR<\/td>\r\n<td class=\"cremuneracao\">R$ 1.742,13 \/40h<\/td>\r\n<\/tr><td class=\"ccargos\">\r\n<span data-balloon-length=\"medium\" aria-label=\"Alfabetizado\" data-balloon-pos=\"up\">ZELADORA<\/span><\/td>\r\n<td class=\"cvagas\">CR<\/td>\r\n<td class=\"cremuneracao\">R$ 1.742,13 \/40h<\/td>\r\n<\/tr>\r\n    <\/tbody>\r\n  <\/table>\r\n<\/div>","_fund_completo":"<div>\r\n<table class=\"quadro\">\r\n<thead>\r\n<tr>\r\n<th class=\"hcargo\">Cargo<\/th>\r\n<th class=\"hvagas\">Vagas<\/th>\r\n<th class=\"hremuneracao\">Remunera\u00e7\u00e3o<\/th>\r\n<\/tr>\r\n<\/thead>\r\n    <tbody>\r\n      <td class=\"ccargos\">\r\n<span data-balloon-length=\"medium\" aria-label=\"Ensino Fundamental completo\" data-balloon-pos=\"up\">ADE LIMPEZA NIVEL FUNDAMENTAL<\/span><\/td>\r\n<td class=\"cvagas\">CR<\/td>\r\n<td class=\"cremuneracao\">R$ 1.882,95 \/40h<\/td>\r\n<\/tr><td class=\"ccargos\">\r\n<span data-balloon-length=\"medium\" aria-label=\"Ensino Fundamental completo\" data-balloon-pos=\"up\">ADE LIMPEZA NIVEL FUNDAMENTAL<\/span><\/td>\r\n<td class=\"cvagas\">CR<\/td>\r\n<td class=\"cremuneracao\">R$ 1.882,95 \/40h<\/td>\r\n<\/tr><td class=\"ccargos\">\r\n<span data-balloon-length=\"medium\" aria-label=\"Ensino Fundamental completo\" data-balloon-pos=\"up\">ADE NUTRICAO NIVEL FUNDAMENTAL<\/span><\/td>\r\n<td class=\"cvagas\">CR<\/td>\r\n<td class=\"cremuneracao\">R$ 1.986,22 \/40h<\/td>\r\n<\/tr><td class=\"ccargos\">\r\n<span data-balloon-length=\"medium\" aria-label=\"Ensino Fundamental completo\" data-balloon-pos=\"up\">ADE LIMPEZA NIVEL FUNDAMENTAL<\/span><\/td>\r\n<td class=\"cvagas\">CR<\/td>\r\n<td class=\"cremuneracao\">R$ 1.882,95 \/30h<\/td>\r\n<\/tr><td class=\"ccargos\">\r\n<span data-balloon-length=\"medium\" aria-label=\"Ensino Fundamental Completo, Carteira Nacional de Habilita\u00e7\u00e3o Categoria D ou E\" data-balloon-pos=\"up\">ADE MOTORISTA NIVEL ENSINO FUNDAMENTAL<\/span><\/td>\r\n<td class=\"cvagas\">CR<\/td>\r\n<td class=\"cremuneracao\">R$ 2.533,94 \/30h<\/td>\r\n<\/tr><td class=\"ccargos\">\r\n<span data-balloon-length=\"medium\" aria-label=\"Ensino Fundamental completo\" data-balloon-pos=\"up\">ADE VIGIA NIVEL ENSINO FUNDAMENTAL<\/span><\/td>\r\n<td class=\"cvagas\">CR<\/td>\r\n<td class=\"cremuneracao\">R$ 1.870,09 \/30h<\/td>\r\n<\/tr><td class=\"ccargos\">\r\n<span data-balloon-length=\"medium\" aria-label=\"Ensino Fundamental completo\" data-balloon-pos=\"up\">ADE LIMPEZA NIVEL FUNDAMENTAL<\/span><\/td>\r\n<td class=\"cvagas\">CR<\/td>\r\n<td class=\"cremuneracao\">R$ 1.882,95 \/40h<\/td>\r\n<\/tr><td class=\"ccargos\">\r\n<span data-balloon-length=\"medium\" aria-label=\"Ensino Fundamental completo\" data-balloon-pos=\"up\">BRIGADISTA<\/span><\/td>\r\n<td class=\"cvagas\">02<\/td>\r\n<td class=\"cremuneracao\">R$ 2.152,96 \/40h<\/td>\r\n<\/tr>\r\n    <\/tbody>\r\n  <\/table>\r\n<\/div>","_medio":"<div>\r\n<table class=\"quadro\">\r\n<thead>\r\n<tr>\r\n<th class=\"hcargo\">Cargo<\/th>\r\n<th class=\"hvagas\">Vagas<\/th>\r\n<th class=\"hremuneracao\">Remunera\u00e7\u00e3o<\/th>\r\n<\/tr>\r\n<\/thead>\r\n    <tbody>\r\n      <td class=\"ccargos\">\r\n<span data-balloon-length=\"medium\" aria-label=\"Ensino M\u00e9dio completo, com forma\u00e7\u00e3o em Magist\u00e9rio\" data-balloon-pos=\"up\">PROFESSOR I - 30 HR NIVEL MEDIO MAGISTERIO<\/span><\/td>\r\n<td class=\"cvagas\">CR<\/td>\r\n<td class=\"cremuneracao\">R$ 3.814,37 \/40h<\/td>\r\n<\/tr><td class=\"ccargos\">\r\n<span data-balloon-length=\"medium\" aria-label=\"Ensino M\u00e9dio Completo\" data-balloon-pos=\"up\">TEC DE DES OU AUX DE DES INFANTIL E ED ESPEC<\/span><\/td>\r\n<td class=\"cvagas\">CR<\/td>\r\n<td class=\"cremuneracao\">R$ 1.518,00 \/20h<\/td>\r\n<\/tr><td class=\"ccargos\">\r\n<span data-balloon-length=\"medium\" aria-label=\"Ensino M\u00e9dio Completo\" data-balloon-pos=\"up\">TEC DE DES OU AUX DE DES INFANTIL E ED ESPEC<\/span><\/td>\r\n<td class=\"cvagas\">CR<\/td>\r\n<td class=\"cremuneracao\">R$ 1.518,00 \/20h<\/td>\r\n<\/tr><td class=\"ccargos\">\r\n<span data-balloon-length=\"medium\" aria-label=\"Forma\u00e7\u00e3o T\u00e9cnica com Registro no Conselho de Classe\" data-balloon-pos=\"up\">TECNICO EM ENFERMAGEM<\/span><\/td>\r\n<td class=\"cvagas\">CR<\/td>\r\n<td class=\"cremuneracao\">R$ 2.598,67 \/40h<\/td>\r\n<\/tr>\r\n    <\/tbody>\r\n  <\/table>\r\n<\/div>","_superior":"<div>\r\n<table class=\"quadro\">\r\n<thead>\r\n<tr>\r\n<th class=\"hcargo\">Cargo<\/th>\r\n<th class=\"hvagas\">Vagas<\/th>\r\n<th class=\"hremuneracao\">Remunera\u00e7\u00e3o<\/th>\r\n<\/tr>\r\n<\/thead>\r\n    <tbody>\r\n      <tr>\r\n<td class=\"ccargos\">\r\n<span data-balloon-length=\"medium\" aria-label=\"Ensino Superior Completo com Registro no Conselho de Classe\" data-balloon-pos=\"up\">PSICOLOGO - NIVEL I<\/span><\/td>\r\n<td class=\"cvagas\">CR<\/td>\r\n<td class=\"cremuneracao\">R$ 6.294,00 \/40h<\/td>\r\n<\/tr><tr>\r\n<td class=\"ccargos\">\r\n<span data-balloon-length=\"medium\" aria-label=\"Ensino Superior Completo com Registro no Conselho de Classe\" data-balloon-pos=\"up\">ASSISTENTE SOCIAL - NIVEL I<\/span><\/td>\r\n<td class=\"cvagas\">CR<\/td>\r\n<td class=\"cremuneracao\">R$ 5.725,70 \/30h<\/td>\r\n<\/tr><tr>\r\n<td class=\"ccargos\">\r\n<span data-balloon-length=\"medium\" aria-label=\"Ensino Superior Licenciatura Plena em Pedagogia\" data-balloon-pos=\"up\">PROFESSOR II - 30 NIVEL LICENCIATURA PLENA<\/span><\/td>\r\n<td class=\"cvagas\">CR<\/td>\r\n<td class=\"cremuneracao\">R$ 5.340,17 \/40h<\/td>\r\n<\/tr><tr>\r\n<td class=\"ccargos\">\r\n<span data-balloon-length=\"medium\" aria-label=\"Ensino Superior Licenciatura Plena em Pedagogia\" data-balloon-pos=\"up\">PROFESSOR II - 30 NIVEL LICENCIATURA PLENA<\/span><\/td>\r\n<td class=\"cvagas\">CR<\/td>\r\n<td class=\"cremuneracao\">R$ 5.340,17 \/40h<\/td>\r\n<\/tr><tr>\r\n<td class=\"ccargos\">\r\n<span data-balloon-length=\"medium\" aria-label=\"Ensino Superior Licenciatura Plena em Pedagogia\" data-balloon-pos=\"up\">PROFESSOR II - 30 NIVEL LICENCIATURA PLENA<\/span><\/td>\r\n<td class=\"cvagas\">CR<\/td>\r\n<td class=\"cremuneracao\">R$ 5.340,17 \/30h<\/td>\r\n<\/tr><tr>\r\n<td class=\"ccargos\">\r\n<span data-balloon-length=\"medium\" aria-label=\"Ensino Superior Completo com Registro no Conselho de Classe\" data-balloon-pos=\"up\">MEDICO VETERINARIO<\/span><\/td>\r\n<td class=\"cvagas\">CR<\/td>\r\n<td class=\"cremuneracao\">R$ 5.801,41 \/40h<\/td>\r\n<\/tr>\r\n    <\/tbody>\r\n  <\/table>\r\n<\/div>"},"_links":{"self":[{"href":"https:\/\/www.agrobase.com.br\/concursos\/wp-json\/wp\/v2\/posts\/266483","targetHints":{"allow":["GET"]}}],"collection":[{"href":"https:\/\/www.agrobase.com.br\/concursos\/wp-json\/wp\/v2\/posts"}],"about":[{"href":"https:\/\/www.agrobase.com.br\/concursos\/wp-json\/wp\/v2\/types\/post"}],"author":[{"embeddable":true,"href":"https:\/\/www.agrobase.com.br\/concursos\/wp-json\/wp\/v2\/users\/7"}],"replies":[{"embeddable":true,"href":"https:\/\/www.agrobase.com.br\/concursos\/wp-json\/wp\/v2\/comments?post=266483"}],"version-history":[{"count":2,"href":"https:\/\/www.agrobase.com.br\/concursos\/wp-json\/wp\/v2\/posts\/266483\/revisions"}],"predecessor-version":[{"id":266491,"href":"https:\/\/www.agrobase.com.br\/concursos\/wp-json\/wp\/v2\/posts\/266483\/revisions\/266491"}],"wp:featuredmedia":[{"embeddable":true,"href":"https:\/\/www.agrobase.com.br\/concursos\/wp-json\/wp\/v2\/media\/266482"}],"wp:attachment":[{"href":"https:\/\/www.agrobase.com.br\/concursos\/wp-json\/wp\/v2\/media?parent=266483"}],"wp:term":[{"taxonomy":"category","embeddable":true,"href":"https:\/\/www.agrobase.com.br\/concursos\/wp-json\/wp\/v2\/categories?post=266483"},{"taxonomy":"post_tag","embeddable":true,"href":"https:\/\/www.agrobase.com.br\/concursos\/wp-json\/wp\/v2\/tags?post=266483"},{"taxonomy":"_amplo","embeddable":true,"href":"https:\/\/www.agrobase.com.br\/concursos\/wp-json\/wp\/v2\/_amplo?post=266483"},{"taxonomy":"destaque","embeddable":true,"href":"https:\/\/www.agrobase.com.br\/concursos\/wp-json\/wp\/v2\/destaque?post=266483"},{"taxonomy":"instituicoes","embeddable":true,"href":"https:\/\/www.agrobase.com.br\/concursos\/wp-json\/wp\/v2\/instituicoes?post=266483"}],"curies":[{"name":"wp","href":"https:\/\/api.w.org\/{rel}","templated":true}]}}