{"id":266454,"date":"2025-05-28T08:30:29","date_gmt":"2025-05-28T11:30:29","guid":{"rendered":"https:\/\/www.agrobase.com.br\/concursos\/?p=266454"},"modified":"2025-05-27T17:08:31","modified_gmt":"2025-05-27T20:08:31","slug":"prefeitura-de-lajeado-rs-concurso-01-2025","status":"publish","type":"post","link":"https:\/\/www.agrobase.com.br\/concursos\/2025\/prefeitura-de-lajeado-rs-concurso-01-2025\/","title":{"rendered":"Prefeitura de Lajeado (RS) &#8211; Concurso 01\/2025"},"content":{"rendered":"<h2>Informa\u00e7\u00f5es Gerais<\/h2>\n<p>A Prefeitura Municipal de Lajeado, no estado do Rio Grande do Sul, anunciou a abertura do <strong>Concurso P\u00fablico n\u00ba 01\/2025<\/strong>, uma excelente oportunidade para ingresso no servi\u00e7o p\u00fablico municipal. Organizado pela Funda\u00e7\u00e3o Universidade Empresa de Tecnologia e Ci\u00eancias \u2013 FUNDATEC, o certame, atualmente com edital publicado, tem como objetivo o provimento de <strong>35 vagas imediatas e a forma\u00e7\u00e3o de Cadastro Reserva (CR)<\/strong> para uma ampla gama de cargos.<\/p>\n<p>Os profissionais selecionados ser\u00e3o contratados sob o Regime Jur\u00eddico \u00danico dos Servidores Municipais de Lajeado, de car\u00e1ter Estatut\u00e1rio. As vagas contemplam candidatos com <strong>N\u00edvel M\u00e9dio Completo, T\u00e9cnico Completo e Superior Completo<\/strong>.<\/p>\n<p>As oportunidades est\u00e3o distribu\u00eddas em diversas \u00e1reas de atua\u00e7\u00e3o, incluindo administrativa (Agente Administrativo de Sa\u00fade, Tesoureiro), tecnologia da informa\u00e7\u00e3o (Analista de Sistemas, T\u00e9cnico em Inform\u00e1tica), engenharia e arquitetura (Arquiteto, Engenheiro Civil, Engenheiro El\u00e9trico, T\u00e9cnico em Edifica\u00e7\u00f5es, Fiscal de Planejamento), sa\u00fade (Assistente Social, Biom\u00e9dico, Farmac\u00eautico, Fonoaudi\u00f3logo, <strong>M\u00e9dico Veterin\u00e1rio<\/strong>, <strong>Nutricionista<\/strong>, Odont\u00f3logo, Psic\u00f3logo, Terapeuta Ocupacional, Auxiliar de Consult\u00f3rio Dent\u00e1rio), educa\u00e7\u00e3o (Professor de Artes, Educa\u00e7\u00e3o F\u00edsica, Geografia, Agente Socioeducativo, Monitor de Creche), jur\u00eddica (Procurador) e fiscaliza\u00e7\u00e3o\/controle (Controlador Interno). Este concurso representa uma porta de entrada para uma carreira est\u00e1vel e com prop\u00f3sito no munic\u00edpio de Lajeado. Continue a leitura para conhecer os detalhes sobre o processo de inscri\u00e7\u00e3o, as etapas da sele\u00e7\u00e3o e como acompanhar os resultados.<\/p>\n<h2>Inscri\u00e7\u00f5es<\/h2>\n<p>As inscri\u00e7\u00f5es para o Concurso P\u00fablico da Prefeitura de Lajeado\/RS est\u00e3o previstas para iniciar em <strong>26 de maio de 2025, a partir das 09h12min<\/strong>. O per\u00edodo de inscri\u00e7\u00e3o se estender\u00e1 at\u00e9 \u00e0s 17h00 do dia 26 de junho de 2025. Todo o procedimento ser\u00e1 realizado exclusivamente pela internet, atrav\u00e9s do portal da FUNDATEC (www.fundatec.org.br).<\/p>\n<p>Os valores das taxas de inscri\u00e7\u00e3o foram definidos de acordo com o n\u00edvel de escolaridade exigido para cada cargo:<\/p>\n<ul>\n<li>N\u00edvel Superior Completo: <strong>R$ 160,00<\/strong><\/li>\n<li>N\u00edvel T\u00e9cnico Completo: <strong>R$ 110,00<\/strong><\/li>\n<li>N\u00edvel M\u00e9dio Completo: <strong>R$ 100,00<\/strong><\/li>\n<\/ul>\n<p>Para se inscrever, o candidato dever\u00e1 acessar o site da FUNDATEC, preencher o formul\u00e1rio de inscri\u00e7\u00e3o, concordar com os termos do edital e gerar o boleto banc\u00e1rio para pagamento da taxa. \u00c9 imprescind\u00edvel o uso do CPF do pr\u00f3prio candidato. O pagamento do boleto dever\u00e1 ser efetuado at\u00e9 a data de vencimento indicada no documento. A confirma\u00e7\u00e3o do pagamento poder\u00e1 ser verificada no site da FUNDATEC ap\u00f3s dois dias \u00fateis banc\u00e1rios. O sistema permitir\u00e1 a reimpress\u00e3o do boleto com nova data de vencimento, respeitando o prazo final de pagamento do cronograma. N\u00e3o ser\u00e3o aceitos pagamentos com valores inferiores, por meios n\u00e3o especificados no edital (como PIX, dep\u00f3sito, cart\u00e3o de cr\u00e9dito) ou ap\u00f3s a data limite. Em caso de pagamento em duplicidade para o mesmo boleto, a devolu\u00e7\u00e3o poder\u00e1 ser solicitada em at\u00e9 30 dias ap\u00f3s o \u00faltimo dia de pagamento, com desconto de R$ 10,00 referente a tarifas. No momento da inscri\u00e7\u00e3o, ser\u00e1 necess\u00e1rio o envio de uma foto digital atualizada do rosto do candidato. \u00c9 fundamental que os candidatos acompanhem todas as publica\u00e7\u00f5es e o status de sua inscri\u00e7\u00e3o na \u00e1rea restrita do site da FUNDATEC.<\/p>\n<p>Recomenda-se a leitura atenta e integral do Edital de Abertura para pleno conhecimento de todas as normas e procedimentos do concurso.<\/p>\n<h2>Etapas e Provas<\/h2>\n<p>O Concurso P\u00fablico da Prefeitura de Lajeado ser\u00e1 constitu\u00eddo por diferentes etapas, variando conforme o cargo pretendido:<\/p>\n<ul>\n<li><strong>Prova Te\u00f3rico-Objetiva:<\/strong> De car\u00e1ter eliminat\u00f3rio e classificat\u00f3rio, ser\u00e1 aplicada para <em>todos os cargos<\/em>. As quest\u00f5es, de m\u00faltipla escolha, abordar\u00e3o conte\u00fados de Conhecimentos Gerais, L\u00edngua Portuguesa, Legisla\u00e7\u00e3o, Matem\u00e1tica\/Racioc\u00ednio L\u00f3gico e Conhecimentos Espec\u00edficos, variando conforme o cargo e n\u00edvel de escolaridade. A dura\u00e7\u00e3o ser\u00e1 de 3 horas para a maioria dos cargos e de 3 horas e 30 minutos para o cargo de Procurador (incluindo a Prova Discursiva). Os candidatos dever\u00e3o permanecer no local por no m\u00ednimo 1 hora e s\u00f3 poder\u00e3o levar o caderno de quest\u00f5es ap\u00f3s 2 horas do in\u00edcio.<\/li>\n<li><strong>Prova Discursiva:<\/strong> De car\u00e1ter eliminat\u00f3rio e classificat\u00f3rio, ser\u00e1 aplicada <em>exclusivamente para os candidatos ao cargo de Procurador<\/em>, no mesmo dia da Prova Te\u00f3rico-Objetiva. Consistir\u00e1 em duas quest\u00f5es sobre conte\u00fados do programa do cargo, com texto entre 15 e 30 linhas cada. Ser\u00e3o corrigidas apenas as provas dos 50 primeiros classificados na Prova Te\u00f3rico-Objetiva para este cargo, respeitados os crit\u00e9rios de desempate e cotas.<\/li>\n<li><strong>Prova de T\u00edtulos:<\/strong> De car\u00e1ter classificat\u00f3rio, esta etapa destina-se aos candidatos aprovados na Prova Te\u00f3rico-Objetiva para os cargos de <em>Professor<\/em> e aos aprovados na Prova Discursiva para o cargo de <em>Procurador<\/em>. Os candidatos dever\u00e3o enviar os documentos comprobat\u00f3rios de titula\u00e7\u00e3o de forma online, atrav\u00e9s de formul\u00e1rio espec\u00edfico no site da FUNDATEC, conforme os crit\u00e9rios, pontua\u00e7\u00f5es e prazos estabelecidos no edital.<\/li>\n<\/ul>\n<p>\u00c9 fundamental consultar o Edital de Abertura para obter informa\u00e7\u00f5es detalhadas sobre o conte\u00fado program\u00e1tico de cada disciplina, os crit\u00e9rios de avalia\u00e7\u00e3o, pontua\u00e7\u00e3o, regras espec\u00edficas de cada etapa e o cronograma completo do certame.<\/p>\n<h2>Resultados e Gabarito<\/h2>\n<p>A divulga\u00e7\u00e3o dos resultados do Concurso P\u00fablico da Prefeitura de Lajeado seguir\u00e1 um cronograma espec\u00edfico, que deve ser acompanhado pelos candidatos no site da banca organizadora, FUNDATEC (www.fundatec.org.br). Este cronograma incluir\u00e1 as datas para a publica\u00e7\u00e3o dos gabaritos preliminares e definitivos da Prova Te\u00f3rico-Objetiva, bem como os resultados preliminares e finais de cada etapa do certame.<\/p>\n<p>A classifica\u00e7\u00e3o final dos candidatos ser\u00e1 definida da seguinte forma:<\/p>\n<ul>\n<li><strong>Para a maioria dos cargos (exceto Professores e Procurador):<\/strong> A nota final ser\u00e1 a soma dos pontos obtidos na Prova Te\u00f3rico-Objetiva, considerando os pesos de cada disciplina.<\/li>\n<li><strong>Para os cargos de Professor:<\/strong> A nota final ser\u00e1 a soma aritm\u00e9tica dos pontos da Prova Te\u00f3rico-Objetiva e da Prova de T\u00edtulos.<\/li>\n<li><strong>Para o cargo de Procurador:<\/strong> A nota final ser\u00e1 a m\u00e9dia ponderada dos pontos obtidos na Prova Te\u00f3rico-Objetiva, Prova Discursiva e Prova de T\u00edtulos.<\/li>\n<\/ul>\n<p>Os crit\u00e9rios de desempate, caso ocorram, seguir\u00e3o a seguinte ordem de prioridade: candidato idoso (maior de 60 anos, com prefer\u00eancia ao de idade mais elevada), participa\u00e7\u00e3o efetiva como jurado em Tribunal do J\u00fari, maior pontua\u00e7\u00e3o na Prova Discursiva (para Procurador), maior pontua\u00e7\u00e3o na Prova de Conhecimentos Espec\u00edficos, maior pontua\u00e7\u00e3o na Prova de L\u00edngua Portuguesa, maior pontua\u00e7\u00e3o na Prova de Legisla\u00e7\u00e3o, maior pontua\u00e7\u00e3o na Prova de Matem\u00e1tica\/Racioc\u00ednio L\u00f3gico, maior pontua\u00e7\u00e3o na Prova de Legisla\u00e7\u00e3o\/Estrutura e Funcionamento, maior pontua\u00e7\u00e3o na Prova de Fundamentos da Educa\u00e7\u00e3o, maior pontua\u00e7\u00e3o na Prova de Conhecimentos Gerais, e maior pontua\u00e7\u00e3o na Prova de T\u00edtulos, nesta ordem. Persistindo o empate, ser\u00e1 realizado sorteio p\u00fablico.<\/p>\n<p>A homologa\u00e7\u00e3o do resultado final do concurso ser\u00e1 publicada no site da FUNDATEC e no Di\u00e1rio Oficial Eletr\u00f4nico do Munic\u00edpio de Lajeado, ap\u00f3s a conclus\u00e3o de todas as etapas. A convoca\u00e7\u00e3o dos aprovados, respeitando rigorosamente a ordem de classifica\u00e7\u00e3o, ser\u00e1 publicada no Di\u00e1rio Oficial Eletr\u00f4nico do Munic\u00edpio e comunicada aos candidatos por via postal, e-mail ou telefone, conforme dados cadastrais fornecidos. \u00c9 responsabilidade do candidato manter seus dados atualizados junto \u00e0 Prefeitura de Lajeado.<\/p>\n<p>Ressalta-se que o acompanhamento de todas as publica\u00e7\u00f5es oficiais, incluindo convoca\u00e7\u00f5es, editais e comunicados referentes ao concurso, no site da FUNDATEC e nos meios oficiais da Prefeitura de Lajeado, \u00e9 de responsabilidade exclusiva do candidato.<\/p>\n","protected":false},"excerpt":{"rendered":"<p>Concurso FUNDATEC (RS) com edital publicado! Vagas p\/ Monitor, Analista (M\u00e9dio a Sup.). Inscri\u00e7\u00f5es a partir de 26\/05. Sal\u00e1rios at\u00e9 R$ 8.4k. Confira detalhes!<\/p>\n","protected":false},"author":7,"featured_media":266462,"comment_status":"open","ping_status":"open","sticky":false,"template":"","format":"standard","meta":{"_acf_changed":false,"_breakdance_hide_in_design_set":false,"_breakdance_tags":"","footnotes":""},"categories":[3,5,7,9,10,117,141,6434,14,103,17,19,111,22,23,24,26,101,130,143,134],"tags":[58],"_amplo":[6427],"destaque":[],"instituicoes":[],"class_list":["post-266454","post","type-post","status-publish","format-standard","has-post-thumbnail","hentry","category-administracao","category-arquitetura","category-biomedicina","category-ciencias-contabeis","category-direito","category-economia","category-educacao-artistica","category-educacao-fisica-licenciatura","category-engenharia","category-engenharia-eletrica","category-farmacia","category-fonoaudiologia","category-geografia","category-veterinaria","category-nutricao","category-odontologia","category-psicologia","category-servico-social","category-tecnico-informatica","category-tecnico-odontologia","category-terapia-ocupacional","tag-rio-grande-sul","_amplo-nivel-medio"],"acf":{"_tipo_vagas":"vagas","_numero_vagas":"","_quadro_vagas":"","_cargos":"diversos","_cargos_especificos":"","_salario_max":"R$ 8489.12","_abertura":"20250526","_encerramento":"20250626","_inscricoes":"https:\/\/www.fundatec.org.br","_executora_concurso":"","_instituicao_concurso":[],"_link_adicional":null,"_anexos":null,"_produtos":null,"_vagas":"35 vagas + CR","_salario_min":"R$ 1955.33","_instituicao":"FUNDATEC","_edital":"https:\/\/www.agrobase.com.br\/concursos\/wp-content\/uploads\/sites\/4\/2025\/05\/edital-01-2025-lajeado-rs.pdf","_anexos_edital":"https:\/\/www.agrobase.com.br\/concursos\/wp-content\/uploads\/sites\/4\/2025\/05\/anexos-edital-01-2025-lajeado-rs.pdf","_fund_incompleto":"","_fund_completo":"","_medio":"<div>\r\n<table class=\"quadro\">\r\n<thead>\r\n<tr>\r\n<th class=\"hcargo\">Cargo<\/th>\r\n<th class=\"hvagas\">Vagas<\/th>\r\n<th class=\"hremuneracao\">Remunera\u00e7\u00e3o<\/th>\r\n<\/tr>\r\n<\/thead>\r\n    <tbody>\r\n      <td class=\"ccargos\">\r\n<span data-balloon-length=\"medium\" aria-label=\"Curso T\u00e9cnico Completo em Edifica\u00e7\u00f5es, CNH B e registro no Conselho Regional da Classe.\" data-balloon-pos=\"up\">Fiscal de Planejamento<\/span><\/td>\r\n<td class=\"cvagas\">02 + CR<\/td>\r\n<td class=\"cremuneracao\">R$ 3.549,80 \/33h<\/td>\r\n<\/tr><td class=\"ccargos\">\r\n<span data-balloon-length=\"medium\" aria-label=\"Curso T\u00e9cnico Completo em Inform\u00e1tica.\" data-balloon-pos=\"up\">T\u00e9cnico em Inform\u00e1tica<\/span><\/td>\r\n<td class=\"cvagas\">02 + CR<\/td>\r\n<td class=\"cremuneracao\">R$ 4.646,73 \/33h<\/td>\r\n<\/tr><td class=\"ccargos\">\r\n<span data-balloon-length=\"medium\" aria-label=\"Curso T\u00e9cnico Completo em Edifica\u00e7\u00f5es, CNH B e registro no Conselho Regional da Classe.\" data-balloon-pos=\"up\">T\u00e9cnico em Edifica\u00e7\u00f5es<\/span><\/td>\r\n<td class=\"cvagas\">01 + CR<\/td>\r\n<td class=\"cremuneracao\">R$ 4.646,73 \/33h<\/td>\r\n<\/tr><td class=\"ccargos\">\r\n<span data-balloon-length=\"medium\" aria-label=\"Ensino M\u00e9dio Completo e apresenta\u00e7\u00e3o de certificado em curso de inform\u00e1tica, com no m\u00ednimo 40h.\" data-balloon-pos=\"up\">Agente Administrativo de Sa\u00fade<\/span><\/td>\r\n<td class=\"cvagas\">CR<\/td>\r\n<td class=\"cremuneracao\">R$ 3.025,09 \/40h<\/td>\r\n<\/tr><td class=\"ccargos\">\r\n<span data-balloon-length=\"medium\" aria-label=\"Ensino M\u00e9dio Normal (Magist\u00e9rio) ou ter realizado 50% de Curso em Licenciatura Plena na \u00e1rea da educa\u00e7\u00e3o.\" data-balloon-pos=\"up\">Agente Socioeducativo<\/span><\/td>\r\n<td class=\"cvagas\">02 + CR<\/td>\r\n<td class=\"cremuneracao\">R$ 1.955,33 \/25h<\/td>\r\n<\/tr><td class=\"ccargos\">\r\n<span data-balloon-length=\"medium\" aria-label=\"Ensino M\u00e9dio Completo e curso de ACD (Atendente ou Auxiliar de consult\u00f3rio dent\u00e1rio) com registro no Conselho Regional da Classe.\" data-balloon-pos=\"up\">Auxiliar de Consult\u00f3rio Dent\u00e1rio<\/span><\/td>\r\n<td class=\"cvagas\">CR<\/td>\r\n<td class=\"cremuneracao\">R$ 3.025,09 \/40h<\/td>\r\n<\/tr><td class=\"ccargos\">\r\n<span data-balloon-length=\"medium\" aria-label=\"Curso Normal de N\u00edvel M\u00e9dio (Magist\u00e9rio).\" data-balloon-pos=\"up\">Monitor de Creche<\/span><\/td>\r\n<td class=\"cvagas\">20 + CR<\/td>\r\n<td class=\"cremuneracao\">R$ 2.236,91 \/30h<\/td>\r\n<\/tr>\r\n    <\/tbody>\r\n  <\/table>\r\n<\/div>","_superior":"<div>\r\n<table class=\"quadro\">\r\n<thead>\r\n<tr>\r\n<th class=\"hcargo\">Cargo<\/th>\r\n<th class=\"hvagas\">Vagas<\/th>\r\n<th class=\"hremuneracao\">Remunera\u00e7\u00e3o<\/th>\r\n<\/tr>\r\n<\/thead>\r\n    <tbody>\r\n      <tr>\r\n<td class=\"ccargos\">\r\n<span data-balloon-length=\"medium\" aria-label=\"Ensino Superior Completo na \u00e1rea de Inform\u00e1tica.\" data-balloon-pos=\"up\">Analista de Sistemas<\/span><\/td>\r\n<td class=\"cvagas\">02 + CR<\/td>\r\n<td class=\"cremuneracao\">R$ 8.084,87 \/33h<\/td>\r\n<\/tr><tr>\r\n<td class=\"ccargos\">\r\n<span data-balloon-length=\"medium\" aria-label=\"Ensino Superior Completo em Arquitetura e Urbanismo e registro no Conselho Regional da Classe.\" data-balloon-pos=\"up\">Arquiteto<\/span><\/td>\r\n<td class=\"cvagas\">CR<\/td>\r\n<td class=\"cremuneracao\">R$ 8.084,87 \/33h<\/td>\r\n<\/tr><tr>\r\n<td class=\"ccargos\">\r\n<span data-balloon-length=\"medium\" aria-label=\"Ensino Superior Completo em Servi\u00e7o Social e registro no Conselho Regional da Classe.\" data-balloon-pos=\"up\">Assistente Social<\/span><\/td>\r\n<td class=\"cvagas\">CR<\/td>\r\n<td class=\"cremuneracao\">R$ 6.158,90 \/30h<\/td>\r\n<\/tr><tr>\r\n<td class=\"ccargos\">\r\n<span data-balloon-length=\"medium\" data-balloon-pos=\"up\">Biom\u00e9dico<\/span><\/td>\r\n<td class=\"cvagas\">01 + CR<\/td>\r\n<td class=\"cremuneracao\">R$ 7.349,82 \/40h<\/td>\r\n<\/tr><tr>\r\n<td class=\"ccargos\">\r\n<span data-balloon-length=\"medium\" aria-label=\"Ensino Superior Completo em Ci\u00eancias Cont\u00e1beis e registro no Conselho Regional da Classe.\" data-balloon-pos=\"up\">Contador<\/span><\/td>\r\n<td class=\"cvagas\">01 + CR<\/td>\r\n<td class=\"cremuneracao\">R$ 8.084,87 \/33h<\/td>\r\n<\/tr><tr>\r\n<td class=\"ccargos\">\r\n<span data-balloon-length=\"medium\" aria-label=\"Ensino Superior Completo em Ci\u00eancias Cont\u00e1beis, Direito ou Administra\u00e7\u00e3o e registro no Conselho Regional da Classe.\" data-balloon-pos=\"up\">Controlador Interno<\/span><\/td>\r\n<td class=\"cvagas\">01 + CR<\/td>\r\n<td class=\"cremuneracao\">R$ 7.349,82 \/30h<\/td>\r\n<\/tr><tr>\r\n<td class=\"ccargos\">\r\n<span data-balloon-length=\"medium\" aria-label=\"Ensino Superior Completo em Engenharia Civil e registro no Conselho Regional da Classe.\" data-balloon-pos=\"up\">Engenheiro Civil<\/span><\/td>\r\n<td class=\"cvagas\">CR<\/td>\r\n<td class=\"cremuneracao\">R$ 8.084,87 \/33h<\/td>\r\n<\/tr><tr>\r\n<td class=\"ccargos\">\r\n<span data-balloon-length=\"medium\" data-balloon-pos=\"up\">Engenheiro Civil com Especializa\u00e7\u00e3o em Engenharia de Tr\u00e1fego<\/span><\/td>\r\n<td class=\"cvagas\">01 + CR<\/td>\r\n<td class=\"cremuneracao\">R$ 8.489,12 \/33h<\/td>\r\n<\/tr><tr>\r\n<td class=\"ccargos\">\r\n<span data-balloon-length=\"medium\" aria-label=\"Ensino Superior Completo em Engenharia El\u00e9trica e registro no Conselho Regional da Classe.\" data-balloon-pos=\"up\">Engenheiro El\u00e9trico<\/span><\/td>\r\n<td class=\"cvagas\">01 + CR<\/td>\r\n<td class=\"cremuneracao\">R$ 8.084,87 \/33h<\/td>\r\n<\/tr><tr>\r\n<td class=\"ccargos\">\r\n<span data-balloon-length=\"medium\" aria-label=\"Ensino Superior Completo em Farm\u00e1cia e registro no Conselho Regional da Classe.\" data-balloon-pos=\"up\">Farmac\u00eautico<\/span><\/td>\r\n<td class=\"cvagas\">01 + CR<\/td>\r\n<td class=\"cremuneracao\">R$ 7.349,82 \/40h<\/td>\r\n<\/tr><tr>\r\n<td class=\"ccargos\">\r\n<span data-balloon-length=\"medium\" aria-label=\"Ensino Superior Completo em Fonoaudiologia e registro no Conselho Regional da Classe.\" data-balloon-pos=\"up\">Fonoaudi\u00f3logo<\/span><\/td>\r\n<td class=\"cvagas\">01 + CR<\/td>\r\n<td class=\"cremuneracao\">R$ 6.158,90 \/33h<\/td>\r\n<\/tr><tr>\r\n<td class=\"ccargos\">\r\n<span data-balloon-length=\"medium\" aria-label=\"Ensino Superior Completo em Medicina Veterin\u00e1ria e registro no Conselho Regional da Classe.\" data-balloon-pos=\"up\">M\u00e9dico Veterin\u00e1rio<\/span><\/td>\r\n<td class=\"cvagas\">01 + CR<\/td>\r\n<td class=\"cremuneracao\">R$ 8.084,87 \/33h<\/td>\r\n<\/tr><tr>\r\n<td class=\"ccargos\">\r\n<span data-balloon-length=\"medium\" aria-label=\"Ensino Superior Completo em Nutri\u00e7\u00e3o e registro no Conselho Regional da Classe.\" data-balloon-pos=\"up\">Nutricionista<\/span><\/td>\r\n<td class=\"cvagas\">CR<\/td>\r\n<td class=\"cremuneracao\">R$ 6.158,90 \/33h<\/td>\r\n<\/tr><tr>\r\n<td class=\"ccargos\">\r\n<span data-balloon-length=\"medium\" aria-label=\"Ensino Superior Completo em Odontologia e registro no Conselho Regional da Classe.\" data-balloon-pos=\"up\">Odont\u00f3logo<\/span><\/td>\r\n<td class=\"cvagas\">CR<\/td>\r\n<td class=\"cremuneracao\">R$ 5.484,99 \/20h<\/td>\r\n<\/tr><tr>\r\n<td class=\"ccargos\">\r\n<span data-balloon-length=\"medium\" aria-label=\"Ensino Superior Completo em Direito e registro no Conselho Regional da Classe.\" data-balloon-pos=\"up\">Procurador<\/span><\/td>\r\n<td class=\"cvagas\">01 + CR<\/td>\r\n<td class=\"cremuneracao\">R$ 8.084,87 \/33h<\/td>\r\n<\/tr><tr>\r\n<td class=\"ccargos\">\r\n<span data-balloon-length=\"medium\" aria-label=\"Ensino Superior Completo em Licenciatura Plena para a disciplina de Artes.\" data-balloon-pos=\"up\">Professor de Anos Finais - Artes<\/span><\/td>\r\n<td class=\"cvagas\">CR<\/td>\r\n<td class=\"cremuneracao\">R$ 3.063,78 \/20h<\/td>\r\n<\/tr><tr>\r\n<td class=\"ccargos\">\r\n<span data-balloon-length=\"medium\" aria-label=\"Ensino Superior Completo em Licenciatura Plena para a disciplina de Educa\u00e7\u00e3o F\u00edsica e registro no Conselho Regional da Classe.\" data-balloon-pos=\"up\">Professor de Anos Finais - Educa\u00e7\u00e3o F\u00edsica<\/span><\/td>\r\n<td class=\"cvagas\">01 + CR<\/td>\r\n<td class=\"cremuneracao\">R$ 3.063,78 \/20h<\/td>\r\n<\/tr><tr>\r\n<td class=\"ccargos\">\r\n<span data-balloon-length=\"medium\" aria-label=\"Ensino Superior Completo em Licenciatura Plena para a disciplina de Geografia.\" data-balloon-pos=\"up\">Professor de Anos Finais - Geografia<\/span><\/td>\r\n<td class=\"cvagas\">CR<\/td>\r\n<td class=\"cremuneracao\">R$ 3.063,78 \/20h<\/td>\r\n<\/tr><tr>\r\n<td class=\"ccargos\">\r\n<span data-balloon-length=\"medium\" aria-label=\"Ensino Superior Completo em Psicologia e registro no Conselho Regional da Classe.\" data-balloon-pos=\"up\">Psic\u00f3logo<\/span><\/td>\r\n<td class=\"cvagas\">CR<\/td>\r\n<td class=\"cremuneracao\">R$ 6.158,90 \/30h<\/td>\r\n<\/tr><tr>\r\n<td class=\"ccargos\">\r\n<span data-balloon-length=\"medium\" aria-label=\"Ensino Superior Completo em Terapia Ocupacional e registro no Conselho Regional da Classe.\" data-balloon-pos=\"up\">Terapeuta Ocupacional<\/span><\/td>\r\n<td class=\"cvagas\">CR<\/td>\r\n<td class=\"cremuneracao\">R$ 5.675,49 \/30h<\/td>\r\n<\/tr><tr>\r\n<td class=\"ccargos\">\r\n<span data-balloon-length=\"medium\" aria-label=\"Ensino Superior Completo em Ci\u00eancias Cont\u00e1beis, Economia ou Administra\u00e7\u00e3o.\" data-balloon-pos=\"up\">Tesoureiro<\/span><\/td>\r\n<td class=\"cvagas\">01 + CR<\/td>\r\n<td class=\"cremuneracao\">R$ 6.158,90 \/33h<\/td>\r\n<\/tr>\r\n    <\/tbody>\r\n  <\/table>\r\n<\/div>"},"_links":{"self":[{"href":"https:\/\/www.agrobase.com.br\/concursos\/wp-json\/wp\/v2\/posts\/266454","targetHints":{"allow":["GET"]}}],"collection":[{"href":"https:\/\/www.agrobase.com.br\/concursos\/wp-json\/wp\/v2\/posts"}],"about":[{"href":"https:\/\/www.agrobase.com.br\/concursos\/wp-json\/wp\/v2\/types\/post"}],"author":[{"embeddable":true,"href":"https:\/\/www.agrobase.com.br\/concursos\/wp-json\/wp\/v2\/users\/7"}],"replies":[{"embeddable":true,"href":"https:\/\/www.agrobase.com.br\/concursos\/wp-json\/wp\/v2\/comments?post=266454"}],"version-history":[{"count":5,"href":"https:\/\/www.agrobase.com.br\/concursos\/wp-json\/wp\/v2\/posts\/266454\/revisions"}],"predecessor-version":[{"id":266463,"href":"https:\/\/www.agrobase.com.br\/concursos\/wp-json\/wp\/v2\/posts\/266454\/revisions\/266463"}],"wp:featuredmedia":[{"embeddable":true,"href":"https:\/\/www.agrobase.com.br\/concursos\/wp-json\/wp\/v2\/media\/266462"}],"wp:attachment":[{"href":"https:\/\/www.agrobase.com.br\/concursos\/wp-json\/wp\/v2\/media?parent=266454"}],"wp:term":[{"taxonomy":"category","embeddable":true,"href":"https:\/\/www.agrobase.com.br\/concursos\/wp-json\/wp\/v2\/categories?post=266454"},{"taxonomy":"post_tag","embeddable":true,"href":"https:\/\/www.agrobase.com.br\/concursos\/wp-json\/wp\/v2\/tags?post=266454"},{"taxonomy":"_amplo","embeddable":true,"href":"https:\/\/www.agrobase.com.br\/concursos\/wp-json\/wp\/v2\/_amplo?post=266454"},{"taxonomy":"destaque","embeddable":true,"href":"https:\/\/www.agrobase.com.br\/concursos\/wp-json\/wp\/v2\/destaque?post=266454"},{"taxonomy":"instituicoes","embeddable":true,"href":"https:\/\/www.agrobase.com.br\/concursos\/wp-json\/wp\/v2\/instituicoes?post=266454"}],"curies":[{"name":"wp","href":"https:\/\/api.w.org\/{rel}","templated":true}]}}