{"id":266339,"date":"2025-05-27T07:20:28","date_gmt":"2025-05-27T10:20:28","guid":{"rendered":"https:\/\/www.agrobase.com.br\/concursos\/?p=266339"},"modified":"2025-05-26T13:30:02","modified_gmt":"2025-05-26T16:30:02","slug":"prefeitura-macieira-sc-selecao-simplificada-01-2025","status":"publish","type":"post","link":"https:\/\/www.agrobase.com.br\/concursos\/2025\/prefeitura-macieira-sc-selecao-simplificada-01-2025\/","title":{"rendered":"Prefeitura Macieira (SC) &#8211; Sele\u00e7\u00e3o Simplificada 01\/2025"},"content":{"rendered":"<h2>Informa\u00e7\u00f5es Gerais<\/h2>\n<p>A Prefeitura Municipal de Macieira, no estado de Santa Catarina, anunciou a abertura do Processo Seletivo Simplificado de T\u00edtulos, regido pelas normas do edital de abertura e pela Lei Municipal n\u00ba 786\/2015. O certame tem como objetivo a contrata\u00e7\u00e3o de profissionais por tempo determinado para suprir necessidades tempor\u00e1rias de excepcional interesse p\u00fablico, visando o preenchimento de vagas imediatas e a forma\u00e7\u00e3o de cadastro de reserva. Conforme o edital, a realiza\u00e7\u00e3o deste processo seletivo se faz necess\u00e1ria devido \u00e0 aus\u00eancia de profissionais aprovados em sele\u00e7\u00f5es anteriores para os cargos ofertados.<\/p>\n<p>As oportunidades s\u00e3o destinadas a candidatos com forma\u00e7\u00e3o de n\u00edvel <strong>M\u00e9dio\/T\u00e9cnico<\/strong> e <strong>Superior<\/strong>. As principais \u00e1reas contempladas s\u00e3o a Educa\u00e7\u00e3o, com vagas para Auxiliar Educacional e Professores de Pedagogia, Ci\u00eancias e Filosofia. <em>\u00c9 importante destacar a disponibilidade de vaga para o cargo de Nutricionista<\/em>, atendendo a uma das \u00e1reas de interesse do nosso p\u00fablico. O regime de contrata\u00e7\u00e3o \u00e9 tempor\u00e1rio, com vig\u00eancia prevista at\u00e9 o t\u00e9rmino do ano de 2025, havendo possibilidade de prorroga\u00e7\u00e3o conforme a legisla\u00e7\u00e3o municipal. A sele\u00e7\u00e3o ser\u00e1 conduzida por uma Comiss\u00e3o Especial, designada pela Portaria n\u00ba 2431\/25.<\/p>\n<p>Para os interessados em participar desta sele\u00e7\u00e3o no munic\u00edpio de Macieira, as se\u00e7\u00f5es seguintes detalham os procedimentos para inscri\u00e7\u00e3o, as etapas do processo avaliativo e as orienta\u00e7\u00f5es para acompanhamento dos resultados.<\/p>\n<h2>Inscri\u00e7\u00f5es<\/h2>\n<p>As inscri\u00e7\u00f5es para o Processo Seletivo Simplificado da Prefeitura de Macieira\/SC estar\u00e3o abertas no per\u00edodo de <strong>26 de maio de 2025 a 30 de maio de 2025<\/strong>. Os interessados dever\u00e3o realizar suas inscri\u00e7\u00f5es presencialmente, em dias \u00fateis, nos hor\u00e1rios das 08h30min \u00e0s 11h30min e das 13h30min \u00e0s 16h30min. O local para inscri\u00e7\u00e3o \u00e9 a Secretaria Municipal de Educa\u00e7\u00e3o, situada na Rua Dona Maria Mendes, 356, Bairro Centro, Macieira\/SC.<\/p>\n<p>Um ponto importante \u00e9 que <strong>as inscri\u00e7\u00f5es para este processo seletivo s\u00e3o gratuitas<\/strong>, n\u00e3o havendo cobran\u00e7a de taxa de inscri\u00e7\u00e3o para nenhum cargo ou n\u00edvel de escolaridade. Os candidatos dever\u00e3o preencher a Ficha de Inscri\u00e7\u00e3o, dispon\u00edvel como Anexo II do edital, com letra leg\u00edvel, sem rasuras, emendas ou omiss\u00e3o de dados. O preenchimento incorreto ou incompleto da ficha implicar\u00e1 na elimina\u00e7\u00e3o do candidato.<\/p>\n<p>Ser\u00e1 permitida a inscri\u00e7\u00e3o por procura\u00e7\u00e3o, desde que apresentados o respectivo mandato com firma reconhecida e c\u00f3pia autenticada do documento de identidade do procurador. N\u00e3o ser\u00e3o aceitas inscri\u00e7\u00f5es condicionais, por correspond\u00eancia, ou fora do prazo estabelecido. \u00c9 fundamental que o candidato verifique todos os requisitos antes de preencher a ficha, pois n\u00e3o ser\u00e3o permitidas altera\u00e7\u00f5es posteriores. Todas as informa\u00e7\u00f5es e comunicados sobre o processo seletivo ser\u00e3o divulgados no site oficial da Prefeitura de Macieira: <a href=\"http:\/\/www.macieira.sc.gov.br\" target=\"_blank\" rel=\"noopener noreferrer\">www.macieira.sc.gov.br<\/a>.<\/p>\n<p>Recomenda-se a todos os candidatos a leitura atenta e completa do edital para pleno conhecimento de todas as normas e condi\u00e7\u00f5es estabelecidas para este certame.<\/p>\n<h2>Etapas e Provas<\/h2>\n<p>O Processo Seletivo Simplificado do Munic\u00edpio de Macieira consistir\u00e1 em uma \u00fanica etapa: <strong>Prova de Avalia\u00e7\u00e3o de T\u00edtulos<\/strong>. Esta etapa ter\u00e1 car\u00e1ter exclusivamente <em>classificat\u00f3rio<\/em> e ser\u00e1 aplicada a todos os cargos ofertados no certame.<\/p>\n<p>A avalia\u00e7\u00e3o ser\u00e1 realizada por meio da an\u00e1lise e pontua\u00e7\u00e3o dos t\u00edtulos apresentados pelos candidatos no ato da inscri\u00e7\u00e3o, conforme os crit\u00e9rios estabelecidos no edital. Embora o edital n\u00e3o detalhe a pontua\u00e7\u00e3o espec\u00edfica para cada tipo de t\u00edtulo, ele estabelece crit\u00e9rios de prioridade para a classifica\u00e7\u00e3o em alguns cargos de Professor. Por exemplo:<\/p>\n<ul>\n<li>Para <strong>Professor Pedagogo<\/strong>, a prioridade na classifica\u00e7\u00e3o ser\u00e1: 1\u00ba candidato com Licenciatura em Pedagogia; 2\u00ba candidato cursando Licenciatura em Pedagogia; 3\u00ba candidato com outra Licenciatura.<\/li>\n<li>Para <strong>Professor de Ci\u00eancias<\/strong>, a prioridade ser\u00e1: 1\u00ba candidato com Licenciatura em Ci\u00eancias; 2\u00ba candidato cursando Licenciatura em Ci\u00eancias; 3\u00ba candidato com outra Licenciatura.<\/li>\n<li>Para <strong>Professor de Filosofia<\/strong>, a prioridade ser\u00e1: 1\u00ba candidato com Licenciatura em Filosofia; 2\u00ba candidato cursando Licenciatura em Filosofia; 3\u00ba candidato com outra Licenciatura.<\/li>\n<\/ul>\n<p>N\u00e3o haver\u00e1 aplica\u00e7\u00e3o de provas objetivas, discursivas ou pr\u00e1ticas. A classifica\u00e7\u00e3o final dos candidatos ser\u00e1 determinada pela an\u00e1lise dos documentos comprobat\u00f3rios de titula\u00e7\u00e3o e experi\u00eancia, quando aplic\u00e1vel, conforme as exig\u00eancias de cada cargo.<\/p>\n<p>Para obter informa\u00e7\u00f5es detalhadas sobre os t\u00edtulos aceitos, os crit\u00e9rios de pontua\u00e7\u00e3o (se especificados para outros cargos), e os procedimentos para apresenta\u00e7\u00e3o da documenta\u00e7\u00e3o, \u00e9 imprescind\u00edvel a consulta ao edital completo do processo seletivo.<\/p>\n<h2>Resultados e Gabarito<\/h2>\n<p>\u00c9 <em>fundamental<\/em> que os candidatos consultem as publica\u00e7\u00f5es oficiais no site da Prefeitura de Macieira (<a href=\"http:\/\/www.macieira.sc.gov.br\" target=\"_blank\" rel=\"noopener noreferrer\">www.macieira.sc.gov.br<\/a>) para conferir mais detalhes.<\/p>\n<p>A homologa\u00e7\u00e3o do resultado final est\u00e1 prevista para <strong>04 de junho de 2025<\/strong>. Este ato oficializa o resultado do certame. Os crit\u00e9rios de desempate, caso necess\u00e1rios, s\u00e3o: 1\u00ba) Maior tempo de servi\u00e7o; 2\u00ba) Maior idade. Se o empate persistir, haver\u00e1 sorteio p\u00fablico. A convoca\u00e7\u00e3o dos aprovados seguir\u00e1 a ordem de classifica\u00e7\u00e3o e as necessidades da administra\u00e7\u00e3o. O contato poder\u00e1 ser feito por telefone, WhatsApp ou e-mail, sendo crucial manter os dados atualizados. O candidato convocado ter\u00e1 01 dia \u00fatil para se apresentar na Secretaria de Educa\u00e7\u00e3o. A validade do processo seletivo \u00e9 de 1 ano ap\u00f3s a homologa\u00e7\u00e3o.<\/p>\n<p>O acompanhamento de todas as publica\u00e7\u00f5es oficiais no site da Prefeitura e outros canais indicados no edital \u00e9 de inteira responsabilidade do candidato.<\/p>\n","protected":false},"excerpt":{"rendered":"<p>Aguardando in\u00edcio: Processo Seletivo Pref. Macieira (SC) p\/ Professor, Aux. Educacional (M\u00e9dio a Sup.). Inscri\u00e7\u00f5es a partir de 26\/05. At\u00e9 R$ 4.3k. Confira detalhes!<\/p>\n","protected":false},"author":7,"featured_media":266338,"comment_status":"open","ping_status":"open","sticky":false,"template":"","format":"standard","meta":{"_acf_changed":false,"_breakdance_hide_in_design_set":false,"_breakdance_tags":"","footnotes":""},"categories":[6433,112,23,25],"tags":[61],"_amplo":[],"destaque":[],"instituicoes":[],"class_list":["post-266339","post","type-post","status-publish","format-standard","has-post-thumbnail","hentry","category-biologia-licenciatura","category-filosofia","category-nutricao","category-pedagogia","tag-santa-catarina"],"acf":{"_tipo_vagas":"vagas","_numero_vagas":"","_quadro_vagas":"","_cargos":"diversos","_cargos_especificos":"","_salario_max":"R$ 4304.24","_abertura":"20250526","_encerramento":"20250530","_inscricoes":"http:\/\/www.macieira.sc.gov.br","_executora_concurso":"","_instituicao_concurso":[],"_link_adicional":null,"_anexos":null,"_produtos":null,"_vagas":"8 vagas + CR","_salario_min":"R$ 638.43","_instituicao":"Prefeitura Municipal de Macieira","_edital":"https:\/\/www.agrobase.com.br\/concursos\/wp-content\/uploads\/sites\/4\/2025\/05\/edital-01-2025-macieira-sc.pdf","_anexos_edital":"","_fund_incompleto":"","_fund_completo":"","_medio":"<div>\r\n<table class=\"quadro\">\r\n<thead>\r\n<tr>\r\n<th class=\"hcargo\">Cargo<\/th>\r\n<th class=\"hvagas\">Vagas<\/th>\r\n<th class=\"hremuneracao\">Remunera\u00e7\u00e3o<\/th>\r\n<\/tr>\r\n<\/thead>\r\n    <tbody>\r\n      <td class=\"ccargos\">\r\n<span data-balloon-length=\"medium\" aria-label=\"Magist\u00e9rio ou estar cursando ensino superior na \u00e1rea da Educa\u00e7\u00e3o.\" data-balloon-pos=\"up\">AUXILIAR EDUCACIONAL<\/span><\/td>\r\n<td class=\"cvagas\">04 + CR<\/td>\r\n<td class=\"cremuneracao\">R$ 1.095,83 \/20h<\/td>\r\n<\/tr>\r\n    <\/tbody>\r\n  <\/table>\r\n<\/div>","_superior":"<div>\r\n<table class=\"quadro\">\r\n<thead>\r\n<tr>\r\n<th class=\"hcargo\">Cargo<\/th>\r\n<th class=\"hvagas\">Vagas<\/th>\r\n<th class=\"hremuneracao\">Remunera\u00e7\u00e3o<\/th>\r\n<\/tr>\r\n<\/thead>\r\n    <tbody>\r\n      <tr>\r\n<td class=\"ccargos\">\r\n<span data-balloon-length=\"medium\" aria-label=\"Licenciatura em Pedagogia, fase que est\u00e1 cursando ou outras licenciaturas.\" data-balloon-pos=\"up\">PROFESSOR PEDAGOGO<\/span><\/td>\r\n<td class=\"cvagas\">02 + CR<\/td>\r\n<td class=\"cremuneracao\">R$ 2.230,91 \/20h<\/td>\r\n<\/tr><tr>\r\n<td class=\"ccargos\">\r\n<span data-balloon-length=\"medium\" aria-label=\"Licenciatura em Ci\u00eancias, fase que est\u00e1 cursando ou outras licenciaturas.\" data-balloon-pos=\"up\">PROFESSOR DE CI\u00caNCIAS<\/span><\/td>\r\n<td class=\"cvagas\">01<\/td>\r\n<td class=\"cremuneracao\">R$ 1.673,18 \/15h<\/td>\r\n<\/tr><tr>\r\n<td class=\"ccargos\">\r\n<span data-balloon-length=\"medium\" aria-label=\"Licenciatura em Filosofia, fase que est\u00e1 cursando ou outras licenciaturas.\" data-balloon-pos=\"up\">PROFESSOR DE FILOSOFIA<\/span><\/td>\r\n<td class=\"cvagas\">CR<\/td>\r\n<td class=\"cremuneracao\">R$ 1.064,07 \/10h<\/td>\r\n<\/tr><tr>\r\n<td class=\"ccargos\">\r\n<span data-balloon-length=\"medium\" aria-label=\"Diploma de curso Superior espec\u00edfico para a Profiss\u00e3o com registro no respectivo Conselho profissional\" data-balloon-pos=\"up\">NUTRICIONISTA<\/span><\/td>\r\n<td class=\"cvagas\">01<\/td>\r\n<td class=\"cremuneracao\">R$ 4.304,24 \/40h<\/td>\r\n<\/tr>\r\n    <\/tbody>\r\n  <\/table>\r\n<\/div>"},"_links":{"self":[{"href":"https:\/\/www.agrobase.com.br\/concursos\/wp-json\/wp\/v2\/posts\/266339","targetHints":{"allow":["GET"]}}],"collection":[{"href":"https:\/\/www.agrobase.com.br\/concursos\/wp-json\/wp\/v2\/posts"}],"about":[{"href":"https:\/\/www.agrobase.com.br\/concursos\/wp-json\/wp\/v2\/types\/post"}],"author":[{"embeddable":true,"href":"https:\/\/www.agrobase.com.br\/concursos\/wp-json\/wp\/v2\/users\/7"}],"replies":[{"embeddable":true,"href":"https:\/\/www.agrobase.com.br\/concursos\/wp-json\/wp\/v2\/comments?post=266339"}],"version-history":[{"count":3,"href":"https:\/\/www.agrobase.com.br\/concursos\/wp-json\/wp\/v2\/posts\/266339\/revisions"}],"predecessor-version":[{"id":266343,"href":"https:\/\/www.agrobase.com.br\/concursos\/wp-json\/wp\/v2\/posts\/266339\/revisions\/266343"}],"wp:featuredmedia":[{"embeddable":true,"href":"https:\/\/www.agrobase.com.br\/concursos\/wp-json\/wp\/v2\/media\/266338"}],"wp:attachment":[{"href":"https:\/\/www.agrobase.com.br\/concursos\/wp-json\/wp\/v2\/media?parent=266339"}],"wp:term":[{"taxonomy":"category","embeddable":true,"href":"https:\/\/www.agrobase.com.br\/concursos\/wp-json\/wp\/v2\/categories?post=266339"},{"taxonomy":"post_tag","embeddable":true,"href":"https:\/\/www.agrobase.com.br\/concursos\/wp-json\/wp\/v2\/tags?post=266339"},{"taxonomy":"_amplo","embeddable":true,"href":"https:\/\/www.agrobase.com.br\/concursos\/wp-json\/wp\/v2\/_amplo?post=266339"},{"taxonomy":"destaque","embeddable":true,"href":"https:\/\/www.agrobase.com.br\/concursos\/wp-json\/wp\/v2\/destaque?post=266339"},{"taxonomy":"instituicoes","embeddable":true,"href":"https:\/\/www.agrobase.com.br\/concursos\/wp-json\/wp\/v2\/instituicoes?post=266339"}],"curies":[{"name":"wp","href":"https:\/\/api.w.org\/{rel}","templated":true}]}}