{"id":266326,"date":"2025-05-27T07:00:01","date_gmt":"2025-05-27T10:00:01","guid":{"rendered":"https:\/\/www.agrobase.com.br\/concursos\/?p=266326"},"modified":"2025-05-26T11:07:17","modified_gmt":"2025-05-26T14:07:17","slug":"ufpb-pb-concurso-30-2025","status":"publish","type":"post","link":"https:\/\/www.agrobase.com.br\/concursos\/2025\/ufpb-pb-concurso-30-2025\/","title":{"rendered":"UFPB (PB) &#8211; Concurso 30\/2025"},"content":{"rendered":"<h2>Informa\u00e7\u00f5es Gerais<\/h2>\n<p>A Universidade Federal da Para\u00edba (UFPB) anuncia a abertura do <strong>Concurso P\u00fablico de Provas e T\u00edtulos para Professor do Magist\u00e9rio Superior<\/strong>, regido pelo Edital N\u00ba 30\/2025 &#8211; PROGEP-DSP. O edital j\u00e1 foi publicado e o certame visa o provimento de cargos efetivos para o quadro de pessoal da Universidade, sob o regime jur\u00eddico Estatut\u00e1rio, conforme a Lei n\u00ba 8.112\/90. <\/p>\n<p>Todas as oportunidades s\u00e3o destinadas a profissionais com n\u00edvel superior, contemplando diversas \u00e1reas do conhecimento, como: Ci\u00eancias Agr\u00e1rias, Ci\u00eancias Biol\u00f3gicas, Ci\u00eancias da Sa\u00fade, Ci\u00eancias Humanas, Ci\u00eancias Sociais Aplicadas, Lingu\u00edstica, Letras e Artes. Para os profissionais das \u00e1reas de <em>Zootecnia<\/em> (com foco em Melhoramento Gen\u00e9tico Animal) e <em>Ci\u00eancias Biol\u00f3gicas<\/em> (com vagas em Embriologia e Anatomia Humana), este concurso representa uma excelente oportunidade. Continue a leitura para obter informa\u00e7\u00f5es detalhadas sobre o processo de inscri\u00e7\u00e3o, as etapas da sele\u00e7\u00e3o e como acompanhar os resultados.<\/p>\n<h2>Inscri\u00e7\u00f5es<\/h2>\n<p>As inscri\u00e7\u00f5es para o concurso estar\u00e3o abertas no per\u00edodo de <strong>21 de maio de 2025 a 20 de junho de 2025<\/strong>. O valor da taxa de inscri\u00e7\u00e3o varia conforme o regime de trabalho:<\/p>\n<ul>\n<li>R$ 60,00 para regime de trabalho de 20 horas (T-20);<\/li>\n<li>R$ 160,00 para regime de trabalho de Dedica\u00e7\u00e3o Exclusiva (DE).<\/li>\n<\/ul>\n<p>As inscri\u00e7\u00f5es devem ser realizadas <strong>presencialmente<\/strong> na secretaria do departamento acad\u00eamico respons\u00e1vel pela \u00e1rea de interesse, ou por <strong>procura\u00e7\u00e3o<\/strong> (observando os requisitos legais), ou ainda por <strong>via postal expressa (tipo Sedex)<\/strong>, conforme os endere\u00e7os e hor\u00e1rios listados no Anexo I do edital. O Requerimento de Inscri\u00e7\u00e3o estar\u00e1 dispon\u00edvel no endere\u00e7o eletr\u00f4nico <a href=\"http:\/\/www.progep.ufpb.br\/progep\/colecoes\/editais-docente\" target=\"_blank\" rel=\"noopener noreferrer\">http:\/\/www.progep.ufpb.br\/progep\/colecoes\/editais-docente<\/a>.<\/p>\n<p>O pagamento da taxa deve ser efetuado mediante Guia de Recolhimento da Uni\u00e3o (GRU SIMPLES), gerada no portal do Tesouro Nacional (<a href=\"https:\/\/pagtesouro.tesouro.gov.br\/portal-gru\/#\/emissao-gru\" target=\"_blank\" rel=\"noopener noreferrer\">https:\/\/pagtesouro.tesouro.gov.br<\/a>), utilizando os seguintes dados: Unidade Gestora Arrecadadora: 153065; C\u00f3digo de recolhimento: 28883-7; CPF e nome do candidato; n\u00famero de refer\u00eancia: 150647254; compet\u00eancia: m\u00eas e ano do pagamento; vencimento: data do pagamento. <strong>N\u00e3o ser\u00e3o aceitos comprovantes de agendamento de pagamento.<\/strong><\/p>\n<p>No ato da inscri\u00e7\u00e3o, ser\u00e1 necess\u00e1rio apresentar o Requerimento de Inscri\u00e7\u00e3o preenchido, comprovante de recolhimento da taxa de inscri\u00e7\u00e3o, c\u00f3pia de documento oficial de identidade com foto e Cadastro de Pessoa F\u00edsica (CPF), e uma foto 3&#215;4 recente. Para inscri\u00e7\u00f5es por procura\u00e7\u00e3o ou via postal, consulte os requisitos adicionais detalhados no item 4.2 do edital. \u00c9 permitida a inscri\u00e7\u00e3o em mais de uma \u00e1rea, desde que haja o pagamento de uma GRU distinta para cada inscri\u00e7\u00e3o e o candidato verifique a compatibilidade dos cronogramas de provas.<\/p>\n<p>Recomenda-se a leitura atenta do item 4 do edital para todos os detalhes sobre o procedimento de inscri\u00e7\u00e3o, documenta\u00e7\u00e3o exigida e endere\u00e7os dos departamentos.<\/p>\n<h2>Etapas e Provas<\/h2>\n<p>O processo seletivo para Professor do Magist\u00e9rio Superior da UFPB ser\u00e1 composto por quatro etapas principais, conforme detalhado abaixo:<\/p>\n<ul>\n<li><strong>Prova Escrita:<\/strong> De car\u00e1ter eliminat\u00f3rio. Consistir\u00e1 em uma disserta\u00e7\u00e3o referente a um dos temas constantes do programa da \u00e1rea de conhecimento, sorteado na presen\u00e7a dos candidatos antes do in\u00edcio da prova. Ter\u00e1 dura\u00e7\u00e3o improrrog\u00e1vel de at\u00e9 4 horas. Ser\u00e3o avaliados o dom\u00ednio do assunto (0 a 60 pontos), a estrutura\u00e7\u00e3o coerente do texto (0 a 20 pontos) e a clareza e precis\u00e3o de linguagem (0 a 20 pontos). \u00c9 necess\u00e1rio obter m\u00e9dia m\u00ednima de 70 pontos para avan\u00e7ar \u00e0 Prova Did\u00e1tica.<\/li>\n<li><strong>Prova Did\u00e1tica:<\/strong> De car\u00e1ter eliminat\u00f3rio, realizada em sess\u00e3o p\u00fablica com grava\u00e7\u00e3o de \u00e1udio e v\u00eddeo. Implicar\u00e1 no desenvolvimento de um tema sorteado, no m\u00ednimo, 24 horas antes do in\u00edcio da prova. A fase te\u00f3rica da prova did\u00e1tica ter\u00e1 dura\u00e7\u00e3o m\u00ednima de 40 minutos e m\u00e1xima de 50 minutos. Os candidatos poder\u00e3o ser submetidos a argui\u00e7\u00e3o pela Comiss\u00e3o Examinadora. \u00c9 exigida a entrega de uma c\u00f3pia do plano de aula a cada membro da Comiss\u00e3o no in\u00edcio da prova. A m\u00e9dia m\u00ednima para aprova\u00e7\u00e3o nesta etapa e seguir para a pr\u00f3xima \u00e9 de 70 pontos.<\/li>\n<li><strong>Prova de Plano de Trabalho:<\/strong> De car\u00e1ter eliminat\u00f3rio, p\u00fablica e gravada em \u00e1udio e v\u00eddeo. O candidato apresentar\u00e1 um plano de trabalho de sua autoria, relacionado \u00e0 \u00e1rea de conhecimento do concurso, abordando atividades de Ensino, Pesquisa e Extens\u00e3o. A entrega do plano de trabalho (em 3 vias) ocorre no in\u00edcio da realiza\u00e7\u00e3o da Prova Did\u00e1tica do candidato. A apresenta\u00e7\u00e3o oral ter\u00e1 dura\u00e7\u00e3o m\u00ednima de 30 minutos e m\u00e1xima de 40 minutos, seguida de argui\u00e7\u00e3o pela Comiss\u00e3o Examinadora. A m\u00e9dia m\u00ednima para aprova\u00e7\u00e3o \u00e9 de 70 pontos.<\/li>\n<li><strong>Exame de T\u00edtulos:<\/strong> De car\u00e1ter classificat\u00f3rio. Participar\u00e3o desta etapa os candidatos que obtiverem nota m\u00e9dia igual ou superior a 70 pontos em todas as etapas anteriores. A Comiss\u00e3o Examinadora apreciar\u00e1 e pontuar\u00e1 os t\u00edtulos devidamente comprovados (curr\u00edculo no modelo Lattes), referentes \u00e0 experi\u00eancia docente, cient\u00edfica, t\u00e9cnica, tecnol\u00f3gica, extensionista, cultural, art\u00edstica ou profissional, bem como trabalhos realizados ou publicados nos \u00faltimos 5 anos, conforme disposto na Resolu\u00e7\u00e3o n\u00ba 74\/2013 do Consepe e no Anexo III do edital.<\/li>\n<\/ul>\n<p>As provas escrita, did\u00e1tica e de plano de trabalho ser\u00e3o expressas na l\u00edngua portuguesa, ressalvadas aquelas referentes aos concursos para preenchimento de vagas na \u00e1rea de l\u00ednguas estrangeiras e de Libras. O cronograma espec\u00edfico de cada concurso, incluindo as datas das provas, ser\u00e1 fornecido pelo departamento acad\u00eamico respons\u00e1vel no ato da inscri\u00e7\u00e3o. O edital apresenta datas prov\u00e1veis para a realiza\u00e7\u00e3o das provas de algumas \u00e1reas.<\/p>\n<p>Para informa\u00e7\u00f5es completas sobre o conte\u00fado program\u00e1tico, crit\u00e9rios de avalia\u00e7\u00e3o detalhados de cada etapa, itens de julgamento e o cronograma espec\u00edfico para cada \u00e1rea, \u00e9 fundamental a consulta ao edital completo e \u00e0 Resolu\u00e7\u00e3o n\u00ba 74\/2013 do Consepe\/UFPB, dispon\u00edveis no site da Progep.<\/p>\n<h2>Resultados e Gabarito<\/h2>\n<p>A divulga\u00e7\u00e3o dos resultados preliminares de cada etapa ocorrer\u00e1 conforme o cronograma espec\u00edfico de cada departamento acad\u00eamico, sendo a aprova\u00e7\u00e3o em uma fase requisito para participa\u00e7\u00e3o na subsequente. A classifica\u00e7\u00e3o final no concurso ser\u00e1 feita em ordem decrescente da nota final de cada candidato. Esta nota final corresponde \u00e0 m\u00e9dia ponderada das notas obtidas nas provas escrita (peso 3,0), did\u00e1tica (peso 3,0), de plano de trabalho (peso 2,0) e no exame de t\u00edtulos (peso 2,0).<\/p>\n<p>Em caso de empate na nota final, ser\u00e3o aplicados os seguintes crit\u00e9rios de desempate, sucessivamente:<\/p>\n<ul>\n<li>Idade mais elevada, nos termos do par\u00e1grafo \u00fanico do art. 27 da Lei n\u00ba 10.741\/2003 (Estatuto do Idoso);<\/li>\n<li>Maior nota na prova did\u00e1tica;<\/li>\n<li>Maior nota na prova escrita;<\/li>\n<li>Maior nota no exame de t\u00edtulos;<\/li>\n<li>Maior nota na prova de plano de trabalho;<\/li>\n<li>Tiver exercido efetivamente a fun\u00e7\u00e3o de jurado no per\u00edodo entre a data de publica\u00e7\u00e3o da Lei n\u00ba 11.689\/2008 e a data de t\u00e9rmino das inscri\u00e7\u00f5es.<\/li>\n<\/ul>\n<p>Ap\u00f3s a conclus\u00e3o de todas as etapas e recursos, o resultado final do concurso ser\u00e1 homologado pelo respectivo Conselho de Centro da unidade acad\u00eamica. A homologa\u00e7\u00e3o ser\u00e1 publicada no Di\u00e1rio Oficial da Uni\u00e3o, contendo tr\u00eas listagens: a lista geral com todos os candidatos aprovados, uma lista espec\u00edfica para candidatos aprovados nas cotas para pessoas com defici\u00eancia, e outra lista espec\u00edfica para candidatos aprovados nas cotas para pessoas pretas ou pardas. O prazo de validade de cada um dos concursos \u00e9 de 1 (um) ano, contado a partir da data de publica\u00e7\u00e3o da homologa\u00e7\u00e3o dos resultados finais no Di\u00e1rio Oficial da Uni\u00e3o, podendo ser prorrogado uma \u00fanica vez por igual per\u00edodo.<\/p>\n<p>A convoca\u00e7\u00e3o dos candidatos nomeados ser\u00e1 publicada no Di\u00e1rio Oficial da Uni\u00e3o. Os candidatos devem acompanhar ativamente estas publica\u00e7\u00f5es para tomar posse na Pr\u00f3-Reitoria de Gest\u00e3o de Pessoas (Progep) da UFPB, no prazo de 30 dias contados da publica\u00e7\u00e3o do ato de provimento.<\/p>\n<p>\u00c9 de inteira responsabilidade do candidato o acompanhamento de todas as publica\u00e7\u00f5es dos editais, informa\u00e7\u00f5es, avisos, resultados e convoca\u00e7\u00f5es, seja pelo Di\u00e1rio Oficial da Uni\u00e3o, pelos quadros de aviso do departamento acad\u00eamico respons\u00e1vel pelo concurso, ou pelos sites da UFPB.<\/p>\n","protected":false},"excerpt":{"rendered":"<p>Concurso UFPB (PB) com edital publicado! Vagas p\/ Qu\u00edmica e Pedagogia (Superior). Inscri\u00e7\u00f5es a partir de 21\/05. Sal\u00e1rios at\u00e9 R$ 14.2k. Confira detalhes!<\/p>\n","protected":false},"author":7,"featured_media":266325,"comment_status":"open","ping_status":"open","sticky":false,"template":"","format":"standard","meta":{"_acf_changed":false,"_breakdance_hide_in_design_set":false,"_breakdance_tags":"","footnotes":""},"categories":[6433,121,120,19,100,20,25,124,27,110,118,134,28],"tags":[53],"_amplo":[],"destaque":[],"instituicoes":[],"class_list":["post-266326","post","type-post","status-publish","format-standard","has-post-thumbnail","hentry","category-biologia-licenciatura","category-ciencias-sociais","category-comunicacao-social","category-fonoaudiologia","category-historia","category-letras","category-pedagogia","category-publicidade","category-quimica","category-relacoes-publicas","category-sociologia","category-terapia-ocupacional","category-zootecnia","tag-paraiba"],"acf":{"_tipo_vagas":"vagas","_numero_vagas":"","_quadro_vagas":"","_cargos":"diversos","_cargos_especificos":"","_salario_max":"R$ 14288.85","_abertura":"20250521","_encerramento":"20250620","_inscricoes":"http:\/\/www.progep.ufpb.br\/progep\/colecoes\/editais-docente","_executora_concurso":"","_instituicao_concurso":[],"_link_adicional":null,"_anexos":null,"_produtos":null,"_vagas":"17 vagas + CR","_salario_min":"R$ 5367.43","_instituicao":"Universidade Federal da Para\u00edba","_edital":"https:\/\/www.agrobase.com.br\/concursos\/wp-content\/uploads\/sites\/4\/2025\/05\/edital-30-2025-ufpb.pdf","_anexos_edital":"","_fund_incompleto":"","_fund_completo":"","_medio":"","_superior":"<div>\r\n<table class=\"quadro\">\r\n<thead>\r\n<tr>\r\n<th class=\"hcargo\">Cargo<\/th>\r\n<th class=\"hvagas\">Vagas<\/th>\r\n<th class=\"hremuneracao\">Remunera\u00e7\u00e3o<\/th>\r\n<\/tr>\r\n<\/thead>\r\n    <tbody>\r\n      <tr>\r\n<td class=\"ccargos\">\r\n<span data-balloon-length=\"medium\" aria-label=\"Gradua\u00e7\u00e3o em Licenciatura em Qu\u00edmica ou Bacharelado em Qu\u00edmica; com Doutorado em Qu\u00edmica Inorg\u00e2nica\" data-balloon-pos=\"up\">Qu\u00edmica inorg\u00e2nica<\/span><\/td>\r\n<td class=\"cvagas\">01 + CR<\/td>\r\n<td class=\"cremuneracao\">R$ 14.288,85 \/40h<\/td>\r\n<\/tr><tr>\r\n<td class=\"ccargos\">\r\n<span data-balloon-length=\"medium\" aria-label=\"Doutorado em zootecnia ou \u00e1reas afins\" data-balloon-pos=\"up\">Melhoramento gen\u00e9tico animal<\/span><\/td>\r\n<td class=\"cvagas\">01 + CR<\/td>\r\n<td class=\"cremuneracao\">R$ 14.288,85 \/40h<\/td>\r\n<\/tr><tr>\r\n<td class=\"ccargos\">\r\n<span data-balloon-length=\"medium\" aria-label=\"Licenciatura em Pedagogia e Doutorado em Educa\u00e7\u00e3o\" data-balloon-pos=\"up\">Organiza\u00e7\u00e3o do trabalho pedag\u00f3gico e alfabetiza\u00e7\u00e3o<\/span><\/td>\r\n<td class=\"cvagas\">02 + CR<\/td>\r\n<td class=\"cremuneracao\">R$ 14.288,85 \/40h<\/td>\r\n<\/tr><tr>\r\n<td class=\"ccargos\">\r\n<span data-balloon-length=\"medium\" aria-label=\"Licenciatura em letras com habilita\u00e7\u00e3o em l\u00edngua inglesa. Doutorado em Letras, Lingu\u00edstica, Lingu\u00edstica Aplicada, Ci\u00eancias da Linguagem, Estudos da Linguagem, L\u00edngua Inglesa, Literatura e interculturalidade, linguagem e ensino, Estudos da Tradu\u00e7\u00e3o, Tradu\u00e7\u00e3o, Lingu\u00edstica e literatura, L\u00edngua e Cultura ou Literatura e Cultura\" data-balloon-pos=\"up\">L\u00edngua Inglesa<\/span><\/td>\r\n<td class=\"cvagas\">01 + CR<\/td>\r\n<td class=\"cremuneracao\">R$ 14.288,85 \/40h<\/td>\r\n<\/tr><tr>\r\n<td class=\"ccargos\">\r\n<span data-balloon-length=\"medium\" aria-label=\"Gradua\u00e7\u00e3o em Terapia Ocupacional e Doutorado em Terapia Ocupacional ou \u00c1reas Afins\" data-balloon-pos=\"up\">Fundamentos da Terapia Ocupacional e Pr\u00e1ticas da Terapia Ocupacional no Campo Social<\/span><\/td>\r\n<td class=\"cvagas\">01 + CR<\/td>\r\n<td class=\"cremuneracao\">R$ 14.288,85 \/40h<\/td>\r\n<\/tr><tr>\r\n<td class=\"ccargos\">\r\n<span data-balloon-length=\"medium\" aria-label=\"Gradua\u00e7\u00e3o em Terapia Ocupacional e Doutorado em Terapia Ocupacional ou \u00c1reas Afins\" data-balloon-pos=\"up\">Sa\u00fade funcional adulto<\/span><\/td>\r\n<td class=\"cvagas\">01 + CR<\/td>\r\n<td class=\"cremuneracao\">R$ 14.288,85 \/40h<\/td>\r\n<\/tr><tr>\r\n<td class=\"ccargos\">\r\n<span data-balloon-length=\"medium\" aria-label=\"Diploma de gradua\u00e7\u00e3o em \u00e1rea da Sa\u00fade ou das Ci\u00eancias Biol\u00f3gicas. Doutorado na \u00e1rea de Ci\u00eancias Morfol\u00f3gicas, Ci\u00eancias Biol\u00f3gicas ou Ci\u00eancias da Sa\u00fade\" data-balloon-pos=\"up\">Embriologia<\/span><\/td>\r\n<td class=\"cvagas\">01 + CR<\/td>\r\n<td class=\"cremuneracao\">R$ 5.367,43 \/20h<\/td>\r\n<\/tr><tr>\r\n<td class=\"ccargos\">\r\n<span data-balloon-length=\"medium\" aria-label=\"Diploma de Gradua\u00e7\u00e3o em \u00c1rea de Sa\u00fade ou \u00c1rea das Ci\u00eancias Biol\u00f3gicas. Doutorado na \u00c1rea de Ci\u00eancias Morfol\u00f3gicas, Ci\u00eancias Biol\u00f3gicas ou Ci\u00eancias da Sa\u00fade, de acordo com os crit\u00e9rios da CAPES\" data-balloon-pos=\"up\">Anatomia Humana<\/span><\/td>\r\n<td class=\"cvagas\">01 + CR<\/td>\r\n<td class=\"cremuneracao\">R$ 14.288,85 \/40h<\/td>\r\n<\/tr><tr>\r\n<td class=\"ccargos\">\r\n<span data-balloon-length=\"medium\" aria-label=\"Diploma de Gradua\u00e7\u00e3o em Fonoaudiologia e Doutorado em Fonoaudiologia ou \u00e1reas afins\" data-balloon-pos=\"up\">Audiologia<\/span><\/td>\r\n<td class=\"cvagas\">02 + CR<\/td>\r\n<td class=\"cremuneracao\">R$ 14.288,85 \/40h<\/td>\r\n<\/tr><tr>\r\n<td class=\"ccargos\">\r\n<span data-balloon-length=\"medium\" aria-label=\"Diploma de gradua\u00e7\u00e3o em Comunica\u00e7\u00e3o Social com habilita\u00e7\u00e3o em Rela\u00e7\u00f5es P\u00fablicas, Rela\u00e7\u00f5es P\u00fablicas, Publicidade e Propaganda ou M\u00eddias Digitais; Doutorado em Comunica\u00e7\u00e3o, Sociologia ou Ci\u00eancias da Informa\u00e7\u00e3o\" data-balloon-pos=\"up\">Comunica\u00e7\u00e3o Digital em Rela\u00e7\u00f5es P\u00fablicas<\/span><\/td>\r\n<td class=\"cvagas\">01 + CR<\/td>\r\n<td class=\"cremuneracao\">R$ 14.288,85 \/40h<\/td>\r\n<\/tr><tr>\r\n<td class=\"ccargos\">\r\n<span data-balloon-length=\"medium\" aria-label=\"Gradua\u00e7\u00e3o em Letras-Ingl\u00eas ou Letras Habilita\u00e7\u00e3o L\u00edngua Inglesa ou Letras Habilita\u00e7\u00e3o Portugu\u00eas-Ingl\u00eas; com Doutorado em Letras, ou em Literatura, ou em Teoria Liter\u00e1ria, ou em Tradu\u00e7\u00e3o, ou em Literatura Comparada, ou em Literatura e Interculturalidade, ou em Literatura e Ensino\" data-balloon-pos=\"up\">Literatura em L\u00edngua Inglesa<\/span><\/td>\r\n<td class=\"cvagas\">01 + CR<\/td>\r\n<td class=\"cremuneracao\">R$ 14.288,85 \/40h<\/td>\r\n<\/tr><tr>\r\n<td class=\"ccargos\">\r\n<span data-balloon-length=\"medium\" aria-label=\"Gradua\u00e7\u00e3o em Hist\u00f3ria e Doutorado em Hist\u00f3ria\" data-balloon-pos=\"up\">Hist\u00f3ria da \u00c1frica<\/span><\/td>\r\n<td class=\"cvagas\">01 + CR<\/td>\r\n<td class=\"cremuneracao\">R$ 14.288,85 \/40h<\/td>\r\n<\/tr><tr>\r\n<td class=\"ccargos\">\r\n<span data-balloon-length=\"medium\" aria-label=\"Bacharelado ou Licenciatura em Ci\u00eancias da Religi\u00e3o, Mestrado em Ci\u00eancias da Religi\u00e3o e Doutorado em Ci\u00eancias da Religi\u00e3o\" data-balloon-pos=\"up\">Est\u00e1gio Supervisionado em Ci\u00eancias das Religi\u00f5es<\/span><\/td>\r\n<td class=\"cvagas\">01 + CR<\/td>\r\n<td class=\"cremuneracao\">R$ 14.288,85 \/40h<\/td>\r\n<\/tr><tr>\r\n<td class=\"ccargos\">\r\n<span data-balloon-length=\"medium\" aria-label=\"Licenciatura em Pedagogia ou Licenciatura em Sociologia, ou Licenciatura em Ci\u00eancias Sociais, ou Licenciatura em Hist\u00f3ria e Doutorado em Educa\u00e7\u00e3o\" data-balloon-pos=\"up\">Fundamentos S\u00f3cio-hist\u00f3ricos da Educa\u00e7\u00e3o<\/span><\/td>\r\n<td class=\"cvagas\">01 + CR<\/td>\r\n<td class=\"cremuneracao\">R$ 14.288,85 \/40h<\/td>\r\n<\/tr><tr>\r\n<td class=\"ccargos\">\r\n<span data-balloon-length=\"medium\" aria-label=\"Licenciatura em qualquer \u00e1rea, com Doutorado em Educa\u00e7\u00e3o\" data-balloon-pos=\"up\">Pol\u00edtica Educacional<\/span><\/td>\r\n<td class=\"cvagas\">01 + CR<\/td>\r\n<td class=\"cremuneracao\">R$ 14.288,85 \/40h<\/td>\r\n<\/tr>\r\n    <\/tbody>\r\n  <\/table>\r\n<\/div>"},"_links":{"self":[{"href":"https:\/\/www.agrobase.com.br\/concursos\/wp-json\/wp\/v2\/posts\/266326","targetHints":{"allow":["GET"]}}],"collection":[{"href":"https:\/\/www.agrobase.com.br\/concursos\/wp-json\/wp\/v2\/posts"}],"about":[{"href":"https:\/\/www.agrobase.com.br\/concursos\/wp-json\/wp\/v2\/types\/post"}],"author":[{"embeddable":true,"href":"https:\/\/www.agrobase.com.br\/concursos\/wp-json\/wp\/v2\/users\/7"}],"replies":[{"embeddable":true,"href":"https:\/\/www.agrobase.com.br\/concursos\/wp-json\/wp\/v2\/comments?post=266326"}],"version-history":[{"count":3,"href":"https:\/\/www.agrobase.com.br\/concursos\/wp-json\/wp\/v2\/posts\/266326\/revisions"}],"predecessor-version":[{"id":266332,"href":"https:\/\/www.agrobase.com.br\/concursos\/wp-json\/wp\/v2\/posts\/266326\/revisions\/266332"}],"wp:featuredmedia":[{"embeddable":true,"href":"https:\/\/www.agrobase.com.br\/concursos\/wp-json\/wp\/v2\/media\/266325"}],"wp:attachment":[{"href":"https:\/\/www.agrobase.com.br\/concursos\/wp-json\/wp\/v2\/media?parent=266326"}],"wp:term":[{"taxonomy":"category","embeddable":true,"href":"https:\/\/www.agrobase.com.br\/concursos\/wp-json\/wp\/v2\/categories?post=266326"},{"taxonomy":"post_tag","embeddable":true,"href":"https:\/\/www.agrobase.com.br\/concursos\/wp-json\/wp\/v2\/tags?post=266326"},{"taxonomy":"_amplo","embeddable":true,"href":"https:\/\/www.agrobase.com.br\/concursos\/wp-json\/wp\/v2\/_amplo?post=266326"},{"taxonomy":"destaque","embeddable":true,"href":"https:\/\/www.agrobase.com.br\/concursos\/wp-json\/wp\/v2\/destaque?post=266326"},{"taxonomy":"instituicoes","embeddable":true,"href":"https:\/\/www.agrobase.com.br\/concursos\/wp-json\/wp\/v2\/instituicoes?post=266326"}],"curies":[{"name":"wp","href":"https:\/\/api.w.org\/{rel}","templated":true}]}}