{"id":266232,"date":"2025-05-23T08:00:03","date_gmt":"2025-05-23T11:00:03","guid":{"rendered":"https:\/\/www.agrobase.com.br\/concursos\/?p=266232"},"modified":"2025-05-22T16:00:56","modified_gmt":"2025-05-22T19:00:56","slug":"prefeitura-moreno-pe-selecao-simplificada-01-2025","status":"publish","type":"post","link":"https:\/\/www.agrobase.com.br\/concursos\/2025\/prefeitura-moreno-pe-selecao-simplificada-01-2025\/","title":{"rendered":"Prefeitura Moreno (PE) &#8211; Sele\u00e7\u00e3o Simplificada 01\/2025"},"content":{"rendered":"<h2>Informa\u00e7\u00f5es Gerais<\/h2>\n<p>A Prefeitura Municipal de Moreno, localizada no estado de Pernambuco, por interm\u00e9dio da Secretaria Municipal de Assist\u00eancia Social, anunciou a abertura da <strong>Sele\u00e7\u00e3o P\u00fablica Simplificada n\u00ba 01\/2025<\/strong>, conforme edital publicado em 19 de maio de 2025. Este processo seletivo tem como objetivo principal o preenchimento de <strong>57 vagas<\/strong> para contrata\u00e7\u00e3o tempor\u00e1ria de profissionais que atuar\u00e3o diretamente na Secretaria Municipal de Assist\u00eancia Social. Al\u00e9m das vagas imediatas, ser\u00e1 formado um cadastro de reserva para futuras necessidades que possam surgir durante o prazo de validade do certame. O regime de contrata\u00e7\u00e3o \u00e9 tempor\u00e1rio, em conson\u00e2ncia com o artigo 37, inciso IX, da Constitui\u00e7\u00e3o Federal, e as leis municipais que regem a mat\u00e9ria, visando atender a necessidades de excepcional interesse p\u00fablico.<\/p>\n<p>As oportunidades abrangem diversos n\u00edveis de escolaridade, incluindo <strong>fundamental completo, m\u00e9dio\/t\u00e9cnico e superior<\/strong>, contemplando uma variedade de fun\u00e7\u00f5es essenciais para o funcionamento dos servi\u00e7os de assist\u00eancia social. Entre as \u00e1reas com vagas, destaca-se a presen\u00e7a de oportunidades para <strong>Nutricionista<\/strong>. A sele\u00e7\u00e3o p\u00fablica simplificada ter\u00e1 validade de 02 (dois) anos, a partir da data de publica\u00e7\u00e3o da homologa\u00e7\u00e3o do seu resultado final, com possibilidade de prorroga\u00e7\u00e3o por igual per\u00edodo, a crit\u00e9rio da administra\u00e7\u00e3o municipal. Para conhecer todos os detalhes sobre como participar, as fases do processo seletivo e o cronograma, continue a leitura das informa\u00e7\u00f5es a seguir.<\/p>\n<h2>Inscri\u00e7\u00f5es<\/h2>\n<p>As inscri\u00e7\u00f5es para a Sele\u00e7\u00e3o P\u00fablica Simplificada da Prefeitura de Moreno (PE) estar\u00e3o abertas no per\u00edodo de <strong>21 de maio de 2025 a 16 de junho de 2025<\/strong>. Todo o processo de inscri\u00e7\u00e3o ser\u00e1 realizado exclusivamente pela internet, atrav\u00e9s do endere\u00e7o eletr\u00f4nico oficial da banca organizadora, o Instituto Darwin: <em>www.institutodarwin.org<\/em>. \u00c9 fundamental que os candidatos leiam atentamente o edital antes de realizar a inscri\u00e7\u00e3o para certificar-se de que preenchem todos os requisitos exigidos para a fun\u00e7\u00e3o desejada.<\/p>\n<p>Para se inscrever, o candidato dever\u00e1 acessar o site, localizar o link referente \u00e0 sele\u00e7\u00e3o, realizar o login ou cadastro, preencher a ficha de inscri\u00e7\u00e3o e, em seguida, imprimir o boleto banc\u00e1rio para pagamento da taxa. O valor da taxa de inscri\u00e7\u00e3o \u00e9 referente \u00e0 fun\u00e7\u00e3o \u00e0 qual deseja concorrer e o pagamento deve ser efetuado em qualquer ag\u00eancia da rede banc\u00e1ria at\u00e9 a data limite estabelecida no cronograma (Anexo VI do edital). O edital prev\u00ea a possibilidade de isen\u00e7\u00e3o da taxa de inscri\u00e7\u00e3o, cujos procedimentos e crit\u00e9rios devem ser consultados no documento completo. Ap\u00f3s a inscri\u00e7\u00e3o e pagamento, o candidato poder\u00e1 acompanhar o status de sua solicita\u00e7\u00e3o e obter o comprovante de inscri\u00e7\u00e3o no mesmo site. Recomenda-se a leitura integral do edital para pleno conhecimento de todas as normas e condi\u00e7\u00f5es.<\/p>\n<p>Taxas de inscri\u00e7\u00e3o e seus valores: Cargos N\u00edvel Superior R$ 60,00 (sessenta reais); Cargos N\u00edvel M\u00e9dio R$ 40,00 (quarenta reais); e Cargos N\u00edvel Fundamental R$ 35,00 (trinta e cinco reais).<\/p>\n<h2>Etapas e Provas<\/h2>\n<p>O processo seletivo da Prefeitura de Moreno (PE) ser\u00e1 realizado em <strong>etapa \u00fanica<\/strong>, consistindo na <strong>An\u00e1lise da Experi\u00eancia Profissional e de T\u00edtulos<\/strong>. Esta etapa possui car\u00e1ter tanto <em>eliminat\u00f3rio<\/em> quanto <em>classificat\u00f3rio<\/em> e ser\u00e1 aplicada a todos os candidatos devidamente inscritos na sele\u00e7\u00e3o. A avalia\u00e7\u00e3o ser\u00e1 conduzida pela banca organizadora, o Instituto Darwin, sob supervis\u00e3o da Comiss\u00e3o Coordenadora da Sele\u00e7\u00e3o.<\/p>\n<p>A documenta\u00e7\u00e3o comprobat\u00f3ria da experi\u00eancia profissional e dos t\u00edtulos dever\u00e1 ser enviada de forma eletr\u00f4nica, por meio de upload no endere\u00e7o <em>www.institutodarwin.org<\/em>, <strong>no ato da inscri\u00e7\u00e3o<\/strong>. Ser\u00e3o aceitas imagens digitalizadas nos formatos .pdf, .png, .jpeg, .gif e .jpg, com tamanho m\u00e1ximo de 2MB por arquivo. A pontua\u00e7\u00e3o total nesta etapa varia de 0 (zero) a 100 (cem) pontos, conforme os crit\u00e9rios detalhados no Anexo V do edital. Ser\u00e3o eliminados os candidatos que n\u00e3o apresentarem documento de identifica\u00e7\u00e3o e CPF ou que n\u00e3o comprovarem os requisitos m\u00ednimos exigidos para a fun\u00e7\u00e3o pleiteada, conforme Anexo II. \u00c9 fundamental que os documentos enviados estejam leg\u00edveis e completos. Para informa\u00e7\u00f5es detalhadas sobre os documentos aceitos, crit\u00e9rios de pontua\u00e7\u00e3o, e demais regras, consulte o edital completo.<\/p>\n<h2>Resultados e Gabarito<\/h2>\n<p>Os resultados da Sele\u00e7\u00e3o P\u00fablica Simplificada da Prefeitura de Moreno (PE) ser\u00e3o divulgados em etapas. Conforme o cronograma (Anexo VI do edital), o <strong>resultado preliminar da An\u00e1lise Curricular<\/strong> ser\u00e1 publicado no site <em>www.institutodarwin.org<\/em>. Os candidatos ter\u00e3o um per\u00edodo espec\u00edfico, tamb\u00e9m indicado no Anexo VI, para interpor recursos contra este resultado preliminar. Ap\u00f3s a an\u00e1lise dos recursos, ser\u00e1 divulgado o <strong>resultado definitivo da An\u00e1lise Curricular<\/strong>.<\/p>\n<p>A classifica\u00e7\u00e3o final dos candidatos ser\u00e1 feita em ordem decrescente da pontua\u00e7\u00e3o total obtida na An\u00e1lise Curricular. Em caso de empate, os crit\u00e9rios de desempate seguir\u00e3o a seguinte ordem: <\/p>\n<ul>\n<li>Idade igual ou superior a 60 (sessenta) anos, conforme Estatuto da Pessoa Idosa;<\/li>\n<li>Maior pontua\u00e7\u00e3o nos itens referente \u00e0 experi\u00eancia profissional na An\u00e1lise Curricular;<\/li>\n<li>Maior pontua\u00e7\u00e3o nos itens referentes aos t\u00edtulos de forma\u00e7\u00e3o na An\u00e1lise Curricular;<\/li>\n<li>Ter exercido a fun\u00e7\u00e3o de Jurado, nos termos do art. 440 do C\u00f3digo de Processo Penal.<\/li>\n<\/ul>\n<p> Persistindo o empate ap\u00f3s estes crit\u00e9rios, os candidatos envolvidos ser\u00e3o convocados para apresentar a certid\u00e3o de nascimento para verifica\u00e7\u00e3o do hor\u00e1rio do nascimento. O resultado final da sele\u00e7\u00e3o ser\u00e1 homologado e publicado no Di\u00e1rio Oficial do Munic\u00edpio de Moreno e divulgado no site da organizadora.<\/p>\n<p>As convoca\u00e7\u00f5es para contrata\u00e7\u00e3o ocorrer\u00e3o por meio de portaria publicada na imprensa oficial do Munic\u00edpio de Moreno, podendo a Administra\u00e7\u00e3o, a seu crit\u00e9rio, enviar comunica\u00e7\u00f5es adicionais por e-mail ou carta registrada para o endere\u00e7o informado na inscri\u00e7\u00e3o. \u00c9 de <strong>responsabilidade exclusiva do candidato<\/strong> o acompanhamento de todas as publica\u00e7\u00f5es oficiais referentes ao certame, que at\u00e9 a homologa\u00e7\u00e3o do resultado final ser\u00e3o feitas no site <em>www.institutodarwin.org<\/em>, e ap\u00f3s a homologa\u00e7\u00e3o, na imprensa oficial do Munic\u00edpio de Moreno e\/ou no endere\u00e7o eletr\u00f4nico <em>https:\/\/www.moreno.pe.gov.br\/<\/em>.<\/p>\n","protected":false},"excerpt":{"rendered":"<p>Sele\u00e7\u00e3o Simplificada Pref. Moreno (PE) com edital publicado! Vagas p\/ Assessores e Coord. Social (Fund. a Sup.). Inscri\u00e7\u00f5es a partir de 21\/05. Confira detalhes!<\/p>\n","protected":false},"author":7,"featured_media":266231,"comment_status":"open","ping_status":"open","sticky":false,"template":"","format":"standard","meta":{"_acf_changed":false,"_breakdance_hide_in_design_set":false,"_breakdance_tags":"","footnotes":""},"categories":[10,23,25,26,101],"tags":[54],"_amplo":[],"destaque":[],"instituicoes":[],"class_list":["post-266232","post","type-post","status-publish","format-standard","has-post-thumbnail","hentry","category-direito","category-nutricao","category-pedagogia","category-psicologia","category-servico-social","tag-pernambuco"],"acf":{"_tipo_vagas":"vagas","_numero_vagas":"","_quadro_vagas":"","_cargos":"diversos","_cargos_especificos":"","_salario_max":"R$ 3000","_abertura":"20250521","_encerramento":"20250616","_inscricoes":"http:\/\/www.institutodarwin.org","_executora_concurso":"","_instituicao_concurso":[],"_link_adicional":null,"_anexos":null,"_produtos":null,"_vagas":"57 vagas","_salario_min":"R$ 1518","_instituicao":"PREFEITURA MUNICIPAL DE MORENO","_edital":"https:\/\/www.agrobase.com.br\/concursos\/wp-content\/uploads\/sites\/4\/2025\/05\/edital-01-2025-moreno-pe.pdf","_anexos_edital":"https:\/\/www.agrobase.com.br\/concursos\/wp-content\/uploads\/sites\/4\/2025\/05\/anexos-edital-01-2025-moreno-pe.pdf","_fund_incompleto":"","_fund_completo":"<div>\r\n<table class=\"quadro\">\r\n<thead>\r\n<tr>\r\n<th class=\"hcargo\">Cargo<\/th>\r\n<th class=\"hvagas\">Vagas<\/th>\r\n<th class=\"hremuneracao\">Remunera\u00e7\u00e3o<\/th>\r\n<\/tr>\r\n<\/thead>\r\n    <tbody>\r\n      <td class=\"ccargos\">\r\n<span data-balloon-length=\"medium\" aria-label=\"Certificado, devidamente registrado, de Ensino Fundamental (Ficha 18), expedido por institui\u00e7\u00e3o de ensino reconhecida pelo \u00f3rg\u00e3o competente.\" data-balloon-pos=\"up\">Auxiliar de Cozinha<\/span><\/td>\r\n<td class=\"cvagas\">03<\/td>\r\n<td class=\"cremuneracao\">R$ 1.800,00 \/40h<\/td>\r\n<\/tr><td class=\"ccargos\">\r\n<span data-balloon-length=\"medium\" aria-label=\"Certificado, devidamente registrado, de Ensino Fundamental (Ficha 18), expedido por institui\u00e7\u00e3o de ensino reconhecida pelo \u00f3rg\u00e3o competente.\" data-balloon-pos=\"up\">Auxiliar de Servi\u00e7os Gerais<\/span><\/td>\r\n<td class=\"cvagas\">07<\/td>\r\n<td class=\"cremuneracao\">R$ 1.518,00 \/40h<\/td>\r\n<\/tr><td class=\"ccargos\">\r\n<span data-balloon-length=\"medium\" aria-label=\"Certificado, devidamente registrado, de Ensino Fundamental (Ficha 18), expedido por institui\u00e7\u00e3o de ensino reconhecida pelo \u00f3rg\u00e3o competente.\" data-balloon-pos=\"up\">Cozinheiro(a)<\/span><\/td>\r\n<td class=\"cvagas\">02<\/td>\r\n<td class=\"cremuneracao\">R$ 2.200,00 \/40h<\/td>\r\n<\/tr>\r\n    <\/tbody>\r\n  <\/table>\r\n<\/div>","_medio":"<div>\r\n<table class=\"quadro\">\r\n<thead>\r\n<tr>\r\n<th class=\"hcargo\">Cargo<\/th>\r\n<th class=\"hvagas\">Vagas<\/th>\r\n<th class=\"hremuneracao\">Remunera\u00e7\u00e3o<\/th>\r\n<\/tr>\r\n<\/thead>\r\n    <tbody>\r\n      <td class=\"ccargos\">\r\n<span data-balloon-length=\"medium\" aria-label=\"Certificado, devidamente registrado, de Ensino M\u00e9dio (Ficha 19), expedido por institui\u00e7\u00e3o de ensino reconhecida pelo \u00f3rg\u00e3o competente, declara\u00e7\u00e3o de curso para operacionalizar o Sistema Informatizado do Cad\u00danico (Sistema V7) e e declara\u00e7\u00e3o de curso de operacionaliza\u00e7\u00e3o o aplicativo de coleta e atualiza\u00e7\u00e3o de dados (Dataprev).\" data-balloon-pos=\"up\">Agente Social Cad\u00danico\/PBF<\/span><\/td>\r\n<td class=\"cvagas\">08<\/td>\r\n<td class=\"cremuneracao\">R$ 2.000,00 \/40h<\/td>\r\n<\/tr><td class=\"ccargos\">\r\n<span data-balloon-length=\"medium\" aria-label=\"Certificado, devidamente registrado, de Ensino M\u00e9dio (Ficha 19), expedido por institui\u00e7\u00e3o de ensino reconhecida pelo \u00f3rg\u00e3o competente.\" data-balloon-pos=\"up\">Auxiliar Administrativo 01<\/span><\/td>\r\n<td class=\"cvagas\">06<\/td>\r\n<td class=\"cremuneracao\">R$ 1.800,00 \/40h<\/td>\r\n<\/tr><td class=\"ccargos\">\r\n<span data-balloon-length=\"medium\" aria-label=\"Certificado, devidamente registrado, de Ensino M\u00e9dio (Ficha 19), expedido por institui\u00e7\u00e3o de ensino reconhecida pelo \u00f3rg\u00e3o competente.\" data-balloon-pos=\"up\">Auxiliar Administrativo 02<\/span><\/td>\r\n<td class=\"cvagas\">02<\/td>\r\n<td class=\"cremuneracao\">R$ 2.000,00 \/40h<\/td>\r\n<\/tr><td class=\"ccargos\">\r\n<span data-balloon-length=\"medium\" aria-label=\"Certificado, devidamente registrado, de Ensino M\u00e9dio (Ficha 19), expedido por institui\u00e7\u00e3o de ensino reconhecida pelo \u00f3rg\u00e3o competente.\" data-balloon-pos=\"up\">Educador(a) Social<\/span><\/td>\r\n<td class=\"cvagas\">02<\/td>\r\n<td class=\"cremuneracao\">R$ 1.800,00 \/40h<\/td>\r\n<\/tr><td class=\"ccargos\">\r\n<span data-balloon-length=\"medium\" data-balloon-pos=\"up\">Motorista<\/span><\/td>\r\n<td class=\"cvagas\">05<\/td>\r\n<td class=\"cremuneracao\">R$ 2.200,00 \/40h<\/td>\r\n<\/tr>\r\n    <\/tbody>\r\n  <\/table>\r\n<\/div>","_superior":"<div>\r\n<table class=\"quadro\">\r\n<thead>\r\n<tr>\r\n<th class=\"hcargo\">Cargo<\/th>\r\n<th class=\"hvagas\">Vagas<\/th>\r\n<th class=\"hremuneracao\">Remunera\u00e7\u00e3o<\/th>\r\n<\/tr>\r\n<\/thead>\r\n    <tbody>\r\n      <tr>\r\n<td class=\"ccargos\">\r\n<span data-balloon-length=\"medium\" aria-label=\"Diploma, devidamente registrado, de conclus\u00e3o de n\u00edvel superior em Servi\u00e7o Social, fornecido por institui\u00e7\u00e3o de ensino superior reconhecida pelo Minist\u00e9rio da Educa\u00e7\u00e3o (MEC), e registro no respectivo \u00f3rg\u00e3o de classe (OAB).\" data-balloon-pos=\"up\">Advogado (a)<\/span><\/td>\r\n<td class=\"cvagas\">01<\/td>\r\n<td class=\"cremuneracao\">R$ 2.500,00 \/20h<\/td>\r\n<\/tr><tr>\r\n<td class=\"ccargos\">\r\n<span data-balloon-length=\"medium\" aria-label=\"Diploma, Declara\u00e7\u00e3o, Certid\u00e3o ou Certificado de conclus\u00e3o de curso de Gradua\u00e7\u00e3o de Bacharelado em Servi\u00e7o Social e curso de Gradua\u00e7\u00e3o de Bacharelado em Psicologia devidamente registrado e fornecido por institui\u00e7\u00e3o reconhecida pelo Minist\u00e9rio da Educa\u00e7\u00e3o e registro no respectivo \u00f3rg\u00e3o de classe da profiss\u00e3o.\" data-balloon-pos=\"up\">Assessor(a) t\u00e9cnico(a) 01<\/span><\/td>\r\n<td class=\"cvagas\">01<\/td>\r\n<td class=\"cremuneracao\">R$ 3.000,00 \/40h<\/td>\r\n<\/tr><tr>\r\n<td class=\"ccargos\">\r\n<span data-balloon-length=\"medium\" aria-label=\"Diploma, Declara\u00e7\u00e3o, Certid\u00e3o ou Certificado de conclus\u00e3o de curso de Gradua\u00e7\u00e3o de Bacharelado em Servi\u00e7o Social e curso de Gradua\u00e7\u00e3o de Bacharelado em Psicologia devidamente registrado e fornecido por institui\u00e7\u00e3o reconhecida pelo Minist\u00e9rio da Educa\u00e7\u00e3o e registro no respectivo \u00f3rg\u00e3o de classe da profiss\u00e3o.\" data-balloon-pos=\"up\">Assessor(a) t\u00e9cnico(a) 02<\/span><\/td>\r\n<td class=\"cvagas\">01<\/td>\r\n<td class=\"cremuneracao\">R$ 3.000,00 \/40h<\/td>\r\n<\/tr><tr>\r\n<td class=\"ccargos\">\r\n<span data-balloon-length=\"medium\" aria-label=\"Diploma, Declara\u00e7\u00e3o, Certid\u00e3o ou Certificado de conclus\u00e3o de curso de Gradua\u00e7\u00e3o de Bacharelado em Servi\u00e7o Social e registro no respectivo \u00f3rg\u00e3o de classe da profiss\u00e3o.\" data-balloon-pos=\"up\">Assistente Social -T\u00e9cnico (A) Social Prote\u00e7\u00e3o Social B\u00e1sica<\/span><\/td>\r\n<td class=\"cvagas\">04<\/td>\r\n<td class=\"cremuneracao\">R$ 2.500,00 \/30h<\/td>\r\n<\/tr><tr>\r\n<td class=\"ccargos\">\r\n<span data-balloon-length=\"medium\" aria-label=\"Diploma, Declara\u00e7\u00e3o, Certid\u00e3o ou Certificado de conclus\u00e3o de curso de Gradua\u00e7\u00e3o de Bacharelado em Servi\u00e7o Social e registro no respectivo \u00f3rg\u00e3o de classe da profiss\u00e3o.\" data-balloon-pos=\"up\">Assistente Social -T\u00e9cnico (A) Social Prote\u00e7\u00e3o Social Especial<\/span><\/td>\r\n<td class=\"cvagas\">03<\/td>\r\n<td class=\"cremuneracao\">R$ 2.500,00 \/30h<\/td>\r\n<\/tr><tr>\r\n<td class=\"ccargos\">\r\n<span data-balloon-length=\"medium\" aria-label=\"Diploma, Declara\u00e7\u00e3o, Certid\u00e3o ou Certificado de conclus\u00e3o de curso de Gradua\u00e7\u00e3o em Pedagogia ou Psicologia ou Servi\u00e7o Social, devidamente registrado e fornecido por institui\u00e7\u00e3o reconhecida e registro no respectivo \u00f3rg\u00e3o de classe da profiss\u00e3o.\" data-balloon-pos=\"up\">Coordenador(a) Social do SCFV<\/span><\/td>\r\n<td class=\"cvagas\">01<\/td>\r\n<td class=\"cremuneracao\">R$ 3.000,00 \/40h<\/td>\r\n<\/tr><tr>\r\n<td class=\"ccargos\">\r\n<span data-balloon-length=\"medium\" aria-label=\"Diploma, Declara\u00e7\u00e3o, Certid\u00e3o ou Certificado de conclus\u00e3o de curso de Gradua\u00e7\u00e3o em Psicologia ou Servi\u00e7o Social, devidamente registrado e fornecido por institui\u00e7\u00e3o reconhecida pelo Minist\u00e9rio da Educa\u00e7\u00e3o e registro no respectivo \u00f3rg\u00e3o de classe da profiss\u00e3o.\" data-balloon-pos=\"up\">Coordenador(a) SUAS - Prote\u00e7\u00e3o Social B\u00e1sica<\/span><\/td>\r\n<td class=\"cvagas\">01<\/td>\r\n<td class=\"cremuneracao\">R$ 3.000,00 \/40h<\/td>\r\n<\/tr><tr>\r\n<td class=\"ccargos\">\r\n<span data-balloon-length=\"medium\" aria-label=\"Diploma, Declara\u00e7\u00e3o, Certid\u00e3o ou Certificado de conclus\u00e3o de curso de Gradua\u00e7\u00e3o de Bacharelado em Nutri\u00e7\u00e3o e registro no respectivo \u00f3rg\u00e3o de classe da profiss\u00e3o.\" data-balloon-pos=\"up\">Nutricionista<\/span><\/td>\r\n<td class=\"cvagas\">01<\/td>\r\n<td class=\"cremuneracao\">R$ 2.500,00 \/30h<\/td>\r\n<\/tr><tr>\r\n<td class=\"ccargos\">\r\n<span data-balloon-length=\"medium\" aria-label=\"Diploma, Declara\u00e7\u00e3o, Certid\u00e3o ou Certificado de conclus\u00e3o de curso de Gradua\u00e7\u00e3o de Bacharelado em Pedagogia e registro no respectivo \u00f3rg\u00e3o de classe da profiss\u00e3o.\" data-balloon-pos=\"up\">Pedagogo(a) - T\u00e9cnico(a) Social Prote\u00e7\u00e3o Social B\u00e1sica<\/span><\/td>\r\n<td class=\"cvagas\">03<\/td>\r\n<td class=\"cremuneracao\">R$ 2.500,00 \/30h<\/td>\r\n<\/tr><tr>\r\n<td class=\"ccargos\">\r\n<span data-balloon-length=\"medium\" aria-label=\"Diploma, Declara\u00e7\u00e3o, Certid\u00e3o ou Certificado de conclus\u00e3o de curso de Gradua\u00e7\u00e3o de Bacharelado em Psicologia e registro no respectivo \u00f3rg\u00e3o de classe da profiss\u00e3o.\" data-balloon-pos=\"up\">Psic\u00f3logo(a) - T\u00e9cnico(a) Social Prote\u00e7\u00e3o Social B\u00e1sica<\/span><\/td>\r\n<td class=\"cvagas\">03<\/td>\r\n<td class=\"cremuneracao\">R$ 2.500,00 \/30h<\/td>\r\n<\/tr><tr>\r\n<td class=\"ccargos\">\r\n<span data-balloon-length=\"medium\" aria-label=\"Diploma, Declara\u00e7\u00e3o, Certid\u00e3o ou Certificado de conclus\u00e3o de curso de Gradua\u00e7\u00e3o de Bacharelado em Psicologia e registro no respectivo \u00f3rg\u00e3o de classe da profiss\u00e3o.\" data-balloon-pos=\"up\">Psic\u00f3logo(a) - T\u00e9cnico(a) Social Prote\u00e7\u00e3o Social Especial<\/span><\/td>\r\n<td class=\"cvagas\">03<\/td>\r\n<td class=\"cremuneracao\">R$ 2.500,00 \/30h<\/td>\r\n<\/tr>\r\n    <\/tbody>\r\n  <\/table>\r\n<\/div>"},"_links":{"self":[{"href":"https:\/\/www.agrobase.com.br\/concursos\/wp-json\/wp\/v2\/posts\/266232","targetHints":{"allow":["GET"]}}],"collection":[{"href":"https:\/\/www.agrobase.com.br\/concursos\/wp-json\/wp\/v2\/posts"}],"about":[{"href":"https:\/\/www.agrobase.com.br\/concursos\/wp-json\/wp\/v2\/types\/post"}],"author":[{"embeddable":true,"href":"https:\/\/www.agrobase.com.br\/concursos\/wp-json\/wp\/v2\/users\/7"}],"replies":[{"embeddable":true,"href":"https:\/\/www.agrobase.com.br\/concursos\/wp-json\/wp\/v2\/comments?post=266232"}],"version-history":[{"count":4,"href":"https:\/\/www.agrobase.com.br\/concursos\/wp-json\/wp\/v2\/posts\/266232\/revisions"}],"predecessor-version":[{"id":266378,"href":"https:\/\/www.agrobase.com.br\/concursos\/wp-json\/wp\/v2\/posts\/266232\/revisions\/266378"}],"wp:featuredmedia":[{"embeddable":true,"href":"https:\/\/www.agrobase.com.br\/concursos\/wp-json\/wp\/v2\/media\/266231"}],"wp:attachment":[{"href":"https:\/\/www.agrobase.com.br\/concursos\/wp-json\/wp\/v2\/media?parent=266232"}],"wp:term":[{"taxonomy":"category","embeddable":true,"href":"https:\/\/www.agrobase.com.br\/concursos\/wp-json\/wp\/v2\/categories?post=266232"},{"taxonomy":"post_tag","embeddable":true,"href":"https:\/\/www.agrobase.com.br\/concursos\/wp-json\/wp\/v2\/tags?post=266232"},{"taxonomy":"_amplo","embeddable":true,"href":"https:\/\/www.agrobase.com.br\/concursos\/wp-json\/wp\/v2\/_amplo?post=266232"},{"taxonomy":"destaque","embeddable":true,"href":"https:\/\/www.agrobase.com.br\/concursos\/wp-json\/wp\/v2\/destaque?post=266232"},{"taxonomy":"instituicoes","embeddable":true,"href":"https:\/\/www.agrobase.com.br\/concursos\/wp-json\/wp\/v2\/instituicoes?post=266232"}],"curies":[{"name":"wp","href":"https:\/\/api.w.org\/{rel}","templated":true}]}}