{"id":266196,"date":"2025-05-23T07:00:56","date_gmt":"2025-05-23T10:00:56","guid":{"rendered":"https:\/\/www.agrobase.com.br\/concursos\/?p=266196"},"modified":"2025-05-22T14:03:56","modified_gmt":"2025-05-22T17:03:56","slug":"ufvjm-mg-selecao-simplificada","status":"publish","type":"post","link":"https:\/\/www.agrobase.com.br\/concursos\/2025\/ufvjm-mg-selecao-simplificada\/","title":{"rendered":"UFVJM (MG) &#8211; Sele\u00e7\u00e3o Simplificada"},"content":{"rendered":"<h2>Informa\u00e7\u00f5es Gerais<\/h2>\n<p>A Universidade Federal dos Vales do Jequitinhonha e Mucuri (UFVJM) anunciou a abertura de seu Processo Seletivo Simplificado, regido por edital espec\u00edfico, destinado \u00e0 contrata\u00e7\u00e3o tempor\u00e1ria de Professores Substitutos. O certame tem como objetivo o preenchimento imediato de <strong>6 (seis) vagas<\/strong> distribu\u00eddas entre os campi de Diamantina e Te\u00f3filo Otoni (Campus Mucuri). Todas as oportunidades s\u00e3o para profissionais com forma\u00e7\u00e3o de n\u00edvel superior, sendo que algumas \u00e1reas exigem apenas gradua\u00e7\u00e3o e outras requerem tamb\u00e9m t\u00edtulo de mestre, conforme detalhado no quadro de vagas.<\/p>\n<p>Este processo seletivo contempla diversas \u00e1reas do conhecimento, incluindo Ci\u00eancias da Sa\u00fade (com \u00eanfase em Fisioterapia e Terapia Ocupacional), Farmacologia, Geoci\u00eancias e Matem\u00e1tica. \u00c9 importante destacar a oferta de vagas na \u00e1rea de <em>Ci\u00eancias Biol\u00f3gicas<\/em>, um campo de grande interesse para os leitores do nosso site. A contrata\u00e7\u00e3o ser\u00e1 tempor\u00e1ria, regida por legisla\u00e7\u00e3o espec\u00edfica para professores substitutos em institui\u00e7\u00f5es federais de ensino.<\/p>\n<p>Se voc\u00ea busca uma oportunidade para lecionar no ensino superior e atende aos requisitos, este pode ser o concurso ideal. Continue a leitura para obter informa\u00e7\u00f5es detalhadas sobre o processo de inscri\u00e7\u00e3o, as etapas da sele\u00e7\u00e3o e como acompanhar os resultados.<\/p>\n<h2>Inscri\u00e7\u00f5es<\/h2>\n<p>As inscri\u00e7\u00f5es para o Processo Seletivo de Professor Substituto da UFVJM estar\u00e3o abertas no per\u00edodo de <strong>21 de maio de 2025 a 27 de maio de 2025<\/strong>. Os interessados dever\u00e3o realizar a inscri\u00e7\u00e3o presencialmente ou por meio de envio via SEDEX dos documentos exigidos.<\/p>\n<p>Os locais para inscri\u00e7\u00e3o presencial s\u00e3o:<\/p>\n<ul>\n<li><strong>Campus Diamantina:<\/strong> Pr\u00f3-Reitoria de Gest\u00e3o de Pessoas \u2013 Rodovia MGT 367 \u2013 Km 583, n.\u00ba 5000 \u2013 Alto da Jacuba. Atendimento de segunda a sexta-feira, das 9h30 \u00e0s 11h30 e das 14h00 \u00e0s 16h30 (exceto s\u00e1bados, domingos, feriados e pontos facultativos).<\/li>\n<li><strong>Campus Mucuri (Te\u00f3filo Otoni):<\/strong> Divis\u00e3o de Sele\u00e7\u00e3o de Pessoas\/PROGEP, Pr\u00e9dio Administrativo \u2013 Rua do Cruzeiro, n\u00ba 01 \u2013 Bairro: Jardim S\u00e3o Paulo. Atendimento de segunda a sexta-feira, das 9h30 \u00e0s 11h30 e das 14h00 \u00e0s 16h30 (exceto s\u00e1bados, domingos, feriados e pontos facultativos).<\/li>\n<\/ul>\n<p>A taxa de inscri\u00e7\u00e3o \u00e9 de <strong>R$ 75,00<\/strong> para \u00e1reas que exigem Gradua\u00e7\u00e3o ou Gradua\u00e7\u00e3o e Especializa\u00e7\u00e3o, e de <strong>R$ 140,00<\/strong> para \u00e1reas que exigem Mestrado. O pagamento deve ser feito por meio de Guia de Recolhimento da Uni\u00e3o (GRU Simples), emitida no site <a href=\"https:\/\/pagtesouro.tesouro.gov.br\/portal-gru\/#\/emissao-gru\" target=\"_blank\" rel=\"noopener noreferrer\">https:\/\/pagtesouro.tesouro.gov.br\/portal-gru\/#\/emissao-gru<\/a>, utilizando os c\u00f3digos: Unidade Gestora 153036, C\u00f3digo de Recolhimento 28883-7, e N\u00famero de Refer\u00eancia 16888315000157013. O pagamento deve ser efetuado em ag\u00eancias do Banco do Brasil. A taxa n\u00e3o ser\u00e1 restitu\u00edda.<\/p>\n<p>Os candidatos dever\u00e3o apresentar no ato da inscri\u00e7\u00e3o: requerimento de inscri\u00e7\u00e3o preenchido (original), c\u00f3pias do diploma e hist\u00f3rico escolar (conforme requisitos), Curriculum Lattes comprovado, c\u00f3pia leg\u00edvel da carteira de identidade e CPF, atestado original de sanidade f\u00edsica e mental (emitido no m\u00eas da inscri\u00e7\u00e3o) e o comprovante original de pagamento da taxa de inscri\u00e7\u00e3o anexado \u00e0 GRU ou o requerimento de isen\u00e7\u00e3o (conforme Anexos II ou III do edital). A aus\u00eancia de qualquer documento listado resultar\u00e1 no indeferimento da inscri\u00e7\u00e3o.<\/p>\n<p>\u00c9 fundamental que os candidatos leiam atentamente o edital completo para conferir todos os documentos necess\u00e1rios, os procedimentos detalhados para inscri\u00e7\u00e3o e os crit\u00e9rios para solicita\u00e7\u00e3o de isen\u00e7\u00e3o da taxa.<\/p>\n<h2>Etapas e Provas<\/h2>\n<p>O processo seletivo para Professor Substituto da UFVJM ser\u00e1 composto por tr\u00eas etapas principais de avalia\u00e7\u00e3o para todos os candidatos:<\/p>\n<ul>\n<li><strong>An\u00e1lise do Curriculum Lattes:<\/strong> Nesta etapa, de car\u00e1ter classificat\u00f3rio, ser\u00e3o avaliados os documentos que comprovam a forma\u00e7\u00e3o e o aperfei\u00e7oamento profissional do candidato, com valor preponderante aos t\u00edtulos e certificados condizentes com a \u00e1rea e a finalidade do processo seletivo.<\/li>\n<li><strong>Prova Did\u00e1tica:<\/strong> Destinada a avaliar o grau de conhecimento e a capacidade de exposi\u00e7\u00e3o do candidato, esta prova ter\u00e1 dura\u00e7\u00e3o m\u00ednima de 50 minutos e m\u00e1xima de 60 minutos. O tema da aula ser\u00e1 sorteado com pelo menos 24 horas de anteced\u00eancia da realiza\u00e7\u00e3o da prova, a partir de uma lista de t\u00f3picos dispon\u00edveis no site da UFVJM (conforme Instru\u00e7\u00f5es Espec\u00edficas de cada \u00e1rea). A presen\u00e7a do candidato no sorteio do tema \u00e9 obrigat\u00f3ria. Esta etapa tamb\u00e9m \u00e9 classificat\u00f3ria.<\/li>\n<li><strong>Entrevista:<\/strong> Terceira etapa avaliativa, de car\u00e1ter classificat\u00f3rio. Detalhes sobre a condu\u00e7\u00e3o e crit\u00e9rios espec\u00edficos podem ser encontrados nas Instru\u00e7\u00f5es Espec\u00edficas de cada \u00e1rea, dispon\u00edveis no site da UFVJM.<\/li>\n<\/ul>\n<p>As notas de cada uma dessas etapas ser\u00e3o atribu\u00eddas em uma escala de 0 a 10 pontos, em n\u00fameros inteiros. Ser\u00e1 considerado aprovado no certame o candidato que obtiver m\u00e9dia geral igual ou superior a 7 (sete) pontos. O edital tamb\u00e9m menciona que os crit\u00e9rios para realiza\u00e7\u00e3o da prova pr\u00e1tica, bem como sua pontua\u00e7\u00e3o, estar\u00e3o dispon\u00edveis nas Instru\u00e7\u00f5es Espec\u00edficas no site da UFVJM, o que pode indicar uma atividade complementar ou espec\u00edfica para algumas \u00e1reas.<\/p>\n<p>As provas ser\u00e3o realizadas em datas, hor\u00e1rios e locais estabelecidos no edital, ocorrendo para as diferentes \u00e1reas nos dias <strong>10, 11, 16 e 17 de junho de 2025<\/strong>, conforme cronograma espec\u00edfico por \u00e1rea\/campus. Os candidatos dever\u00e3o comparecer aos locais designados com anteced\u00eancia de 30 minutos, munidos de caneta esferogr\u00e1fica (tinta azul ou preta) e documento oficial de identidade. N\u00e3o haver\u00e1, em hip\u00f3tese alguma, segunda chamada para as provas.<\/p>\n<p>Para informa\u00e7\u00f5es detalhadas sobre o conte\u00fado program\u00e1tico, os crit\u00e9rios de avalia\u00e7\u00e3o de cada etapa, o cronograma completo por \u00e1rea e as Instru\u00e7\u00f5es Espec\u00edficas, \u00e9 imprescind\u00edvel a leitura atenta do edital e seus anexos no site da UFVJM.<\/p>\n<h2>Resultados e Gabarito<\/h2>\n<p>A classifica\u00e7\u00e3o final dos candidatos no Processo Seletivo Simplificado da UFVJM ser\u00e1 baseada na m\u00e9dia geral obtida nas etapas de An\u00e1lise do Curriculum Lattes, Prova Did\u00e1tica e Entrevista. Ser\u00e3o considerados aprovados os candidatos que alcan\u00e7arem m\u00e9dia geral igual ou superior a 7,0 (sete) pontos.<\/p>\n<p>Em caso de empate na pontua\u00e7\u00e3o final, os crit\u00e9rios de desempate seguir\u00e3o a seguinte ordem de prioridade:<\/p>\n<ol>\n<li>Maior nota na Prova Did\u00e1tica;<\/li>\n<li>Maior nota na An\u00e1lise do Curriculum Lattes;<\/li>\n<li>Candidato que for mais idoso.<\/li>\n<\/ol>\n<p>O resultado final do processo seletivo ser\u00e1 homologado e publicado no Di\u00e1rio Oficial da Uni\u00e3o (DOU). O certame ter\u00e1 validade de 01 (um) ano, a contar da data de publica\u00e7\u00e3o da homologa\u00e7\u00e3o do resultado no DOU. O edital n\u00e3o especifica datas para divulga\u00e7\u00e3o de resultados preliminares por etapa, focando na apura\u00e7\u00e3o da m\u00e9dia final para aprova\u00e7\u00e3o.<\/p>\n<p>Ap\u00f3s a homologa\u00e7\u00e3o do resultado, os candidatos ter\u00e3o um prazo de 30 (trinta) dias corridos, contados da publica\u00e7\u00e3o, para requerer a devolu\u00e7\u00e3o dos documentos apresentados para comprova\u00e7\u00e3o da an\u00e1lise de curr\u00edculo. Documentos n\u00e3o requeridos dentro deste per\u00edodo ser\u00e3o descartados pela Pr\u00f3-Reitoria de Gest\u00e3o de Pessoas.<\/p>\n<p>\u00c9 de <strong>inteira responsabilidade do candidato<\/strong> acompanhar todas as publica\u00e7\u00f5es de atos, comunicados, resultados e eventuais convoca\u00e7\u00f5es referentes a este processo seletivo diretamente no site oficial da UFVJM e nas publica\u00e7\u00f5es do Di\u00e1rio Oficial da Uni\u00e3o.<\/p>\n","protected":false},"excerpt":{"rendered":"<p>Processo Seletivo UFVJM (MG) com edital publicado! Vagas p\/ Professor Substituto (Superior). Inscri\u00e7\u00f5es a partir de 21\/05. Sal\u00e1rios at\u00e9 R$ 5.9k. Confira detalhes!<\/p>\n","protected":false},"author":7,"featured_media":266195,"comment_status":"open","ping_status":"open","sticky":false,"template":"","format":"standard","meta":{"_acf_changed":false,"_breakdance_hide_in_design_set":false,"_breakdance_tags":"","footnotes":""},"categories":[6433,17,18,115,116],"tags":[50],"_amplo":[],"destaque":[],"instituicoes":[],"class_list":["post-266196","post","type-post","status-publish","format-standard","has-post-thumbnail","hentry","category-biologia-licenciatura","category-farmacia","category-fisioterapia","category-geologia","category-matematica","tag-minas-gerais"],"acf":{"_tipo_vagas":"vagas","_numero_vagas":"","_quadro_vagas":"","_cargos":"diversos","_cargos_especificos":"","_salario_max":"R$ 5949.07","_abertura":"20250521","_encerramento":"20250527","_inscricoes":"https:\/\/pagtesouro.tesouro.gov.br\/portal-gru\/#\/emissao-gru","_executora_concurso":"","_instituicao_concurso":[],"_link_adicional":null,"_anexos":null,"_produtos":null,"_vagas":"6 vagas","_salario_min":"R$ 3090.43","_instituicao":"UNIVERSIDADE FEDERAL DOS VALES DO JEQUITINHONHA E MUCURI","_edital":"https:\/\/www.agrobase.com.br\/concursos\/wp-content\/uploads\/sites\/4\/2025\/05\/edital-58-2025-ufvjm.pdf","_anexos_edital":"https:\/\/www.agrobase.com.br\/concursos\/wp-content\/uploads\/sites\/4\/2025\/05\/anexos-do-edital-de-pss-1.pdf","_fund_incompleto":"","_fund_completo":"","_medio":"","_superior":"<div>\r\n<table class=\"quadro\">\r\n<thead>\r\n<tr>\r\n<th class=\"hcargo\">Cargo<\/th>\r\n<th class=\"hvagas\">Vagas<\/th>\r\n<th class=\"hremuneracao\">Remunera\u00e7\u00e3o<\/th>\r\n<\/tr>\r\n<\/thead>\r\n    <tbody>\r\n      <tr>\r\n<td class=\"ccargos\">\r\n<span data-balloon-length=\"medium\" aria-label=\"Gradua\u00e7\u00e3o em Farm\u00e1cia\" data-balloon-pos=\"up\">Professor Substituto - Ci\u00eancias Biol\u00f3gicas\/Farmacologia\/Farmacologia Geral<\/span><\/td>\r\n<td class=\"cvagas\">01<\/td>\r\n<td class=\"cremuneracao\">R$ 3.090,43 \/20h<\/td>\r\n<\/tr><tr>\r\n<td class=\"ccargos\">\r\n<span data-balloon-length=\"medium\" aria-label=\"Bacharelado em Fisioterapia e Mestrado em qualquer \u00e1rea do conhecimento\" data-balloon-pos=\"up\">Professor Substituto - Ci\u00eancias da Sa\u00fade\/ Fisioterapia e Terapia Ocupacional\/ Fisiologia do Exerc\u00edcio; Recursos fisioterap\u00eauticos; Ensino, Servi\u00e7o e Comunidade IV (ESC IV) e Est\u00e1gio Supervisionado I-A<\/span><\/td>\r\n<td class=\"cvagas\">01<\/td>\r\n<td class=\"cremuneracao\">R$ 3.863,04 \/20h<\/td>\r\n<\/tr><tr>\r\n<td class=\"ccargos\">\r\n<span data-balloon-length=\"medium\" aria-label=\"Gradua\u00e7\u00e3o em Ci\u00eancias Biol\u00f3gicas ou Ci\u00eancias da Sa\u00fade e Mestrado em Ci\u00eancias Biol\u00f3gicas ou Ci\u00eancias da Sa\u00fade\" data-balloon-pos=\"up\">Professor Substituto - Farmacologia - Farmacologia e Terap\u00eautica Medicamentosa<\/span><\/td>\r\n<td class=\"cvagas\">01<\/td>\r\n<td class=\"cremuneracao\">R$ 5.949,07 \/40h<\/td>\r\n<\/tr><tr>\r\n<td class=\"ccargos\">\r\n<span data-balloon-length=\"medium\" aria-label=\"Gradua\u00e7\u00e3o em Geologia ou Engenharia Geol\u00f3gica\" data-balloon-pos=\"up\">Professor Substituto - Geoci\u00eancias\/Mineralogia, Petrografia em Petrologia Microsc\u00f3pica e Macrosc\u00f3pica<\/span><\/td>\r\n<td class=\"cvagas\">01<\/td>\r\n<td class=\"cremuneracao\">R$ 4.326,60 \/40h<\/td>\r\n<\/tr><tr>\r\n<td class=\"ccargos\">\r\n<span data-balloon-length=\"medium\" aria-label=\"Gradua\u00e7\u00e3o em Matem\u00e1tica (Licenciatura)\" data-balloon-pos=\"up\">Professor Substituto - Matem\u00e1tica\/Educa\u00e7\u00e3o Matem\u00e1tica<\/span><\/td>\r\n<td class=\"cvagas\">02<\/td>\r\n<td class=\"cremuneracao\">R$ 4.326,60 \/40h<\/td>\r\n<\/tr>\r\n    <\/tbody>\r\n  <\/table>\r\n<\/div>"},"_links":{"self":[{"href":"https:\/\/www.agrobase.com.br\/concursos\/wp-json\/wp\/v2\/posts\/266196","targetHints":{"allow":["GET"]}}],"collection":[{"href":"https:\/\/www.agrobase.com.br\/concursos\/wp-json\/wp\/v2\/posts"}],"about":[{"href":"https:\/\/www.agrobase.com.br\/concursos\/wp-json\/wp\/v2\/types\/post"}],"author":[{"embeddable":true,"href":"https:\/\/www.agrobase.com.br\/concursos\/wp-json\/wp\/v2\/users\/7"}],"replies":[{"embeddable":true,"href":"https:\/\/www.agrobase.com.br\/concursos\/wp-json\/wp\/v2\/comments?post=266196"}],"version-history":[{"count":1,"href":"https:\/\/www.agrobase.com.br\/concursos\/wp-json\/wp\/v2\/posts\/266196\/revisions"}],"predecessor-version":[{"id":266198,"href":"https:\/\/www.agrobase.com.br\/concursos\/wp-json\/wp\/v2\/posts\/266196\/revisions\/266198"}],"wp:featuredmedia":[{"embeddable":true,"href":"https:\/\/www.agrobase.com.br\/concursos\/wp-json\/wp\/v2\/media\/266195"}],"wp:attachment":[{"href":"https:\/\/www.agrobase.com.br\/concursos\/wp-json\/wp\/v2\/media?parent=266196"}],"wp:term":[{"taxonomy":"category","embeddable":true,"href":"https:\/\/www.agrobase.com.br\/concursos\/wp-json\/wp\/v2\/categories?post=266196"},{"taxonomy":"post_tag","embeddable":true,"href":"https:\/\/www.agrobase.com.br\/concursos\/wp-json\/wp\/v2\/tags?post=266196"},{"taxonomy":"_amplo","embeddable":true,"href":"https:\/\/www.agrobase.com.br\/concursos\/wp-json\/wp\/v2\/_amplo?post=266196"},{"taxonomy":"destaque","embeddable":true,"href":"https:\/\/www.agrobase.com.br\/concursos\/wp-json\/wp\/v2\/destaque?post=266196"},{"taxonomy":"instituicoes","embeddable":true,"href":"https:\/\/www.agrobase.com.br\/concursos\/wp-json\/wp\/v2\/instituicoes?post=266196"}],"curies":[{"name":"wp","href":"https:\/\/api.w.org\/{rel}","templated":true}]}}