{"id":266189,"date":"2025-05-22T08:20:45","date_gmt":"2025-05-22T11:20:45","guid":{"rendered":"https:\/\/www.agrobase.com.br\/concursos\/?p=266189"},"modified":"2025-05-21T15:39:52","modified_gmt":"2025-05-21T18:39:52","slug":"prefeitura-porto-belo-sc-selecao-publica-001-2025","status":"publish","type":"post","link":"https:\/\/www.agrobase.com.br\/concursos\/2025\/prefeitura-porto-belo-sc-selecao-publica-001-2025\/","title":{"rendered":"Prefeitura Porto Belo (SC) &#8211; Sele\u00e7\u00e3o P\u00fablica 001\/2025"},"content":{"rendered":"<h2>Informa\u00e7\u00f5es Gerais<\/h2>\n<p>A Prefeitura Municipal de Porto Belo, em Santa Catarina, publicou o edital N\u00ba 001\/2025 para seu Processo Seletivo. O objetivo \u00e9 selecionar candidatos para o preenchimento de vagas imediatas e forma\u00e7\u00e3o de Cadastro de Reserva (CR) em diversas \u00e1reas. As contrata\u00e7\u00f5es ser\u00e3o por tempo determinado e em car\u00e1ter tempor\u00e1rio. Este processo seletivo ter\u00e1 validade de 1 (um) ano a partir da data de homologa\u00e7\u00e3o, podendo ser prorrogado por igual per\u00edodo, a crit\u00e9rio da Prefeitura.<\/p>\n<p>As oportunidades abrangem os n\u00edveis de escolaridade Fundamental Completo, M\u00e9dio\/T\u00e9cnico e Superior. H\u00e1 vagas dispon\u00edveis em setores como sa\u00fade (incluindo cargos como Enfermeiro, Farmac\u00eautico, T\u00e9cnico em Enfermagem), administrativo (Auxiliar Administrativo), operacional (Motorista, Servente) e inform\u00e1tica (T\u00e9cnico em Inform\u00e1tica). <strong>Destacamos a presen\u00e7a de vagas para Nutricionista<\/strong>, uma \u00e1rea de grande interesse para nossos leitores.<\/p>\n<p>Se voc\u00ea busca uma oportunidade no servi\u00e7o p\u00fablico em Porto Belo &#8211; SC, continue lendo para obter informa\u00e7\u00f5es detalhadas sobre inscri\u00e7\u00f5es, etapas do processo seletivo e como acompanhar os resultados.<\/p>\n<h2>Inscri\u00e7\u00f5es<\/h2>\n<p>As inscri\u00e7\u00f5es para o Processo Seletivo da Prefeitura de Porto Belo &#8211; SC ser\u00e3o realizadas exclusivamente pela internet, atrav\u00e9s do site da banca organizadora, IMP\u00c9RIO ASSESSORIA E CONCURSOS LTDA., em <code>https:\/\/portal.imperioconcursos.com.br<\/code>. O per\u00edodo para se inscrever ser\u00e1 de <strong>19 de maio de 2025<\/strong> a <strong>12 de junho de 2025<\/strong>.<\/p>\n<p>Os valores das taxas de inscri\u00e7\u00e3o s\u00e3o os seguintes:<\/p>\n<ul>\n<li>N\u00edvel Superior: <strong>R$ 16,65<\/strong><\/li>\n<li>Ensino M\u00e9dio\/T\u00e9cnico: <strong>R$ 13,00<\/strong><\/li>\n<li>Ensino Fundamental: <strong>R$ 8,90<\/strong><\/li>\n<\/ul>\n<p>Para efetuar a inscri\u00e7\u00e3o, o candidato dever\u00e1 acessar o site, realizar o cadastro, preencher o formul\u00e1rio de inscri\u00e7\u00e3o para o cargo desejado e imprimir o boleto banc\u00e1rio. O pagamento da taxa dever\u00e1 ser realizado em qualquer ag\u00eancia banc\u00e1ria ou terminal de autoatendimento at\u00e9 a data de vencimento estipulada no cronograma. \u00c9 importante ressaltar que n\u00e3o ser\u00e3o aceitos pagamentos via dep\u00f3sito, transfer\u00eancia ou agendamento com data posterior ao vencimento. A segunda via do boleto estar\u00e1 dispon\u00edvel na \u00e1rea do candidato no site da banca.<\/p>\n<p>Conforme o edital (item 2.9), <em>n\u00e3o ser\u00e3o aceitos pedidos de isen\u00e7\u00e3o da taxa de inscri\u00e7\u00e3o<\/em>. A valida\u00e7\u00e3o da inscri\u00e7\u00e3o ocorrer\u00e1 somente ap\u00f3s a confirma\u00e7\u00e3o do pagamento pela institui\u00e7\u00e3o financeira, e o status poder\u00e1 ser acompanhado na \u00e1rea restrita do candidato no portal da IMP\u00c9RIO ASSESSORIA E CONCURSOS LTDA.<\/p>\n<p>Recomendamos a leitura atenta e completa do edital para pleno conhecimento de todas as normas e procedimentos.<\/p>\n<h2>Etapas e Provas<\/h2>\n<p>O Processo Seletivo da Prefeitura de Porto Belo ser\u00e1 composto pelas seguintes etapas principais:<\/p>\n<ul>\n<li><strong>Prova Escrita Objetiva:<\/strong> De car\u00e1ter eliminat\u00f3rio e classificat\u00f3rio, aplicada a todos os cargos.<\/li>\n<li><strong>Prova Pr\u00e1tica:<\/strong> Prevista para alguns cargos, conforme detalhado no edital.<\/li>\n<li><strong>Exame M\u00e9dico Admissional:<\/strong> De car\u00e1ter eliminat\u00f3rio, para os candidatos aprovados e convocados.<\/li>\n<\/ul>\n<p>A <strong>Prova Escrita Objetiva<\/strong> est\u00e1 prevista para ser realizada no dia <strong>29 de junho de 2025<\/strong>. Os locais de prova ser\u00e3o divulgados em <em>18 de junho de 2025<\/em> nos sites oficiais. A dura\u00e7\u00e3o m\u00e1xima da prova ser\u00e1 de 2 horas e 30 minutos. Para ser considerado classificado, o candidato dever\u00e1 obter no m\u00ednimo 30% da pontua\u00e7\u00e3o total da prova, que \u00e9 de 100 pontos.<\/p>\n<p>A estrutura da prova objetiva varia conforme o n\u00edvel de escolaridade:<\/p>\n<ul>\n<li><strong>Cargos de N\u00edvel Superior<\/strong> (ex: Assistente Social, Biom\u00e9dico, Cirurgi\u00e3o Dentista, Enfermeiro, Farmac\u00eautico, Nutricionista, Psic\u00f3logo, Terapeuta Ocupacional): A prova constar\u00e1 de 25 quest\u00f5es de m\u00faltipla escolha, abrangendo Conhecimentos Espec\u00edficos (10 quest\u00f5es), Conhecimentos Gerais (5 quest\u00f5es), L\u00edngua Portuguesa (5 quest\u00f5es) e Racioc\u00ednio L\u00f3gico\/Matem\u00e1tica (5 quest\u00f5es).<\/li>\n<li><strong>Cargos de N\u00edvel M\u00e9dio\/T\u00e9cnico<\/strong> (ex: Agente Comunit\u00e1rio de Sa\u00fade, Auxiliar Administrativo, T\u00e9cnico em Enfermagem): A prova tamb\u00e9m ter\u00e1 25 quest\u00f5es de m\u00faltipla escolha, com a mesma distribui\u00e7\u00e3o de disciplinas dos cargos de n\u00edvel superior.<\/li>\n<li><strong>Cargos de N\u00edvel Fundamental<\/strong> (ex: Auxiliar de Almoxarifado, Motorista, Servente): A prova ser\u00e1 composta por 20 quest\u00f5es de m\u00faltipla escolha, divididas entre Conhecimentos Gerais (5 quest\u00f5es), L\u00edngua Portuguesa (10 quest\u00f5es), Matem\u00e1tica (5 quest\u00f5es) e Conhecimentos Espec\u00edficos (5 quest\u00f5es).<\/li>\n<\/ul>\n<p>O edital (item 9.8) tamb\u00e9m menciona a previs\u00e3o de <strong>Prova Pr\u00e1tica<\/strong> para alguns cargos, a ser realizada na mesma data da prova objetiva, 29 de junho de 2025. \u00c9 fundamental que os candidatos verifiquem no edital se o cargo pretendido exige esta etapa e quais s\u00e3o os crit\u00e9rios de avalia\u00e7\u00e3o.<\/p>\n<p>Por fim, os candidatos aprovados e convocados para admiss\u00e3o passar\u00e3o por um <strong>Exame M\u00e9dico Admissional<\/strong>, de car\u00e1ter eliminat\u00f3rio, que avaliar\u00e1 a aptid\u00e3o f\u00edsica e mental para o desempenho do cargo, a ser realizado por M\u00e9dico do Trabalho do munic\u00edpio.<\/p>\n<p>Para informa\u00e7\u00f5es completas sobre o conte\u00fado program\u00e1tico, regras espec\u00edficas de cada etapa e o cronograma detalhado, consulte o edital oficial.<\/p>\n<h2>Resultados e Gabarito<\/h2>\n<p>A divulga\u00e7\u00e3o oficial de todos os atos relativos ao Processo Seletivo da Prefeitura de Porto Belo, incluindo gabaritos preliminares e definitivos, resultados das etapas e classifica\u00e7\u00e3o final, ser\u00e1 feita nos sites da banca organizadora IMP\u00c9RIO ASSESSORIA E CONCURSOS LTDA. (<code>https:\/\/portal.imperioconcursos.com.br<\/code>) e da Prefeitura Municipal de Porto Belo (<code>http:\/\/portobelo.sc.gov.br<\/code>).<\/p>\n<p>O cronograma para a publica\u00e7\u00e3o dos gabaritos e resultados deve ser acompanhado atentamente pelos candidatos nos referidos portais. Em caso de anula\u00e7\u00e3o de quest\u00f5es da prova objetiva, a pontua\u00e7\u00e3o correspondente ser\u00e1 atribu\u00edda a todos os candidatos, exceto \u00e0queles que j\u00e1 haviam acertado a quest\u00e3o anulada. Altera\u00e7\u00f5es no gabarito oficial, decorrentes de recursos, podem modificar a pontua\u00e7\u00e3o inicialmente obtida.<\/p>\n<p>A classifica\u00e7\u00e3o final dos candidatos ser\u00e1 feita em ordem decrescente da nota final obtida. Em caso de empate na pontua\u00e7\u00e3o final, ser\u00e3o aplicados os seguintes crit\u00e9rios de desempate, na ordem apresentada:<\/p>\n<ul>\n<li>Idade igual ou superior a 60 (sessenta) anos, conforme Lei Federal n\u00ba 10.741\/2003, com prefer\u00eancia ao candidato de idade mais elevada;<\/li>\n<li>Maior n\u00famero de acertos nas quest\u00f5es de Conhecimentos Espec\u00edficos;<\/li>\n<li>Maior n\u00famero de acertos nas quest\u00f5es de L\u00edngua Portuguesa;<\/li>\n<li>Maior n\u00famero de acertos nas quest\u00f5es de Matem\u00e1tica;<\/li>\n<li>Maior idade (para os demais casos).<\/li>\n<\/ul>\n<p>A homologa\u00e7\u00e3o do resultado final do Processo Seletivo ser\u00e1 realizada pelo Prefeito do Munic\u00edpio de Porto Belo e devidamente publicada nos canais oficiais. O edital n\u00e3o especifica uma data para a homologa\u00e7\u00e3o.<\/p>\n<p>A convoca\u00e7\u00e3o dos candidatos aprovados ocorrer\u00e1 de acordo com a necessidade e a demanda da Prefeitura Municipal de Porto Belo, por meio de publica\u00e7\u00e3o oficial. Os candidatos convocados ter\u00e3o o prazo m\u00e1ximo de 48 (quarenta e oito) horas, a contar da publica\u00e7\u00e3o da convoca\u00e7\u00e3o, para se apresentarem no Departamento de Recursos Humanos do munic\u00edpio.<\/p>\n<p>\u00c9 de responsabilidade exclusiva do candidato acompanhar todas as publica\u00e7\u00f5es oficiais referentes ao certame no site da banca organizadora e nos canais de comunica\u00e7\u00e3o da Prefeitura de Porto Belo.<\/p>\n","protected":false},"excerpt":{"rendered":"<p>Inscri\u00e7\u00f5es Encerradas \u2013 Proc. Seletivo Pref. Porto Belo (SC). Vagas p\/ Dentista, Enfermeiro, Psic\u00f3logo (Fund. a Sup.). Acompanhe as pr\u00f3ximas etapas!<\/p>\n","protected":false},"author":7,"featured_media":266188,"comment_status":"open","ping_status":"open","sticky":false,"template":"","format":"standard","meta":{"_acf_changed":false,"_breakdance_hide_in_design_set":false,"_breakdance_tags":"","footnotes":""},"categories":[7,11,6434,12,17,18,19,23,24,26,101,108,130,143,134],"tags":[61],"_amplo":[],"destaque":[],"instituicoes":[],"class_list":["post-266189","post","type-post","status-publish","format-standard","has-post-thumbnail","hentry","category-biomedicina","category-educacao-fisica","category-educacao-fisica-licenciatura","category-enfermagem","category-farmacia","category-fisioterapia","category-fonoaudiologia","category-nutricao","category-odontologia","category-psicologia","category-servico-social","category-tecnico-enfermagem","category-tecnico-informatica","category-tecnico-odontologia","category-terapia-ocupacional","tag-santa-catarina"],"acf":{"_tipo_vagas":"vagas","_numero_vagas":"","_quadro_vagas":"","_cargos":"diversos","_cargos_especificos":"","_salario_max":"R$ 8200","_abertura":"20250519","_encerramento":"20250612","_inscricoes":"https:\/\/portal.imperioconcursos.com.br","_executora_concurso":"","_instituicao_concurso":[],"_link_adicional":null,"_anexos":null,"_produtos":null,"_vagas":"CR","_salario_min":"R$ 2300","_instituicao":"Prefeitura Municipal de Porto Belo","_edital":"https:\/\/www.agrobase.com.br\/concursos\/wp-content\/uploads\/sites\/4\/2025\/05\/edital-01-2025-porto-belo-sc.pdf","_anexos_edital":"https:\/\/www.agrobase.com.br\/concursos\/wp-content\/uploads\/sites\/4\/2025\/05\/anexos-edital-01-2025-porto-belo-sc.pdf","_fund_incompleto":"","_fund_completo":"<div>\r\n<table class=\"quadro\">\r\n<thead>\r\n<tr>\r\n<th class=\"hcargo\">Cargo<\/th>\r\n<th class=\"hvagas\">Vagas<\/th>\r\n<th class=\"hremuneracao\">Remunera\u00e7\u00e3o<\/th>\r\n<\/tr>\r\n<\/thead>\r\n    <tbody>\r\n      <td class=\"ccargos\">\r\n<span data-balloon-length=\"medium\" aria-label=\"Ensino fundamental conclu\u00eddo\" data-balloon-pos=\"up\">AUXILIAR DE ALMOXARIFADO<\/span><\/td>\r\n<td class=\"cvagas\">CR<\/td>\r\n<td class=\"cremuneracao\">R$ 2.700,00 \/40h<\/td>\r\n<\/tr><td class=\"ccargos\">\r\n<span data-balloon-length=\"medium\" data-balloon-pos=\"up\">MOTORISTA DE CARGA PESADA - CATEGORIA D<\/span><\/td>\r\n<td class=\"cvagas\">CR<\/td>\r\n<td class=\"cremuneracao\">R$ 2.700,00 \/40h<\/td>\r\n<\/tr><td class=\"ccargos\">\r\n<span data-balloon-length=\"medium\" aria-label=\"Ensino Fundamental Completo\" data-balloon-pos=\"up\">SERVENTE<\/span><\/td>\r\n<td class=\"cvagas\">CR<\/td>\r\n<td class=\"cremuneracao\">R$ 2.300,00 \/40h<\/td>\r\n<\/tr>\r\n    <\/tbody>\r\n  <\/table>\r\n<\/div>","_medio":"<div>\r\n<table class=\"quadro\">\r\n<thead>\r\n<tr>\r\n<th class=\"hcargo\">Cargo<\/th>\r\n<th class=\"hvagas\">Vagas<\/th>\r\n<th class=\"hremuneracao\">Remunera\u00e7\u00e3o<\/th>\r\n<\/tr>\r\n<\/thead>\r\n    <tbody>\r\n      <td class=\"ccargos\">\r\n<span data-balloon-length=\"medium\" aria-label=\"Ensino M\u00e9dio completo, possuir curso de forma\u00e7\u00e3o inicial espec\u00edfico para o cargo, com carga hor\u00e1ria m\u00ednima de quarenta horas, e residir na \u00e1rea da comunidade (bairros de atua\u00e7\u00e3o*) em que atuar, desde a data da publica\u00e7\u00e3o deste edital\" data-balloon-pos=\"up\">AGENTE COMUNIT\u00c1RIO DE SA\u00daDE<\/span><\/td>\r\n<td class=\"cvagas\">CR<\/td>\r\n<td class=\"cremuneracao\">R$ 3.036,00 \/40h<\/td>\r\n<\/tr><td class=\"ccargos\">\r\n<span data-balloon-length=\"medium\" aria-label=\"Ensino M\u00e9dio completo e possuir curso de forma\u00e7\u00e3o inicial espec\u00edfico para o cargo, com carga hor\u00e1ria m\u00ednima de quarenta horas.\" data-balloon-pos=\"up\">AGENTE DE COMBATE \u00c0S ENDEMIAS<\/span><\/td>\r\n<td class=\"cvagas\">CR<\/td>\r\n<td class=\"cremuneracao\">R$ 3.036,00 \/40h<\/td>\r\n<\/tr><td class=\"ccargos\">\r\n<span data-balloon-length=\"medium\" aria-label=\"Ensino m\u00e9dio conclu\u00eddo\" data-balloon-pos=\"up\">AUXILIAR ADMINISTRATIVO<\/span><\/td>\r\n<td class=\"cvagas\">CR<\/td>\r\n<td class=\"cremuneracao\">R$ 2.850,00 \/40h<\/td>\r\n<\/tr><td class=\"ccargos\">\r\n<span data-balloon-length=\"medium\" aria-label=\"Ensino m\u00e9dio conclu\u00eddo, curso espec\u00edfico e registro no Conselho.\" data-balloon-pos=\"up\">AUXILIAR DE SA\u00daDE BUCAL<\/span><\/td>\r\n<td class=\"cvagas\">CR<\/td>\r\n<td class=\"cremuneracao\">R$ 2.700,00 \/40h<\/td>\r\n<\/tr><td class=\"ccargos\">\r\n<span data-balloon-length=\"medium\" data-balloon-pos=\"up\">MOTORISTA<\/span><\/td>\r\n<td class=\"cvagas\">CR<\/td>\r\n<td class=\"cremuneracao\">R$ 2.700,00 \/40h<\/td>\r\n<\/tr><td class=\"ccargos\">\r\n<span data-balloon-length=\"medium\" data-balloon-pos=\"up\">MOTORISTA SOCORRISTA<\/span><\/td>\r\n<td class=\"cvagas\">CR<\/td>\r\n<td class=\"cremuneracao\">R$ 2.850,00 \/40h<\/td>\r\n<\/tr><td class=\"ccargos\">\r\n<span data-balloon-length=\"medium\" aria-label=\"Ensino m\u00e9dio conclu\u00eddo, curso t\u00e9cnico especifico na \u00e1rea e registro no Conselho.\" data-balloon-pos=\"up\">T\u00c9CNICO EM ENFERMAGEM<\/span><\/td>\r\n<td class=\"cvagas\">CR<\/td>\r\n<td class=\"cremuneracao\">R$ 3.700,00 \/40h<\/td>\r\n<\/tr><td class=\"ccargos\">\r\n<span data-balloon-length=\"medium\" aria-label=\"Ensino m\u00e9dio conclu\u00eddo, curso t\u00e9cnico especifico na \u00e1rea e registro no Conselho.\" data-balloon-pos=\"up\">T\u00c9CNICO DE SA\u00daDE BUCAL<\/span><\/td>\r\n<td class=\"cvagas\">CR<\/td>\r\n<td class=\"cremuneracao\">R$ 3.700,00 \/40h<\/td>\r\n<\/tr><td class=\"ccargos\">\r\n<span data-balloon-length=\"medium\" aria-label=\"Ensino m\u00e9dio conclu\u00eddo, curso t\u00e9cnico especifico na \u00e1rea e registro no Conselho\" data-balloon-pos=\"up\">T\u00c9CNICO EM INFORM\u00c1TICA<\/span><\/td>\r\n<td class=\"cvagas\">CR<\/td>\r\n<td class=\"cremuneracao\">R$ 3.700,00 \/40h<\/td>\r\n<\/tr><td class=\"ccargos\">\r\n<span data-balloon-length=\"medium\" aria-label=\"Ensino m\u00e9dio conclu\u00eddo, curso t\u00e9cnico especifico na \u00e1rea e registro no Conselho.\" data-balloon-pos=\"up\">T\u00c9CNICO EM RADIOLOGIA<\/span><\/td>\r\n<td class=\"cvagas\">CR<\/td>\r\n<td class=\"cremuneracao\">R$ 3.700,00 \/30h<\/td>\r\n<\/tr>\r\n    <\/tbody>\r\n  <\/table>\r\n<\/div>","_superior":"<div>\r\n<table class=\"quadro\">\r\n<thead>\r\n<tr>\r\n<th class=\"hcargo\">Cargo<\/th>\r\n<th class=\"hvagas\">Vagas<\/th>\r\n<th class=\"hremuneracao\">Remunera\u00e7\u00e3o<\/th>\r\n<\/tr>\r\n<\/thead>\r\n    <tbody>\r\n      <tr>\r\n<td class=\"ccargos\">\r\n<span data-balloon-length=\"medium\" aria-label=\"Ensino Superior em Servi\u00e7o Social e registro no Conselho.\" data-balloon-pos=\"up\">ASSISTENTE SOCIAL<\/span><\/td>\r\n<td class=\"cvagas\">CR<\/td>\r\n<td class=\"cremuneracao\">R$ 6.200,00 \/40h<\/td>\r\n<\/tr><tr>\r\n<td class=\"ccargos\">\r\n<span data-balloon-length=\"medium\" aria-label=\"Ensino Superior em Biomedicina e registro no Conselho.\" data-balloon-pos=\"up\">BIOM\u00c9DICO<\/span><\/td>\r\n<td class=\"cvagas\">CR<\/td>\r\n<td class=\"cremuneracao\">R$ 6.200,00 \/40h<\/td>\r\n<\/tr><tr>\r\n<td class=\"ccargos\">\r\n<span data-balloon-length=\"medium\" aria-label=\"Ensino Superior em Odontologia e registro no Conselho.\" data-balloon-pos=\"up\">CIRURGI\u00c3O DENTISTA<\/span><\/td>\r\n<td class=\"cvagas\">CR<\/td>\r\n<td class=\"cremuneracao\">R$ 8.200,00 \/40h<\/td>\r\n<\/tr><tr>\r\n<td class=\"ccargos\">\r\n<span data-balloon-length=\"medium\" aria-label=\"Ensino Superior em Odontologia e registro no Conselho.\" data-balloon-pos=\"up\">CIRURGI\u00c3O DENTISTA<\/span><\/td>\r\n<td class=\"cvagas\">CR<\/td>\r\n<td class=\"cremuneracao\">R$ 4.100,00 \/20h<\/td>\r\n<\/tr><tr>\r\n<td class=\"ccargos\">\r\n<span data-balloon-length=\"medium\" aria-label=\"Ensino Superior em Odontologia, especializa\u00e7\u00e3o em n\u00edvel de p\u00f3s-gradua\u00e7\u00e3o em Odontopediatria e registro no Conselho.\" data-balloon-pos=\"up\">CIRURGI\u00c3O DENTISTA \u2013 ESPECIALISTA EM ODONTOPEDIATRIA<\/span><\/td>\r\n<td class=\"cvagas\">CR<\/td>\r\n<td class=\"cremuneracao\">R$ 2.800,00 \/08h<\/td>\r\n<\/tr><tr>\r\n<td class=\"ccargos\">\r\n<span data-balloon-length=\"medium\" aria-label=\"Ensino Superior em Odontologia, especializa\u00e7\u00e3o no atendimento de Pacientes Portadores de Necessidades Especiais e registro no Conselho.\" data-balloon-pos=\"up\">CIRURGI\u00c3O DENTISTA - ESPECIALISTA EM PACIENTES COM NECESSIDADES ESPECIAIS (PNE)<\/span><\/td>\r\n<td class=\"cvagas\">CR<\/td>\r\n<td class=\"cremuneracao\">R$ 2.800,00 \/08h<\/td>\r\n<\/tr><tr>\r\n<td class=\"ccargos\">\r\n<span data-balloon-length=\"medium\" aria-label=\"Ensino Superior em Enfermagem e registro no Conselho.\" data-balloon-pos=\"up\">ENFERMEIRO<\/span><\/td>\r\n<td class=\"cvagas\">CR<\/td>\r\n<td class=\"cremuneracao\">R$ 6.200,00 \/40h<\/td>\r\n<\/tr><tr>\r\n<td class=\"ccargos\">\r\n<span data-balloon-length=\"medium\" aria-label=\"Ensino Superior em Farm\u00e1cia e registro no Conselho.\" data-balloon-pos=\"up\">FARMAC\u00caUTICO<\/span><\/td>\r\n<td class=\"cvagas\">CR<\/td>\r\n<td class=\"cremuneracao\">R$ 3.100,00 \/20h<\/td>\r\n<\/tr><tr>\r\n<td class=\"ccargos\">\r\n<span data-balloon-length=\"medium\" aria-label=\"Ensino Superior em Farm\u00e1cia e registro no Conselho.\" data-balloon-pos=\"up\">FARMAC\u00caUTICO<\/span><\/td>\r\n<td class=\"cvagas\">CR<\/td>\r\n<td class=\"cremuneracao\">R$ 6.200,00 \/40h<\/td>\r\n<\/tr><tr>\r\n<td class=\"ccargos\">\r\n<span data-balloon-length=\"medium\" aria-label=\"Ensino Superior em Fisioterapia e registro no Conselho.\" data-balloon-pos=\"up\">FISIOTERAPEUTA<\/span><\/td>\r\n<td class=\"cvagas\">CR<\/td>\r\n<td class=\"cremuneracao\">R$ 4.650,00 \/30h<\/td>\r\n<\/tr><tr>\r\n<td class=\"ccargos\">\r\n<span data-balloon-length=\"medium\" aria-label=\"Ensino Superior em Fonoaudiologia registro no Conselho.\" data-balloon-pos=\"up\">FONOAUDI\u00d3LOGO<\/span><\/td>\r\n<td class=\"cvagas\">CR<\/td>\r\n<td class=\"cremuneracao\">R$ 6.200,00 \/40h<\/td>\r\n<\/tr><tr>\r\n<td class=\"ccargos\">\r\n<span data-balloon-length=\"medium\" aria-label=\"Ensino Superior em Nutri\u00e7\u00e3o registro no Conselho.\" data-balloon-pos=\"up\">NUTRICIONISTA<\/span><\/td>\r\n<td class=\"cvagas\">CR<\/td>\r\n<td class=\"cremuneracao\">R$ 6.200,00 \/40h<\/td>\r\n<\/tr><tr>\r\n<td class=\"ccargos\">\r\n<span data-balloon-length=\"medium\" aria-label=\"Curso Superior em Educa\u00e7\u00e3o F\u00edsica e registro no Conselho.\" data-balloon-pos=\"up\">PROFISSIONAL DE EDUCA\u00c7\u00c3O F\u00cdSICA - CAPS<\/span><\/td>\r\n<td class=\"cvagas\">CR<\/td>\r\n<td class=\"cremuneracao\">R$ 6.200,00 \/40h<\/td>\r\n<\/tr><tr>\r\n<td class=\"ccargos\">\r\n<span data-balloon-length=\"medium\" aria-label=\"Ensino Superior em Psicologia e registro no Conselho.\" data-balloon-pos=\"up\">PSIC\u00d3LOGO<\/span><\/td>\r\n<td class=\"cvagas\">CR<\/td>\r\n<td class=\"cremuneracao\">R$ 6.200,00 \/40h<\/td>\r\n<\/tr><tr>\r\n<td class=\"ccargos\">\r\n<span data-balloon-length=\"medium\" aria-label=\"Ensino Superior em Psicologia e registro no Conselho.\" data-balloon-pos=\"up\">PSIC\u00d3LOGO<\/span><\/td>\r\n<td class=\"cvagas\">CR<\/td>\r\n<td class=\"cremuneracao\">R$ 3.100,00 \/20h<\/td>\r\n<\/tr><tr>\r\n<td class=\"ccargos\">\r\n<span data-balloon-length=\"medium\" aria-label=\"Ensino Superior em Terapia Ocupacional e registro no Conselho.\" data-balloon-pos=\"up\">TERAPEUTA OCUPACIONAL<\/span><\/td>\r\n<td class=\"cvagas\">CR<\/td>\r\n<td class=\"cremuneracao\">R$ 6.200,00 \/40h<\/td>\r\n<\/tr>\r\n    <\/tbody>\r\n  <\/table>\r\n<\/div>"},"_links":{"self":[{"href":"https:\/\/www.agrobase.com.br\/concursos\/wp-json\/wp\/v2\/posts\/266189","targetHints":{"allow":["GET"]}}],"collection":[{"href":"https:\/\/www.agrobase.com.br\/concursos\/wp-json\/wp\/v2\/posts"}],"about":[{"href":"https:\/\/www.agrobase.com.br\/concursos\/wp-json\/wp\/v2\/types\/post"}],"author":[{"embeddable":true,"href":"https:\/\/www.agrobase.com.br\/concursos\/wp-json\/wp\/v2\/users\/7"}],"replies":[{"embeddable":true,"href":"https:\/\/www.agrobase.com.br\/concursos\/wp-json\/wp\/v2\/comments?post=266189"}],"version-history":[{"count":3,"href":"https:\/\/www.agrobase.com.br\/concursos\/wp-json\/wp\/v2\/posts\/266189\/revisions"}],"predecessor-version":[{"id":266194,"href":"https:\/\/www.agrobase.com.br\/concursos\/wp-json\/wp\/v2\/posts\/266189\/revisions\/266194"}],"wp:featuredmedia":[{"embeddable":true,"href":"https:\/\/www.agrobase.com.br\/concursos\/wp-json\/wp\/v2\/media\/266188"}],"wp:attachment":[{"href":"https:\/\/www.agrobase.com.br\/concursos\/wp-json\/wp\/v2\/media?parent=266189"}],"wp:term":[{"taxonomy":"category","embeddable":true,"href":"https:\/\/www.agrobase.com.br\/concursos\/wp-json\/wp\/v2\/categories?post=266189"},{"taxonomy":"post_tag","embeddable":true,"href":"https:\/\/www.agrobase.com.br\/concursos\/wp-json\/wp\/v2\/tags?post=266189"},{"taxonomy":"_amplo","embeddable":true,"href":"https:\/\/www.agrobase.com.br\/concursos\/wp-json\/wp\/v2\/_amplo?post=266189"},{"taxonomy":"destaque","embeddable":true,"href":"https:\/\/www.agrobase.com.br\/concursos\/wp-json\/wp\/v2\/destaque?post=266189"},{"taxonomy":"instituicoes","embeddable":true,"href":"https:\/\/www.agrobase.com.br\/concursos\/wp-json\/wp\/v2\/instituicoes?post=266189"}],"curies":[{"name":"wp","href":"https:\/\/api.w.org\/{rel}","templated":true}]}}