{"id":266183,"date":"2025-05-22T08:10:25","date_gmt":"2025-05-22T11:10:25","guid":{"rendered":"https:\/\/www.agrobase.com.br\/concursos\/?p=266183"},"modified":"2025-05-21T15:27:15","modified_gmt":"2025-05-21T18:27:15","slug":"ufpb-pb-selecao-simplificada-32-2025","status":"publish","type":"post","link":"https:\/\/www.agrobase.com.br\/concursos\/2025\/ufpb-pb-selecao-simplificada-32-2025\/","title":{"rendered":"UFPB (PB) &#8211; Sele\u00e7\u00e3o Simplificada 32\/2025"},"content":{"rendered":"<h2>Informa\u00e7\u00f5es Gerais<\/h2>\n<p>A Universidade Federal da Para\u00edba (UFPB) anuncia a abertura do <strong>Processo Seletivo Simplificado para Professor Substituto do Magist\u00e9rio Superior<\/strong>, regido pelo EDITAL N\u00ba 32\/2025-PROGEP-DSP. Com o edital j\u00e1 publicado, o certame tem como objetivo a contrata\u00e7\u00e3o tempor\u00e1ria de profissionais para suprir necessidades eventuais de docentes em cursos de gradua\u00e7\u00e3o, visando o preenchimento de vagas imediatas e a forma\u00e7\u00e3o de cadastro de reserva. A contrata\u00e7\u00e3o ser\u00e1 por prazo determinado de at\u00e9 um ano, prorrog\u00e1vel nos termos da Lei n\u00ba 8.745\/1993, e o regime de trabalho pode ser de 20 ou 40 horas semanais, conforme a vaga.<\/p>\n<p>Todas as oportunidades exigem n\u00edvel superior, com requisitos espec\u00edficos de gradua\u00e7\u00e3o e, frequentemente, p\u00f3s-gradua\u00e7\u00e3o (especializa\u00e7\u00e3o, mestrado) detalhados para cada \u00e1rea. As vagas est\u00e3o distribu\u00eddas em diversos departamentos e centros, contemplando \u00e1reas como Letras (Cl\u00e1ssicas, Espanhola, Inglesa), Ci\u00eancias da Sa\u00fade (Medicina, Microbiologia, Fisiologia, Terapia Ocupacional), Educa\u00e7\u00e3o (Gest\u00e3o Educacional), Ci\u00eancias Exatas e da Terra (Computa\u00e7\u00e3o), Ci\u00eancias Agr\u00e1rias (Produ\u00e7\u00e3o Vegetal, Ci\u00eancia e Tecnologia de Alimentos) e Ci\u00eancias Sociais Aplicadas (Ci\u00eancias Cont\u00e1beis). Para os profissionais das \u00e1reas de <strong>Agronomia<\/strong> (com vagas em Produ\u00e7\u00e3o Vegetal), <strong>Ci\u00eancias Biol\u00f3gicas<\/strong> (com vagas em Microbiologia e Fisiologia), <strong>Nutri\u00e7\u00e3o<\/strong> e <strong>Engenharia de Alimentos<\/strong> (ambas contempladas na \u00e1rea de Ci\u00eancia de Alimentos\/Tecnologia de Alimentos), este edital oferece chances significativas. Convidamos voc\u00ea a explorar as se\u00e7\u00f5es seguintes para entender como se inscrever, quais s\u00e3o as etapas do processo e como acompanhar os resultados.<\/p>\n<h2>Inscri\u00e7\u00f5es<\/h2>\n<p>As inscri\u00e7\u00f5es para o Processo Seletivo Simplificado da UFPB estar\u00e3o abertas entre os dias <strong>02 de junho de 2025 e 11 de junho de 2025<\/strong>. Os interessados dever\u00e3o realizar a inscri\u00e7\u00e3o presencialmente na secretaria do departamento respons\u00e1vel pela \u00e1rea de interesse, ou por meio de procura\u00e7\u00e3o, ou ainda por via postal (Sedex), conforme detalhado no edital. O link para acesso ao requerimento de inscri\u00e7\u00e3o e outras informa\u00e7\u00f5es \u00e9 <code>http:\/\/www.progep.ufpb.br\/progep\/colecoes\/editais-docente<\/code>.<\/p>\n<p>A taxa de inscri\u00e7\u00e3o varia conforme o regime de trabalho da vaga pretendida: <strong>R$ 60,00<\/strong> para regime de T-20 horas e <strong>R$ 85,00<\/strong> para regime de T-40 horas. O pagamento deve ser efetuado mediante Guia de Recolhimento da Uni\u00e3o (GRU SIMPLES), dispon\u00edvel no portal PagTesouro, utilizando os c\u00f3digos e informa\u00e7\u00f5es especificadas no item 4.3 do edital. \u00c9 crucial apresentar o comprovante de recolhimento da taxa, n\u00e3o sendo aceitos comprovantes de agendamento. O edital n\u00e3o menciona explicitamente procedimentos para solicita\u00e7\u00e3o de isen\u00e7\u00e3o da taxa de inscri\u00e7\u00e3o.<\/p>\n<p>No ato da inscri\u00e7\u00e3o, os candidatos devem apresentar toda a documenta\u00e7\u00e3o exigida, incluindo o Requerimento de Inscri\u00e7\u00e3o (dispon\u00edvel no site da PROGEP), comprovante de pagamento da taxa, c\u00f3pia de documento oficial de identidade com foto e CPF, curriculum vitae ou Lattes devidamente comprovado, e foto 3&#215;4 recente. A rela\u00e7\u00e3o dos pedidos de inscri\u00e7\u00e3o deferidos ser\u00e1 divulgada pela Comiss\u00e3o Examinadora no site do departamento ou Dire\u00e7\u00e3o de Centro. \u00c9 fundamental que os candidatos leiam atentamente o edital completo para conhecer todos os requisitos, documentos necess\u00e1rios e procedimentos detalhados para a inscri\u00e7\u00e3o.<\/p>\n<h2>Etapas e Provas<\/h2>\n<p>O Processo Seletivo Simplificado da UFPB para Professor Substituto ser\u00e1 composto por duas etapas principais, aplic\u00e1veis a todos os candidatos inscritos e com inscri\u00e7\u00e3o deferida:<\/p>\n<ul>\n<li><strong>Prova Did\u00e1tica:<\/strong> De car\u00e1ter <em>eliminat\u00f3rio<\/em> e com peso 6 (seis). Consiste em uma aula expositiva ou de natureza te\u00f3rico-pr\u00e1tica sobre um tema sorteado com 24 horas de anteced\u00eancia em rela\u00e7\u00e3o ao in\u00edcio da sess\u00e3o de provas, dentre os previamente definidos no Anexo IV do edital para cada \u00e1rea. A entrega do plano de aula \u00e0 banca examinadora, antes do in\u00edcio da prova, \u00e9 obrigat\u00f3ria, sob pena de elimina\u00e7\u00e3o. Os crit\u00e9rios de avalia\u00e7\u00e3o incluem dom\u00ednio do conte\u00fado (valor m\u00e1ximo: 60 pontos), sequ\u00eancia l\u00f3gica e coer\u00eancia do conte\u00fado (valor m\u00e1ximo: 24 pontos) e concis\u00e3o (valor m\u00e1ximo: 16 pontos). Para aprova\u00e7\u00e3o nesta etapa, o candidato dever\u00e1 obter nota m\u00ednima de 70,0 pontos. As datas prov\u00e1veis para a prova did\u00e1tica variam por \u00e1rea, ocorrendo entre maio e julho de 2025, conforme cronograma espec\u00edfico de cada departamento.<\/li>\n<li><strong>Prova de T\u00edtulos:<\/strong> De car\u00e1ter <em>classificat\u00f3rio<\/em> e com peso 4 (quatro). Somente ser\u00e3o avaliados os t\u00edtulos dos candidatos que obtiverem aprova\u00e7\u00e3o na Prova Did\u00e1tica. Esta etapa consiste na aprecia\u00e7\u00e3o dos documentos comprobat\u00f3rios apresentados pelos candidatos referentes \u00e0 experi\u00eancia docente, cient\u00edfica, t\u00e9cnica, tecnol\u00f3gica, extensionista, cultural, art\u00edstica ou profissional, como tamb\u00e9m trabalhos realizados ou publicados nos \u00faltimos 05 (cinco) anos. A Comiss\u00e3o Examinadora atribuir\u00e1 nota 100 (cem) \u00e0 prova de t\u00edtulos do candidato que obtiver o maior n\u00famero de pontos, e aos demais candidatos notas diretamente proporcionais. As datas para an\u00e1lise de t\u00edtulos tamb\u00e9m variam por \u00e1rea, geralmente ocorrendo alguns dias ap\u00f3s a respectiva prova did\u00e1tica.<\/li>\n<\/ul>\n<p>Os temas espec\u00edficos para a Prova Did\u00e1tica, os crit\u00e9rios detalhados para a Prova de T\u00edtulos, bem como os locais e hor\u00e1rios das provas, ser\u00e3o divulgados no site do departamento respons\u00e1vel. Recomenda-se a leitura integral do edital para pleno conhecimento do conte\u00fado program\u00e1tico, das regras de cada etapa e do cronograma completo.<\/p>\n<h2>Resultados e Gabarito<\/h2>\n<p>A divulga\u00e7\u00e3o dos resultados do Processo Seletivo Simplificado da UFPB seguir\u00e1 um cronograma espec\u00edfico para cada \u00e1rea de conhecimento. Ap\u00f3s a realiza\u00e7\u00e3o da Prova Did\u00e1tica, ser\u00e1 publicado um resultado provis\u00f3rio, e os candidatos interessados dispor\u00e3o de 02 (dois) dias \u00fateis para interpor pedido de reconsidera\u00e7\u00e3o, a contar da data da divulga\u00e7\u00e3o da nota provis\u00f3ria. Da mesma forma, ap\u00f3s a avalia\u00e7\u00e3o dos t\u00edtulos, um resultado provis\u00f3rio desta etapa tamb\u00e9m ser\u00e1 divulgado, seguindo os mesmos prazos e procedimentos para pedido de reconsidera\u00e7\u00e3o. As datas prov\u00e1veis para divulga\u00e7\u00e3o dos resultados preliminares por \u00c1rea de Conhecimento est\u00e3o indicadas no edital, concentrando-se principalmente em julho de 2025.<\/p>\n<p>A classifica\u00e7\u00e3o final dos candidatos ser\u00e1 feita em ordem decrescente da nota final, calculada pela m\u00e9dia ponderada das notas obtidas na Prova Did\u00e1tica (peso 6) e na Prova de T\u00edtulos (peso 4), utilizando a f\u00f3rmula: Mp = (p1.x1 + p2.x2) \/ (p1 + p2). Em caso de empate na m\u00e9dia final, os crit\u00e9rios de desempate ser\u00e3o, sucessivamente: idade mais elevada (conforme Lei n\u00ba 10.741\/2003), maior nota na Prova Did\u00e1tica, maior titula\u00e7\u00e3o acad\u00eamica e, por fim, ter exercido efetivamente a fun\u00e7\u00e3o de jurado. O resultado final do processo seletivo, ap\u00f3s a an\u00e1lise de todos os recursos e pareceres, ser\u00e1 homologado e publicado no Di\u00e1rio Oficial da Uni\u00e3o (DOU), contendo a rela\u00e7\u00e3o dos candidatos aprovados por ordem de classifica\u00e7\u00e3o.<\/p>\n<p>A convoca\u00e7\u00e3o dos candidatos aprovados e classificados ocorrer\u00e1 por correio eletr\u00f4nico. Os convocados ter\u00e3o o prazo m\u00e1ximo de 10 (dez) dias, contados da convoca\u00e7\u00e3o, para se apresentar \u00e0 Pr\u00f3-Reitoria de Gest\u00e3o de Pessoas (PROGEP) com a documenta\u00e7\u00e3o exigida para a assinatura do contrato. \u00c9 de responsabilidade exclusiva do candidato o acompanhamento de todas as publica\u00e7\u00f5es oficiais referentes ao certame, divulgadas no site da PROGEP\/UFPB, nos portais dos departamentos acad\u00eamicos respons\u00e1veis e no Di\u00e1rio Oficial da Uni\u00e3o.<\/p>\n","protected":false},"excerpt":{"rendered":"<p>Sel. Simplificada UFPB (PB) com edital publicado! Vagas p\/ Letras, Microbiologia (Superior). Inscri\u00e7\u00f5es a partir de 02\/06. Sal\u00e1rios at\u00e9 R$ 6.2k. Confira detalhes!<\/p>\n","protected":false},"author":7,"featured_media":266182,"comment_status":"open","ping_status":"open","sticky":false,"template":"","format":"standard","meta":{"_acf_changed":false,"_breakdance_hide_in_design_set":false,"_breakdance_tags":"","footnotes":""},"categories":[3,4,6433,126,9,95,79,20,21,23,25,134],"tags":[53],"_amplo":[],"destaque":[],"instituicoes":[],"class_list":["post-266183","post","type-post","status-publish","format-standard","has-post-thumbnail","hentry","category-administracao","category-agronomia","category-biologia-licenciatura","category-ciencia-computacao","category-ciencias-contabeis","category-engenharia-agricola","category-engenharia-alimentos","category-letras","category-medicina","category-nutricao","category-pedagogia","category-terapia-ocupacional","tag-paraiba"],"acf":{"_tipo_vagas":"vagas","_numero_vagas":"","_quadro_vagas":"","_cargos":"diversos","_cargos_especificos":"","_salario_max":"R$ 6273.56","_abertura":"20250602","_encerramento":"20250611","_inscricoes":"http:\/\/www.progep.ufpb.br\/progep\/colecoes\/editais-docente","_executora_concurso":"","_instituicao_concurso":[],"_link_adicional":null,"_anexos":null,"_produtos":null,"_vagas":"9 vagas + CR","_salario_min":"R$ 3244.92","_instituicao":"Universidade Federal da Para\u00edba","_edital":"https:\/\/www.agrobase.com.br\/concursos\/wp-content\/uploads\/sites\/4\/2025\/05\/edital-32-2025-ufpb.pdf","_anexos_edital":"https:\/\/www.agrobase.com.br\/concursos\/wp-content\/uploads\/sites\/4\/2025\/05\/anexos-edital-32-2025-ufpb.pdf","_fund_incompleto":"","_fund_completo":"","_medio":"","_superior":"<div>\r\n<table class=\"quadro\">\r\n<thead>\r\n<tr>\r\n<th class=\"hcargo\">Cargo<\/th>\r\n<th class=\"hvagas\">Vagas<\/th>\r\n<th class=\"hremuneracao\">Remunera\u00e7\u00e3o<\/th>\r\n<\/tr>\r\n<\/thead>\r\n    <tbody>\r\n      <tr>\r\n<td class=\"ccargos\">\r\n<span data-balloon-length=\"medium\" aria-label=\"Gradua\u00e7\u00e3o em Letras Cl\u00e1ssicas ou Letras.\" data-balloon-pos=\"up\">Letras Cl\u00e1ssicas<\/span><\/td>\r\n<td class=\"cvagas\">1 + CR<\/td>\r\n<td class=\"cremuneracao\">R$ 3.244,92 \/20h<\/td>\r\n<\/tr><tr>\r\n<td class=\"ccargos\">\r\n<span data-balloon-length=\"medium\" aria-label=\"Gradua\u00e7\u00e3o em L\u00ednguas Estrangeiras Aplicadas \u00e0s Negocia\u00e7\u00f5es Internacionais ou Letras com habilita\u00e7\u00e3o em L\u00edngua Espanhola ou em L\u00ednguas Estrangeiras Aplicadas ao Multilinguismo e \u00e0 Sociedade da Informa\u00e7\u00e3o.\" data-balloon-pos=\"up\">L\u00edngua Espanhola Aplicada \u00e0s Negocia\u00e7\u00f5es Internacionais<\/span><\/td>\r\n<td class=\"cvagas\">1 + CR<\/td>\r\n<td class=\"cremuneracao\">R$ 4.651,09 \/40h<\/td>\r\n<\/tr><tr>\r\n<td class=\"ccargos\">\r\n<span data-balloon-length=\"medium\" aria-label=\"Gradua\u00e7\u00e3o em Medicina; T\u00edtulo de Especialista e\/ou Certificado de Resid\u00eancia M\u00e9dica em Hematologia e Hemoterapia.\" data-balloon-pos=\"up\">Hematologia e Hemoterapia\/Internato<\/span><\/td>\r\n<td class=\"cvagas\">1 + CR<\/td>\r\n<td class=\"cremuneracao\">R$ 3.553,96 \/20h<\/td>\r\n<\/tr><tr>\r\n<td class=\"ccargos\">\r\n<span data-balloon-length=\"medium\" aria-label=\"Gradua\u00e7\u00e3o em Medicina com Resid\u00eancia M\u00e9dica em Pneumologia ou Especializa\u00e7\u00e3o em Pneumologia.\" data-balloon-pos=\"up\">Pneumologia<\/span><\/td>\r\n<td class=\"cvagas\">1 + CR<\/td>\r\n<td class=\"cremuneracao\">R$ 3.553,96 \/20h<\/td>\r\n<\/tr><tr>\r\n<td class=\"ccargos\">\r\n<span data-balloon-length=\"medium\" aria-label=\"Licenciatura Plena em Pedagogia e Mestre em Educa\u00e7\u00e3o.\" data-balloon-pos=\"up\">Gest\u00e3o Educacional<\/span><\/td>\r\n<td class=\"cvagas\">1 + CR<\/td>\r\n<td class=\"cremuneracao\">R$ 3.854,32 \/20h<\/td>\r\n<\/tr><tr>\r\n<td class=\"ccargos\">\r\n<span data-balloon-length=\"medium\" aria-label=\"Gradua\u00e7\u00e3o em Ci\u00eancias Biol\u00f3gicas ou \u00e1rea da sa\u00fade e Mestrado, na \u00e1rea de Microbiologia ou Ci\u00eancias da Sa\u00fade ou \u00e1reas afins.\" data-balloon-pos=\"up\">Microbiologia<\/span><\/td>\r\n<td class=\"cvagas\">1 + CR<\/td>\r\n<td class=\"cremuneracao\">R$ 6.273,56 \/40h<\/td>\r\n<\/tr><tr>\r\n<td class=\"ccargos\">\r\n<span data-balloon-length=\"medium\" aria-label=\"Mestrado em Fisiologia e\/ou \u00e1reas afins da \u00e1rea de Ci\u00eancias Biol\u00f3gicas ou da Sa\u00fade.\" data-balloon-pos=\"up\">Fisiologia<\/span><\/td>\r\n<td class=\"cvagas\">1 + CR<\/td>\r\n<td class=\"cremuneracao\">R$ 3.854,32 \/20h<\/td>\r\n<\/tr><tr>\r\n<td class=\"ccargos\">\r\n<span data-balloon-length=\"medium\" aria-label=\"Gradua\u00e7\u00e3o em Terapia Ocupacional e Especializa\u00e7\u00e3o em Terapia Ocupacional ou \u00e1reas afins.\" data-balloon-pos=\"up\">Sa\u00fade Funcional e Contexto Hospitalar<\/span><\/td>\r\n<td class=\"cvagas\">1 + CR<\/td>\r\n<td class=\"cremuneracao\">R$ 3.553,96 \/20h<\/td>\r\n<\/tr><tr>\r\n<td class=\"ccargos\">\r\n<span data-balloon-length=\"medium\" aria-label=\"Mestrado em Computa\u00e7\u00e3o ou \u00e1reas afins.\" data-balloon-pos=\"up\">Arquitetura de Computadores e Sistemas Operacionais<\/span><\/td>\r\n<td class=\"cvagas\">1 + CR<\/td>\r\n<td class=\"cremuneracao\">R$ 3.854,32 \/20h<\/td>\r\n<\/tr><tr>\r\n<td class=\"ccargos\">\r\n<span data-balloon-length=\"medium\" aria-label=\"Gradua\u00e7\u00e3o em Agronomia, Licenciatura em Ci\u00eancias Agr\u00e1rias ou Agroecologia, com no m\u00ednimo Mestrado na \u00e1rea de Agronomia, Agroecologia ou \u00e1reas afins.\" data-balloon-pos=\"up\">Produ\u00e7\u00e3o Vegetal<\/span><\/td>\r\n<td class=\"cvagas\">1 + CR<\/td>\r\n<td class=\"cremuneracao\">R$ 3.854,32 \/20h<\/td>\r\n<\/tr><tr>\r\n<td class=\"ccargos\">\r\n<span data-balloon-length=\"medium\" aria-label=\"Gradua\u00e7\u00e3o em Agroind\u00fastria, ou Nutri\u00e7\u00e3o, ou Engenharia de Alimentos, ou Tecnologia de Alimentos, ou Ci\u00eancia e Tecnologia de Alimentos, ou Engenharia de Alimentos, ou Tecnologia Agroalimentar. com Mestrado em Ci\u00eancia de Alimentos, ou Tecnologia de Alimentos, ou Ci\u00eancia e Tecnologia de Alimentos, ou Engenharia de Alimentos, ou Tecnologia Agroalimentar.\" data-balloon-pos=\"up\">Ci\u00eancia de Alimentos \/ Tecnologia de Alimentos \/ Engenharia de Alimentos \/ Engenharia Agr\u00edcola \/ Nutri\u00e7\u00e3o<\/span><\/td>\r\n<td class=\"cvagas\">1 + CR<\/td>\r\n<td class=\"cremuneracao\">R$ 3.854,32 \/20h<\/td>\r\n<\/tr><tr>\r\n<td class=\"ccargos\">\r\n<span data-balloon-length=\"medium\" aria-label=\"Mestrado em Design ou \u00e1reas afins.\" data-balloon-pos=\"up\">Teoria, Hist\u00f3ria e Pr\u00e1ticas do Design<\/span><\/td>\r\n<td class=\"cvagas\">1 + CR<\/td>\r\n<td class=\"cremuneracao\">R$ 3.854,32 \/20h<\/td>\r\n<\/tr><tr>\r\n<td class=\"ccargos\">\r\n<span data-balloon-length=\"medium\" aria-label=\"Gradua\u00e7\u00e3o em Letras\/Ingl\u00eas ou em Letras\/Ingl\u00eas-Portugu\u00eas e Mestrado em Letras ou em Lingu\u00edstica ou em Lingu\u00edstica Aplicada ou em Estudos da Linguagem ou em Linguagem e Ensino ou em Ci\u00eancias da Linguagem ou \u00e1reas afins.\" data-balloon-pos=\"up\">Letras L\u00edngua Inglesa<\/span><\/td>\r\n<td class=\"cvagas\">1 + CR<\/td>\r\n<td class=\"cremuneracao\">R$ 3.854,32 \/20h<\/td>\r\n<\/tr><tr>\r\n<td class=\"ccargos\">\r\n<span data-balloon-length=\"medium\" aria-label=\"Gradua\u00e7\u00e3o em Ci\u00eancias Cont\u00e1beis e Mestrado em Ci\u00eancias Cont\u00e1beis, Administra\u00e7\u00e3o ou \u00e1reas afins.\" data-balloon-pos=\"up\">Ci\u00eancias Cont\u00e1beis<\/span><\/td>\r\n<td class=\"cvagas\">1 + CR<\/td>\r\n<td class=\"cremuneracao\">R$ 3.854,32 \/20h<\/td>\r\n<\/tr>\r\n    <\/tbody>\r\n  <\/table>\r\n<\/div>"},"_links":{"self":[{"href":"https:\/\/www.agrobase.com.br\/concursos\/wp-json\/wp\/v2\/posts\/266183","targetHints":{"allow":["GET"]}}],"collection":[{"href":"https:\/\/www.agrobase.com.br\/concursos\/wp-json\/wp\/v2\/posts"}],"about":[{"href":"https:\/\/www.agrobase.com.br\/concursos\/wp-json\/wp\/v2\/types\/post"}],"author":[{"embeddable":true,"href":"https:\/\/www.agrobase.com.br\/concursos\/wp-json\/wp\/v2\/users\/7"}],"replies":[{"embeddable":true,"href":"https:\/\/www.agrobase.com.br\/concursos\/wp-json\/wp\/v2\/comments?post=266183"}],"version-history":[{"count":2,"href":"https:\/\/www.agrobase.com.br\/concursos\/wp-json\/wp\/v2\/posts\/266183\/revisions"}],"predecessor-version":[{"id":266187,"href":"https:\/\/www.agrobase.com.br\/concursos\/wp-json\/wp\/v2\/posts\/266183\/revisions\/266187"}],"wp:featuredmedia":[{"embeddable":true,"href":"https:\/\/www.agrobase.com.br\/concursos\/wp-json\/wp\/v2\/media\/266182"}],"wp:attachment":[{"href":"https:\/\/www.agrobase.com.br\/concursos\/wp-json\/wp\/v2\/media?parent=266183"}],"wp:term":[{"taxonomy":"category","embeddable":true,"href":"https:\/\/www.agrobase.com.br\/concursos\/wp-json\/wp\/v2\/categories?post=266183"},{"taxonomy":"post_tag","embeddable":true,"href":"https:\/\/www.agrobase.com.br\/concursos\/wp-json\/wp\/v2\/tags?post=266183"},{"taxonomy":"_amplo","embeddable":true,"href":"https:\/\/www.agrobase.com.br\/concursos\/wp-json\/wp\/v2\/_amplo?post=266183"},{"taxonomy":"destaque","embeddable":true,"href":"https:\/\/www.agrobase.com.br\/concursos\/wp-json\/wp\/v2\/destaque?post=266183"},{"taxonomy":"instituicoes","embeddable":true,"href":"https:\/\/www.agrobase.com.br\/concursos\/wp-json\/wp\/v2\/instituicoes?post=266183"}],"curies":[{"name":"wp","href":"https:\/\/api.w.org\/{rel}","templated":true}]}}