{"id":266073,"date":"2025-06-23T07:00:48","date_gmt":"2025-06-23T10:00:48","guid":{"rendered":"https:\/\/www.agrobase.com.br\/concursos\/?p=266073"},"modified":"2025-06-19T12:05:07","modified_gmt":"2025-06-19T15:05:07","slug":"prefeitura-barra-do-corda-ma-concurso-001-2025","status":"publish","type":"post","link":"https:\/\/www.agrobase.com.br\/concursos\/2025\/prefeitura-barra-do-corda-ma-concurso-001-2025\/","title":{"rendered":"Prefeitura Barra do Corda (MA) &#8211; Concurso 001\/2025 [prorrogado]"},"content":{"rendered":"<h2>Informa\u00e7\u00f5es Gerais<\/h2>\n<p>A Prefeitura Municipal de Barra do Corda, no Maranh\u00e3o, publicou o Edital N\u00ba 001\/2025 do seu Concurso P\u00fablico, sob a coordena\u00e7\u00e3o t\u00e9cnico-administrativa do Instituto Consulpam &#8211; Consultoria P\u00fablico-Privada. O certame tem como objetivo o preenchimento de <strong>212 vagas imediatas mais forma\u00e7\u00e3o de cadastro de reserva<\/strong> para o quadro de pessoal permanente da prefeitura. As oportunidades abrangem os n\u00edveis de escolaridade <strong>Fundamental Completo, M\u00e9dio\/T\u00e9cnico e Superior<\/strong>.<\/p>\n<p>As vagas est\u00e3o distribu\u00eddas em diversas \u00e1reas, incluindo administrativa, educa\u00e7\u00e3o, sa\u00fade, operacional, obras, fiscaliza\u00e7\u00e3o, tecnologia e meio ambiente. Para os profissionais das \u00e1reas de ci\u00eancias agr\u00e1rias e afins, destacam-se oportunidades como <strong>Engenheiro Agr\u00f4nomo (Superior)<\/strong>, <strong>Analista Ambiental (Superior &#8211; para graduados em Engenharia Ambiental ou Biologia)<\/strong>, <strong>Nutricionista (Superior)<\/strong>, al\u00e9m de cargos de n\u00edvel t\u00e9cnico como <strong>Fiscal Ambiental<\/strong> e <strong>Perito Ambiental<\/strong> (ambos exigindo curso T\u00e9cnico em Meio Ambiente).<\/p>\n<p>Este concurso representa uma excelente chance para ingressar no servi\u00e7o p\u00fablico municipal. Continue a leitura para obter informa\u00e7\u00f5es detalhadas sobre o processo de inscri\u00e7\u00e3o, as etapas da sele\u00e7\u00e3o e o cronograma de resultados.<\/p>\n<h2>Inscri\u00e7\u00f5es<\/h2>\n<p>As inscri\u00e7\u00f5es para o Concurso P\u00fablico da Prefeitura de Barra do Corda &#8211; MA estar\u00e3o abertas a partir das <strong>21h00min do dia <del datetime=\"2025-06-19T15:02:36+00:00\">23 de maio de 2025<\/del>17 de junho de 2025 e se encerrar\u00e3o \u00e0s 23h59min do dia <del datetime=\"2025-06-19T15:02:36+00:00\">16 de junho de 2025<\/del>07 de julho de 2025<\/strong>. Todo o processo de inscri\u00e7\u00e3o ser\u00e1 realizado <em>exclusivamente<\/em> pela internet, atrav\u00e9s do site oficial da banca organizadora, o Instituto Consulpam, no endere\u00e7o eletr\u00f4nico <a href=\"https:\/\/www.consulpam.com.br\" target=\"_blank\" rel=\"noopener noreferrer\">www.consulpam.com.br<\/a>.<\/p>\n<p>Antes de efetuar a inscri\u00e7\u00e3o, \u00e9 fundamental que o candidato leia atentamente o edital completo para certificar-se de que preenche todos os requisitos exigidos para o cargo desejado. O pagamento da taxa de inscri\u00e7\u00e3o dever\u00e1 ser feito por meio de boleto banc\u00e1rio, gerado no ato da inscri\u00e7\u00e3o, dentro do per\u00edodo estipulado. Os valores das taxas de inscri\u00e7\u00e3o por n\u00edvel de escolaridade, sendo de: R$ 80,00 para n\u00edvel fundamental, R$ 95,00 para n\u00edveis m\u00e9dio e t\u00e9cnico e R$ 120,00 para n\u00edvel superior.<\/p>\n<p>O edital prev\u00ea a possibilidade de solicita\u00e7\u00e3o de isen\u00e7\u00e3o da taxa de inscri\u00e7\u00e3o. Os candidatos interessados devem verificar os crit\u00e9rios, procedimentos e prazos para a solicita\u00e7\u00e3o de isen\u00e7\u00e3o diretamente no edital completo. \u00c9 de inteira responsabilidade do candidato o correto preenchimento do formul\u00e1rio de inscri\u00e7\u00e3o e o acompanhamento de todas as publica\u00e7\u00f5es e status de sua inscri\u00e7\u00e3o na \u00e1rea restrita do candidato no site da banca. Recomenda-se a leitura integral do edital para pleno conhecimento de todas as normas do certame.<\/p>\n<h2>Etapas e Provas<\/h2>\n<p>O Concurso P\u00fablico da Prefeitura de Barra do Corda &#8211; MA ser\u00e1 composto por diferentes etapas, variando conforme o cargo pretendido. As etapas previstas s\u00e3o:<\/p>\n<ul>\n<li><strong>Prova Objetiva:<\/strong> De car\u00e1ter eliminat\u00f3rio e classificat\u00f3rio, para <em>todos os cargos<\/em>. A dura\u00e7\u00e3o ser\u00e1 de 4 horas para os cargos de N\u00edvel Superior e de 3 horas para os cargos de N\u00edvel M\u00e9dio e Fundamental. Para ser aprovado, o candidato dever\u00e1 obter, no m\u00ednimo, 50% do total de pontos em Conhecimentos B\u00e1sicos e 50% em Conhecimentos Espec\u00edficos.<\/li>\n<li><strong>Prova Discursiva:<\/strong> De car\u00e1ter eliminat\u00f3rio e classificat\u00f3rio, aplicada <em>apenas para os cargos de N\u00edvel Superior<\/em>. Consistir\u00e1 em uma quest\u00e3o dissertativa sobre tema ligado aos conhecimentos gerais do cargo, a ser respondida em no m\u00ednimo 20 e no m\u00e1ximo 30 linhas. Ser\u00e1 realizada juntamente com a prova objetiva, dentro das 4 horas de dura\u00e7\u00e3o. Valer\u00e1 100 pontos, sendo necess\u00e1rio obter no m\u00ednimo 50% para aprova\u00e7\u00e3o.<\/li>\n<li><strong>Prova de T\u00edtulos:<\/strong> De car\u00e1ter exclusivamente classificat\u00f3rio, para <em>todos os cargos de N\u00edvel Superior<\/em> cujos candidatos forem aprovados na Prova Discursiva. Os t\u00edtulos dever\u00e3o ser enviados eletronicamente, conforme cronograma e especifica\u00e7\u00f5es do edital.<\/li>\n<li><strong>Prova Pr\u00e1tica:<\/strong> De car\u00e1ter eliminat\u00f3rio e classificat\u00f3rio, destinada aos candidatos aprovados na prova objetiva para os cargos de <em>Int\u00e9rprete de Libras, Professor de Libras, Professor de Braille e Motorista Categoria D<\/em>. Para os professores e int\u00e9rprete, a prova consistir\u00e1 em ministrar uma aula. Para Motorista, avaliar\u00e1 capacidade, aten\u00e7\u00e3o, percep\u00e7\u00e3o, habilidade no manuseio de equipamentos e conhecimento das normas de tr\u00e2nsito, valendo 100 pontos e exigindo no m\u00ednimo 50% para aprova\u00e7\u00e3o.<\/li>\n<\/ul>\n<p>Divulga\u00e7\u00e3o do Cart\u00e3o de Identifica\u00e7\u00e3o do Candidato, contendo os locais e hor\u00e1rios de aplica\u00e7\u00e3o das provas objetivas, no site do Concurso ser\u00e1 feita no dia 18 de agosto de 2025.<\/p>\n<p>\u00c9 fundamental que os candidatos consultem o edital completo para obter informa\u00e7\u00f5es detalhadas sobre o conte\u00fado program\u00e1tico de cada prova, os crit\u00e9rios espec\u00edficos de avalia\u00e7\u00e3o, as regras de cada etapa e o cronograma completo.<\/p>\n<h2>Resultados e Gabarito<\/h2>\n<p>O cronograma para divulga\u00e7\u00e3o dos resultados do Concurso P\u00fablico da Prefeitura de Barra do Corda &#8211; MA \u00e9 extenso e detalhado no edital. Os gabaritos preliminares das Provas Objetivas est\u00e3o previstos para <strong>25 de agosto de 2025<\/strong>, com a divulga\u00e7\u00e3o dos gabaritos oficiais em <strong>10 de setembro de 2025<\/strong>. O resultado preliminar das Provas Objetivas ser\u00e1 publicado em <strong>12 de setembro de 2025<\/strong>, e o resultado final desta etapa, ap\u00f3s recursos, em <strong>23 de setembro de 2025<\/strong>.<\/p>\n<p>Para os cargos de n\u00edvel superior, o resultado preliminar das Provas Discursivas est\u00e1 agendado para <strong>03 de outubro de 2025<\/strong>, e o resultado final desta fase para <strong>14 de outubro de 2025<\/strong>. A Prova de T\u00edtulos ter\u00e1 seu resultado preliminar divulgado em <strong>24 de outubro de 2025<\/strong> e o final em <strong>04 de novembro de 2025<\/strong>. As Provas Pr\u00e1ticas para Motorista e Professores\/Int\u00e9rprete ter\u00e3o seus resultados divulgados em etapas subsequentes, culminando com o resultado final da prova pr\u00e1tica para Professores em <strong>19 de dezembro de 2025<\/strong>.<\/p>\n<p>O <strong>Resultado Final do Concurso<\/strong> est\u00e1 previsto para ser divulgado em <strong>22 de dezembro de 2025<\/strong>, e a <strong>Homologa\u00e7\u00e3o do Concurso<\/strong>, por ato do Prefeito Municipal, em <strong>23 de dezembro de 2025<\/strong>.<\/p>\n<p>Os crit\u00e9rios de classifica\u00e7\u00e3o seguir\u00e3o a ordem decrescente das notas finais. Em caso de empate, ter\u00e3o prefer\u00eancia, sucessivamente, os candidatos que: <\/p>\n<ul>\n<li>Tiverem idade igual ou superior a 60 anos (mais elevada);<\/li>\n<li>Obtiverem maior nota na prova de conhecimentos espec\u00edficos;<\/li>\n<li>Obtiverem maior nota na prova de conhecimentos b\u00e1sicos;<\/li>\n<li>Tiverem maior idade;<\/li>\n<li>Tiverem exercido a fun\u00e7\u00e3o de jurado;<\/li>\n<li>Tiverem prestado servi\u00e7o volunt\u00e1rio \u00e0 Justi\u00e7a Eleitoral (conforme Lei Municipal).<\/li>\n<\/ul>\n<p>A convoca\u00e7\u00e3o dos aprovados ser\u00e1 realizada por meio de mensagem eletr\u00f4nica (e-mail cadastrado) e publica\u00e7\u00f5es nos sites do Instituto Consulpam e da Prefeitura Municipal. \u00c9 de responsabilidade exclusiva do candidato acompanhar todas as publica\u00e7\u00f5es oficiais no site da banca organizadora (www.consulpam.com.br) e no Di\u00e1rio Oficial do Munic\u00edpio, al\u00e9m de manter seus dados cadastrais atualizados.<\/p>\n","protected":false},"excerpt":{"rendered":"<p>Concurso Pref. Barra do Corda (MA) com edital publicado! Vagas p\/ M\u00e9dico, Enfermeiro (Fund. a Sup.). Inscri\u00e7\u00f5es a partir de 23\/05. Sal\u00e1rios at\u00e9 R$ 8k. Confira detalhes!<\/p>\n","protected":false},"author":7,"featured_media":266072,"comment_status":"open","ping_status":"open","sticky":false,"template":"","format":"standard","meta":{"_acf_changed":false,"_breakdance_hide_in_design_set":false,"_breakdance_tags":"","footnotes":""},"categories":[4,5,6,11,12,13,14,18,19,21,23,24,25,26,101,31,108,130,157,134],"tags":[49],"_amplo":[],"destaque":[],"instituicoes":[],"class_list":["post-266073","post","type-post","status-publish","format-standard","has-post-thumbnail","hentry","category-agronomia","category-arquitetura","category-biologia","category-educacao-fisica","category-enfermagem","category-engenharia-ambiental","category-engenharia","category-fisioterapia","category-fonoaudiologia","category-medicina","category-nutricao","category-odontologia","category-pedagogia","category-psicologia","category-servico-social","category-tecnico-ambiental","category-tecnico-enfermagem","category-tecnico-informatica","category-tecnico-seguranca-trabalho","category-terapia-ocupacional","tag-maranhao"],"acf":{"_tipo_vagas":"vagas","_numero_vagas":"","_quadro_vagas":"","_cargos":"diversos","_cargos_especificos":"","_salario_max":"R$ 8000","_abertura":"20250617","_encerramento":"20250707","_inscricoes":"https:\/\/www.consulpam.com.br","_executora_concurso":"","_instituicao_concurso":[],"_link_adicional":null,"_anexos":[{"_arquivo_anexo":267548,"_titulo_anexo":"Edital de Prorroga\u00e7\u00e3o"}],"_produtos":null,"_vagas":"212 vagas + CR","_salario_min":"R$ 1518","_instituicao":"Prefeitura Municipal de Barra do Corda - MA","_edital":"https:\/\/www.agrobase.com.br\/concursos\/wp-content\/uploads\/sites\/4\/2025\/05\/edital-01-2025-barra-do-corda-ma.pdf","_anexos_edital":"https:\/\/www.agrobase.com.br\/concursos\/wp-content\/uploads\/sites\/4\/2025\/05\/anexos-edital-01-2025-barra-do-corda-ma.pdf","_fund_incompleto":"","_fund_completo":"<div>\r\n<table class=\"quadro\">\r\n<thead>\r\n<tr>\r\n<th class=\"hcargo\">Cargo<\/th>\r\n<th class=\"hvagas\">Vagas<\/th>\r\n<th class=\"hremuneracao\">Remunera\u00e7\u00e3o<\/th>\r\n<\/tr>\r\n<\/thead>\r\n    <tbody>\r\n      <td class=\"ccargos\">\r\n<span data-balloon-length=\"medium\" aria-label=\"Certificado, devidamente registrado, de conclus\u00e3o de Ensino Fundamental\" data-balloon-pos=\"up\">VIGIA ZONA URBANA<\/span><\/td>\r\n<td class=\"cvagas\">15 + CR<\/td>\r\n<td class=\"cremuneracao\">R$ 1.518,00 \/40h<\/td>\r\n<\/tr><td class=\"ccargos\">\r\n<span data-balloon-length=\"medium\" aria-label=\"Certificado, devidamente registrado, de conclus\u00e3o de Ensino Fundamental\" data-balloon-pos=\"up\">VIGIA ZONA RURAL<\/span><\/td>\r\n<td class=\"cvagas\">20 + CR<\/td>\r\n<td class=\"cremuneracao\">R$ 1.518,00 \/40h<\/td>\r\n<\/tr><td class=\"ccargos\">\r\n<span data-balloon-length=\"medium\" aria-label=\"Certificado, devidamente registrado, de conclus\u00e3o de Ensino Fundamental.\" data-balloon-pos=\"up\">MONITOR DE APOIO AO TRANSPORTE ESCOLAR ZONA RURAL<\/span><\/td>\r\n<td class=\"cvagas\">08 + CR<\/td>\r\n<td class=\"cremuneracao\">R$ 1.518,00 \/40h<\/td>\r\n<\/tr><td class=\"ccargos\">\r\n<span data-balloon-length=\"medium\" aria-label=\"Certificado, devidamente registrado, de conclus\u00e3o de Ensino Fundamental\" data-balloon-pos=\"up\">AUXILIAR DE SERVI\u00c7OS GERAIS<\/span><\/td>\r\n<td class=\"cvagas\">15 + CR<\/td>\r\n<td class=\"cremuneracao\">R$ 1.518,00 \/40h<\/td>\r\n<\/tr><td class=\"ccargos\">\r\n<span data-balloon-length=\"medium\" aria-label=\"Certificado, devidamente registrado, de conclus\u00e3o de Ensino Fundamental\" data-balloon-pos=\"up\">COVEIRO ZONA URBANA<\/span><\/td>\r\n<td class=\"cvagas\">02 + CR<\/td>\r\n<td class=\"cremuneracao\">R$ 1.518,00 \/40h<\/td>\r\n<\/tr><td class=\"ccargos\">\r\n<span data-balloon-length=\"medium\" aria-label=\"Certificado, devidamente registrado, de conclus\u00e3o de Ensino Fundamental\" data-balloon-pos=\"up\">AGENTE DE PORTARIA ZONA URBANA<\/span><\/td>\r\n<td class=\"cvagas\">02 + CR<\/td>\r\n<td class=\"cremuneracao\">R$ 1.518,00 \/40h<\/td>\r\n<\/tr><td class=\"ccargos\">\r\n<span data-balloon-length=\"medium\" aria-label=\"Certificado, devidamente registrado, de conclus\u00e3o de Ensino Fundamental\" data-balloon-pos=\"up\">PEDREIRO ZONA URBANA<\/span><\/td>\r\n<td class=\"cvagas\">04 + CR<\/td>\r\n<td class=\"cremuneracao\">R$ 1.518,00 \/40h<\/td>\r\n<\/tr><td class=\"ccargos\">\r\n<span data-balloon-length=\"medium\" aria-label=\"Certificado, devidamente registrado, de conclus\u00e3o de Ensino Fundamental\" data-balloon-pos=\"up\">SERVENTE DE PEDREIRO ZONA URBANA<\/span><\/td>\r\n<td class=\"cvagas\">06 + CR<\/td>\r\n<td class=\"cremuneracao\">R$ 1.518,00 \/40h<\/td>\r\n<\/tr>\r\n    <\/tbody>\r\n  <\/table>\r\n<\/div>","_medio":"<div>\r\n<table class=\"quadro\">\r\n<thead>\r\n<tr>\r\n<th class=\"hcargo\">Cargo<\/th>\r\n<th class=\"hvagas\">Vagas<\/th>\r\n<th class=\"hremuneracao\">Remunera\u00e7\u00e3o<\/th>\r\n<\/tr>\r\n<\/thead>\r\n    <tbody>\r\n      <td class=\"ccargos\">\r\n<span data-balloon-length=\"medium\" aria-label=\"Certificado, devidamente registrado, de conclus\u00e3o de Ensino M\u00e9dio\" data-balloon-pos=\"up\">AUXILIAR TERAP\u00caUTICO ZONA URBANA<\/span><\/td>\r\n<td class=\"cvagas\">25 + CR<\/td>\r\n<td class=\"cremuneracao\">R$ 1.518,00 \/20h<\/td>\r\n<\/tr><td class=\"ccargos\">\r\n<span data-balloon-length=\"medium\" aria-label=\"Certificado, devidamente registrado, de conclus\u00e3o de Ensino M\u00e9dio\" data-balloon-pos=\"up\">AUXILIAR TERAP\u00caUTICO ZONA RURAL<\/span><\/td>\r\n<td class=\"cvagas\">15 + CR<\/td>\r\n<td class=\"cremuneracao\">R$ 1.518,00 \/20h<\/td>\r\n<\/tr><td class=\"ccargos\">\r\n<span data-balloon-length=\"medium\" aria-label=\"Certificado, devidamente registrado, de conclus\u00e3o de Ensino M\u00e9dio, acrescido de curso T\u00e9cnico em Enfermagem e registro no conselho de classe.\" data-balloon-pos=\"up\">T\u00c9CNICO EM ENFERMAGEM<\/span><\/td>\r\n<td class=\"cvagas\">20 + CR<\/td>\r\n<td class=\"cremuneracao\">R$ 1.518,00 \/40h<\/td>\r\n<\/tr><td class=\"ccargos\">\r\n<span data-balloon-length=\"medium\" aria-label=\"Certificado, devidamente registrado, de conclus\u00e3o de Ensino M\u00e9dio, acrescido de curso T\u00e9cnico em Radiologia e registro no Conselho de classe.\" data-balloon-pos=\"up\">T\u00c9CNICO EM RADIOLOGIA<\/span><\/td>\r\n<td class=\"cvagas\">03 + CR<\/td>\r\n<td class=\"cremuneracao\">R$ 2.500,00 \/40h<\/td>\r\n<\/tr><td class=\"ccargos\">\r\n<span data-balloon-length=\"medium\" aria-label=\"Certificado, devidamente registrado, de conclus\u00e3o de Ensino M\u00e9dio.\" data-balloon-pos=\"up\">ELETRICISTA ZONA URBANA E ZONA RURAL<\/span><\/td>\r\n<td class=\"cvagas\">02 + CR<\/td>\r\n<td class=\"cremuneracao\">R$ 1.518,00 \/40h<\/td>\r\n<\/tr><td class=\"ccargos\">\r\n<span data-balloon-length=\"medium\" aria-label=\"Certificado, devidamente registrado, de conclus\u00e3o de Ensino M\u00e9dio.\" data-balloon-pos=\"up\">FISCAL DE OBRAS E POSTURAS ZONA URBANA E ZONA RURAL<\/span><\/td>\r\n<td class=\"cvagas\">02 + CR<\/td>\r\n<td class=\"cremuneracao\">R$ 1.518,00 \/40h<\/td>\r\n<\/tr><td class=\"ccargos\">\r\n<span data-balloon-length=\"medium\" aria-label=\"Certificado, devidamente registrado, de conclus\u00e3o de Ensino M\u00e9dio.\" data-balloon-pos=\"up\">FISCAL DE TRIBUTO ZONA URBANA<\/span><\/td>\r\n<td class=\"cvagas\">02 + CR<\/td>\r\n<td class=\"cremuneracao\">R$ 1.518,00 \/40h<\/td>\r\n<\/tr><td class=\"ccargos\">\r\n<span data-balloon-length=\"medium\" aria-label=\"Certificado, devidamente registrado, de conclus\u00e3o de Ensino M\u00e9dio, acrescido de Curso T\u00e9cnico em Inform\u00e1tica.\" data-balloon-pos=\"up\">T\u00c9CNICO EM INFORM\u00c1TICA ZONA URBANA<\/span><\/td>\r\n<td class=\"cvagas\">02 + CR<\/td>\r\n<td class=\"cremuneracao\">R$ 1.518,00 \/40h<\/td>\r\n<\/tr><td class=\"ccargos\">\r\n<span data-balloon-length=\"medium\" aria-label=\"Certificado, devidamente registrado, de conclus\u00e3o de Ensino M\u00e9dio, acrescido de Curso T\u00e9cnico em Seguran\u00e7a do Trabalho\" data-balloon-pos=\"up\">T\u00c9CNICO EM SEGURAN\u00c7A DO TRABALHO ZONA URBANA<\/span><\/td>\r\n<td class=\"cvagas\">02 + CR<\/td>\r\n<td class=\"cremuneracao\">R$ 1.518,00 \/40h<\/td>\r\n<\/tr><td class=\"ccargos\">\r\n<span data-balloon-length=\"medium\" aria-label=\"Certificado, devidamente registrado, de conclus\u00e3o de Ensino M\u00e9dio.\" data-balloon-pos=\"up\">AGENTE ADMINISTRATIVO<\/span><\/td>\r\n<td class=\"cvagas\">15 + CR<\/td>\r\n<td class=\"cremuneracao\">R$ 1.518,00 \/40h<\/td>\r\n<\/tr><td class=\"ccargos\">\r\n<span data-balloon-length=\"medium\" aria-label=\"Certificado, devidamente registrado, de conclus\u00e3o de Ensino M\u00e9dio + CNH Categoria D.\" data-balloon-pos=\"up\">MOTORISTA CATEGORIA D<\/span><\/td>\r\n<td class=\"cvagas\">02 + CR<\/td>\r\n<td class=\"cremuneracao\">R$ 1.518,00 \/40h<\/td>\r\n<\/tr><td class=\"ccargos\">\r\n<span data-balloon-length=\"medium\" aria-label=\"Certificado, devidamente registrado, de conclus\u00e3o de Ensino M\u00e9dio, acrescido de curso T\u00e9cnico em Agrimensura e registro no \u00f3rg\u00e3o de classe.\" data-balloon-pos=\"up\">T\u00c9CNICO EM AGRIMENSURA<\/span><\/td>\r\n<td class=\"cvagas\">01 + CR<\/td>\r\n<td class=\"cremuneracao\">R$ 1.518,00 \/40h<\/td>\r\n<\/tr><td class=\"ccargos\">\r\n<span data-balloon-length=\"medium\" aria-label=\"Certificado, devidamente registrado, de conclus\u00e3o de Ensino M\u00e9dio, acrescido de curso T\u00e9cnico em Edifica\u00e7\u00f5es e registro no conselho de classe.\" data-balloon-pos=\"up\">T\u00c9CNICO EM EDIFICA\u00c7\u00d5ES<\/span><\/td>\r\n<td class=\"cvagas\">01 + CR<\/td>\r\n<td class=\"cremuneracao\">R$ 1.518,00 \/40h<\/td>\r\n<\/tr><td class=\"ccargos\">\r\n<span data-balloon-length=\"medium\" aria-label=\"Certificado, devidamente registrado, de conclus\u00e3o de Ensino M\u00e9dio, acrescido de curso T\u00e9cnico em Qu\u00edmica e registro no conselho de classe.\" data-balloon-pos=\"up\">T\u00c9CNICO EM QU\u00cdMICA<\/span><\/td>\r\n<td class=\"cvagas\">01 + CR<\/td>\r\n<td class=\"cremuneracao\">R$ 1.518,00 \/40h<\/td>\r\n<\/tr><td class=\"ccargos\">\r\n<span data-balloon-length=\"medium\" aria-label=\"Certificado, devidamente registrado, de conclus\u00e3o de Ensino M\u00e9dio, acrescido de curso T\u00e9cnico em Meio Ambiente e registro no \u00f3rg\u00e3o de classe.\" data-balloon-pos=\"up\">FISCAL AMBIENTAL<\/span><\/td>\r\n<td class=\"cvagas\">01 + CR<\/td>\r\n<td class=\"cremuneracao\">R$ 1.518,00 \/40h<\/td>\r\n<\/tr><td class=\"ccargos\">\r\n<span data-balloon-length=\"medium\" aria-label=\"Certificado, devidamente registrado, de conclus\u00e3o de Ensino M\u00e9dio, acrescido de curso T\u00e9cnico em Meio Ambiente e registro no \u00f3rg\u00e3o de classe.\" data-balloon-pos=\"up\">PERITO AMBIENTAL<\/span><\/td>\r\n<td class=\"cvagas\">01 + CR<\/td>\r\n<td class=\"cremuneracao\">R$ 1.518,00 \/40h<\/td>\r\n<\/tr>\r\n    <\/tbody>\r\n  <\/table>\r\n<\/div>","_superior":"<div>\r\n<table class=\"quadro\">\r\n<thead>\r\n<tr>\r\n<th class=\"hcargo\">Cargo<\/th>\r\n<th class=\"hvagas\">Vagas<\/th>\r\n<th class=\"hremuneracao\">Remunera\u00e7\u00e3o<\/th>\r\n<\/tr>\r\n<\/thead>\r\n    <tbody>\r\n      <tr>\r\n<td class=\"ccargos\">\r\n<span data-balloon-length=\"medium\" aria-label=\"Diploma devidamente registrado de conclus\u00e3o de curso de Licenciatura Plena em Pedagogia ou Licenciatura plena em qualquer \u00e1rea acrescido de p\u00f3s-gradua\u00e7\u00e3o Lato-Sensu (Especializa\u00e7\u00e3o) em Supervis\u00e3o Educacional Escolar em institui\u00e7\u00e3o de ensino superior reconhecida pelo MEC.\" data-balloon-pos=\"up\">COORDENADOR PEDAG\u00d3GICO ZONA URBANA<\/span><\/td>\r\n<td class=\"cvagas\">05 + CR<\/td>\r\n<td class=\"cremuneracao\">R$ 2.433,89 \/20h<\/td>\r\n<\/tr><tr>\r\n<td class=\"ccargos\">\r\n<span data-balloon-length=\"medium\" aria-label=\"Diploma devidamente registrado de conclus\u00e3o de curso de Licenciatura Plena em Pedagogia ou Licenciatura plena em qualquer \u00e1rea acrescido de p\u00f3s-gradua\u00e7\u00e3o Lato-Sensu (Especializa\u00e7\u00e3o) em Supervis\u00e3o Educacional Escolar em institui\u00e7\u00e3o de ensino superior reconhecida pelo MEC.\" data-balloon-pos=\"up\">COORDENADOR PEDAG\u00d3GICO (POLO) ZONA RURAL<\/span><\/td>\r\n<td class=\"cvagas\">03 + CR<\/td>\r\n<td class=\"cremuneracao\">R$ 2.433,89 \/20h<\/td>\r\n<\/tr><tr>\r\n<td class=\"ccargos\">\r\n<span data-balloon-length=\"medium\" aria-label=\"Diploma devidamente registrado de conclus\u00e3o de curso de Licenciatura Plena em Pedagogia OU Curso Normal Superior.\" data-balloon-pos=\"up\">PROFESSORES EDUCA\u00c7\u00c3O INFANTIL ZONA RURAL<\/span><\/td>\r\n<td class=\"cvagas\">07 + CR<\/td>\r\n<td class=\"cremuneracao\">R$ 2.433,89 \/20h<\/td>\r\n<\/tr><tr>\r\n<td class=\"ccargos\">\r\n<span data-balloon-length=\"medium\" aria-label=\"Diploma devidamente registrado de conclus\u00e3o de curso de Licenciatura Plena em Pedagogia OU Curso Normal Superior.\" data-balloon-pos=\"up\">PROFESSORES EDUCA\u00c7\u00c3O INFANTIL ZONA URBANA<\/span><\/td>\r\n<td class=\"cvagas\">05 + CR<\/td>\r\n<td class=\"cremuneracao\">R$ 2.433,89 \/20h<\/td>\r\n<\/tr><tr>\r\n<td class=\"ccargos\">\r\n<span data-balloon-length=\"medium\" aria-label=\"Diploma devidamente registrado de conclus\u00e3o de curso de Licenciatura Plena em Pedagogia OU Curso Normal Superior OU Licenciatura Intercultural Ind\u00edgena.\" data-balloon-pos=\"up\">PROFESSORES EDUCA\u00c7\u00c3O INFANTIL IND\u00cdGENA ZONA RURAL<\/span><\/td>\r\n<td class=\"cvagas\">12 + CR<\/td>\r\n<td class=\"cremuneracao\">R$ 2.433,89 \/20h<\/td>\r\n<\/tr><tr>\r\n<td class=\"ccargos\">\r\n<span data-balloon-length=\"medium\" aria-label=\"Diploma devidamente registrado de conclus\u00e3o de curso de Licenciatura Plena em Pedagogia OU Curso Normal Superior, p\u00f3s-gradua\u00e7\u00e3o (Especializa\u00e7\u00e3o) Em atendimento Especializado em institui\u00e7\u00e3o de ensino superior reconhecida pelo MEC.\" data-balloon-pos=\"up\">PROFESSOR DE ATENDIMENTO EDUCACIONAL ESPECIALIZADO ZONA URBANA<\/span><\/td>\r\n<td class=\"cvagas\">18 + CR<\/td>\r\n<td class=\"cremuneracao\">R$ 2.433,89 \/20h<\/td>\r\n<\/tr><tr>\r\n<td class=\"ccargos\">\r\n<span data-balloon-length=\"medium\" aria-label=\"Diploma devidamente reconhecido pelo MEC e registrado de conclus\u00e3o do curso de bacharelado em tradu\u00e7\u00e3o e interpreta\u00e7\u00e3o em Libras \u2013 L\u00edngua Portuguesa, ou em Letras com habilita\u00e7\u00e3o em tradu\u00e7\u00e3o e interpreta\u00e7\u00e3o em Libras, ou em Letras-Libras, curso T\u00e9cnico de gradua\u00e7\u00e3o e Interpreta\u00e7\u00e3o de libras ou diploma devidamente reconhecido pelo MEC e registrado de conclus\u00e3o de curso superior em outras \u00e1reas do conhecimento, desde que tenha curso de especializa\u00e7\u00e3o de, no m\u00ednimo, carga hor\u00e1ria de 360 (trezentas e sessenta) horas e tenha sido aprovado em exame de profici\u00eancia em tradu\u00e7\u00e3o e interpreta\u00e7\u00e3o em Libras \u2013 L\u00edngua Portuguesa.\" data-balloon-pos=\"up\">INT\u00c9RPRETE DE LIBRAS ZONA URBANA<\/span><\/td>\r\n<td class=\"cvagas\">CR<\/td>\r\n<td class=\"cremuneracao\">R$ 1.518,00 \/20h<\/td>\r\n<\/tr><tr>\r\n<td class=\"ccargos\">\r\n<span data-balloon-length=\"medium\" aria-label=\"Diploma devidamente reconhecido pelo MEC e registrado de conclus\u00e3o do curso de bacharelado em tradu\u00e7\u00e3o e interpreta\u00e7\u00e3o em Libras \u2013 L\u00edngua Portuguesa, ou em Letras com habilita\u00e7\u00e3o em tradu\u00e7\u00e3o e interpreta\u00e7\u00e3o em Libras, ou em Letras-Libras, ou diploma devidamente reconhecido pelo MEC e registrado de conclus\u00e3o de curso superior em outras \u00e1reas do conhecimento, desde que tenha curso de especializa\u00e7\u00e3o de, no m\u00ednimo, carga hor\u00e1ria de 360 (trezentas e sessenta) horas e tenha sido aprovado em exame de profici\u00eancia em tradu\u00e7\u00e3o e interpreta\u00e7\u00e3o em Libras \u2013 L\u00edngua Portuguesa.\" data-balloon-pos=\"up\">PROFESSOR DE LIBRAS ZONA URBANA<\/span><\/td>\r\n<td class=\"cvagas\">01 + CR<\/td>\r\n<td class=\"cremuneracao\">R$ 2.433,89 \/20h<\/td>\r\n<\/tr><tr>\r\n<td class=\"ccargos\">\r\n<span data-balloon-length=\"medium\" aria-label=\"Diploma devidamente registrado de conclus\u00e3o de Licenciatura Plena em Pedagogia ou Licenciatura em disciplinas espec\u00edficas do curr\u00edculo da Educa\u00e7\u00e3o B\u00e1sica em institui\u00e7\u00e3o de ensino superior reconhecida pelo MEC, acrescido de Curso de Braille com carga hor\u00e1ria de, no m\u00ednimo, 120h\" data-balloon-pos=\"up\">PROFESSOR DE BRAILLE ZONA URBANA<\/span><\/td>\r\n<td class=\"cvagas\">01 + CR<\/td>\r\n<td class=\"cremuneracao\">R$ 2.433,89 \/20h<\/td>\r\n<\/tr><tr>\r\n<td class=\"ccargos\">\r\n<span data-balloon-length=\"medium\" aria-label=\"Diploma devidamente registrado de conclus\u00e3o de curso de gradua\u00e7\u00e3o em Nutri\u00e7\u00e3o em institui\u00e7\u00e3o de ensino superior reconhecida pelo MEC e registro no Conselho de classe.\" data-balloon-pos=\"up\">NUTRICIONISTA SECRETARIA DE ADMINISTRA\u00c7\u00c3O,<\/span><\/td>\r\n<td class=\"cvagas\">02 + CR<\/td>\r\n<td class=\"cremuneracao\">R$ 2.000,00 \/40h<\/td>\r\n<\/tr><tr>\r\n<td class=\"ccargos\">\r\n<span data-balloon-length=\"medium\" aria-label=\"Diploma, devidamente registrado de curso de gradua\u00e7\u00e3o em Medicina, emitido por institui\u00e7\u00e3o de ensino superior, reconhecida pelo MEC com Certificado de Conclus\u00e3o de Resid\u00eancia M\u00e9dica ou T\u00edtulo de especialista em Pediatria, reconhecido pelo \u00f3rg\u00e3o competente e registro ativo no Conselho de Classe.\" data-balloon-pos=\"up\">M\u00c9DICO PEDIATRA<\/span><\/td>\r\n<td class=\"cvagas\">02 + CR<\/td>\r\n<td class=\"cremuneracao\">R$ 8.000,00 \/40h<\/td>\r\n<\/tr><tr>\r\n<td class=\"ccargos\">\r\n<span data-balloon-length=\"medium\" aria-label=\"Diploma, devidamente registrado de curso de gradua\u00e7\u00e3o em Medicina, emitido por institui\u00e7\u00e3o de ensino superior, reconhecida pelo MEC com Certificado de Conclus\u00e3o de Resid\u00eancia M\u00e9dica ou T\u00edtulo de especialista em Obstetr\u00edcia, reconhecido pelo \u00f3rg\u00e3o competente e registro ativo no Conselho de Classe.\" data-balloon-pos=\"up\">M\u00c9DICO OBSTETRA<\/span><\/td>\r\n<td class=\"cvagas\">01 + CR<\/td>\r\n<td class=\"cremuneracao\">R$ 8.000,00 \/40h<\/td>\r\n<\/tr><tr>\r\n<td class=\"ccargos\">\r\n<span data-balloon-length=\"medium\" aria-label=\"Diploma, devidamente registrado de curso de gradua\u00e7\u00e3o em Medicina, emitido por institui\u00e7\u00e3o de ensino superior, reconhecida pelo MEC com Certificado de Conclus\u00e3o de Resid\u00eancia M\u00e9dica ou T\u00edtulo de especialista em Anestesiologia, reconhecido pelo \u00f3rg\u00e3o competente e registro ativo no Conselho de Classe.\" data-balloon-pos=\"up\">M\u00c9DICO ANESTESISTA<\/span><\/td>\r\n<td class=\"cvagas\">02 + CR<\/td>\r\n<td class=\"cremuneracao\">R$ 8.000,00 \/40h<\/td>\r\n<\/tr><tr>\r\n<td class=\"ccargos\">\r\n<span data-balloon-length=\"medium\" aria-label=\"Diploma, devidamente registrado de curso de gradua\u00e7\u00e3o em Medicina, emitido por institui\u00e7\u00e3o de ensino superior, reconhecida pelo MEC com Certificado de Conclus\u00e3o de Resid\u00eancia M\u00e9dica ou T\u00edtulo de especialista em Cirurgia Geral, reconhecido pelo \u00f3rg\u00e3o competente e registro ativo no Conselho de Classe.\" data-balloon-pos=\"up\">M\u00c9DICO CIRURGI\u00c3O GERAL<\/span><\/td>\r\n<td class=\"cvagas\">02 + CR<\/td>\r\n<td class=\"cremuneracao\">R$ 8.000,00 \/40h<\/td>\r\n<\/tr><tr>\r\n<td class=\"ccargos\">\r\n<span data-balloon-length=\"medium\" aria-label=\"Diploma, devidamente registrado de curso de gradua\u00e7\u00e3o em Medicina, emitido por institui\u00e7\u00e3o de ensino superior, reconhecida pelo MEC com Certificado de Conclus\u00e3o de Resid\u00eancia M\u00e9dica ou T\u00edtulo de especialista em Ortopedia, reconhecido pelo \u00f3rg\u00e3o competente e registro ativo no Conselho de Classe.\" data-balloon-pos=\"up\">M\u00c9DICO ORTOPEDISTA<\/span><\/td>\r\n<td class=\"cvagas\">01 + CR<\/td>\r\n<td class=\"cremuneracao\">R$ 8.000,00 \/40h<\/td>\r\n<\/tr><tr>\r\n<td class=\"ccargos\">\r\n<span data-balloon-length=\"medium\" aria-label=\"Diploma, devidamente registrado de curso de gradua\u00e7\u00e3o em Medicina, emitido por institui\u00e7\u00e3o de ensino superior, reconhecida pelo MEC e registro ativo no Conselho de Classe.\" data-balloon-pos=\"up\">M\u00c9DICO CL\u00cdNICO GERAL<\/span><\/td>\r\n<td class=\"cvagas\">02 + CR<\/td>\r\n<td class=\"cremuneracao\">R$ 8.000,00 \/40h<\/td>\r\n<\/tr><tr>\r\n<td class=\"ccargos\">\r\n<span data-balloon-length=\"medium\" aria-label=\"Diploma, devidamente registrado de curso de gradua\u00e7\u00e3o em Medicina, emitido por institui\u00e7\u00e3o de ensino superior, reconhecida pelo MEC com Certificado de Conclus\u00e3o de Resid\u00eancia M\u00e9dica ou T\u00edtulo de especialista em Psiquiatria, reconhecido pelo \u00f3rg\u00e3o competente e registro ativo no Conselho de Classe.\" data-balloon-pos=\"up\">M\u00c9DICO PSIQUIATRA<\/span><\/td>\r\n<td class=\"cvagas\">01 + CR<\/td>\r\n<td class=\"cremuneracao\">R$ 8.000,00 \/40h<\/td>\r\n<\/tr><tr>\r\n<td class=\"ccargos\">\r\n<span data-balloon-length=\"medium\" aria-label=\"Diploma devidamente registrado de conclus\u00e3o de curso de gradua\u00e7\u00e3o em Enfermagem em institui\u00e7\u00e3o de ensino superior reconhecida pelo MEC e registro no Conselho de classe.\" data-balloon-pos=\"up\">ENFERMEIRO<\/span><\/td>\r\n<td class=\"cvagas\">15 + CR<\/td>\r\n<td class=\"cremuneracao\">R$ 2.500,00 \/36h<\/td>\r\n<\/tr><tr>\r\n<td class=\"ccargos\">\r\n<span data-balloon-length=\"medium\" aria-label=\"Diploma devidamente registrado de conclus\u00e3o de curso de gradua\u00e7\u00e3o em Odontologia em institui\u00e7\u00e3o de ensino superior reconhecida pelo MEC e registro no Conselho de classe.\" data-balloon-pos=\"up\">CIRURGI\u00c3O DENTISTA EM GERAL<\/span><\/td>\r\n<td class=\"cvagas\">03 + CR<\/td>\r\n<td class=\"cremuneracao\">R$ 2.500,00 \/36h<\/td>\r\n<\/tr><tr>\r\n<td class=\"ccargos\">\r\n<span data-balloon-length=\"medium\" aria-label=\"Diploma devidamente registrado de conclus\u00e3o de curso de gradua\u00e7\u00e3o em Terapia Ocupacional em institui\u00e7\u00e3o de ensino superior reconhecida pelo MEC e registro no Conselho de classe.\" data-balloon-pos=\"up\">TERAPEUTA OCUPACIONAL<\/span><\/td>\r\n<td class=\"cvagas\">04 + CR<\/td>\r\n<td class=\"cremuneracao\">R$ 2.500,00 \/36h<\/td>\r\n<\/tr><tr>\r\n<td class=\"ccargos\">\r\n<span data-balloon-length=\"medium\" aria-label=\"Diploma devidamente registrado de conclus\u00e3o de curso de gradua\u00e7\u00e3o em Fonoaudiologia em institui\u00e7\u00e3o de ensino superior reconhecida pelo MEC e registro no Conselho de classe.\" data-balloon-pos=\"up\">FONOAUDI\u00d3LOGO<\/span><\/td>\r\n<td class=\"cvagas\">03 + CR<\/td>\r\n<td class=\"cremuneracao\">R$ 2.000,00 \/40h<\/td>\r\n<\/tr><tr>\r\n<td class=\"ccargos\">\r\n<span data-balloon-length=\"medium\" aria-label=\"Diploma devidamente registrado de conclus\u00e3o de curso de gradua\u00e7\u00e3o em Psicologia, em institui\u00e7\u00e3o de ensino superior reconhecida pelo MEC e registro no Conselho de classe.\" data-balloon-pos=\"up\">PSIC\u00d3LOGO CL\u00cdNICO<\/span><\/td>\r\n<td class=\"cvagas\">03 + CR<\/td>\r\n<td class=\"cremuneracao\">R$ 2.000,00 \/40h<\/td>\r\n<\/tr><tr>\r\n<td class=\"ccargos\">\r\n<span data-balloon-length=\"medium\" aria-label=\"Diploma devidamente registrado de conclus\u00e3o de curso de gradua\u00e7\u00e3o em Fisioterapia em institui\u00e7\u00e3o de ensino superior reconhecida pelo MEC e registro no Conselho de classe.\" data-balloon-pos=\"up\">FISIOTERAPEUTA<\/span><\/td>\r\n<td class=\"cvagas\">02 + CR<\/td>\r\n<td class=\"cremuneracao\">R$ 2.500,00 \/40h<\/td>\r\n<\/tr><tr>\r\n<td class=\"ccargos\">\r\n<span data-balloon-length=\"medium\" aria-label=\"Diploma devidamente registrado de conclus\u00e3o de curso de Bacharel em Educa\u00e7\u00e3o F\u00edsica, em institui\u00e7\u00e3o de ensino superior reconhecida pelo MEC e registro profissional no Conselho de Classe.\" data-balloon-pos=\"up\">EDUCADOR F\u00cdSICO<\/span><\/td>\r\n<td class=\"cvagas\">02 + CR<\/td>\r\n<td class=\"cremuneracao\">R$ 1.518,00 \/40h<\/td>\r\n<\/tr><tr>\r\n<td class=\"ccargos\">\r\n<span data-balloon-length=\"medium\" aria-label=\"Diploma, devidamente registrado, de conclus\u00e3o de curso de Licenciatura Plena em Pedagogia em institui\u00e7\u00e3o de ensino superior reconhecida pelo MEC e registro no Conselho de classe.\" data-balloon-pos=\"up\">ASSISTENTE SOCIAL<\/span><\/td>\r\n<td class=\"cvagas\">06 + CR<\/td>\r\n<td class=\"cremuneracao\">R$ 2.000,00 \/30h<\/td>\r\n<\/tr><tr>\r\n<td class=\"ccargos\">\r\n<span data-balloon-length=\"medium\" aria-label=\"Diploma, devidamente registrado, de conclus\u00e3o de curso de Bacharelado em Engenharia Ambiental ou Biologia em institui\u00e7\u00e3o de ensino superior reconhecida pelo MEC e registro no Conselho de classe.\" data-balloon-pos=\"up\">ANALISTA AMBIENTAL<\/span><\/td>\r\n<td class=\"cvagas\">01 + CR<\/td>\r\n<td class=\"cremuneracao\">R$ 2.000,00 \/40h<\/td>\r\n<\/tr><tr>\r\n<td class=\"ccargos\">\r\n<span data-balloon-length=\"medium\" aria-label=\"Diploma, devidamente registrado, de conclus\u00e3o de curso de Bacharelado em Engenharia Civil em institui\u00e7\u00e3o de ensino superior reconhecida pelo MEC e registro no Conselho de classe.\" data-balloon-pos=\"up\">ENGENHEIRO CIVIL<\/span><\/td>\r\n<td class=\"cvagas\">02 + CR<\/td>\r\n<td class=\"cremuneracao\">R$ 2.500,00 \/40h<\/td>\r\n<\/tr><tr>\r\n<td class=\"ccargos\">\r\n<span data-balloon-length=\"medium\" aria-label=\"Diploma, devidamente registrado, de conclus\u00e3o de curso de Bacharelado em Engenharia Agron\u00f4mica ou Agronomia em institui\u00e7\u00e3o de ensino superior reconhecida pelo MEC e registro no Conselho de classe.\" data-balloon-pos=\"up\">ENGENHEIRO AGR\u00d4NOMO<\/span><\/td>\r\n<td class=\"cvagas\">01 + CR<\/td>\r\n<td class=\"cremuneracao\">R$ 2.000,00 \/40h<\/td>\r\n<\/tr><tr>\r\n<td class=\"ccargos\">\r\n<span data-balloon-length=\"medium\" aria-label=\"Diploma, devidamente registrado, de conclus\u00e3o de curso de Bacharelado em Arquitetura e Urbanismo\" data-balloon-pos=\"up\">ARQUITETO<\/span><\/td>\r\n<td class=\"cvagas\">01 + CR<\/td>\r\n<td class=\"cremuneracao\">R$ 2.000,00 \/40h<\/td>\r\n<\/tr>\r\n    <\/tbody>\r\n  <\/table>\r\n<\/div>"},"_links":{"self":[{"href":"https:\/\/www.agrobase.com.br\/concursos\/wp-json\/wp\/v2\/posts\/266073","targetHints":{"allow":["GET"]}}],"collection":[{"href":"https:\/\/www.agrobase.com.br\/concursos\/wp-json\/wp\/v2\/posts"}],"about":[{"href":"https:\/\/www.agrobase.com.br\/concursos\/wp-json\/wp\/v2\/types\/post"}],"author":[{"embeddable":true,"href":"https:\/\/www.agrobase.com.br\/concursos\/wp-json\/wp\/v2\/users\/7"}],"replies":[{"embeddable":true,"href":"https:\/\/www.agrobase.com.br\/concursos\/wp-json\/wp\/v2\/comments?post=266073"}],"version-history":[{"count":6,"href":"https:\/\/www.agrobase.com.br\/concursos\/wp-json\/wp\/v2\/posts\/266073\/revisions"}],"predecessor-version":[{"id":267549,"href":"https:\/\/www.agrobase.com.br\/concursos\/wp-json\/wp\/v2\/posts\/266073\/revisions\/267549"}],"wp:featuredmedia":[{"embeddable":true,"href":"https:\/\/www.agrobase.com.br\/concursos\/wp-json\/wp\/v2\/media\/266072"}],"wp:attachment":[{"href":"https:\/\/www.agrobase.com.br\/concursos\/wp-json\/wp\/v2\/media?parent=266073"}],"wp:term":[{"taxonomy":"category","embeddable":true,"href":"https:\/\/www.agrobase.com.br\/concursos\/wp-json\/wp\/v2\/categories?post=266073"},{"taxonomy":"post_tag","embeddable":true,"href":"https:\/\/www.agrobase.com.br\/concursos\/wp-json\/wp\/v2\/tags?post=266073"},{"taxonomy":"_amplo","embeddable":true,"href":"https:\/\/www.agrobase.com.br\/concursos\/wp-json\/wp\/v2\/_amplo?post=266073"},{"taxonomy":"destaque","embeddable":true,"href":"https:\/\/www.agrobase.com.br\/concursos\/wp-json\/wp\/v2\/destaque?post=266073"},{"taxonomy":"instituicoes","embeddable":true,"href":"https:\/\/www.agrobase.com.br\/concursos\/wp-json\/wp\/v2\/instituicoes?post=266073"}],"curies":[{"name":"wp","href":"https:\/\/api.w.org\/{rel}","templated":true}]}}