{"id":265899,"date":"2025-05-30T07:50:31","date_gmt":"2025-05-30T10:50:31","guid":{"rendered":"https:\/\/www.agrobase.com.br\/concursos\/?p=265899"},"modified":"2025-05-29T14:25:59","modified_gmt":"2025-05-29T17:25:59","slug":"uenf-rj-concurso-01-2025","status":"publish","type":"post","link":"https:\/\/www.agrobase.com.br\/concursos\/2025\/uenf-rj-concurso-01-2025\/","title":{"rendered":"UENF (RJ) &#8211; Concurso 01\/2025 [retificado]"},"content":{"rendered":"<h2>Informa\u00e7\u00f5es Gerais<\/h2>\n<p>A Universidade Estadual do Norte Fluminense Darcy Ribeiro (UENF) publicou o edital de seu Concurso P\u00fablico, organizado pelo Instituto AOCP, destinado ao provimento de <strong>129 vagas imediatas mais forma\u00e7\u00e3o de cadastro reserva<\/strong> para cargos de n\u00edveis m\u00e9dio\/t\u00e9cnico e superior. O regime de contrata\u00e7\u00e3o \u00e9 o <strong>estatut\u00e1rio<\/strong>, com carga hor\u00e1ria de 40 horas semanais. As remunera\u00e7\u00f5es iniciais s\u00e3o de R$ 2.571,58 para n\u00edvel m\u00e9dio\/t\u00e9cnico e R$ 3.938,79 para n\u00edvel superior. O certame tem validade de 2 anos, a contar da data de homologa\u00e7\u00e3o, podendo ser prorrogado por igual per\u00edodo a crit\u00e9rio da UENF.<\/p>\n<p>As oportunidades abrangem diversas \u00e1reas, incluindo administrativa, apoio t\u00e9cnico especializado e setores acad\u00eamicos, com lota\u00e7\u00e3o prevista para os Campus Leonel Brizola em Campos dos Goytacazes e\/ou Campus Carlos Alberto Dias em Maca\u00e9. O edital contempla vagas para os n\u00edveis de escolaridade m\u00e9dio, t\u00e9cnico e superior. Entre as \u00e1reas com vagas, destacam-se oportunidades para <em>Engenharia Agron\u00f4mica<\/em>, <em>Medicina Veterin\u00e1ria<\/em>, <em>Zootecnia<\/em>, <em>Biologia<\/em> (para o cargo de T\u00e9cnico em Biologia Estrutural), <em>Nutri\u00e7\u00e3o<\/em>, e na \u00e1rea de <em>Meio Ambiente<\/em> (n\u00edvel m\u00e9dio). H\u00e1 tamb\u00e9m vagas em diversas outras engenharias, tecnologia da informa\u00e7\u00e3o, comunica\u00e7\u00e3o, administra\u00e7\u00e3o, e \u00e1reas t\u00e9cnicas como agr\u00edcola, bioqu\u00edmica, e sa\u00fade e seguran\u00e7a do trabalho.<\/p>\n<p>Este \u00e9 um convite para voc\u00ea explorar os detalhes sobre inscri\u00e7\u00f5es, etapas do concurso e como acompanhar os resultados nas se\u00e7\u00f5es seguintes, e decidir se esta \u00e9 a oportunidade que voc\u00ea busca.<\/p>\n<h2>Inscri\u00e7\u00f5es<\/h2>\n<p>As inscri\u00e7\u00f5es para o Concurso P\u00fablico da UENF estar\u00e3o abertas a partir das <strong>09h00min do dia 12 de maio de 2025 e seguir\u00e3o at\u00e9 \u00e0s 23h59min do dia 23 de junho de 2025<\/strong><del datetime=\"2025-05-29T17:21:03+00:00\">11 de junho de 2025<\/del> (hor\u00e1rio oficial de Bras\u00edlia\/DF). Todo o processo de inscri\u00e7\u00e3o ser\u00e1 realizado exclusivamente pela internet, atrav\u00e9s do endere\u00e7o eletr\u00f4nico oficial da banca organizadora: <strong>https:\/\/www.institutoaocp.org.br<\/strong>.<\/p>\n<p>Os valores das taxas de inscri\u00e7\u00e3o s\u00e3o:<\/p>\n<ul>\n<li>N\u00edvel M\u00e9dio\/T\u00e9cnico: <strong>R$ 120,00<\/strong><\/li>\n<li>N\u00edvel Superior: <strong>R$ 180,00<\/strong><\/li>\n<\/ul>\n<p>Candidatos que atenderem aos crit\u00e9rios especificados no edital poder\u00e3o solicitar a isen\u00e7\u00e3o da taxa de inscri\u00e7\u00e3o no per\u00edodo de 12 de maio de 2025 (a partir das 09h00) at\u00e9 21 de maio de 2025 (\u00e0s 16h00), com envio da documenta\u00e7\u00e3o comprobat\u00f3ria at\u00e9 \u00e0s 17h00 do dia 21 de maio de 2025, seguindo os procedimentos detalhados no item 3 do edital.<\/p>\n<p>O pagamento da taxa de inscri\u00e7\u00e3o dever\u00e1 ser efetuado por meio de boleto banc\u00e1rio, que deve ser impresso ap\u00f3s o preenchimento do formul\u00e1rio de inscri\u00e7\u00e3o. A data limite para pagamento do boleto \u00e9 <strong>12 de junho de 2025<\/strong>, respeitando o hor\u00e1rio de compensa\u00e7\u00e3o banc\u00e1ria. A segunda via do boleto poder\u00e1 ser emitida at\u00e9 \u00e0s 17h00 do dia 12 de junho de 2025. A confirma\u00e7\u00e3o da inscri\u00e7\u00e3o pode levar at\u00e9 5 dias \u00fateis ap\u00f3s o pagamento.<\/p>\n<p>\u00c9 permitido ao candidato inscrever-se para mais de um cargo, desde que atenda aos pr\u00e9-requisitos e que as provas objetivas correspondentes sejam aplicadas em turnos distintos, conforme Tabela 2.1 do edital. Caso haja m\u00faltiplas inscri\u00e7\u00f5es para o mesmo per\u00edodo de prova, apenas a \u00faltima inscri\u00e7\u00e3o realizada ser\u00e1 considerada v\u00e1lida. Recomenda-se acompanhar o status da inscri\u00e7\u00e3o e demais comunicados na \u00e1rea restrita do candidato no site do Instituto AOCP.<\/p>\n<p>Para garantir sua participa\u00e7\u00e3o e conhecer todas as regras, \u00e9 fundamental a leitura completa do edital.<\/p>\n<h2>Etapas e Provas<\/h2>\n<p>O Concurso P\u00fablico da UENF ser\u00e1 composto pelas seguintes etapas, variando conforme o cargo pretendido:<\/p>\n<ul>\n<li><strong>Prova Objetiva:<\/strong> De car\u00e1ter eliminat\u00f3rio e classificat\u00f3rio, para todos os cargos. Ser\u00e1 composta por 60 quest\u00f5es de m\u00faltipla escolha, com 5 alternativas cada, abrangendo Conhecimentos Gerais (L\u00edngua Portuguesa, Racioc\u00ednio L\u00f3gico e Matem\u00e1tico, Legisla\u00e7\u00e3o) e Conhecimentos Espec\u00edficos. Para n\u00e3o ser eliminado, o candidato dever\u00e1 obter no m\u00ednimo 60 pontos.<\/li>\n<li><strong>Prova Discursiva:<\/strong> De car\u00e1ter eliminat\u00f3rio e classificat\u00f3rio, aplicada juntamente com a Prova Objetiva para cargos espec\u00edficos. Consistir\u00e1 em uma quest\u00e3o de Conhecimentos Espec\u00edficos, com resposta entre 15 e 20 linhas, valendo at\u00e9 15 pontos, sendo necess\u00e1rio obter no m\u00ednimo 6 pontos. Ser\u00e3o corrigidas as provas discursivas dos candidatos aprovados na objetiva e classificados at\u00e9 10 vezes o n\u00famero de vagas. Cargos com Prova Discursiva:\n<ul>\n<li><em>N\u00edvel M\u00e9dio:<\/em> Assistente Administrativo, T\u00e9cnico em Sa\u00fade e Seguran\u00e7a do Trabalho.<\/li>\n<li><em>N\u00edvel Superior:<\/em> Administra\u00e7\u00e3o de Empresas, An\u00e1lise de Planejamento, Ci\u00eancias Cont\u00e1beis, Ci\u00eancias Econ\u00f4micas, Comunica\u00e7\u00e3o Social, Educa\u00e7\u00e3o, Hist\u00f3ria, Servi\u00e7o Social, Internacionalista, Engenheiro de Seguran\u00e7a no Trabalho, Apoio Acad\u00eamico.<\/li>\n<\/ul>\n<\/li>\n<li><strong>Prova de T\u00edtulos e Experi\u00eancia Profissional:<\/strong> De car\u00e1ter classificat\u00f3rio, exclusivamente para os cargos de N\u00edvel Superior. Ser\u00e3o convocados os candidatos aprovados na Prova Objetiva (e Discursiva, quando houver) e classificados at\u00e9 5 vezes o n\u00famero de vagas. A pontua\u00e7\u00e3o m\u00e1xima \u00e9 de 12 pontos.<\/li>\n<\/ul>\n<p>As Provas Objetiva e Discursiva (quando houver) ter\u00e3o dura\u00e7\u00e3o total de <strong>5 horas<\/strong> e ser\u00e3o realizadas nas cidades de Campos dos Goytacazes, Itaperuna e Maca\u00e9 (RJ), conforme op\u00e7\u00e3o do candidato no ato da inscri\u00e7\u00e3o. A data prov\u00e1vel de aplica\u00e7\u00e3o \u00e9 <strong>17 de agosto de 2025<\/strong>.<\/p>\n<p>Para informa\u00e7\u00f5es detalhadas sobre o conte\u00fado program\u00e1tico, crit\u00e9rios de avalia\u00e7\u00e3o de cada etapa, cronograma completo e demais regras, consulte o edital oficial do concurso.<\/p>\n<h2>Resultados e Gabarito<\/h2>\n<p>A divulga\u00e7\u00e3o dos resultados e demais atos do Concurso P\u00fablico da UENF seguir\u00e1 um cronograma espec\u00edfico. O <strong>gabarito preliminar<\/strong> da Prova Objetiva e o caderno de quest\u00f5es ser\u00e3o disponibilizados no dia <strong>18 de agosto de 2025<\/strong>, um dia ap\u00f3s a aplica\u00e7\u00e3o das provas, no site do Instituto AOCP. O per\u00edodo para interposi\u00e7\u00e3o de recursos contra o gabarito preliminar ser\u00e1 de 19 a 25 de agosto de 2025. O gabarito definitivo ser\u00e1 publicado ap\u00f3s a an\u00e1lise dos recursos.<\/p>\n<p>O resultado final do concurso ser\u00e1 divulgado em tr\u00eas listagens: uma geral (incluindo todos os aprovados), uma espec\u00edfica para Pessoas com Defici\u00eancia (PcD) e outra para candidatos negros e ind\u00edgenas. A classifica\u00e7\u00e3o dos candidatos ser\u00e1 feita em ordem decrescente da nota final, calculada da seguinte forma:<\/p>\n<ul>\n<li><strong>N\u00edvel M\u00e9dio\/T\u00e9cnico:<\/strong> Soma das notas da Prova Objetiva e da Prova Discursiva (quando houver).<\/li>\n<li><strong>N\u00edvel Superior:<\/strong> Soma das notas da Prova Objetiva, da Prova Discursiva (quando houver) e da Prova de T\u00edtulos.<\/li>\n<\/ul>\n<p>Os crit\u00e9rios de desempate, em caso de igualdade na nota final, s\u00e3o, sucessivamente: idade igual ou superior a 60 anos (conforme Estatuto do Idoso), maior pontua\u00e7\u00e3o em Conhecimentos Espec\u00edficos (Prova Objetiva), maior pontua\u00e7\u00e3o na Prova Discursiva (quando houver), maior pontua\u00e7\u00e3o em Racioc\u00ednio L\u00f3gico e Matem\u00e1tico, maior pontua\u00e7\u00e3o em L\u00edngua Portuguesa, e maior pontua\u00e7\u00e3o em Legisla\u00e7\u00e3o.<\/p>\n<p>A <strong>homologa\u00e7\u00e3o do resultado final<\/strong> ser\u00e1 realizada pelo Conselho Universit\u00e1rio da UENF e publicada no Di\u00e1rio Oficial do Estado do Rio de Janeiro e no site do Instituto AOCP. N\u00e3o h\u00e1 data prevista no cronograma inicial para a homologa\u00e7\u00e3o.<\/p>\n<p>A <strong>convoca\u00e7\u00e3o<\/strong> dos aprovados para nomea\u00e7\u00e3o e posse ser\u00e1 feita por meio de publica\u00e7\u00e3o no Di\u00e1rio Oficial do Estado do Rio de Janeiro, no site da UENF e por e-mail cadastrado pelo candidato. \u00c9 crucial que o candidato mantenha seus dados cadastrais atualizados.<\/p>\n<p>\u00c9 de responsabilidade exclusiva do candidato o acompanhamento de todas as publica\u00e7\u00f5es oficiais referentes ao concurso no site da banca organizadora (www.institutoaocp.org.br) e no Di\u00e1rio Oficial do Estado do Rio de Janeiro.<\/p>\n","protected":false},"excerpt":{"rendered":"<p>Concurso UENF (RJ) com edital publicado! Vagas p\/ Assistente e T\u00e9cnico (M\u00e9dio a Sup.). Inscri\u00e7\u00f5es a partir de 12\/05. Sal\u00e1rios at\u00e9 R$ 3.9k. Confira detalhes!<\/p>\n","protected":false},"author":7,"featured_media":265898,"comment_status":"open","ping_status":"open","sticky":false,"template":"","format":"standard","meta":{"_acf_changed":false,"_breakdance_hide_in_design_set":false,"_breakdance_tags":"","footnotes":""},"categories":[3,4,144,94,6,106,126,9,120,117,14,151,103,142,104,102,152,136,122,111,115,100,116,21,22,23,25,26,27,149,101,30,31,130,143,157,28],"tags":[56],"_amplo":[6427,6428],"destaque":[],"instituicoes":[],"class_list":["post-265899","post","type-post","status-publish","format-standard","has-post-thumbnail","hentry","category-administracao","category-agronomia","category-arquivologia","category-biblioteconomia","category-biologia","category-bioquimica","category-ciencia-computacao","category-ciencias-contabeis","category-comunicacao-social","category-economia","category-engenharia","category-engenharia-computacao","category-engenharia-eletrica","category-engenharia-eletronica","category-engenharia-mecanica","category-engenharia-quimica","category-engenharia-seguranca-trabalho","category-estatistica","category-fisica","category-geografia","category-geologia","category-historia","category-matematica","category-medicina","category-veterinaria","category-nutricao","category-pedagogia","category-psicologia","category-quimica","category-relacoes-internacionais","category-servico-social","category-tecnico-agropecuaria","category-tecnico-ambiental","category-tecnico-informatica","category-tecnico-odontologia","category-tecnico-seguranca-trabalho","category-zootecnia","tag-rio-de-janeiro","_amplo-nivel-medio","_amplo-nivel-superior"],"acf":{"_tipo_vagas":"vagas","_numero_vagas":"","_quadro_vagas":"","_cargos":"diversos","_cargos_especificos":"","_salario_max":"R$ 3938.79","_abertura":"20250512","_encerramento":"20250611","_inscricoes":"https:\/\/www.institutoaocp.org.br","_executora_concurso":"","_instituicao_concurso":[],"_link_adicional":null,"_anexos":[{"_arquivo_anexo":266577,"_titulo_anexo":"Cronograma Retificado"},{"_arquivo_anexo":266578,"_titulo_anexo":"Segundo Termo de Retifica\u00e7\u00e3o"}],"_produtos":null,"_vagas":"129 vagas + CR","_salario_min":"R$ 2571.58","_instituicao":"Universidade Estadual do Norte Fluminense Darcy Ribeiro","_edital":"https:\/\/www.agrobase.com.br\/concursos\/wp-content\/uploads\/sites\/4\/2025\/05\/edital-001-2025-uenf.pdf","_anexos_edital":"https:\/\/www.agrobase.com.br\/concursos\/wp-content\/uploads\/sites\/4\/2025\/05\/anexos-edital-001-2025-uenf.pdf","_fund_incompleto":"","_fund_completo":"","_medio":"<div>\r\n<table class=\"quadro\">\r\n<thead>\r\n<tr>\r\n<th class=\"hcargo\">Cargo<\/th>\r\n<th class=\"hvagas\">Vagas<\/th>\r\n<th class=\"hremuneracao\">Remunera\u00e7\u00e3o<\/th>\r\n<\/tr>\r\n<\/thead>\r\n    <tbody>\r\n      <td class=\"ccargos\">\r\n<span data-balloon-length=\"medium\" aria-label=\"N\u00edvel M\u00e9dio Completo e Curso T\u00e9cnico na \u00e1rea (detalhes espec\u00edficos em Anexo I do Edital)\" data-balloon-pos=\"up\">T\u00e9cnico profissional de n\u00edvel m\u00e9dio - Agr\u00edcola e Agropecu\u00e1ria<\/span><\/td>\r\n<td class=\"cvagas\">3 + CR<\/td>\r\n<td class=\"cremuneracao\">R$ 2.571,58 \/40h<\/td>\r\n<\/tr><td class=\"ccargos\">\r\n<span data-balloon-length=\"medium\" aria-label=\"N\u00edvel M\u00e9dio Completo e Curso T\u00e9cnico na \u00e1rea (detalhes espec\u00edficos em Anexo I do Edital)\" data-balloon-pos=\"up\">T\u00e9cnico profissional de n\u00edvel m\u00e9dio - Bioqu\u00edmica<\/span><\/td>\r\n<td class=\"cvagas\">1 + CR<\/td>\r\n<td class=\"cremuneracao\">R$ 2.571,58 \/40h<\/td>\r\n<\/tr><td class=\"ccargos\">\r\n<span data-balloon-length=\"medium\" aria-label=\"N\u00edvel M\u00e9dio Completo e Curso T\u00e9cnico na \u00e1rea (detalhes espec\u00edficos em Anexo I do Edital)\" data-balloon-pos=\"up\">T\u00e9cnico profissional de n\u00edvel m\u00e9dio - Desenho T\u00e9cnico<\/span><\/td>\r\n<td class=\"cvagas\">1 + CR<\/td>\r\n<td class=\"cremuneracao\">R$ 2.571,58 \/40h<\/td>\r\n<\/tr><td class=\"ccargos\">\r\n<span data-balloon-length=\"medium\" aria-label=\"N\u00edvel M\u00e9dio Completo e Curso T\u00e9cnico na \u00e1rea (detalhes espec\u00edficos em Anexo I do Edital)\" data-balloon-pos=\"up\">T\u00e9cnico profissional de n\u00edvel m\u00e9dio - Edifica\u00e7\u00f5es<\/span><\/td>\r\n<td class=\"cvagas\">2 + CR<\/td>\r\n<td class=\"cremuneracao\">R$ 2.571,58 \/40h<\/td>\r\n<\/tr><td class=\"ccargos\">\r\n<span data-balloon-length=\"medium\" aria-label=\"N\u00edvel M\u00e9dio Completo e Curso T\u00e9cnico na \u00e1rea (detalhes espec\u00edficos em Anexo I do Edital)\" data-balloon-pos=\"up\">T\u00e9cnico profissional de n\u00edvel m\u00e9dio - Geomec\u00e2nica<\/span><\/td>\r\n<td class=\"cvagas\">1 + CR<\/td>\r\n<td class=\"cremuneracao\">R$ 2.571,58 \/40h<\/td>\r\n<\/tr><td class=\"ccargos\">\r\n<span data-balloon-length=\"medium\" aria-label=\"N\u00edvel M\u00e9dio Completo e Curso T\u00e9cnico na \u00e1rea (detalhes espec\u00edficos em Anexo I do Edital)\" data-balloon-pos=\"up\">T\u00e9cnico profissional de n\u00edvel m\u00e9dio - Imunologina e Patologia Experimental<\/span><\/td>\r\n<td class=\"cvagas\">1 + CR<\/td>\r\n<td class=\"cremuneracao\">R$ 2.571,58 \/40h<\/td>\r\n<\/tr><td class=\"ccargos\">\r\n<span data-balloon-length=\"medium\" aria-label=\"N\u00edvel M\u00e9dio Completo e Curso T\u00e9cnico na \u00e1rea (detalhes espec\u00edficos em Anexo I do Edital)\" data-balloon-pos=\"up\">T\u00e9cnico profissional de n\u00edvel m\u00e9dio - Inform\u00e1tica<\/span><\/td>\r\n<td class=\"cvagas\">2 + CR<\/td>\r\n<td class=\"cremuneracao\">R$ 2.571,58 \/40h<\/td>\r\n<\/tr><td class=\"ccargos\">\r\n<span data-balloon-length=\"medium\" aria-label=\"N\u00edvel M\u00e9dio Completo e Curso T\u00e9cnico na \u00e1rea (detalhes espec\u00edficos em Anexo I do Edital)\" data-balloon-pos=\"up\">T\u00e9cnico profissional de n\u00edvel m\u00e9dio - Instrumenta\u00e7\u00e3o<\/span><\/td>\r\n<td class=\"cvagas\">1 + CR<\/td>\r\n<td class=\"cremuneracao\">R$ 2.571,58 \/40h<\/td>\r\n<\/tr><td class=\"ccargos\">\r\n<span data-balloon-length=\"medium\" aria-label=\"N\u00edvel M\u00e9dio Completo e Curso T\u00e9cnico na \u00e1rea (detalhes espec\u00edficos em Anexo I do Edital)\" data-balloon-pos=\"up\">T\u00e9cnico profissional de n\u00edvel m\u00e9dio \u2013 Qu\u00edmica<\/span><\/td>\r\n<td class=\"cvagas\">3 + CR<\/td>\r\n<td class=\"cremuneracao\">R$ 2.571,58 \/40h<\/td>\r\n<\/tr><td class=\"ccargos\">\r\n<span data-balloon-length=\"medium\" aria-label=\"N\u00edvel M\u00e9dio Completo e Curso T\u00e9cnico na \u00e1rea (detalhes espec\u00edficos em Anexo I do Edital)\" data-balloon-pos=\"up\">T\u00e9cnico profissional de n\u00edvel m\u00e9dio - T\u00e9cnico em Sa\u00fade e Seguran\u00e7a do Trabalho<\/span><\/td>\r\n<td class=\"cvagas\">2 + CR<\/td>\r\n<td class=\"cremuneracao\">R$ 2.571,58 \/40h<\/td>\r\n<\/tr><td class=\"ccargos\">\r\n<span data-balloon-length=\"medium\" aria-label=\"N\u00edvel M\u00e9dio Completo (detalhes espec\u00edficos em Anexo I do Edital)\" data-balloon-pos=\"up\">Profissional De N\u00edvel M\u00e9dio - Assistente Administrativo<\/span><\/td>\r\n<td class=\"cvagas\">37 + CR<\/td>\r\n<td class=\"cremuneracao\">R$ 2.571,58 \/40h<\/td>\r\n<\/tr><td class=\"ccargos\">\r\n<span data-balloon-length=\"medium\" aria-label=\"N\u00edvel M\u00e9dio Completo (detalhes espec\u00edficos em Anexo I do Edital)\" data-balloon-pos=\"up\">Profissional De N\u00edvel M\u00e9dio - Meio Ambiente<\/span><\/td>\r\n<td class=\"cvagas\">2 + CR<\/td>\r\n<td class=\"cremuneracao\">R$ 2.571,58 \/40h<\/td>\r\n<\/tr>\r\n    <\/tbody>\r\n  <\/table>\r\n<\/div>","_superior":"<div>\r\n<table class=\"quadro\">\r\n<thead>\r\n<tr>\r\n<th class=\"hcargo\">Cargo<\/th>\r\n<th class=\"hvagas\">Vagas<\/th>\r\n<th class=\"hremuneracao\">Remunera\u00e7\u00e3o<\/th>\r\n<\/tr>\r\n<\/thead>\r\n    <tbody>\r\n      <tr>\r\n<td class=\"ccargos\">\r\n<span data-balloon-length=\"medium\" aria-label=\"N\u00edvel Superior na \u00e1rea (detalhes espec\u00edficos em Anexo I do Edital)\" data-balloon-pos=\"up\">T\u00e9cnico profissional de n\u00edvel superior - Administra\u00e7\u00e3o de Empresas<\/span><\/td>\r\n<td class=\"cvagas\">1 + CR<\/td>\r\n<td class=\"cremuneracao\">R$ 3.938,79 \/40h<\/td>\r\n<\/tr><tr>\r\n<td class=\"ccargos\">\r\n<span data-balloon-length=\"medium\" aria-label=\"N\u00edvel Superior na \u00e1rea (detalhes espec\u00edficos em Anexo I do Edital)\" data-balloon-pos=\"up\">T\u00e9cnico profissional de n\u00edvel superior - An\u00e1lise de Planejamento<\/span><\/td>\r\n<td class=\"cvagas\">1 + CR<\/td>\r\n<td class=\"cremuneracao\">R$ 3.938,79 \/40h<\/td>\r\n<\/tr><tr>\r\n<td class=\"ccargos\">\r\n<span data-balloon-length=\"medium\" aria-label=\"N\u00edvel Superior na \u00e1rea (detalhes espec\u00edficos em Anexo I do Edital)\" data-balloon-pos=\"up\">T\u00e9cnico profissional de n\u00edvel superior - An\u00e1lise de Sistema e Suporte<\/span><\/td>\r\n<td class=\"cvagas\">2 + CR<\/td>\r\n<td class=\"cremuneracao\">R$ 3.938,79 \/40h<\/td>\r\n<\/tr><tr>\r\n<td class=\"ccargos\">\r\n<span data-balloon-length=\"medium\" aria-label=\"N\u00edvel Superior na \u00e1rea (detalhes espec\u00edficos em Anexo I do Edital)\" data-balloon-pos=\"up\">T\u00e9cnico profissional de n\u00edvel superior - Apoio Acad\u00eamico<\/span><\/td>\r\n<td class=\"cvagas\">15 + CR<\/td>\r\n<td class=\"cremuneracao\">R$ 3.938,79 \/40h<\/td>\r\n<\/tr><tr>\r\n<td class=\"ccargos\">\r\n<span data-balloon-length=\"medium\" aria-label=\"N\u00edvel Superior na \u00e1rea (detalhes espec\u00edficos em Anexo I do Edital)\" data-balloon-pos=\"up\">T\u00e9cnico profissional de n\u00edvel superior - Biblioteca<\/span><\/td>\r\n<td class=\"cvagas\">6 + CR<\/td>\r\n<td class=\"cremuneracao\">R$ 3.938,79 \/40h<\/td>\r\n<\/tr><tr>\r\n<td class=\"ccargos\">\r\n<span data-balloon-length=\"medium\" aria-label=\"N\u00edvel Superior na \u00e1rea (detalhes espec\u00edficos em Anexo I do Edital)\" data-balloon-pos=\"up\">T\u00e9cnico profissional de n\u00edvel superior - Biologia Estrutural<\/span><\/td>\r\n<td class=\"cvagas\">1 + CR<\/td>\r\n<td class=\"cremuneracao\">R$ 3.938,79 \/40h<\/td>\r\n<\/tr><tr>\r\n<td class=\"ccargos\">\r\n<span data-balloon-length=\"medium\" aria-label=\"N\u00edvel Superior na \u00e1rea (detalhes espec\u00edficos em Anexo I do Edital)\" data-balloon-pos=\"up\">T\u00e9cnico profissional de n\u00edvel superior - Ci\u00eancias Cont\u00e1beis<\/span><\/td>\r\n<td class=\"cvagas\">2 + CR<\/td>\r\n<td class=\"cremuneracao\">R$ 3.938,79 \/40h<\/td>\r\n<\/tr><tr>\r\n<td class=\"ccargos\">\r\n<span data-balloon-length=\"medium\" aria-label=\"N\u00edvel Superior na \u00e1rea (detalhes espec\u00edficos em Anexo I do Edital)\" data-balloon-pos=\"up\">T\u00e9cnico profissional de n\u00edvel superior - Ci\u00eancias Econ\u00f4micas<\/span><\/td>\r\n<td class=\"cvagas\">2 + CR<\/td>\r\n<td class=\"cremuneracao\">R$ 3.938,79 \/40h<\/td>\r\n<\/tr><tr>\r\n<td class=\"ccargos\">\r\n<span data-balloon-length=\"medium\" aria-label=\"N\u00edvel Superior na \u00e1rea (detalhes espec\u00edficos em Anexo I do Edital)\" data-balloon-pos=\"up\">T\u00e9cnico profissional de n\u00edvel superior - Comunica\u00e7\u00e3o Social<\/span><\/td>\r\n<td class=\"cvagas\">2 + CR<\/td>\r\n<td class=\"cremuneracao\">R$ 3.938,79 \/40h<\/td>\r\n<\/tr><tr>\r\n<td class=\"ccargos\">\r\n<span data-balloon-length=\"medium\" aria-label=\"N\u00edvel Superior na \u00e1rea (detalhes espec\u00edficos em Anexo I do Edital)\" data-balloon-pos=\"up\">T\u00e9cnico profissional de n\u00edvel superior - Educa\u00e7\u00e3o<\/span><\/td>\r\n<td class=\"cvagas\">1 + CR<\/td>\r\n<td class=\"cremuneracao\">R$ 3.938,79 \/40h<\/td>\r\n<\/tr><tr>\r\n<td class=\"ccargos\">\r\n<span data-balloon-length=\"medium\" aria-label=\"N\u00edvel Superior na \u00e1rea (detalhes espec\u00edficos em Anexo I do Edital)\" data-balloon-pos=\"up\">T\u00e9cnico profissional de n\u00edvel superior - Engenharia Agron\u00f4mica<\/span><\/td>\r\n<td class=\"cvagas\">3 + CR<\/td>\r\n<td class=\"cremuneracao\">R$ 3.938,79 \/40h<\/td>\r\n<\/tr><tr>\r\n<td class=\"ccargos\">\r\n<span data-balloon-length=\"medium\" aria-label=\"N\u00edvel Superior na \u00e1rea (detalhes espec\u00edficos em Anexo I do Edital)\" data-balloon-pos=\"up\">T\u00e9cnico profissional de n\u00edvel superior -Engenharia Civil<\/span><\/td>\r\n<td class=\"cvagas\">2 + CR<\/td>\r\n<td class=\"cremuneracao\">R$ 3.938,79 \/40h<\/td>\r\n<\/tr><tr>\r\n<td class=\"ccargos\">\r\n<span data-balloon-length=\"medium\" aria-label=\"N\u00edvel Superior na \u00e1rea (detalhes espec\u00edficos em Anexo I do Edital)\" data-balloon-pos=\"up\">T\u00e9cnico profissional de n\u00edvel superior -Engenharia El\u00e9trica<\/span><\/td>\r\n<td class=\"cvagas\">1 + CR<\/td>\r\n<td class=\"cremuneracao\">R$ 3.938,79 \/40h<\/td>\r\n<\/tr><tr>\r\n<td class=\"ccargos\">\r\n<span data-balloon-length=\"medium\" aria-label=\"N\u00edvel Superior na \u00e1rea (detalhes espec\u00edficos em Anexo I do Edital)\" data-balloon-pos=\"up\">T\u00e9cnico profissional de n\u00edvel superior - Engenharia Eletr\u00f4nica<\/span><\/td>\r\n<td class=\"cvagas\">1 + CR<\/td>\r\n<td class=\"cremuneracao\">R$ 3.938,79 \/40h<\/td>\r\n<\/tr><tr>\r\n<td class=\"ccargos\">\r\n<span data-balloon-length=\"medium\" aria-label=\"N\u00edvel Superior na \u00e1rea (detalhes espec\u00edficos em Anexo I do Edital)\" data-balloon-pos=\"up\">T\u00e9cnico profissional de n\u00edvel superior - Engenharia de Materiais<\/span><\/td>\r\n<td class=\"cvagas\">1 + CR<\/td>\r\n<td class=\"cremuneracao\">R$ 3.938,79 \/40h<\/td>\r\n<\/tr><tr>\r\n<td class=\"ccargos\">\r\n<span data-balloon-length=\"medium\" aria-label=\"N\u00edvel Superior na \u00e1rea (detalhes espec\u00edficos em Anexo I do Edital)\" data-balloon-pos=\"up\">T\u00e9cnico profissional de n\u00edvel superior - Engenharia Mec\u00e2nica<\/span><\/td>\r\n<td class=\"cvagas\">2 + CR<\/td>\r\n<td class=\"cremuneracao\">R$ 3.938,79 \/40h<\/td>\r\n<\/tr><tr>\r\n<td class=\"ccargos\">\r\n<span data-balloon-length=\"medium\" aria-label=\"N\u00edvel Superior na \u00e1rea (detalhes espec\u00edficos em Anexo I do Edital)\" data-balloon-pos=\"up\">T\u00e9cnico profissional de n\u00edvel superior - Engenharia de Petr\u00f3leo<\/span><\/td>\r\n<td class=\"cvagas\">1 + CR<\/td>\r\n<td class=\"cremuneracao\">R$ 3.938,79 \/40h<\/td>\r\n<\/tr><tr>\r\n<td class=\"ccargos\">\r\n<span data-balloon-length=\"medium\" aria-label=\"N\u00edvel Superior na \u00e1rea (detalhes espec\u00edficos em Anexo I do Edital)\" data-balloon-pos=\"up\">T\u00e9cnico profissional de n\u00edvel superior - Engenharia Qu\u00edmica<\/span><\/td>\r\n<td class=\"cvagas\">1 + CR<\/td>\r\n<td class=\"cremuneracao\">R$ 3.938,79 \/40h<\/td>\r\n<\/tr><tr>\r\n<td class=\"ccargos\">\r\n<span data-balloon-length=\"medium\" aria-label=\"N\u00edvel Superior na \u00e1rea (detalhes espec\u00edficos em Anexo I do Edital)\" data-balloon-pos=\"up\">T\u00e9cnico profissional de n\u00edvel superior -Engenheiro de Seguran\u00e7a no Trabalho<\/span><\/td>\r\n<td class=\"cvagas\">1 + CR<\/td>\r\n<td class=\"cremuneracao\">R$ 3.938,79 \/40h<\/td>\r\n<\/tr><tr>\r\n<td class=\"ccargos\">\r\n<span data-balloon-length=\"medium\" aria-label=\"N\u00edvel Superior na \u00e1rea (detalhes espec\u00edficos em Anexo I do Edital)\" data-balloon-pos=\"up\">T\u00e9cnico profissional de n\u00edvel superior - Estat\u00edstica e Pesquisa Operacional<\/span><\/td>\r\n<td class=\"cvagas\">1 + CR<\/td>\r\n<td class=\"cremuneracao\">R$ 3.938,79 \/40h<\/td>\r\n<\/tr><tr>\r\n<td class=\"ccargos\">\r\n<span data-balloon-length=\"medium\" aria-label=\"N\u00edvel Superior na \u00e1rea (detalhes espec\u00edficos em Anexo I do Edital)\" data-balloon-pos=\"up\">T\u00e9cnico profissional de n\u00edvel superior - Geof\u00edsica<\/span><\/td>\r\n<td class=\"cvagas\">1 + CR<\/td>\r\n<td class=\"cremuneracao\">R$ 3.938,79 \/40h<\/td>\r\n<\/tr><tr>\r\n<td class=\"ccargos\">\r\n<span data-balloon-length=\"medium\" aria-label=\"N\u00edvel Superior na \u00e1rea (detalhes espec\u00edficos em Anexo I do Edital)\" data-balloon-pos=\"up\">T\u00e9cnico profissional de n\u00edvel superior - Geoinform\u00e1tica<\/span><\/td>\r\n<td class=\"cvagas\">2 + CR<\/td>\r\n<td class=\"cremuneracao\">R$ 3.938,79 \/40h<\/td>\r\n<\/tr><tr>\r\n<td class=\"ccargos\">\r\n<span data-balloon-length=\"medium\" aria-label=\"N\u00edvel Superior na \u00e1rea (detalhes espec\u00edficos em Anexo I do Edital)\" data-balloon-pos=\"up\">T\u00e9cnico profissional de n\u00edvel superior - Hist\u00f3ria<\/span><\/td>\r\n<td class=\"cvagas\">2 + CR<\/td>\r\n<td class=\"cremuneracao\">R$ 3.938,79 \/40h<\/td>\r\n<\/tr><tr>\r\n<td class=\"ccargos\">\r\n<span data-balloon-length=\"medium\" aria-label=\"N\u00edvel Superior na \u00e1rea (detalhes espec\u00edficos em Anexo I do Edital)\" data-balloon-pos=\"up\">T\u00e9cnico profissional de n\u00edvel superior - Internacionalista<\/span><\/td>\r\n<td class=\"cvagas\">1 + CR<\/td>\r\n<td class=\"cremuneracao\">R$ 3.938,79 \/40h<\/td>\r\n<\/tr><tr>\r\n<td class=\"ccargos\">\r\n<span data-balloon-length=\"medium\" aria-label=\"N\u00edvel Superior na \u00e1rea (detalhes espec\u00edficos em Anexo I do Edital)\" data-balloon-pos=\"up\">T\u00e9cnico profissional de n\u00edvel superior \u2013 Manuten\u00e7\u00e3o e Controle em Automa\u00e7\u00e3o<\/span><\/td>\r\n<td class=\"cvagas\">1 + CR<\/td>\r\n<td class=\"cremuneracao\">R$ 3.938,79 \/40h<\/td>\r\n<\/tr><tr>\r\n<td class=\"ccargos\">\r\n<span data-balloon-length=\"medium\" aria-label=\"N\u00edvel Superior na \u00e1rea (detalhes espec\u00edficos em Anexo I do Edital)\" data-balloon-pos=\"up\">T\u00e9cnico profissional de n\u00edvel superior - Matem\u00e1tica<\/span><\/td>\r\n<td class=\"cvagas\">1 + CR<\/td>\r\n<td class=\"cremuneracao\">R$ 3.938,79 \/40h<\/td>\r\n<\/tr><tr>\r\n<td class=\"ccargos\">\r\n<span data-balloon-length=\"medium\" aria-label=\"N\u00edvel Superior na \u00e1rea (detalhes espec\u00edficos em Anexo I do Edital)\" data-balloon-pos=\"up\">T\u00e9cnico profissional de n\u00edvel superior - Medicina Veterin\u00e1ria<\/span><\/td>\r\n<td class=\"cvagas\">3 + CR<\/td>\r\n<td class=\"cremuneracao\">R$ 3.938,79 \/40h<\/td>\r\n<\/tr><tr>\r\n<td class=\"ccargos\">\r\n<span data-balloon-length=\"medium\" aria-label=\"N\u00edvel Superior na \u00e1rea (detalhes espec\u00edficos em Anexo I do Edital)\" data-balloon-pos=\"up\">T\u00e9cnico profissional de n\u00edvel superior - M\u00e9dico do Trabalho<\/span><\/td>\r\n<td class=\"cvagas\">1 + CR<\/td>\r\n<td class=\"cremuneracao\">R$ 3.938,79 \/40h<\/td>\r\n<\/tr><tr>\r\n<td class=\"ccargos\">\r\n<span data-balloon-length=\"medium\" aria-label=\"N\u00edvel Superior na \u00e1rea (detalhes espec\u00edficos em Anexo I do Edital)\" data-balloon-pos=\"up\">T\u00e9cnico profissional de n\u00edvel superior - Meteorologia<\/span><\/td>\r\n<td class=\"cvagas\">1 + CR<\/td>\r\n<td class=\"cremuneracao\">R$ 3.938,79 \/40h<\/td>\r\n<\/tr><tr>\r\n<td class=\"ccargos\">\r\n<span data-balloon-length=\"medium\" aria-label=\"N\u00edvel Superior na \u00e1rea (detalhes espec\u00edficos em Anexo I do Edital)\" data-balloon-pos=\"up\">T\u00e9cnico profissional de n\u00edvel superior - Multim\u00eddia<\/span><\/td>\r\n<td class=\"cvagas\">1 + CR<\/td>\r\n<td class=\"cremuneracao\">R$ 3.938,79 \/40h<\/td>\r\n<\/tr><tr>\r\n<td class=\"ccargos\">\r\n<span data-balloon-length=\"medium\" aria-label=\"N\u00edvel Superior na \u00e1rea (detalhes espec\u00edficos em Anexo I do Edital)\" data-balloon-pos=\"up\">T\u00e9cnico profissional de n\u00edvel superior -Nutricionista<\/span><\/td>\r\n<td class=\"cvagas\">1 + CR<\/td>\r\n<td class=\"cremuneracao\">R$ 3.938,79 \/40h<\/td>\r\n<\/tr><tr>\r\n<td class=\"ccargos\">\r\n<span data-balloon-length=\"medium\" aria-label=\"N\u00edvel Superior na \u00e1rea (detalhes espec\u00edficos em Anexo I do Edital)\" data-balloon-pos=\"up\">T\u00e9cnico profissional de n\u00edvel superior - Petrof\u00edsica<\/span><\/td>\r\n<td class=\"cvagas\">1 + CR<\/td>\r\n<td class=\"cremuneracao\">R$ 3.938,79 \/40h<\/td>\r\n<\/tr><tr>\r\n<td class=\"ccargos\">\r\n<span data-balloon-length=\"medium\" aria-label=\"N\u00edvel Superior na \u00e1rea (detalhes espec\u00edficos em Anexo I do Edital)\" data-balloon-pos=\"up\">T\u00e9cnico profissional de n\u00edvel superior - Psic\u00f3logo<\/span><\/td>\r\n<td class=\"cvagas\">2 + CR<\/td>\r\n<td class=\"cremuneracao\">R$ 3.938,79 \/40h<\/td>\r\n<\/tr><tr>\r\n<td class=\"ccargos\">\r\n<span data-balloon-length=\"medium\" aria-label=\"N\u00edvel Superior na \u00e1rea (detalhes espec\u00edficos em Anexo I do Edital)\" data-balloon-pos=\"up\">T\u00e9cnico profissional de n\u00edvel superior - Qu\u00edmica<\/span><\/td>\r\n<td class=\"cvagas\">3 + CR<\/td>\r\n<td class=\"cremuneracao\">R$ 3.938,79 \/40h<\/td>\r\n<\/tr><tr>\r\n<td class=\"ccargos\">\r\n<span data-balloon-length=\"medium\" aria-label=\"N\u00edvel Superior na \u00e1rea (detalhes espec\u00edficos em Anexo I do Edital)\" data-balloon-pos=\"up\">T\u00e9cnico profissional de n\u00edvel superior - Servi\u00e7o Social<\/span><\/td>\r\n<td class=\"cvagas\">3 + CR<\/td>\r\n<td class=\"cremuneracao\">R$ 3.938,79 \/40h<\/td>\r\n<\/tr><tr>\r\n<td class=\"ccargos\">\r\n<span data-balloon-length=\"medium\" aria-label=\"N\u00edvel Superior na \u00e1rea (detalhes espec\u00edficos em Anexo I do Edital)\" data-balloon-pos=\"up\">T\u00e9cnico profissional de n\u00edvel superior - Zootecnia<\/span><\/td>\r\n<td class=\"cvagas\">1 + CR<\/td>\r\n<td class=\"cremuneracao\">R$ 3.938,79 \/40h<\/td>\r\n<\/tr>\r\n    <\/tbody>\r\n  <\/table>\r\n<\/div>"},"_links":{"self":[{"href":"https:\/\/www.agrobase.com.br\/concursos\/wp-json\/wp\/v2\/posts\/265899","targetHints":{"allow":["GET"]}}],"collection":[{"href":"https:\/\/www.agrobase.com.br\/concursos\/wp-json\/wp\/v2\/posts"}],"about":[{"href":"https:\/\/www.agrobase.com.br\/concursos\/wp-json\/wp\/v2\/types\/post"}],"author":[{"embeddable":true,"href":"https:\/\/www.agrobase.com.br\/concursos\/wp-json\/wp\/v2\/users\/7"}],"replies":[{"embeddable":true,"href":"https:\/\/www.agrobase.com.br\/concursos\/wp-json\/wp\/v2\/comments?post=265899"}],"version-history":[{"count":5,"href":"https:\/\/www.agrobase.com.br\/concursos\/wp-json\/wp\/v2\/posts\/265899\/revisions"}],"predecessor-version":[{"id":266576,"href":"https:\/\/www.agrobase.com.br\/concursos\/wp-json\/wp\/v2\/posts\/265899\/revisions\/266576"}],"wp:featuredmedia":[{"embeddable":true,"href":"https:\/\/www.agrobase.com.br\/concursos\/wp-json\/wp\/v2\/media\/265898"}],"wp:attachment":[{"href":"https:\/\/www.agrobase.com.br\/concursos\/wp-json\/wp\/v2\/media?parent=265899"}],"wp:term":[{"taxonomy":"category","embeddable":true,"href":"https:\/\/www.agrobase.com.br\/concursos\/wp-json\/wp\/v2\/categories?post=265899"},{"taxonomy":"post_tag","embeddable":true,"href":"https:\/\/www.agrobase.com.br\/concursos\/wp-json\/wp\/v2\/tags?post=265899"},{"taxonomy":"_amplo","embeddable":true,"href":"https:\/\/www.agrobase.com.br\/concursos\/wp-json\/wp\/v2\/_amplo?post=265899"},{"taxonomy":"destaque","embeddable":true,"href":"https:\/\/www.agrobase.com.br\/concursos\/wp-json\/wp\/v2\/destaque?post=265899"},{"taxonomy":"instituicoes","embeddable":true,"href":"https:\/\/www.agrobase.com.br\/concursos\/wp-json\/wp\/v2\/instituicoes?post=265899"}],"curies":[{"name":"wp","href":"https:\/\/api.w.org\/{rel}","templated":true}]}}