{"id":265889,"date":"2025-05-16T07:50:50","date_gmt":"2025-05-16T10:50:50","guid":{"rendered":"https:\/\/www.agrobase.com.br\/concursos\/?p=265889"},"modified":"2025-05-15T14:47:29","modified_gmt":"2025-05-15T17:47:29","slug":"ufpr-pr-concurso-152-2025","status":"publish","type":"post","link":"https:\/\/www.agrobase.com.br\/concursos\/2025\/ufpr-pr-concurso-152-2025\/","title":{"rendered":"UFPR (PR) &#8211; Concurso 152\/2025"},"content":{"rendered":"<h2>Informa\u00e7\u00f5es Gerais<\/h2>\n<p>A Universidade Federal do Paran\u00e1 (UFPR) anunciou a abertura de concurso p\u00fablico, visando o provimento de cargos efetivos de Professor da Carreira do Magist\u00e9rio Superior. As vagas s\u00e3o destinadas ao Quadro Permanente da Universidade, sob o Regime Jur\u00eddico \u00danico dos Servidores P\u00fablicos Civis da Uni\u00e3o (Lei n\u00ba 8.112\/1990), o que confere estabilidade empregat\u00edcia. O certame, com edital publicado, contempla exclusivamente o n\u00edvel superior, exigindo gradua\u00e7\u00e3o e titula\u00e7\u00e3o de mestrado ou doutorado, conforme a especificidade de cada \u00e1rea. As oportunidades est\u00e3o distribu\u00eddas em diversos setores acad\u00eamicos, como Alimenta\u00e7\u00e3o Coletiva, Ci\u00eancias da Sa\u00fade (com vagas para Cirurgia\/Anestesiologia, Pediatria e Dermatologia Pedi\u00e1trica), Engenharias (Constru\u00e7\u00e3o Civil), Tecnologia da Informa\u00e7\u00e3o (Algoritmos e Estrutura de Dados), Ci\u00eancias Humanas e Sociais Aplicadas (Geografia, Letras Estrangeiras Modernas &#8211; L\u00edngua Japonesa, Comunica\u00e7\u00e3o Social com \u00eanfase em produ\u00e7\u00e3o multim\u00eddia) e Ci\u00eancias do Mar (Oceanografia Biol\u00f3gica). <strong>Para os profissionais das \u00e1reas de Nutri\u00e7\u00e3o e Biologia, destacam-se as vagas em Alimenta\u00e7\u00e3o Coletiva e Oceanografia Biol\u00f3gica (Ictiologia), respectivamente.<\/strong> Este \u00e9 um chamado para integrar um corpo docente qualificado e contribuir para o ensino, pesquisa e extens\u00e3o. Continue a leitura para se informar sobre o processo de inscri\u00e7\u00e3o, as etapas da sele\u00e7\u00e3o e como acompanhar os resultados.<\/p>\n<h2>Inscri\u00e7\u00f5es<\/h2>\n<p>As inscri\u00e7\u00f5es para o concurso de Professor da Universidade Federal do Paran\u00e1 (UFPR) estar\u00e3o abertas no per\u00edodo de <strong>12 de maio de 2025 a 10 de junho de 2025, encerrando-se \u00e0s 23h59 do \u00faltimo dia<\/strong>. Os candidatos interessados dever\u00e3o efetuar sua inscri\u00e7\u00e3o exclusivamente pela internet, atrav\u00e9s do portal da Pr\u00f3-Reitoria de Gest\u00e3o de Pessoas (PROGEPE) da UFPR, dispon\u00edvel no endere\u00e7o eletr\u00f4nico https:\/\/progepe.ufpr.br\/a\/concursos\/docente\/concursos_publicos\/inscricao.html. Conforme o edital, \u00e9 necess\u00e1rio anexar o comprovante de recolhimento da taxa de inscri\u00e7\u00e3o, cujo valor \u00e9 determinado para a classe do cargo pretendido. A guia para pagamento (GRU ou PIX) deve ser gerada no site da PROGEPE; o pagamento via boleto (GRU) \u00e9 aceito somente em esp\u00e9cie no Banco do Brasil, enquanto o PIX pode ser pago em qualquer institui\u00e7\u00e3o. Recomenda-se que os candidatos preparem antecipadamente toda a documenta\u00e7\u00e3o exigida. O acompanhamento do status da inscri\u00e7\u00e3o e de quaisquer comunicados oficiais deve ser feito regularmente pelo portal da PROGEPE. Para obter todas as informa\u00e7\u00f5es sobre os requisitos, documenta\u00e7\u00e3o necess\u00e1ria e demais procedimentos, \u00e9 indispens\u00e1vel a leitura integral e atenta do edital do concurso.<\/p>\n<h2>Etapas e Provas<\/h2>\n<p>O processo seletivo para Professor da UFPR ser\u00e1 composto por at\u00e9 cinco etapas, conforme a Resolu\u00e7\u00e3o n\u00ba 66-A\/16-CEPE. A sequ\u00eancia e o car\u00e1ter de cada prova s\u00e3o os seguintes:<\/p>\n<ul>\n<li><strong>Prova Escrita:<\/strong> De car\u00e1ter eliminat\u00f3rio. Os candidatos ter\u00e3o um per\u00edodo para consulta de material bibliogr\u00e1fico e anota\u00e7\u00f5es pr\u00f3prias antes do in\u00edcio, vedado o uso de meios eletr\u00f4nicos.<\/li>\n<li><strong>Prova Pr\u00e1tica:<\/strong> De car\u00e1ter eliminat\u00f3rio. Sua realiza\u00e7\u00e3o \u00e9 uma decis\u00e3o da unidade promotora do certame, podendo n\u00e3o ser aplicada para todos os cargos.<\/li>\n<li><strong>Prova Did\u00e1tica:<\/strong> De car\u00e1ter eliminat\u00f3rio. As manifesta\u00e7\u00f5es verbais nesta etapa, assim como em outras que envolvam tal modalidade, ser\u00e3o gravadas em \u00e1udio e v\u00eddeo.<\/li>\n<li><strong>An\u00e1lise de Curr\u00edculo:<\/strong> De car\u00e1ter classificat\u00f3rio. O Curriculum Vitae documentado deve ser entregue conforme cronograma da Banca Examinadora, seguindo a Tabela de Pontua\u00e7\u00e3o da Resolu\u00e7\u00e3o n\u00ba 70\/16-CEPE.<\/li>\n<li><strong>Defesa do Curr\u00edculo e do Projeto de Pesquisa:<\/strong> De car\u00e1ter classificat\u00f3rio. Consiste na defesa oral do curr\u00edculo e de uma proposta de projeto de pesquisa (com no m\u00ednimo 15 e no m\u00e1ximo 25 laudas, excluindo refer\u00eancias) na \u00e1rea de conhecimento do concurso.<\/li>\n<\/ul>\n<p>Para ser considerado aprovado, o candidato dever\u00e1 obter pontua\u00e7\u00e3o m\u00e9dia igual ou superior a 7,0 (sete) na escala de 0 a 10 no conjunto das provas, al\u00e9m de obter pontua\u00e7\u00e3o igual ou superior a 7,0 (sete) atribu\u00edda por pelo menos tr\u00eas membros da Banca Examinadora em cada uma das provas de car\u00e1ter eliminat\u00f3rio (escrita, pr\u00e1tica &#8211; se houver &#8211; e did\u00e1tica). Os pontos espec\u00edficos, crit\u00e9rios de avalia\u00e7\u00e3o de cada etapa, bem como datas e hor\u00e1rios para entrega de documentos e realiza\u00e7\u00e3o das provas, ser\u00e3o divulgados pela Banca Examinadora no local do concurso e\/ou no s\u00edtio eletr\u00f4nico da unidade promotora do certame. Para conhecer o conte\u00fado program\u00e1tico detalhado, as regras espec\u00edficas de cada etapa e o cronograma completo, \u00e9 imprescind\u00edvel a leitura integral do edital.<\/p>\n<h2>Resultados e Gabarito<\/h2>\n<p>A divulga\u00e7\u00e3o dos resultados do concurso da UFPR seguir\u00e1 um cronograma estabelecido pela Banca Examinadora. Conclu\u00eddas todas as provas, a Banca Examinadora, em sess\u00e3o p\u00fablica e em data e local previamente divulgados, emitir\u00e1 um parecer conclusivo considerando cada candidato habilitado ou n\u00e3o. As notas e pontua\u00e7\u00f5es obtidas pelos candidatos em cada prova ser\u00e3o inseridas em planilha pr\u00f3pria \u00e0 vista dos presentes. A classifica\u00e7\u00e3o final dos candidatos aprovados ser\u00e1 feita em ordem decrescente da soma dos pontos obtidos na prova escrita, pr\u00e1tica (se houver), did\u00e1tica, an\u00e1lise do Curriculum Vitae e defesa do Curriculum Vitae e projeto de pesquisa. Em caso de empate envolvendo candidato idoso (com idade igual ou superior a 60 anos), o primeiro crit\u00e9rio de desempate ser\u00e1 a idade. Os demais crit\u00e9rios de desempate est\u00e3o estabelecidos na Resolu\u00e7\u00e3o n\u00ba 66-A\/16-CEPE. O resultado do concurso, uma vez homologado, ser\u00e1 publicado no Di\u00e1rio Oficial da Uni\u00e3o (DOU). O certame ter\u00e1 validade de 12 (doze) meses a partir do dia subsequente \u00e0 publica\u00e7\u00e3o do Edital de Homologa\u00e7\u00e3o no DOU, podendo ser prorrogado por igual per\u00edodo. A convoca\u00e7\u00e3o para o provimento da vaga obedecer\u00e1 rigorosamente \u00e0 ordem de classifica\u00e7\u00e3o.<\/p>\n<p>\u00c9 de responsabilidade exclusiva do candidato acompanhar todas as publica\u00e7\u00f5es oficiais, incluindo convoca\u00e7\u00f5es e resultados, no site da PROGEPE\/UFPR e no Di\u00e1rio Oficial da Uni\u00e3o.<\/p>\n","protected":false},"excerpt":{"rendered":"<p>Concurso UFPR (PR) com edital publicado! Vagas p\/ Professores (Superior). Inscri\u00e7\u00f5es a partir de 12\/05. Sal\u00e1rios at\u00e9 R$ 13.2k. Confira detalhes!<\/p>\n","protected":false},"author":7,"featured_media":265888,"comment_status":"open","ping_status":"open","sticky":false,"template":"","format":"standard","meta":{"_acf_changed":false,"_breakdance_hide_in_design_set":false,"_breakdance_tags":"","footnotes":""},"categories":[6433,126,120,97,14,151,96,102,111,99,20,21,23,98,124,110],"tags":[52],"_amplo":[],"destaque":[],"instituicoes":[],"class_list":["post-265889","post","type-post","status-publish","format-standard","has-post-thumbnail","hentry","category-biologia-licenciatura","category-ciencia-computacao","category-comunicacao-social","category-ecologia","category-engenharia","category-engenharia-computacao","category-engenharia-pesca","category-engenharia-quimica","category-geografia","category-jornalismo","category-letras","category-medicina","category-nutricao","category-oceanografia","category-publicidade","category-relacoes-publicas","tag-parana"],"acf":{"_tipo_vagas":"vagas","_numero_vagas":"","_quadro_vagas":"","_cargos":"professores","_cargos_especificos":"","_salario_max":"R$ 13288.85","_abertura":"20250512","_encerramento":"20250610","_inscricoes":"https:\/\/progepe.ufpr.br\/a\/concursos\/docente\/concursos_publicos\/inscricao.html","_executora_concurso":"","_instituicao_concurso":[],"_link_adicional":null,"_anexos":null,"_produtos":null,"_vagas":"10 vagas","_salario_min":"R$ 3090.43","_instituicao":"Universidade Federal do Paran\u00e1","_edital":"https:\/\/www.agrobase.com.br\/concursos\/wp-content\/uploads\/sites\/4\/2025\/05\/edital-152-2025-ufpr.pdf","_anexos_edital":"","_fund_incompleto":"","_fund_completo":"","_medio":"","_superior":"<div>\r\n<table class=\"quadro\">\r\n<thead>\r\n<tr>\r\n<th class=\"hcargo\">Cargo<\/th>\r\n<th class=\"hvagas\">Vagas<\/th>\r\n<th class=\"hremuneracao\">Remunera\u00e7\u00e3o<\/th>\r\n<\/tr>\r\n<\/thead>\r\n    <tbody>\r\n      <tr>\r\n<td class=\"ccargos\">\r\n<span data-balloon-length=\"medium\" aria-label=\"Gradua\u00e7\u00e3o e Doutorado na \u00e1rea.\" data-balloon-pos=\"up\">Professor A-Assistente I - Alimenta\u00e7\u00e3o Coletiva<\/span><\/td>\r\n<td class=\"cvagas\">01<\/td>\r\n<td class=\"cremuneracao\">R$ 13.288,85 \/40h<\/td>\r\n<\/tr><tr>\r\n<td class=\"ccargos\">\r\n<span data-balloon-length=\"medium\" aria-label=\"Gradua\u00e7\u00e3o em Medicina com Resid\u00eancia\/Especializa\u00e7\u00e3o em Pediatria, e T\u00edtulo de Doutor na \u00e1rea.\" data-balloon-pos=\"up\">Professor A-Assistente I - Cirurgia \/ Anestesiologia<\/span><\/td>\r\n<td class=\"cvagas\">01<\/td>\r\n<td class=\"cremuneracao\">R$ 4.867,43 \/20h<\/td>\r\n<\/tr><tr>\r\n<td class=\"ccargos\">\r\n<span data-balloon-length=\"medium\" aria-label=\"Gradua\u00e7\u00e3o e Doutorado na \u00e1rea.\" data-balloon-pos=\"up\">Professor A-Assistente I - Constru\u00e7\u00e3o Civil<\/span><\/td>\r\n<td class=\"cvagas\">01<\/td>\r\n<td class=\"cremuneracao\">R$ 13.288,85 \/40h<\/td>\r\n<\/tr><tr>\r\n<td class=\"ccargos\">\r\n<span data-balloon-length=\"medium\" aria-label=\"Gradua\u00e7\u00e3o em Ci\u00eancia da Computa\u00e7\u00e3o, ou Engenharia da Computa\u00e7\u00e3o, ou Engenharia de Software, ou Inform\u00e1tica (Licenciatura ou Bacharelado), COM Doutorado na \u00e1rea de Computa\u00e7\u00e3o.\" data-balloon-pos=\"up\">Professor A-Assistente I - Algoritmos e Estrutura e Dados<\/span><\/td>\r\n<td class=\"cvagas\">01<\/td>\r\n<td class=\"cremuneracao\">R$ 13.288,85 \/40h<\/td>\r\n<\/tr><tr>\r\n<td class=\"ccargos\">\r\n<span data-balloon-length=\"medium\" aria-label=\"Gradua\u00e7\u00e3o em Medicina com Resid\u00eancia\/Especializa\u00e7\u00e3o em Pediatria, e T\u00edtulo de Doutor na \u00e1rea.\" data-balloon-pos=\"up\">Professor A-Assistente I - Pediatria Social<\/span><\/td>\r\n<td class=\"cvagas\">01<\/td>\r\n<td class=\"cremuneracao\">R$ 4.867,43 \/20h<\/td>\r\n<\/tr><tr>\r\n<td class=\"ccargos\">\r\n<span data-balloon-length=\"medium\" aria-label=\"Gradua\u00e7\u00e3o em Medicina com Resid\u00eancia\/Especializa\u00e7\u00e3o em Pediatria, Especializa\u00e7\u00e3o em Dermatologia Pedi\u00e1trica, e T\u00edtulo de Mestre na \u00e1rea.\" data-balloon-pos=\"up\">Professor A-Assistente I - Dermatologia Pedi\u00e1trica<\/span><\/td>\r\n<td class=\"cvagas\">01<\/td>\r\n<td class=\"cremuneracao\">R$ 3.863,04 \/20h<\/td>\r\n<\/tr><tr>\r\n<td class=\"ccargos\">\r\n<span data-balloon-length=\"medium\" aria-label=\"Licenciatura em Geografia e Doutorado na \u00e1rea.\" data-balloon-pos=\"up\">Professor A-Assistente I - Ensino de Geografia. Sub\u00e1rea: Metodologia de Ensino de Geografia; Pr\u00e1tica de Doc\u00eancia em Geografia na Educa\u00e7\u00e3o B\u00e1sica; Est\u00e1gio Supervisionado em Geografia na Educa\u00e7\u00e3o B\u00e1sica<\/span><\/td>\r\n<td class=\"cvagas\">01<\/td>\r\n<td class=\"cremuneracao\">R$ 13.288,85 \/40h<\/td>\r\n<\/tr><tr>\r\n<td class=\"ccargos\">\r\n<span data-balloon-length=\"medium\" aria-label=\"Gradua\u00e7\u00e3o em Letras ou Ci\u00eancias Humanas, com Mestrado e Doutorado em Ci\u00eancias Humanas.\" data-balloon-pos=\"up\">Professor A-Assistente I - Letras Estrangeiras Modernas. Lingua Japonesa<\/span><\/td>\r\n<td class=\"cvagas\">01<\/td>\r\n<td class=\"cremuneracao\">R$ 13.288,85 \/40h<\/td>\r\n<\/tr><tr>\r\n<td class=\"ccargos\">\r\n<span data-balloon-length=\"medium\" aria-label=\"Gradua\u00e7\u00e3o em Jornalismo\/Publicidade\/Rela\u00e7\u00f5es P\u00fablicas\/Comunica\u00e7\u00e3o Social (com habilita\u00e7\u00e3o espec\u00edfica) e Doutorado na \u00e1rea.\" data-balloon-pos=\"up\">Professor A-Assistente I - Artes, Comunica\u00e7\u00e3o e Design. Comunica\u00e7\u00e3o Social. Produ\u00e7\u00e3o laboratorial multim\u00eddia, com \u00eanfase na produ\u00e7\u00e3o sonora e audiovisual<\/span><\/td>\r\n<td class=\"cvagas\">01<\/td>\r\n<td class=\"cremuneracao\">R$ 13.288,85 \/40h<\/td>\r\n<\/tr><tr>\r\n<td class=\"ccargos\">\r\n<span data-balloon-length=\"medium\" aria-label=\"Gradua\u00e7\u00e3o em Oceanografia, ou Biologia, ou Engenharia da Pesca, com Doutorado na \u00e1rea.\" data-balloon-pos=\"up\">Professor A-Assistente I - Campus Pontal do Paran\u00e1 - Centro de Estudos do Mar. Oceanografia Biol\u00f3gica na \u00e1rea de Ictiologia<\/span><\/td>\r\n<td class=\"cvagas\">01<\/td>\r\n<td class=\"cremuneracao\">R$ 13.288,85 \/40h<\/td>\r\n<\/tr>\r\n    <\/tbody>\r\n  <\/table>\r\n<\/div>"},"_links":{"self":[{"href":"https:\/\/www.agrobase.com.br\/concursos\/wp-json\/wp\/v2\/posts\/265889","targetHints":{"allow":["GET"]}}],"collection":[{"href":"https:\/\/www.agrobase.com.br\/concursos\/wp-json\/wp\/v2\/posts"}],"about":[{"href":"https:\/\/www.agrobase.com.br\/concursos\/wp-json\/wp\/v2\/types\/post"}],"author":[{"embeddable":true,"href":"https:\/\/www.agrobase.com.br\/concursos\/wp-json\/wp\/v2\/users\/7"}],"replies":[{"embeddable":true,"href":"https:\/\/www.agrobase.com.br\/concursos\/wp-json\/wp\/v2\/comments?post=265889"}],"version-history":[{"count":6,"href":"https:\/\/www.agrobase.com.br\/concursos\/wp-json\/wp\/v2\/posts\/265889\/revisions"}],"predecessor-version":[{"id":265897,"href":"https:\/\/www.agrobase.com.br\/concursos\/wp-json\/wp\/v2\/posts\/265889\/revisions\/265897"}],"wp:featuredmedia":[{"embeddable":true,"href":"https:\/\/www.agrobase.com.br\/concursos\/wp-json\/wp\/v2\/media\/265888"}],"wp:attachment":[{"href":"https:\/\/www.agrobase.com.br\/concursos\/wp-json\/wp\/v2\/media?parent=265889"}],"wp:term":[{"taxonomy":"category","embeddable":true,"href":"https:\/\/www.agrobase.com.br\/concursos\/wp-json\/wp\/v2\/categories?post=265889"},{"taxonomy":"post_tag","embeddable":true,"href":"https:\/\/www.agrobase.com.br\/concursos\/wp-json\/wp\/v2\/tags?post=265889"},{"taxonomy":"_amplo","embeddable":true,"href":"https:\/\/www.agrobase.com.br\/concursos\/wp-json\/wp\/v2\/_amplo?post=265889"},{"taxonomy":"destaque","embeddable":true,"href":"https:\/\/www.agrobase.com.br\/concursos\/wp-json\/wp\/v2\/destaque?post=265889"},{"taxonomy":"instituicoes","embeddable":true,"href":"https:\/\/www.agrobase.com.br\/concursos\/wp-json\/wp\/v2\/instituicoes?post=265889"}],"curies":[{"name":"wp","href":"https:\/\/api.w.org\/{rel}","templated":true}]}}