{"id":265776,"date":"2025-05-15T07:10:48","date_gmt":"2025-05-15T10:10:48","guid":{"rendered":"https:\/\/www.agrobase.com.br\/concursos\/?p=265776"},"modified":"2025-05-14T11:30:42","modified_gmt":"2025-05-14T14:30:42","slug":"prefeitura-itau-rn-selecao-simplificada-001-2025","status":"publish","type":"post","link":"https:\/\/www.agrobase.com.br\/concursos\/2025\/prefeitura-itau-rn-selecao-simplificada-001-2025\/","title":{"rendered":"Prefeitura Ita\u00fa (RN) &#8211; Sele\u00e7\u00e3o Simplificada 001\/2025"},"content":{"rendered":"<h2>Informa\u00e7\u00f5es Gerais<\/h2>\n<p>A Prefeitura Municipal de Ita\u00fa-RN lan\u00e7ou o edital n\u00ba 001\/2025 para seu Processo Seletivo Simplificado, que visa a contrata\u00e7\u00e3o por tempo determinado de profissionais para diversas \u00e1reas da administra\u00e7\u00e3o p\u00fablica. O certame, com edital publicado, oferece <strong>84 vagas imediatas<\/strong>, al\u00e9m da forma\u00e7\u00e3o de cadastro de reserva, para cargos de n\u00edveis superior e m\u00e9dio\/t\u00e9cnico. As oportunidades est\u00e3o distribu\u00eddas principalmente entre os setores de <em>Sa\u00fade<\/em>, <em>Educa\u00e7\u00e3o<\/em> e <em>Assist\u00eancia Social<\/em>. Para os profissionais das \u00e1reas de <strong>Nutri\u00e7\u00e3o<\/strong>, h\u00e1 vagas espec\u00edficas dispon\u00edveis. Al\u00e9m disso, o cargo de Professor de Ci\u00eancias contempla licenciados em <strong>Ci\u00eancias Biol\u00f3gicas<\/strong>, Qu\u00edmica ou F\u00edsica. Este processo seletivo representa uma chance para quem busca uma coloca\u00e7\u00e3o no servi\u00e7o p\u00fablico municipal de Ita\u00fa-RN sob regime de contrata\u00e7\u00e3o tempor\u00e1ria. Continue a leitura para obter informa\u00e7\u00f5es detalhadas sobre inscri\u00e7\u00f5es, etapas do processo seletivo e como acompanhar os resultados.<\/p>\n<h2>Inscri\u00e7\u00f5es<\/h2>\n<p>As inscri\u00e7\u00f5es para o Processo Seletivo Simplificado da Prefeitura de Ita\u00fa-RN estar\u00e3o abertas entre os dias <strong>20 e 22 de maio de 2025<\/strong>, no hor\u00e1rio das 8h00 \u00e0s 13h00 (hor\u00e1rio local).<\/p>\n<p>A solicita\u00e7\u00e3o de inscri\u00e7\u00e3o ser\u00e1 realizada <strong>exclusivamente de forma presencial<\/strong>, na Quadra de Esporte Carlos Emanuel, localizada na Rua Cleofas Nunes, Centro de Ita\u00fa-RN. Os candidatos dever\u00e3o preencher o Requerimento de Inscri\u00e7\u00e3o que ser\u00e1 entregue no pr\u00f3prio local.<\/p>\n<p>As taxas de inscri\u00e7\u00e3o s\u00e3o de <strong>R$ 100,00<\/strong> para cargos de n\u00edvel superior e <strong>R$ 50,00<\/strong> para cargos de n\u00edvel m\u00e9dio. O pagamento dever\u00e1 ser efetuado previamente via dep\u00f3sito banc\u00e1rio identificado ou transfer\u00eancia banc\u00e1ria (obrigatoriamente da conta do pr\u00f3prio candidato) para a conta da Prefeitura Municipal de Ita\u00fa (Banco do Brasil, Ag\u00eancia: 0892-3, Conta Corrente: 40.442-X, CNPJ: 08.148.553\/0001-06). \u00c9 imprescind\u00edvel que o candidato j\u00e1 porte o comprovante de pagamento no ato da inscri\u00e7\u00e3o. N\u00e3o ser\u00e3o aceitos dep\u00f3sitos ou transfer\u00eancias em nome de terceiros, nem dep\u00f3sitos sem identifica\u00e7\u00e3o.<\/p>\n<p>O edital n\u00e3o menciona procedimentos para solicita\u00e7\u00e3o de isen\u00e7\u00e3o da taxa de inscri\u00e7\u00e3o. Ap\u00f3s a entrega dos dados e documentos, o candidato dever\u00e1 certificar-se de que recebeu o Comprovante de Inscri\u00e7\u00e3o devidamente assinado. Para todos os detalhes, incluindo a documenta\u00e7\u00e3o necess\u00e1ria, \u00e9 fundamental a leitura completa do edital, dispon\u00edvel no portal oficial do munic\u00edpio e da FEMURN, acess\u00edvel em <a href=\"http:\/\/itau.rn.gov.br\/\" target=\"_blank\" rel=\"noopener noreferrer\">http:\/\/itau.rn.gov.br\/<\/a>.<\/p>\n<h2>Etapas e Provas<\/h2>\n<p>O Processo Seletivo Simplificado da Prefeitura de Ita\u00fa-RN ser\u00e1 realizado em duas etapas para todos os cargos, ambas de car\u00e1ter eliminat\u00f3rio e classificat\u00f3rio:<\/p>\n<ul>\n<li><strong>Prova de T\u00edtulos:<\/strong> Esta etapa consiste na an\u00e1lise da documenta\u00e7\u00e3o comprobat\u00f3ria de t\u00edtulos e experi\u00eancia profissional dos candidatos. A pontua\u00e7\u00e3o m\u00e1xima \u00e9 de 10 (dez) pontos, tanto para os cargos de N\u00edvel Superior quanto para os de N\u00edvel M\u00e9dio. Os crit\u00e9rios de pontua\u00e7\u00e3o est\u00e3o detalhados no Anexo II (N\u00edvel Superior) e Anexo III (N\u00edvel M\u00e9dio) do edital, e os t\u00edtulos devem ser relacionados \u00e0s \u00e1reas dos cargos pretendidos. \u00c9 importante notar que a aus\u00eancia do envio dos t\u00edtulos implicar\u00e1 na invalida\u00e7\u00e3o da inscri\u00e7\u00e3o do candidato. T\u00edtulos referentes \u00e0 participa\u00e7\u00e3o em eventos ou cursos devem ter sido realizados nos \u00faltimos cinco anos at\u00e9 a data de publica\u00e7\u00e3o do edital.<\/li>\n<li><strong>Apresenta\u00e7\u00e3o Oral:<\/strong> Os candidatos classificados na Prova de T\u00edtulos, at\u00e9 o triplo do n\u00famero de vagas previstas para cada cargo, ser\u00e3o convocados para a Apresenta\u00e7\u00e3o Oral. Nesta fase, o candidato dever\u00e1 discorrer sobre um tema relacionado ao cargo pleiteado no \u00e2mbito da Pol\u00edtica de Assist\u00eancia Social, Educa\u00e7\u00e3o ou Sa\u00fade, que ser\u00e1 sorteado no momento da apresenta\u00e7\u00e3o. O candidato dispor\u00e1 de 05 (cinco) minutos para a exposi\u00e7\u00e3o. A pontua\u00e7\u00e3o m\u00e1xima para esta etapa tamb\u00e9m \u00e9 de 10 (dez) pontos, e os crit\u00e9rios avaliativos constam no Anexo IV do edital. O n\u00e3o comparecimento do candidato no dia e hor\u00e1rio agendados implicar\u00e1 em sua elimina\u00e7\u00e3o autom\u00e1tica.<\/li>\n<\/ul>\n<p>Recomenda-se a leitura atenta do edital para conhecer todos os detalhes sobre os documentos aceitos na Prova de T\u00edtulos, os crit\u00e9rios de avalia\u00e7\u00e3o da Apresenta\u00e7\u00e3o Oral, as regras espec\u00edficas e o cronograma completo de cada fase.<\/p>\n<h2>Resultados e Gabarito<\/h2>\n<p>Os resultados de cada etapa do Processo Seletivo Simplificado da Prefeitura de Ita\u00fa-RN ser\u00e3o divulgados conforme o cronograma estabelecido no edital, disponibilizados no Di\u00e1rio Oficial da FEMURN e por afixa\u00e7\u00e3o em reparti\u00e7\u00f5es p\u00fablicas do munic\u00edpio.<\/p>\n<p>As principais datas para acompanhamento dos resultados s\u00e3o:<\/p>\n<ul>\n<li>Resultado da Prova de T\u00edtulos: <strong>30 de maio de 2025<\/strong>.<\/li>\n<li>Interposi\u00e7\u00e3o de Recurso contra o resultado da Prova de T\u00edtulos: 02 de junho de 2025.<\/li>\n<li>Resultado da An\u00e1lise do Recurso e Homologa\u00e7\u00e3o do Resultado Final da An\u00e1lise Curricular (Prova de T\u00edtulos): <strong>03 de junho de 2025<\/strong>.<\/li>\n<li>Entrevistas (Apresenta\u00e7\u00e3o Oral): 04 e 05 de junho de 2025.<\/li>\n<li>Resultado Preliminar da Prova Oral: <strong>06 de junho de 2025<\/strong>.<\/li>\n<li>Recurso do Resultado Preliminar da Prova Oral: 09 de junho de 2025.<\/li>\n<li>Resultado da An\u00e1lise do Recurso da Prova Oral: <strong>10 de junho de 2025<\/strong>.<\/li>\n<\/ul>\n<p>O resultado final do certame ser\u00e1 a soma das pontua\u00e7\u00f5es obtidas nas duas etapas (Prova de T\u00edtulos e Apresenta\u00e7\u00e3o Oral). A classifica\u00e7\u00e3o final ser\u00e1 publicada em ordem decrescente da pontua\u00e7\u00e3o. Os crit\u00e9rios de desempate, aplicados sucessivamente, s\u00e3o: <em>a)<\/em> para todos os n\u00edveis, ter idade igual ou superior a sessenta anos; <em>b)<\/em> maior pontua\u00e7\u00e3o no tocante \u00e0 experi\u00eancia profissional comprovada; <em>c)<\/em> para os cargos de N\u00edvel Superior, maior n\u00edvel de forma\u00e7\u00e3o acad\u00eamica; <em>d)<\/em> maior idade.<\/p>\n<p>A homologa\u00e7\u00e3o do Processo Seletivo n\u00ba 001\/2025 est\u00e1 prevista para <strong>13 de junho de 2025<\/strong> e ser\u00e1 publicada no Di\u00e1rio Oficial da FEMURN. A convoca\u00e7\u00e3o dos candidatos aprovados ocorrer\u00e1 de acordo com as demandas da administra\u00e7\u00e3o municipal e dever\u00e1 ser acompanhada pelo site oficial do munic\u00edpio de Ita\u00fa-RN e pelo Di\u00e1rio Oficial da FEMURN.<\/p>\n<p>\u00c9 de responsabilidade exclusiva do candidato o acompanhamento de todas as publica\u00e7\u00f5es oficiais, incluindo resultados, convoca\u00e7\u00f5es e quaisquer outros comunicados referentes ao Processo Seletivo Simplificado, nos meios de divulga\u00e7\u00e3o indicados no edital.<\/p>\n","protected":false},"excerpt":{"rendered":"<p>Sel. Simplificada Pref. Ita\u00fa (RN) com edital publicado! Vagas p\/ M\u00e9dico, Professor (T\u00e9c.\/Sup.). Inscri\u00e7\u00f5es a partir de 20\/05. Sal\u00e1rios at\u00e9 R$ 13.2k. Confira detalhes!<\/p>\n","protected":false},"author":7,"featured_media":265775,"comment_status":"open","ping_status":"open","sticky":false,"template":"","format":"standard","meta":{"_acf_changed":false,"_breakdance_hide_in_design_set":false,"_breakdance_tags":"","footnotes":""},"categories":[6433,141,11,12,17,18,19,111,100,20,116,21,23,24,25,26,101,108,143],"tags":[57],"_amplo":[],"destaque":[],"instituicoes":[],"class_list":["post-265776","post","type-post","status-publish","format-standard","has-post-thumbnail","hentry","category-biologia-licenciatura","category-educacao-artistica","category-educacao-fisica","category-enfermagem","category-farmacia","category-fisioterapia","category-fonoaudiologia","category-geografia","category-historia","category-letras","category-matematica","category-medicina","category-nutricao","category-odontologia","category-pedagogia","category-psicologia","category-servico-social","category-tecnico-enfermagem","category-tecnico-odontologia","tag-rio-grande-do-norte"],"acf":{"_tipo_vagas":"vagas","_numero_vagas":"","_quadro_vagas":"","_cargos":"diversos","_cargos_especificos":"","_salario_max":"R$ 13200","_abertura":"20250520","_encerramento":"20250522","_inscricoes":"http:\/\/itau.rn.gov.br\/","_executora_concurso":"","_instituicao_concurso":[],"_link_adicional":null,"_anexos":null,"_produtos":null,"_vagas":"84 vagas + CR","_salario_min":"R$ 1518","_instituicao":"PREFEITURA MUNICIPAL DE ITA\u00da-RN","_edital":"https:\/\/www.agrobase.com.br\/concursos\/wp-content\/uploads\/sites\/4\/2025\/05\/edital-01-2025-itau-rn.pdf","_anexos_edital":"","_fund_incompleto":"","_fund_completo":"","_medio":"<div>\r\n<table class=\"quadro\">\r\n<thead>\r\n<tr>\r\n<th class=\"hcargo\">Cargo<\/th>\r\n<th class=\"hvagas\">Vagas<\/th>\r\n<th class=\"hremuneracao\">Remunera\u00e7\u00e3o<\/th>\r\n<\/tr>\r\n<\/thead>\r\n    <tbody>\r\n      <td class=\"ccargos\">\r\n<span data-balloon-length=\"medium\" aria-label=\"Ensino m\u00e9dio completo.\" data-balloon-pos=\"up\">Fiscal de vigil\u00e2ncia sanit\u00e1ria<\/span><\/td>\r\n<td class=\"cvagas\">01<\/td>\r\n<td class=\"cremuneracao\">R$ 1.518,00 \/40h<\/td>\r\n<\/tr><td class=\"ccargos\">\r\n<span data-balloon-length=\"medium\" aria-label=\"Ensino m\u00e9dio completo e curso t\u00e9cnico de enfermagem reconhecido pelo MEC.\" data-balloon-pos=\"up\">T\u00e9cnico de Enfermagem APS<\/span><\/td>\r\n<td class=\"cvagas\">05<\/td>\r\n<td class=\"cremuneracao\">R$ 1.518,00 \/40h<\/td>\r\n<\/tr><td class=\"ccargos\">\r\n<span data-balloon-length=\"medium\" aria-label=\"Ensino m\u00e9dio completo e curso t\u00e9cnico em Higiene Bucal.\" data-balloon-pos=\"up\">T\u00e9cnico de Sa\u00fade Bucal- APS<\/span><\/td>\r\n<td class=\"cvagas\">03<\/td>\r\n<td class=\"cremuneracao\">R$ 1.518,00 \/40h<\/td>\r\n<\/tr><td class=\"ccargos\">\r\n<span data-balloon-length=\"medium\" aria-label=\"Ensino m\u00e9dio completo reconhecido pelo MEC.\" data-balloon-pos=\"up\">Orientador Social - SCFV<\/span><\/td>\r\n<td class=\"cvagas\">05<\/td>\r\n<td class=\"cremuneracao\">R$ 1.518,00 \/40h<\/td>\r\n<\/tr><td class=\"ccargos\">\r\n<span data-balloon-length=\"medium\" aria-label=\"Ensino m\u00e9dio completo reconhecida pelo MEC.\" data-balloon-pos=\"up\">Visitador do Programa Crian\u00e7a Feliz<\/span><\/td>\r\n<td class=\"cvagas\">04<\/td>\r\n<td class=\"cremuneracao\">R$ 1.518,00 \/40h<\/td>\r\n<\/tr><td class=\"ccargos\">\r\n<span data-balloon-length=\"medium\" aria-label=\"Ensino m\u00e9dio completo reconhecida pelo MEC.\" data-balloon-pos=\"up\">Digitador do Cad\u00danico<\/span><\/td>\r\n<td class=\"cvagas\">02<\/td>\r\n<td class=\"cremuneracao\">R$ 1.518,00 \/40h<\/td>\r\n<\/tr><td class=\"ccargos\">\r\n<span data-balloon-length=\"medium\" aria-label=\"Ensino m\u00e9dio completo e curso t\u00e9cnico de enfermagem reconhecido pelo MEC.\" data-balloon-pos=\"up\">T\u00e9cnico de Enfermagem ESF<\/span><\/td>\r\n<td class=\"cvagas\">03<\/td>\r\n<td class=\"cremuneracao\">R$ 1.518,00 \/40h<\/td>\r\n<\/tr>\r\n    <\/tbody>\r\n  <\/table>\r\n<\/div>","_superior":"<div>\r\n<table class=\"quadro\">\r\n<thead>\r\n<tr>\r\n<th class=\"hcargo\">Cargo<\/th>\r\n<th class=\"hvagas\">Vagas<\/th>\r\n<th class=\"hremuneracao\">Remunera\u00e7\u00e3o<\/th>\r\n<\/tr>\r\n<\/thead>\r\n    <tbody>\r\n      <tr>\r\n<td class=\"ccargos\">\r\n<span data-balloon-length=\"medium\" aria-label=\"Gradua\u00e7\u00e3o em Medicina reconhecida pelo MEC e registro no Conselho Regional de Medicina (CRM).\" data-balloon-pos=\"up\">M\u00c9DICO- Aten\u00e7\u00e3o Prim\u00e1ria em Sa\u00fade - APS<\/span><\/td>\r\n<td class=\"cvagas\">03<\/td>\r\n<td class=\"cremuneracao\">R$ 13.200,00 \/40h<\/td>\r\n<\/tr><tr>\r\n<td class=\"ccargos\">\r\n<span data-balloon-length=\"medium\" aria-label=\"Forma\u00e7\u00e3o superior em enfermagem reconhecida pelo MEC.\" data-balloon-pos=\"up\">ENFERMEIRO -APS<\/span><\/td>\r\n<td class=\"cvagas\">03<\/td>\r\n<td class=\"cremuneracao\">R$ 2.000,00 \/40h<\/td>\r\n<\/tr><tr>\r\n<td class=\"ccargos\">\r\n<span data-balloon-length=\"medium\" aria-label=\"Curso superior em nutri\u00e7\u00e3o reconhecida pelo MEC e inscri\u00e7\u00e3o\/registro no Conselho Regional.\" data-balloon-pos=\"up\">NUTRICIONISTA APS<\/span><\/td>\r\n<td class=\"cvagas\">01<\/td>\r\n<td class=\"cremuneracao\">R$ 1.518,00 \/20h<\/td>\r\n<\/tr><tr>\r\n<td class=\"ccargos\">\r\n<span data-balloon-length=\"medium\" aria-label=\"Curso Superior em Psicologia reconhecida pelo MEC e Inscri\u00e7\u00e3o\/Registro Profissional no Conselho Competente.\" data-balloon-pos=\"up\">PSICOL\u00d3GO APS<\/span><\/td>\r\n<td class=\"cvagas\">01<\/td>\r\n<td class=\"cremuneracao\">R$ 2.500,00 \/30h<\/td>\r\n<\/tr><tr>\r\n<td class=\"ccargos\">\r\n<span data-balloon-length=\"medium\" aria-label=\"Forma\u00e7\u00e3o superior em fisioterapia reconhecida pelo MEC.\" data-balloon-pos=\"up\">FISIOTERAPEUTA APS<\/span><\/td>\r\n<td class=\"cvagas\">01<\/td>\r\n<td class=\"cremuneracao\">R$ 2.500,00 \/30h<\/td>\r\n<\/tr><tr>\r\n<td class=\"ccargos\">\r\n<span data-balloon-length=\"medium\" aria-label=\"Forma\u00e7\u00e3o superior em fisioterapia reconhecida pelo MEC e inscri\u00e7\u00e3o\/registro no respectivo conselho.\" data-balloon-pos=\"up\">FISIOTERAPEUTA APS<\/span><\/td>\r\n<td class=\"cvagas\">01<\/td>\r\n<td class=\"cremuneracao\">R$ 1.518,00 \/20h<\/td>\r\n<\/tr><tr>\r\n<td class=\"ccargos\">\r\n<span data-balloon-length=\"medium\" aria-label=\"Forma\u00e7\u00e3o superior em fonoaudiologia reconhecida pelo MEC e inscri\u00e7\u00e3o\/registro no respectivo conselho.\" data-balloon-pos=\"up\">FONOAUDI\u00d3LOGO - APS<\/span><\/td>\r\n<td class=\"cvagas\">01<\/td>\r\n<td class=\"cremuneracao\">R$ 1.518,00 \/20h<\/td>\r\n<\/tr><tr>\r\n<td class=\"ccargos\">\r\n<span data-balloon-length=\"medium\" aria-label=\"Curso Superior em Psicologia reconhecida pelo MEC e Inscri\u00e7\u00e3o\/Registro Profissional no Conselho Competente.\" data-balloon-pos=\"up\">PSICOLOGO APS<\/span><\/td>\r\n<td class=\"cvagas\">01<\/td>\r\n<td class=\"cremuneracao\">R$ 1.518,00 \/20h<\/td>\r\n<\/tr><tr>\r\n<td class=\"ccargos\">\r\n<span data-balloon-length=\"medium\" aria-label=\"Forma\u00e7\u00e3o superior em Odontologia reconhecida pelo MEC.\" data-balloon-pos=\"up\">CIRURGI\u00c3O DENTISTA -APS<\/span><\/td>\r\n<td class=\"cvagas\">03<\/td>\r\n<td class=\"cremuneracao\">R$ 3.000,00 \/40h<\/td>\r\n<\/tr><tr>\r\n<td class=\"ccargos\">\r\n<span data-balloon-length=\"medium\" aria-label=\"Forma\u00e7\u00e3o superior em Farm\u00e1cia reconhecida pelo MEC.\" data-balloon-pos=\"up\">FARMACEUTICO (A) Farm\u00e1cia b\u00e1sica<\/span><\/td>\r\n<td class=\"cvagas\">01<\/td>\r\n<td class=\"cremuneracao\">R$ 2.000,00 \/40h<\/td>\r\n<\/tr><tr>\r\n<td class=\"ccargos\">\r\n<span data-balloon-length=\"medium\" aria-label=\"Forma\u00e7\u00e3o superior em Educa\u00e7\u00e3o f\u00edsica reconhecida pelo MEC.\" data-balloon-pos=\"up\">EDUCADOR F\u00cdSICAO APS<\/span><\/td>\r\n<td class=\"cvagas\">01<\/td>\r\n<td class=\"cremuneracao\">R$ 1.518,00 \/20h<\/td>\r\n<\/tr><tr>\r\n<td class=\"ccargos\">\r\n<span data-balloon-length=\"medium\" aria-label=\"Curso superior em Psicologia reconhecida pelo MEC e inscri\u00e7\u00e3o\/registro no Conselho Regional de Psicologia (CRP).\" data-balloon-pos=\"up\">PSIC\u00d3LOGO PAIF<\/span><\/td>\r\n<td class=\"cvagas\">01<\/td>\r\n<td class=\"cremuneracao\">R$ 1.518,00 \/30h<\/td>\r\n<\/tr><tr>\r\n<td class=\"ccargos\">\r\n<span data-balloon-length=\"medium\" aria-label=\"Curso Superior em Servi\u00e7o Social reconhecida pelo MEC e Inscri\u00e7\u00e3o\/Registro Profissional no Conselho Competente.\" data-balloon-pos=\"up\">ASSISTENTE SOCIAL - CADASTRO \u00daNICO<\/span><\/td>\r\n<td class=\"cvagas\">01<\/td>\r\n<td class=\"cremuneracao\">R$ 1.518,00 \/30h<\/td>\r\n<\/tr><tr>\r\n<td class=\"ccargos\">\r\n<span data-balloon-length=\"medium\" aria-label=\"Curso Superior em Servi\u00e7o Social reconhecida pelo MEC e Inscri\u00e7\u00e3o\/Registro Profissional no Conselho Competente.\" data-balloon-pos=\"up\">ASSISTENTE SOCIAL (PAIF)<\/span><\/td>\r\n<td class=\"cvagas\">01<\/td>\r\n<td class=\"cremuneracao\">R$ 1.518,00 \/30h<\/td>\r\n<\/tr><tr>\r\n<td class=\"ccargos\">\r\n<span data-balloon-length=\"medium\" aria-label=\"Forma\u00e7\u00e3o superior completa em Servi\u00e7o Social reconhecida pelo MEC e registrado no Conselho Regional de Servi\u00e7o Social (CRESS).\" data-balloon-pos=\"up\">ASSISTENTE SOCIAL \u2013 EDUCA\u00c7\u00c3O<\/span><\/td>\r\n<td class=\"cvagas\">01<\/td>\r\n<td class=\"cremuneracao\">R$ 1.700,00 \/30h<\/td>\r\n<\/tr><tr>\r\n<td class=\"ccargos\">\r\n<span data-balloon-length=\"medium\" aria-label=\"Gradua\u00e7\u00e3o em Pedagogia reconhecida pelo MEC.\" data-balloon-pos=\"up\">AUXILIAR DE APOIO AO ENSINO - EDUCA\u00c7\u00c3O INFANTIL<\/span><\/td>\r\n<td class=\"cvagas\">07<\/td>\r\n<td class=\"cremuneracao\">R$ 1.518,00 \/30h<\/td>\r\n<\/tr><tr>\r\n<td class=\"ccargos\">\r\n<span data-balloon-length=\"medium\" aria-label=\"Gradua\u00e7\u00e3o em Pedagogia reconhecida pelo MEC.\" data-balloon-pos=\"up\">AUXILIAR DE APOIO AO ENSINO - ENSINO FUNDAMENTAL<\/span><\/td>\r\n<td class=\"cvagas\">05<\/td>\r\n<td class=\"cremuneracao\">R$ 1.518,00 \/30h<\/td>\r\n<\/tr><tr>\r\n<td class=\"ccargos\">\r\n<span data-balloon-length=\"medium\" aria-label=\"Licenciatura em Pedagogia reconhecida pelo MEC.\" data-balloon-pos=\"up\">PROFESSOR PEDAGOGO - EDUCA\u00c7\u00c3O INFANTIL<\/span><\/td>\r\n<td class=\"cvagas\">10<\/td>\r\n<td class=\"cremuneracao\">R$ 1.700,00 \/30h<\/td>\r\n<\/tr><tr>\r\n<td class=\"ccargos\">\r\n<span data-balloon-length=\"medium\" aria-label=\"Licenciatura em Pedagogia reconhecida pelo MEC.\" data-balloon-pos=\"up\">PROFESSOR PEDAGOGO - FUNDAMENTAL ANOS INICIAIS<\/span><\/td>\r\n<td class=\"cvagas\">05<\/td>\r\n<td class=\"cremuneracao\">R$ 1.700,00 \/30h<\/td>\r\n<\/tr><tr>\r\n<td class=\"ccargos\">\r\n<span data-balloon-length=\"medium\" aria-label=\"Licenciatura em Letras\/Portugu\u00eas reconhecida pelo MEC.\" data-balloon-pos=\"up\">PROFESSOR DISCIPLINAS ESPEC\u00cdFICAS - PORTUGU\u00caS<\/span><\/td>\r\n<td class=\"cvagas\">01<\/td>\r\n<td class=\"cremuneracao\">R$ 1.700,00 \/30h<\/td>\r\n<\/tr><tr>\r\n<td class=\"ccargos\">\r\n<span data-balloon-length=\"medium\" aria-label=\"Licenciatura em Matem\u00e1tica reconhecida pelo MEC.\" data-balloon-pos=\"up\">PROFESSOR DISCIPLINAS ESPEC\u00cdFICAS - MATEM\u00c1TICA<\/span><\/td>\r\n<td class=\"cvagas\">01<\/td>\r\n<td class=\"cremuneracao\">R$ 1.700,00 \/30h<\/td>\r\n<\/tr><tr>\r\n<td class=\"ccargos\">\r\n<span data-balloon-length=\"medium\" aria-label=\"Licenciatura em Ci\u00eancias Biol\u00f3gicas\/Qu\u00edmica\/F\u00edsica reconhecida pelo MEC.\" data-balloon-pos=\"up\">PROFESSOR DISCIPLINAS ESPEC\u00cdFICAS \u2013 CI\u00caNCIAS<\/span><\/td>\r\n<td class=\"cvagas\">01<\/td>\r\n<td class=\"cremuneracao\">R$ 1.700,00 \/30h<\/td>\r\n<\/tr><tr>\r\n<td class=\"ccargos\">\r\n<span data-balloon-length=\"medium\" aria-label=\"Licenciatura em Hist\u00f3ria reconhecida pelo MEC.\" data-balloon-pos=\"up\">PROFESSOR DISCIPLINAS ESPEC\u00cdFICAS - HIST\u00d3RIA<\/span><\/td>\r\n<td class=\"cvagas\">02<\/td>\r\n<td class=\"cremuneracao\">R$ 1.700,00 \/30h<\/td>\r\n<\/tr><tr>\r\n<td class=\"ccargos\">\r\n<span data-balloon-length=\"medium\" aria-label=\"Licenciatura em Geografia reconhecida pelo MEC.\" data-balloon-pos=\"up\">PROFESSOR DISCIPLINAS ESPEC\u00cdFICAS - GEOGRAFIA<\/span><\/td>\r\n<td class=\"cvagas\">02<\/td>\r\n<td class=\"cremuneracao\">R$ 1.700,00 \/30h<\/td>\r\n<\/tr><tr>\r\n<td class=\"ccargos\">\r\n<span data-balloon-length=\"medium\" aria-label=\"Licenciatura em Artes reconhecida pelo MEC.\" data-balloon-pos=\"up\">PROFESSOR DISCIPLINAS ESPEC\u00cdFICAS - ARTES<\/span><\/td>\r\n<td class=\"cvagas\">01<\/td>\r\n<td class=\"cremuneracao\">R$ 1.700,00 \/30h<\/td>\r\n<\/tr><tr>\r\n<td class=\"ccargos\">\r\n<span data-balloon-length=\"medium\" aria-label=\"Licenciatura em Religi\u00e3o reconhecida pelo MEC.\" data-balloon-pos=\"up\">PROFESSOR DISCIPLINAS ESPEC\u00cdFICAS - ENSINO RELIGIOSO<\/span><\/td>\r\n<td class=\"cvagas\">01<\/td>\r\n<td class=\"cremuneracao\">R$ 1.700,00 \/30h<\/td>\r\n<\/tr><tr>\r\n<td class=\"ccargos\">\r\n<span data-balloon-length=\"medium\" aria-label=\"Licenciatura em Educa\u00e7\u00e3o F\u00edsica reconhecida pelo MEC e registro no conselho de classe.\" data-balloon-pos=\"up\">PROFESSOR DISCIPLINAS ESPEC\u00cdFICAS - EDUCA\u00c7\u00c3O FIS\u00cdCA<\/span><\/td>\r\n<td class=\"cvagas\">01<\/td>\r\n<td class=\"cremuneracao\">R$ 1.700,00 \/30h<\/td>\r\n<\/tr><tr>\r\n<td class=\"ccargos\">\r\n<span data-balloon-length=\"medium\" aria-label=\"Gradua\u00e7\u00e3o em Pedagogia, Psicologia ou \u00e1reas afins reconhecida pelo MEC e p\u00f3s-gradua\u00e7\u00e3o em Psicopedagogia (cl\u00ednica, institucional ou ambas).\" data-balloon-pos=\"up\">PSICOPEDAGOGO - EDUCA\u00c7\u00c3O<\/span><\/td>\r\n<td class=\"cvagas\">02<\/td>\r\n<td class=\"cremuneracao\">R$ 1.700,00 \/30h<\/td>\r\n<\/tr><tr>\r\n<td class=\"ccargos\">\r\n<span data-balloon-length=\"medium\" aria-label=\"Gradua\u00e7\u00e3o em Psicologia reconhecida pelo MEC, especializa\u00e7\u00e3o ou p\u00f3s-gradua\u00e7\u00e3o em psicologia escolar ou \u00e1reas afins e registro no Conselho Regional de Psicologia (CRP).\" data-balloon-pos=\"up\">PSICOLOGO - EDUCA\u00c7\u00c3O<\/span><\/td>\r\n<td class=\"cvagas\">01<\/td>\r\n<td class=\"cremuneracao\">R$ 1.700,00 \/30h<\/td>\r\n<\/tr><tr>\r\n<td class=\"ccargos\">\r\n<span data-balloon-length=\"medium\" aria-label=\"Gradua\u00e7\u00e3o em Medicina reconhecida pelo MEC e registro no Conselho Regional de Medicina (CRM).\" data-balloon-pos=\"up\">M\u00e9dico - Estrat\u00e9gia de Sa\u00fade de Fam\u00edlia ESF<\/span><\/td>\r\n<td class=\"cvagas\">03<\/td>\r\n<td class=\"cremuneracao\">R$ 13.200,00 \/40h<\/td>\r\n<\/tr><tr>\r\n<td class=\"ccargos\">\r\n<span data-balloon-length=\"medium\" aria-label=\"Forma\u00e7\u00e3o superior em Psicologia reconhecida pelo MEC.\" data-balloon-pos=\"up\">PSIC\u00d3LOGO-E-MULTI<\/span><\/td>\r\n<td class=\"cvagas\">01<\/td>\r\n<td class=\"cremuneracao\">R$ 2.500,00 \/30h<\/td>\r\n<\/tr><tr>\r\n<td class=\"ccargos\">\r\n<span data-balloon-length=\"medium\" aria-label=\"Curso superior em nutri\u00e7\u00e3o reconhecida pelo MEC e inscri\u00e7\u00e3o\/registro no Conselho Regional.\" data-balloon-pos=\"up\">NUTRICIONISTA EQUIPE MULTIDISCIPLINAR (E-MULTI)<\/span><\/td>\r\n<td class=\"cvagas\">01<\/td>\r\n<td class=\"cremuneracao\">R$ 1.518,00 \/20h<\/td>\r\n<\/tr><tr>\r\n<td class=\"ccargos\">\r\n<span data-balloon-length=\"medium\" aria-label=\"Gradua\u00e7\u00e3o em Pedagogia ou outra licenciatura reconhecida pelo MEC e P\u00f3s-gradua\u00e7\u00e3o em Gest\u00e3o Escolar ou \u00e1rea afim.\" data-balloon-pos=\"up\">COORDENADOR PEDAG\u00d3GICO ESCOLAR - ENSINO FUNDAMENTAL<\/span><\/td>\r\n<td class=\"cvagas\">05<\/td>\r\n<td class=\"cremuneracao\">R$ 1.700,00 \/30h<\/td>\r\n<\/tr>\r\n    <\/tbody>\r\n  <\/table>\r\n<\/div>"},"_links":{"self":[{"href":"https:\/\/www.agrobase.com.br\/concursos\/wp-json\/wp\/v2\/posts\/265776","targetHints":{"allow":["GET"]}}],"collection":[{"href":"https:\/\/www.agrobase.com.br\/concursos\/wp-json\/wp\/v2\/posts"}],"about":[{"href":"https:\/\/www.agrobase.com.br\/concursos\/wp-json\/wp\/v2\/types\/post"}],"author":[{"embeddable":true,"href":"https:\/\/www.agrobase.com.br\/concursos\/wp-json\/wp\/v2\/users\/7"}],"replies":[{"embeddable":true,"href":"https:\/\/www.agrobase.com.br\/concursos\/wp-json\/wp\/v2\/comments?post=265776"}],"version-history":[{"count":1,"href":"https:\/\/www.agrobase.com.br\/concursos\/wp-json\/wp\/v2\/posts\/265776\/revisions"}],"predecessor-version":[{"id":265778,"href":"https:\/\/www.agrobase.com.br\/concursos\/wp-json\/wp\/v2\/posts\/265776\/revisions\/265778"}],"wp:featuredmedia":[{"embeddable":true,"href":"https:\/\/www.agrobase.com.br\/concursos\/wp-json\/wp\/v2\/media\/265775"}],"wp:attachment":[{"href":"https:\/\/www.agrobase.com.br\/concursos\/wp-json\/wp\/v2\/media?parent=265776"}],"wp:term":[{"taxonomy":"category","embeddable":true,"href":"https:\/\/www.agrobase.com.br\/concursos\/wp-json\/wp\/v2\/categories?post=265776"},{"taxonomy":"post_tag","embeddable":true,"href":"https:\/\/www.agrobase.com.br\/concursos\/wp-json\/wp\/v2\/tags?post=265776"},{"taxonomy":"_amplo","embeddable":true,"href":"https:\/\/www.agrobase.com.br\/concursos\/wp-json\/wp\/v2\/_amplo?post=265776"},{"taxonomy":"destaque","embeddable":true,"href":"https:\/\/www.agrobase.com.br\/concursos\/wp-json\/wp\/v2\/destaque?post=265776"},{"taxonomy":"instituicoes","embeddable":true,"href":"https:\/\/www.agrobase.com.br\/concursos\/wp-json\/wp\/v2\/instituicoes?post=265776"}],"curies":[{"name":"wp","href":"https:\/\/api.w.org\/{rel}","templated":true}]}}