{"id":265644,"date":"2025-05-13T07:00:00","date_gmt":"2025-05-13T10:00:00","guid":{"rendered":"https:\/\/www.agrobase.com.br\/concursos\/?p=265644"},"modified":"2025-05-12T10:42:33","modified_gmt":"2025-05-12T13:42:33","slug":"prefeitura-porto-velho-ro-selecao-simplificada","status":"publish","type":"post","link":"https:\/\/www.agrobase.com.br\/concursos\/2025\/prefeitura-porto-velho-ro-selecao-simplificada\/","title":{"rendered":"Prefeitura Porto Velho (RO) &#8211; Sele\u00e7\u00e3o Simplificada"},"content":{"rendered":"<h2>Informa\u00e7\u00f5es Gerais<\/h2>\n<p>A Prefeitura do Munic\u00edpio de Porto Velho, por meio da Secretaria Municipal de Administra\u00e7\u00e3o e da Secretaria Municipal de Sa\u00fade (SEMUSA), publicou o edital para seu Processo Seletivo Simplificado. O objetivo \u00e9 a <strong>contrata\u00e7\u00e3o tempor\u00e1ria<\/strong> de profissionais para preenchimento de vagas imediatas e forma\u00e7\u00e3o de cadastro reserva, visando suprir necessidades da SEMUSA e da SEMAGRIC, na Zona Urbana e Rural, at\u00e9 a realiza\u00e7\u00e3o de um concurso p\u00fablico definitivo.<\/p>\n<p>Este certame contempla oportunidades para n\u00edveis <strong>Fundamental Completo, M\u00e9dio\/T\u00e9cnico e Superior<\/strong>, abrangendo diversas \u00e1reas, principalmente no setor da Sa\u00fade, mas tamb\u00e9m na \u00e1rea administrativa. Destacamos a presen\u00e7a de vagas para <strong>M\u00e9dico Veterin\u00e1rio<\/strong> e <strong>Nutricionista<\/strong>, al\u00e9m de oportunidades para Biom\u00e9dico, \u00e1rea correlata \u00e0 Biologia.<\/p>\n<p>Trata-se de uma sele\u00e7\u00e3o p\u00fablica e gratuita, regida pela Lei Complementar n\u00ba 887\/2022 e pelo edital espec\u00edfico. Continue a leitura para obter informa\u00e7\u00f5es detalhadas sobre as inscri\u00e7\u00f5es, etapas e cronograma deste processo seletivo.<\/p>\n<h2>Inscri\u00e7\u00f5es<\/h2>\n<p>As inscri\u00e7\u00f5es para o Processo Seletivo Simplificado da Prefeitura de Porto Velho ser\u00e3o realizadas exclusivamente pela internet. O per\u00edodo previsto para inscri\u00e7\u00e3o \u00e9 das <strong>00h do dia 13 de maio de 2025 at\u00e9 \u00e0s 23h59min do dia 16 de maio de 2025<\/strong> (hor\u00e1rio oficial de Rond\u00f4nia).<\/p>\n<p>Para se inscrever, os candidatos dever\u00e3o acessar o portal oficial do processo seletivo no endere\u00e7o <em>https:\/\/processoseletivo.portovelho.ro.gov.br\/<\/em>. Durante o processo de inscri\u00e7\u00e3o online, ser\u00e1 obrigat\u00f3rio o envio da documenta\u00e7\u00e3o original exigida, escaneada em formato <strong>PDF<\/strong>. Documentos ileg\u00edveis ou em outros formatos n\u00e3o ser\u00e3o aceitos.<\/p>\n<p>\u00c9 importante ressaltar que <strong>n\u00e3o haver\u00e1 cobran\u00e7a de taxa de inscri\u00e7\u00e3o<\/strong> para participar deste certame. Cada candidato poder\u00e1 realizar apenas uma inscri\u00e7\u00e3o, devendo escolher uma \u00fanica op\u00e7\u00e3o de cargo\/localidade no ato do registro, sem possibilidade de altera\u00e7\u00e3o posterior.<\/p>\n<p>A homologa\u00e7\u00e3o das inscri\u00e7\u00f5es est\u00e1 prevista para ser divulgada no dia 19 de maio de 2025 no site da Prefeitura. \u00c9 fundamental que os candidatos leiam atentamente o edital completo antes de realizar a inscri\u00e7\u00e3o e acompanhem todas as publica\u00e7\u00f5es subsequentes no portal oficial.<\/p>\n<h2>Etapas e Provas<\/h2>\n<p>O Processo Seletivo Simplificado da Prefeitura de Porto Velho consistir\u00e1 em <strong>etapa \u00fanica: Prova de T\u00edtulos<\/strong>. Esta etapa ter\u00e1 car\u00e1ter <em>classificat\u00f3rio e eliminat\u00f3rio<\/em> para todos os cargos.<\/p>\n<p>A avalia\u00e7\u00e3o ser\u00e1 realizada com base nos documentos comprobat\u00f3rios que o candidato dever\u00e1 anexar obrigatoriamente no ato da inscri\u00e7\u00e3o online, em formato PDF. Ser\u00e3o considerados os t\u00edtulos e a experi\u00eancia profissional conforme os crit\u00e9rios e pontua\u00e7\u00f5es detalhados no item 10 do edital (Tabelas de Pontua\u00e7\u00e3o da Avalia\u00e7\u00e3o de T\u00edtulos).<\/p>\n<p>\u00c9 crucial que os candidatos apresentem a documenta\u00e7\u00e3o que comprove os requisitos m\u00ednimos exigidos para o cargo pretendido (indicados como ORDEM 01 nas tabelas de pontua\u00e7\u00e3o). A n\u00e3o comprova\u00e7\u00e3o desses requisitos resultar\u00e1 na declara\u00e7\u00e3o de <strong>INAPTO<\/strong> e na elimina\u00e7\u00e3o do candidato do certame.<\/p>\n<p>Somente ser\u00e3o considerados os t\u00edtulos e experi\u00eancias obtidos e conclu\u00eddos at\u00e9 a data final da inscri\u00e7\u00e3o. Diplomas e certificados devem conter informa\u00e7\u00f5es essenciais como datas de in\u00edcio e fim, carga hor\u00e1ria, nome do participante, nome do curso, institui\u00e7\u00e3o e assinatura do respons\u00e1vel.<\/p>\n<p>Para informa\u00e7\u00f5es completas sobre os t\u00edtulos aceitos, crit\u00e9rios de pontua\u00e7\u00e3o, documenta\u00e7\u00e3o necess\u00e1ria e regras espec\u00edficas da avalia\u00e7\u00e3o, consulte o edital oficial.<\/p>\n<h2>Resultados e Gabarito<\/h2>\n<p>A classifica\u00e7\u00e3o final dos candidatos no Processo Seletivo Simplificado de Porto Velho ser\u00e1 determinada pela pontua\u00e7\u00e3o obtida na Prova de T\u00edtulos. O resultado preliminar da Avalia\u00e7\u00e3o de T\u00edtulos est\u00e1 previsto para ser divulgado em <strong>26 de maio de 2025<\/strong>. Ap\u00f3s o per\u00edodo de recursos (27\/05) e an\u00e1lise (28-29\/05), e eventuais etapas como heteroidentifica\u00e7\u00e3o, o <strong>Resultado Final<\/strong> est\u00e1 programado para <strong>09 de junho de 2025<\/strong>.<\/p>\n<p>Em caso de empate na pontua\u00e7\u00e3o final, os crit\u00e9rios de desempate seguir\u00e3o a seguinte ordem:<\/p>\n<ul>\n<li>Candidato com maior idade, considerando o Estatuto do Idoso (Lei Federal n\u00ba 10.741\/2003).<\/li>\n<li>Maior tempo de experi\u00eancia comprovada nos \u00faltimos 5 anos, contados a partir da data de publica\u00e7\u00e3o do edital.<\/li>\n<\/ul>\n<p>A <strong>homologa\u00e7\u00e3o do resultado final<\/strong> est\u00e1 prevista para <strong>10 de junho de 2025<\/strong> e ser\u00e1 publicada no Di\u00e1rio Oficial dos Munic\u00edpios de Rond\u00f4nia, em jornal de grande circula\u00e7\u00e3o da capital e no site oficial da Prefeitura (<em>https:\/\/processoseletivo.portovelho.ro.gov.br\/<\/em>).<\/p>\n<p>A convoca\u00e7\u00e3o dos candidatos aprovados dentro do n\u00famero de vagas ocorrer\u00e1 por meio de Edital de Convoca\u00e7\u00e3o, divulgado nos mesmos canais da homologa\u00e7\u00e3o. Os convocados dever\u00e3o apresentar a documenta\u00e7\u00e3o para contrata\u00e7\u00e3o e aguardar contato telef\u00f4nico para agendamento da assinatura do contrato.<\/p>\n<p>\u00c9 de responsabilidade exclusiva do candidato acompanhar todas as publica\u00e7\u00f5es oficiais referentes ao certame no site da Prefeitura de Porto Velho e nos demais meios indicados no edital.<\/p>\n","protected":false},"excerpt":{"rendered":"<p>Processo Seletivo Pref. Porto Velho (RO) com edital publicado! Vagas p\/ Enfermeiro e T\u00e9cnico (Todos os n\u00edveis). Inscri\u00e7\u00f5es a partir de 13\/05. Confira detalhes!<\/p>\n","protected":false},"author":7,"featured_media":265643,"comment_status":"open","ping_status":"open","sticky":false,"template":"","format":"standard","meta":{"_acf_changed":false,"_breakdance_hide_in_design_set":false,"_breakdance_tags":"","footnotes":""},"categories":[7,106,12,17,18,19,21,22,23,24,26,101,108,161,134],"tags":[59],"_amplo":[],"destaque":[],"instituicoes":[],"class_list":["post-265644","post","type-post","status-publish","format-standard","has-post-thumbnail","hentry","category-biomedicina","category-bioquimica","category-enfermagem","category-farmacia","category-fisioterapia","category-fonoaudiologia","category-medicina","category-veterinaria","category-nutricao","category-odontologia","category-psicologia","category-servico-social","category-tecnico-enfermagem","category-tecnico-laboratorio","category-terapia-ocupacional","tag-rondonia"],"acf":{"_tipo_vagas":"vagas","_numero_vagas":"","_quadro_vagas":"","_cargos":"diversos","_cargos_especificos":"","_salario_max":"R$ 9375.36","_abertura":"20250513","_encerramento":"20250516","_inscricoes":"https:\/\/processoseletivo.portovelho.ro.gov.br\/","_executora_concurso":"","_instituicao_concurso":[],"_link_adicional":null,"_anexos":null,"_produtos":null,"_vagas":"617 vagas + CR","_salario_min":"R$ 1228.25","_instituicao":"Prefeitura do Munic\u00edpio de Porto Velho","_edital":"https:\/\/www.agrobase.com.br\/concursos\/wp-content\/uploads\/sites\/4\/2025\/05\/edital-19-2025-porto-velho-ro.pdf","_anexos_edital":"","_fund_incompleto":"","_fund_completo":"<div>\r\n<table class=\"quadro\">\r\n<thead>\r\n<tr>\r\n<th class=\"hcargo\">Cargo<\/th>\r\n<th class=\"hvagas\">Vagas<\/th>\r\n<th class=\"hremuneracao\">Remunera\u00e7\u00e3o<\/th>\r\n<\/tr>\r\n<\/thead>\r\n    <tbody>\r\n      <td class=\"ccargos\">\r\n<span data-balloon-length=\"medium\" aria-label=\"Ensino Fundamental Completo, Curso Especifico, Conhecimentos b\u00e1sicos de inform\u00e1tica e registro no Conselho de Classe (se houver)\" data-balloon-pos=\"up\">Auxiliar de Farm\u00e1cia<\/span><\/td>\r\n<td class=\"cvagas\">25 + CR<\/td>\r\n<td class=\"cremuneracao\">R$ 1.228,25 \/40h<\/td>\r\n<\/tr><td class=\"ccargos\">\r\n<span data-balloon-length=\"medium\" aria-label=\"Ensino Fundamental Completo\" data-balloon-pos=\"up\">Agente Comunit\u00e1rio de Sa\u00fade<\/span><\/td>\r\n<td class=\"cvagas\">34 + CR<\/td>\r\n<td class=\"cremuneracao\">R$ 2.682,82 \/40h<\/td>\r\n<\/tr>\r\n    <\/tbody>\r\n  <\/table>\r\n<\/div>","_medio":"<div>\r\n<table class=\"quadro\">\r\n<thead>\r\n<tr>\r\n<th class=\"hcargo\">Cargo<\/th>\r\n<th class=\"hvagas\">Vagas<\/th>\r\n<th class=\"hremuneracao\">Remunera\u00e7\u00e3o<\/th>\r\n<\/tr>\r\n<\/thead>\r\n    <tbody>\r\n      <td class=\"ccargos\">\r\n<span data-balloon-length=\"medium\" aria-label=\"Ensino M\u00e9dio Completo e conhecimento b\u00e1sico de inform\u00e1tica\" data-balloon-pos=\"up\">Assistente Administrativo<\/span><\/td>\r\n<td class=\"cvagas\">01 + CR<\/td>\r\n<td class=\"cremuneracao\">R$ 1.747,51 \/40h<\/td>\r\n<\/tr><td class=\"ccargos\">\r\n<span data-balloon-length=\"medium\" aria-label=\"Ensino M\u00e9dio Completo; Curso de T\u00e9cnico em Enfermagem e Registro no Conselho de Classe\" data-balloon-pos=\"up\">T\u00e9cnico em Enfermagem<\/span><\/td>\r\n<td class=\"cvagas\">180 + CR<\/td>\r\n<td class=\"cremuneracao\">R$ 1.332,79 \/40h<\/td>\r\n<\/tr><td class=\"ccargos\">\r\n<span data-balloon-length=\"medium\" aria-label=\"Ensino M\u00e9dio Completo; Curso de T\u00e9cnico em Sa\u00fade Bucal ou o antigo curso de T\u00e9cnico em Higiene Dental com carga hor\u00e1ria de 1.200 horas, Conhecimento B\u00e1sico de Inform\u00e1tica e Registro no Conselho competente\" data-balloon-pos=\"up\">T\u00e9cnico em Higiene Dental<\/span><\/td>\r\n<td class=\"cvagas\">01 + CR<\/td>\r\n<td class=\"cremuneracao\">R$ 1.332,70 \/40h<\/td>\r\n<\/tr><td class=\"ccargos\">\r\n<span data-balloon-length=\"medium\" aria-label=\"Ensino M\u00e9dio Completo; Curso de T\u00e9cnico em Laborat\u00f3rio; Conhecimento b\u00e1sico de Inform\u00e1tica e Registro no Conselho de Classe.\" data-balloon-pos=\"up\">T\u00e9cnico em Laborat\u00f3rio<\/span><\/td>\r\n<td class=\"cvagas\">51 + CR<\/td>\r\n<td class=\"cremuneracao\">R$ 1.332,79 \/40h<\/td>\r\n<\/tr><td class=\"ccargos\">\r\n<span data-balloon-length=\"medium\" aria-label=\"Ensino M\u00e9dio Completo; Curso em T\u00e9cnico em Radiologia, e Registro no Conselho competente.\" data-balloon-pos=\"up\">T\u00e9cnico em Radiologia<\/span><\/td>\r\n<td class=\"cvagas\">12 + CR<\/td>\r\n<td class=\"cremuneracao\">R$ 1.332,79 \/40h<\/td>\r\n<\/tr>\r\n    <\/tbody>\r\n  <\/table>\r\n<\/div>","_superior":"<div>\r\n<table class=\"quadro\">\r\n<thead>\r\n<tr>\r\n<th class=\"hcargo\">Cargo<\/th>\r\n<th class=\"hvagas\">Vagas<\/th>\r\n<th class=\"hremuneracao\">Remunera\u00e7\u00e3o<\/th>\r\n<\/tr>\r\n<\/thead>\r\n    <tbody>\r\n      <tr>\r\n<td class=\"ccargos\">\r\n<span data-balloon-length=\"medium\" aria-label=\"Gradua\u00e7\u00e3o em Servi\u00e7o Social e Registro no Conselho de Classe\" data-balloon-pos=\"up\">Assistente Social<\/span><\/td>\r\n<td class=\"cvagas\">12 + CR<\/td>\r\n<td class=\"cremuneracao\">R$ 2.754,15 \/30h<\/td>\r\n<\/tr><tr>\r\n<td class=\"ccargos\">\r\n<span data-balloon-length=\"medium\" aria-label=\"Gradua\u00e7\u00e3o em Ci\u00eancias Biom\u00e9dicas e Registro no Conselho de Classe\" data-balloon-pos=\"up\">Biom\u00e9dico<\/span><\/td>\r\n<td class=\"cvagas\">22 + CR<\/td>\r\n<td class=\"cremuneracao\">R$ 2.754,15 \/30h<\/td>\r\n<\/tr><tr>\r\n<td class=\"ccargos\">\r\n<span data-balloon-length=\"medium\" aria-label=\"Gradua\u00e7\u00e3o em Farm\u00e1cia com Habilita\u00e7\u00e3o em Bioqu\u00edmica e Registro no Conselho de Classe\" data-balloon-pos=\"up\">Bioqu\u00edmico<\/span><\/td>\r\n<td class=\"cvagas\">01 + CR<\/td>\r\n<td class=\"cremuneracao\">R$ 2.754,15 \/30h<\/td>\r\n<\/tr><tr>\r\n<td class=\"ccargos\">\r\n<span data-balloon-length=\"medium\" aria-label=\"Gradua\u00e7\u00e3o em Enfermagem e Registro no Conselho de Classe.\" data-balloon-pos=\"up\">Enfermeiro<\/span><\/td>\r\n<td class=\"cvagas\">85 + CR<\/td>\r\n<td class=\"cremuneracao\">R$ 2.754,15 \/30h<\/td>\r\n<\/tr><tr>\r\n<td class=\"ccargos\">\r\n<span data-balloon-length=\"medium\" aria-label=\"Gradua\u00e7\u00e3o em Farm\u00e1cia e Registro no Conselho de Classe.\" data-balloon-pos=\"up\">Farmac\u00eautico<\/span><\/td>\r\n<td class=\"cvagas\">20 + CR<\/td>\r\n<td class=\"cremuneracao\">R$ 2.754,15 \/30h<\/td>\r\n<\/tr><tr>\r\n<td class=\"ccargos\">\r\n<span data-balloon-length=\"medium\" aria-label=\"Gradua\u00e7\u00e3o em Fisioterapia e Registro no Conselho de Classe.\" data-balloon-pos=\"up\">Fisioterapeuta<\/span><\/td>\r\n<td class=\"cvagas\">06 + CR<\/td>\r\n<td class=\"cremuneracao\">R$ 2.754,15 \/30h<\/td>\r\n<\/tr><tr>\r\n<td class=\"ccargos\">\r\n<span data-balloon-length=\"medium\" aria-label=\"Gradua\u00e7\u00e3o em Fonoaudiologia e registro no conselho de classe\" data-balloon-pos=\"up\">Fonoaudi\u00f3logo<\/span><\/td>\r\n<td class=\"cvagas\">01 + CR<\/td>\r\n<td class=\"cremuneracao\">R$ 2.754,15 \/30h<\/td>\r\n<\/tr><tr>\r\n<td class=\"ccargos\">\r\n<span data-balloon-length=\"medium\" aria-label=\"Gradua\u00e7\u00e3o em Medicina registro no conselho de classe\" data-balloon-pos=\"up\">M\u00e9dico Cl\u00ednico Geral<\/span><\/td>\r\n<td class=\"cvagas\">02 + CR<\/td>\r\n<td class=\"cremuneracao\">R$ 9.375,36 \/40h<\/td>\r\n<\/tr><tr>\r\n<td class=\"ccargos\">\r\n<span data-balloon-length=\"medium\" aria-label=\"Gradua\u00e7\u00e3o em Medicina Veterin\u00e1ria e registro no conselho de classe\" data-balloon-pos=\"up\">M\u00e9dico Veterin\u00e1rio<\/span><\/td>\r\n<td class=\"cvagas\">04 + CR<\/td>\r\n<td class=\"cremuneracao\">R$ 5.120,44 \/30h<\/td>\r\n<\/tr><tr>\r\n<td class=\"ccargos\">\r\n<span data-balloon-length=\"medium\" aria-label=\"Gradua\u00e7\u00e3o em Nutri\u00e7\u00e3o e registro no conselho de classe\" data-balloon-pos=\"up\">Nutricionista<\/span><\/td>\r\n<td class=\"cvagas\">01 + CR<\/td>\r\n<td class=\"cremuneracao\">R$ 2.754,15 \/30h<\/td>\r\n<\/tr><tr>\r\n<td class=\"ccargos\">\r\n<span data-balloon-length=\"medium\" aria-label=\"Gradua\u00e7\u00e3o em Odontologia e Registro no Conselho de Classe.\" data-balloon-pos=\"up\">Odont\u00f3logo<\/span><\/td>\r\n<td class=\"cvagas\">09 + CR<\/td>\r\n<td class=\"cremuneracao\">R$ 5.470,56 \/30h<\/td>\r\n<\/tr><tr>\r\n<td class=\"ccargos\">\r\n<span data-balloon-length=\"medium\" aria-label=\"Gradua\u00e7\u00e3o em Psicologia e Registo no Conselho de Classe.\" data-balloon-pos=\"up\">Psic\u00f3logo<\/span><\/td>\r\n<td class=\"cvagas\">08 + CR<\/td>\r\n<td class=\"cremuneracao\">R$ 2.754,15 \/30h<\/td>\r\n<\/tr><tr>\r\n<td class=\"ccargos\">\r\n<span data-balloon-length=\"medium\" aria-label=\"Gradua\u00e7\u00e3o em Terapia Ocupacional e Registro no Conselho de Classe.\" data-balloon-pos=\"up\">Terapeuta Ocupacional<\/span><\/td>\r\n<td class=\"cvagas\">01 + CR<\/td>\r\n<td class=\"cremuneracao\">R$ 2.754,15 \/30h<\/td>\r\n<\/tr>\r\n    <\/tbody>\r\n  <\/table>\r\n<\/div>"},"_links":{"self":[{"href":"https:\/\/www.agrobase.com.br\/concursos\/wp-json\/wp\/v2\/posts\/265644","targetHints":{"allow":["GET"]}}],"collection":[{"href":"https:\/\/www.agrobase.com.br\/concursos\/wp-json\/wp\/v2\/posts"}],"about":[{"href":"https:\/\/www.agrobase.com.br\/concursos\/wp-json\/wp\/v2\/types\/post"}],"author":[{"embeddable":true,"href":"https:\/\/www.agrobase.com.br\/concursos\/wp-json\/wp\/v2\/users\/7"}],"replies":[{"embeddable":true,"href":"https:\/\/www.agrobase.com.br\/concursos\/wp-json\/wp\/v2\/comments?post=265644"}],"version-history":[{"count":2,"href":"https:\/\/www.agrobase.com.br\/concursos\/wp-json\/wp\/v2\/posts\/265644\/revisions"}],"predecessor-version":[{"id":265647,"href":"https:\/\/www.agrobase.com.br\/concursos\/wp-json\/wp\/v2\/posts\/265644\/revisions\/265647"}],"wp:featuredmedia":[{"embeddable":true,"href":"https:\/\/www.agrobase.com.br\/concursos\/wp-json\/wp\/v2\/media\/265643"}],"wp:attachment":[{"href":"https:\/\/www.agrobase.com.br\/concursos\/wp-json\/wp\/v2\/media?parent=265644"}],"wp:term":[{"taxonomy":"category","embeddable":true,"href":"https:\/\/www.agrobase.com.br\/concursos\/wp-json\/wp\/v2\/categories?post=265644"},{"taxonomy":"post_tag","embeddable":true,"href":"https:\/\/www.agrobase.com.br\/concursos\/wp-json\/wp\/v2\/tags?post=265644"},{"taxonomy":"_amplo","embeddable":true,"href":"https:\/\/www.agrobase.com.br\/concursos\/wp-json\/wp\/v2\/_amplo?post=265644"},{"taxonomy":"destaque","embeddable":true,"href":"https:\/\/www.agrobase.com.br\/concursos\/wp-json\/wp\/v2\/destaque?post=265644"},{"taxonomy":"instituicoes","embeddable":true,"href":"https:\/\/www.agrobase.com.br\/concursos\/wp-json\/wp\/v2\/instituicoes?post=265644"}],"curies":[{"name":"wp","href":"https:\/\/api.w.org\/{rel}","templated":true}]}}