{"id":265633,"date":"2025-05-12T09:00:58","date_gmt":"2025-05-12T12:00:58","guid":{"rendered":"https:\/\/www.agrobase.com.br\/concursos\/?p=265633"},"modified":"2025-05-09T15:49:42","modified_gmt":"2025-05-09T18:49:42","slug":"prefeitura-juina-mt-concurso-01-2025","status":"publish","type":"post","link":"https:\/\/www.agrobase.com.br\/concursos\/2025\/prefeitura-juina-mt-concurso-01-2025\/","title":{"rendered":"Prefeitura Ju\u00edna (MT) &#8211; Concurso 01\/2025"},"content":{"rendered":"<h2>Informa\u00e7\u00f5es Gerais<\/h2>\n<p>O edital do Concurso P\u00fablico da Prefeitura Municipal de Ju\u00edna, no Estado de Mato Grosso, foi publicado! Organizado pelo Instituto ATAME, o certame, regido pelo Edital 01\/20225, visa o preenchimento de <strong>102 vagas imediatas<\/strong>, al\u00e9m da forma\u00e7\u00e3o de cadastro de reserva, para cargos efetivos do quadro permanente do munic\u00edpio. As oportunidades s\u00e3o para os n\u00edveis Fundamental Incompleto, M\u00e9dio\/T\u00e9cnico e Superior, com remunera\u00e7\u00f5es que podem variar de R$ 1.687,76 a R$ 4.647,59, sob regime de contrata\u00e7\u00e3o estatut\u00e1rio.<\/p>\n<p>As vagas abrangem diversas \u00e1reas de atua\u00e7\u00e3o, incluindo administrativa, operacional, transporte, fiscaliza\u00e7\u00e3o (ambiental e de tr\u00e2nsito), arrecada\u00e7\u00e3o, assist\u00eancia social, hist\u00f3ria, psicologia e educa\u00e7\u00e3o. Para os profissionais das \u00e1reas de ci\u00eancias agr\u00e1rias e ambientais, destacam-se as oportunidades para <strong>Engenheiro Florestal II<\/strong> e <strong>Fiscal de Meio Ambiente<\/strong> (que requer forma\u00e7\u00e3o t\u00e9cnica em Agropecu\u00e1ria ou Meio Ambiente).<\/p>\n<h2>Inscri\u00e7\u00f5es<\/h2>\n<p>As inscri\u00e7\u00f5es para o Concurso P\u00fablico da Prefeitura de Ju\u00edna-MT estar\u00e3o abertas e ser\u00e3o realizadas exclusivamente pela internet, atrav\u00e9s do site da banca organizadora, o Instituto ATAME. O per\u00edodo para se inscrever inicia \u00e0s <strong>07h00 do dia 14 de maio de 2025<\/strong> e se encerra \u00e0s <strong>23h59 do dia 12 de junho de 2025<\/strong> (hor\u00e1rio oficial do Estado de Mato Grosso).<\/p>\n<p>Para efetivar a inscri\u00e7\u00e3o, o candidato dever\u00e1 ler atentamente o edital, preencher o formul\u00e1rio eletr\u00f4nico no site <a href=\"https:\/\/institutoatame.org.br\/\" target=\"_blank\" rel=\"noopener noreferrer\">https:\/\/institutoatame.org.br\/<\/a>, imprimir o boleto banc\u00e1rio e realizar o pagamento da taxa correspondente em qualquer ag\u00eancia banc\u00e1ria at\u00e9 a data de vencimento. Os valores das taxas de inscri\u00e7\u00e3o, que variam conforme o n\u00edvel de escolaridade do cargo pretendido (R$ 50,00 &#8211; Fundamental; R$ 80,00 &#8211; M\u00e9dio e T\u00e9cnico e R$ 110,00 Superior).<\/p>\n<h2>Etapas e Provas<\/h2>\n<p>O Concurso P\u00fablico da Prefeitura de Ju\u00edna-MT ser\u00e1 constitu\u00eddo pelas seguintes etapas de avalia\u00e7\u00e3o:<\/p>\n<ul>\n<li><strong>Prova Escrita Objetiva:<\/strong> De car\u00e1ter eliminat\u00f3rio e classificat\u00f3rio, ser\u00e1 aplicada para todos os cargos. A prova ser\u00e1 composta por quest\u00f5es de m\u00faltipla escolha, com 4 (quatro) alternativas cada, e ter\u00e1 dura\u00e7\u00e3o de 3 (tr\u00eas) horas. Para ser aprovado, o candidato dever\u00e1 obter, no m\u00ednimo, 50% da pontua\u00e7\u00e3o total da prova e n\u00e3o zerar em nenhuma das disciplinas. As disciplinas geralmente incluem L\u00edngua Portuguesa, Matem\u00e1tica (para os cargos em que se aplica), Conhecimentos Gerais e Conhecimentos Espec\u00edficos, variando conforme o cargo e n\u00edvel de escolaridade. A data prevista para realiza\u00e7\u00e3o das provas escritas \u00e9 <strong>06 de julho de 2025<\/strong>.<\/li>\n<li><strong>Prova de T\u00edtulos:<\/strong> De car\u00e1ter exclusivamente classificat\u00f3rio, esta etapa \u00e9 facultativa e destinada apenas aos candidatos aos cargos de N\u00edvel Superior. Os t\u00edtulos dever\u00e3o ser entregues no mesmo dia e local de realiza\u00e7\u00e3o da prova escrita, conforme instru\u00e7\u00f5es do edital. Ser\u00e3o considerados t\u00edtulos relacionados \u00e0 \u00e1rea de atua\u00e7\u00e3o do cargo, e a pontua\u00e7\u00e3o n\u00e3o ser\u00e1 cumulativa, valendo o t\u00edtulo de maior valor. A tabela de pontua\u00e7\u00e3o e os crit\u00e9rios de apresenta\u00e7\u00e3o est\u00e3o especificados no edital.<\/li>\n<\/ul>\n<p>Os locais e hor\u00e1rios espec\u00edficos para a realiza\u00e7\u00e3o das provas escritas e entrega de t\u00edtulos ser\u00e3o divulgados em Edital Complementar.<\/p>\n<h2>Resultados e Gabarito<\/h2>\n<p>A divulga\u00e7\u00e3o dos resultados do Concurso P\u00fablico da Prefeitura de Ju\u00edna-MT seguir\u00e1 um cronograma espec\u00edfico, que os candidatos devem acompanhar atentamente. O gabarito preliminar das provas escritas est\u00e1 previsto para ser publicado no primeiro dia \u00fatil ap\u00f3s a aplica\u00e7\u00e3o das provas, ou seja, at\u00e9 as 16h00 do dia <strong>07 de julho de 2025<\/strong>.<\/p>\n<p>Ap\u00f3s o per\u00edodo de recursos, o gabarito oficial, juntamente com o resultado preliminar do concurso (incluindo a pontua\u00e7\u00e3o das provas escritas e dos t\u00edtulos, para os cargos de n\u00edvel superior), tem previs\u00e3o de divulga\u00e7\u00e3o at\u00e9 o dia <strong>22 de julho de 2025<\/strong>. A pontua\u00e7\u00e3o espec\u00edfica da prova de t\u00edtulos est\u00e1 prevista para ser publicada at\u00e9 o dia 11 de julho de 2025. O resultado final do certame, ap\u00f3s a an\u00e1lise de todos os recursos, est\u00e1 programado para ser divulgado at\u00e9 o dia <strong>29 de julho de 2025<\/strong>.<\/p>\n<p>A classifica\u00e7\u00e3o final dos candidatos ser\u00e1 feita em ordem decrescente da pontua\u00e7\u00e3o total obtida. Os crit\u00e9rios de desempate, caso ocorram notas id\u00eanticas, seguir\u00e3o a ordem: idade igual ou superior a 60 anos (com prefer\u00eancia ao mais idoso), maior n\u00famero de acertos em Conhecimentos Espec\u00edficos, L\u00edngua Portuguesa, Matem\u00e1tica (se houver), Conhecimentos Gerais, maior pontua\u00e7\u00e3o de t\u00edtulos e, por fim, maior idade. Persistindo o empate, ser\u00e1 realizado sorteio p\u00fablico.<\/p>\n<p>A homologa\u00e7\u00e3o do concurso ser\u00e1 feita por Decreto do Chefe do Poder Executivo Municipal e publicada nos meios oficiais. A convoca\u00e7\u00e3o dos aprovados ocorrer\u00e1 conforme a necessidade da administra\u00e7\u00e3o municipal, dentro do prazo de validade do concurso. Os candidatos devem acompanhar as convoca\u00e7\u00f5es no Di\u00e1rio Oficial de Contas (TCE-MT), no site oficial da Prefeitura de Ju\u00edna (www.juina.mt.gov.br) e no site do Instituto ATAME (https:\/\/institutoatame.org.br\/).<\/p>\n<p>\u00c9 de responsabilidade exclusiva do candidato o acompanhamento de todas as publica\u00e7\u00f5es oficiais, incluindo resultados, convoca\u00e7\u00f5es e comunicados, nos sites da banca organizadora e nos meios de comunica\u00e7\u00e3o indicados no edital.<\/p>\n","protected":false},"excerpt":{"rendered":"<p>Concurso Pref. Ju\u00edna (MT) com edital publicado! Vagas p\/ Professor e Agente Adm. (Fund. a Sup.). Inscri\u00e7\u00f5es a partir de 14\/05. Sal\u00e1rios at\u00e9 R$ 4.6k. Confira detalhes!<\/p>\n","protected":false},"author":7,"featured_media":265632,"comment_status":"open","ping_status":"open","sticky":false,"template":"","format":"standard","meta":{"_acf_changed":false,"_breakdance_hide_in_design_set":false,"_breakdance_tags":"","footnotes":""},"categories":[3,9,10,15,100,25,26,101,30,31],"tags":[47],"_amplo":[6427],"destaque":[],"instituicoes":[],"class_list":["post-265633","post","type-post","status-publish","format-standard","has-post-thumbnail","hentry","category-administracao","category-ciencias-contabeis","category-direito","category-engenharia-florestal","category-historia","category-pedagogia","category-psicologia","category-servico-social","category-tecnico-agropecuaria","category-tecnico-ambiental","tag-mato-grosso","_amplo-nivel-medio"],"acf":{"_tipo_vagas":"vagas","_numero_vagas":"","_quadro_vagas":"","_cargos":"diversos","_cargos_especificos":"","_salario_max":"R$ 4647.59","_abertura":"20250514","_encerramento":"20250612","_inscricoes":"https:\/\/institutoatame.org.br\/","_executora_concurso":"","_instituicao_concurso":[],"_link_adicional":null,"_anexos":null,"_produtos":null,"_vagas":"102 vagas + CR","_salario_min":"R$ 1687.76","_instituicao":"Prefeitura Municipal de Ju\u00edna","_edital":"https:\/\/www.agrobase.com.br\/concursos\/wp-content\/uploads\/sites\/4\/2025\/05\/edital-01-2025-juina.pdf","_anexos_edital":"https:\/\/www.agrobase.com.br\/concursos\/wp-content\/uploads\/sites\/4\/2025\/05\/anexos-edital-01-2025-juina.pdf","_fund_incompleto":"<div>\r\n<table class=\"quadro\">\r\n<thead>\r\n<tr>\r\n<th class=\"hcargo\">Cargo<\/th>\r\n<th class=\"hvagas\">Vagas<\/th>\r\n<th class=\"hremuneracao\">Remunera\u00e7\u00e3o<\/th>\r\n<\/tr>\r\n<\/thead>\r\n    <tbody>\r\n      <td class=\"ccargos\">\r\n<span data-balloon-length=\"medium\" aria-label=\"Ensino Fundamental Incompleto\" data-balloon-pos=\"up\">AUXILIAR DE SERVI\u00c7OS GERAIS<\/span><\/td>\r\n<td class=\"cvagas\">32<\/td>\r\n<td class=\"cremuneracao\">R$ 1.687,76 \/40h<\/td>\r\n<\/tr><td class=\"ccargos\">\r\n<span data-balloon-length=\"medium\" aria-label=\"Ensino Fundamental Incompleto e CNH categoria C\" data-balloon-pos=\"up\">MOTORISTA I<\/span><\/td>\r\n<td class=\"cvagas\">04<\/td>\r\n<td class=\"cremuneracao\">R$ 2.078,89 \/40h<\/td>\r\n<\/tr>\r\n    <\/tbody>\r\n  <\/table>\r\n<\/div>","_fund_completo":"","_medio":"<div>\r\n<table class=\"quadro\">\r\n<thead>\r\n<tr>\r\n<th class=\"hcargo\">Cargo<\/th>\r\n<th class=\"hvagas\">Vagas<\/th>\r\n<th class=\"hremuneracao\">Remunera\u00e7\u00e3o<\/th>\r\n<\/tr>\r\n<\/thead>\r\n    <tbody>\r\n      <td class=\"ccargos\">\r\n<span data-balloon-length=\"medium\" aria-label=\"Ensino M\u00e9dio Completo e Curso B\u00e1sico de Inform\u00e1tica\" data-balloon-pos=\"up\">AGENTE ADMINISTRATIVO II<\/span><\/td>\r\n<td class=\"cvagas\">08<\/td>\r\n<td class=\"cremuneracao\">R$ 2.129,32 \/40h<\/td>\r\n<\/tr><td class=\"ccargos\">\r\n<span data-balloon-length=\"medium\" aria-label=\"Ensino M\u00e9dio Completo, Curso T\u00e9cnico em Agropecu\u00e1ria ou T\u00e9cnico em Meio Ambiente, Registro no Conselho de Classe e CNH categoria B\" data-balloon-pos=\"up\">FISCAL DE MEIO AMBIENTE<\/span><\/td>\r\n<td class=\"cvagas\">01<\/td>\r\n<td class=\"cremuneracao\">R$ 2.226,18 \/40h<\/td>\r\n<\/tr><td class=\"ccargos\">\r\n<span data-balloon-length=\"medium\" aria-label=\"Ensino M\u00e9dio Completo\" data-balloon-pos=\"up\">FISCAL DE TR\u00c2NSITO<\/span><\/td>\r\n<td class=\"cvagas\">02<\/td>\r\n<td class=\"cremuneracao\">R$ 2.226,18 \/40h<\/td>\r\n<\/tr>\r\n    <\/tbody>\r\n  <\/table>\r\n<\/div>","_superior":"<div>\r\n<table class=\"quadro\">\r\n<thead>\r\n<tr>\r\n<th class=\"hcargo\">Cargo<\/th>\r\n<th class=\"hvagas\">Vagas<\/th>\r\n<th class=\"hremuneracao\">Remunera\u00e7\u00e3o<\/th>\r\n<\/tr>\r\n<\/thead>\r\n    <tbody>\r\n      <tr>\r\n<td class=\"ccargos\">\r\n<span data-balloon-length=\"medium\" aria-label=\"Ensino Superior Completo em Administra\u00e7\u00e3o de Empresas, Administra\u00e7\u00e3o P\u00fablica, Ci\u00eancias Cont\u00e1beis ou Direito\" data-balloon-pos=\"up\">AGENTE DE ARRECADA\u00c7\u00c3O E FISCALIZA\u00c7\u00c3O<\/span><\/td>\r\n<td class=\"cvagas\">01<\/td>\r\n<td class=\"cremuneracao\">R$ 4.246,48 \/40h<\/td>\r\n<\/tr><tr>\r\n<td class=\"ccargos\">\r\n<span data-balloon-length=\"medium\" aria-label=\"Ensino Superior Completo em Servi\u00e7o Social\" data-balloon-pos=\"up\">ASSISTENTE SOCIAL II \u2013 SUAS<\/span><\/td>\r\n<td class=\"cvagas\">01<\/td>\r\n<td class=\"cremuneracao\">R$ 3.319,20 \/30h<\/td>\r\n<\/tr><tr>\r\n<td class=\"ccargos\">\r\n<span data-balloon-length=\"medium\" aria-label=\"Ensino Superior Completo em Servi\u00e7o Social\" data-balloon-pos=\"up\">ASSISTENTE SOCIAL II \u2013 SUS<\/span><\/td>\r\n<td class=\"cvagas\">01<\/td>\r\n<td class=\"cremuneracao\">R$ 3.319,20 \/30h<\/td>\r\n<\/tr><tr>\r\n<td class=\"ccargos\">\r\n<span data-balloon-length=\"medium\" aria-label=\"Ensino Superior Completo em Engenharia Florestal e Registro no Conselho de Classe\" data-balloon-pos=\"up\">ENGENHEIRO FLORESTAL II<\/span><\/td>\r\n<td class=\"cvagas\">01<\/td>\r\n<td class=\"cremuneracao\">R$ 4.425,61 \/40h<\/td>\r\n<\/tr><tr>\r\n<td class=\"ccargos\">\r\n<span data-balloon-length=\"medium\" aria-label=\"Ensino Superior Completo em Hist\u00f3ria (Bacharelado)\" data-balloon-pos=\"up\">HISTORIADOR II<\/span><\/td>\r\n<td class=\"cvagas\">01<\/td>\r\n<td class=\"cremuneracao\">R$ 4.425,61 \/40h<\/td>\r\n<\/tr><tr>\r\n<td class=\"ccargos\">\r\n<span data-balloon-length=\"medium\" aria-label=\"Ensino Superior Completo em Psicologia\" data-balloon-pos=\"up\">PSIC\u00d3LOGO II \u2013 SUAS<\/span><\/td>\r\n<td class=\"cvagas\">01<\/td>\r\n<td class=\"cremuneracao\">R$ 4.425,61 \/40h<\/td>\r\n<\/tr><tr>\r\n<td class=\"ccargos\">\r\n<span data-balloon-length=\"medium\" aria-label=\"Ensino Superior Completo em Psicologia\" data-balloon-pos=\"up\">PSIC\u00d3LOGO II \u2013 SUS<\/span><\/td>\r\n<td class=\"cvagas\">01<\/td>\r\n<td class=\"cremuneracao\">R$ 4.425,61 \/40h<\/td>\r\n<\/tr><tr>\r\n<td class=\"ccargos\">\r\n<span data-balloon-length=\"medium\" aria-label=\"Gradua\u00e7\u00e3o Superior - Licenciatura em Pedagogia\" data-balloon-pos=\"up\">PROFESSOR PEDAGOGO CLASSE B - ZONA URBANA<\/span><\/td>\r\n<td class=\"cvagas\">49<\/td>\r\n<td class=\"cremuneracao\">R$ 4.647,59 \/30h<\/td>\r\n<\/tr><tr>\r\n<td class=\"ccargos\">\r\n<span data-balloon-length=\"medium\" aria-label=\"Gradua\u00e7\u00e3o Superior - Licenciatura em Pedagogia\" data-balloon-pos=\"up\">PROFESSOR PEDAGOGO CLASSE B - ZONA RURAL<\/span><\/td>\r\n<td class=\"cvagas\">01<\/td>\r\n<td class=\"cremuneracao\">R$ 4.647,59 \/30h<\/td>\r\n<\/tr>\r\n    <\/tbody>\r\n  <\/table>\r\n<\/div>"},"_links":{"self":[{"href":"https:\/\/www.agrobase.com.br\/concursos\/wp-json\/wp\/v2\/posts\/265633","targetHints":{"allow":["GET"]}}],"collection":[{"href":"https:\/\/www.agrobase.com.br\/concursos\/wp-json\/wp\/v2\/posts"}],"about":[{"href":"https:\/\/www.agrobase.com.br\/concursos\/wp-json\/wp\/v2\/types\/post"}],"author":[{"embeddable":true,"href":"https:\/\/www.agrobase.com.br\/concursos\/wp-json\/wp\/v2\/users\/7"}],"replies":[{"embeddable":true,"href":"https:\/\/www.agrobase.com.br\/concursos\/wp-json\/wp\/v2\/comments?post=265633"}],"version-history":[{"count":6,"href":"https:\/\/www.agrobase.com.br\/concursos\/wp-json\/wp\/v2\/posts\/265633\/revisions"}],"predecessor-version":[{"id":265641,"href":"https:\/\/www.agrobase.com.br\/concursos\/wp-json\/wp\/v2\/posts\/265633\/revisions\/265641"}],"wp:featuredmedia":[{"embeddable":true,"href":"https:\/\/www.agrobase.com.br\/concursos\/wp-json\/wp\/v2\/media\/265632"}],"wp:attachment":[{"href":"https:\/\/www.agrobase.com.br\/concursos\/wp-json\/wp\/v2\/media?parent=265633"}],"wp:term":[{"taxonomy":"category","embeddable":true,"href":"https:\/\/www.agrobase.com.br\/concursos\/wp-json\/wp\/v2\/categories?post=265633"},{"taxonomy":"post_tag","embeddable":true,"href":"https:\/\/www.agrobase.com.br\/concursos\/wp-json\/wp\/v2\/tags?post=265633"},{"taxonomy":"_amplo","embeddable":true,"href":"https:\/\/www.agrobase.com.br\/concursos\/wp-json\/wp\/v2\/_amplo?post=265633"},{"taxonomy":"destaque","embeddable":true,"href":"https:\/\/www.agrobase.com.br\/concursos\/wp-json\/wp\/v2\/destaque?post=265633"},{"taxonomy":"instituicoes","embeddable":true,"href":"https:\/\/www.agrobase.com.br\/concursos\/wp-json\/wp\/v2\/instituicoes?post=265633"}],"curies":[{"name":"wp","href":"https:\/\/api.w.org\/{rel}","templated":true}]}}