{"id":265555,"date":"2025-05-09T08:30:54","date_gmt":"2025-05-09T11:30:54","guid":{"rendered":"https:\/\/www.agrobase.com.br\/concursos\/?p=265555"},"modified":"2025-05-08T16:10:58","modified_gmt":"2025-05-08T19:10:58","slug":"aris-mt-mt-concurso-01-2025","status":"publish","type":"post","link":"https:\/\/www.agrobase.com.br\/concursos\/2025\/aris-mt-mt-concurso-01-2025\/","title":{"rendered":"ARIS-MT (MT) &#8211; Concurso 01\/2025"},"content":{"rendered":"<h2>Informa\u00e7\u00f5es Gerais<\/h2>\n<p>A Ag\u00eancia Reguladora Intermunicipal de Saneamento do Estado de Mato Grosso (ARIS-MT) publicou o Edital N.\u00ba 01\/2025, referente ao seu Concurso P\u00fablico de Provas e de Provas e T\u00edtulos. O certame, executado pela Universidade Federal de Mato Grosso (UFMT), visa o provimento de 9 vagas imediatas e a forma\u00e7\u00e3o de cadastro de reserva para empregos p\u00fablicos de N\u00edvel M\u00e9dio\/T\u00e9cnico e N\u00edvel Superior. A contrata\u00e7\u00e3o ocorrer\u00e1 sob o Regime Jur\u00eddico Administrativo, vinculado ao Regime Geral da Previd\u00eancia Social (RGPS).<\/p>\n<p>As oportunidades abrangem diversas \u00e1reas de atua\u00e7\u00e3o, com <strong>destaque para vagas em Engenharia Sanit\u00e1ria e\/ou Ambiental e Biologia<\/strong>, al\u00e9m de posi\u00e7\u00f5es em Engenharia Civil, Qu\u00edmica, Administra\u00e7\u00e3o, Ci\u00eancias Econ\u00f4micas, Direito, Ci\u00eancias Cont\u00e1beis e para Assistente Administrativo. Este concurso representa uma excelente chance para profissionais que buscam uma coloca\u00e7\u00e3o no setor de regula\u00e7\u00e3o e saneamento no estado de Mato Grosso.<\/p>\n<p>Convidamos voc\u00ea a explorar as se\u00e7\u00f5es seguintes para obter informa\u00e7\u00f5es detalhadas sobre o processo de inscri\u00e7\u00e3o, as etapas da sele\u00e7\u00e3o e como acompanhar os resultados.<\/p>\n<h2>Inscri\u00e7\u00f5es<\/h2>\n<p>As inscri\u00e7\u00f5es para o Concurso P\u00fablico da ARIS-MT ser\u00e3o realizadas exclusivamente pela internet, atrav\u00e9s do endere\u00e7o eletr\u00f4nico <strong>https:\/\/www.concursos.ufmt.br<\/strong>, no per\u00edodo de <strong>19 de maio de 2025 a 09 de junho de 2025<\/strong>. <\/p>\n<p>Os valores das taxas de inscri\u00e7\u00e3o s\u00e3o:<\/p>\n<ul>\n<li>N\u00edvel Superior: R$ 130,00 (cento e trinta reais)<\/li>\n<li>N\u00edvel M\u00e9dio\/M\u00e9dio T\u00e9cnico: R$ 80,00 (oitenta reais)<\/li>\n<\/ul>\n<p>O pagamento da taxa dever\u00e1 ser efetuado por meio de boleto banc\u00e1rio, gerado no ato da inscri\u00e7\u00e3o, pag\u00e1vel em qualquer ag\u00eancia banc\u00e1ria, correspondentes banc\u00e1rios, internet banking ou via PIX, utilizando o QR Code dispon\u00edvel no boleto, at\u00e9 a data de vencimento estipulada no cronograma. O edital prev\u00ea a possibilidade de solicita\u00e7\u00e3o de isen\u00e7\u00e3o da taxa de inscri\u00e7\u00e3o, cujos crit\u00e9rios e prazos devem ser consultados no documento oficial.<\/p>\n<p>Ap\u00f3s a submiss\u00e3o do requerimento de inscri\u00e7\u00e3o, \u00e9 responsabilidade do candidato acompanhar o status de sua solicita\u00e7\u00e3o, bem como eventuais comunicados e deferimento da inscri\u00e7\u00e3o, diretamente na \u00e1rea restrita do candidato no site da UFMT Concursos. Certifique-se de que todas as informa\u00e7\u00f5es fornecidas no ato da inscri\u00e7\u00e3o est\u00e3o corretas.<\/p>\n<h2>Etapas e Provas<\/h2>\n<p>O Concurso P\u00fablico da ARIS-MT ser\u00e1 estruturado em diferentes etapas, variando conforme o n\u00edvel de escolaridade do emprego p\u00fablico pretendido. Todas as provas ser\u00e3o realizadas na cidade de Cuiab\u00e1-MT.<\/p>\n<p><strong>Para os empregos p\u00fablicos de N\u00edvel Superior:<\/strong><\/p>\n<ul>\n<li><strong>Prova Objetiva:<\/strong> De car\u00e1ter eliminat\u00f3rio e classificat\u00f3rio, composta por quest\u00f5es de m\u00faltipla escolha. Para ser aprovado, o candidato dever\u00e1 obter no m\u00ednimo 50% da pontua\u00e7\u00e3o m\u00e1xima.<\/li>\n<li><strong>Prova Discursiva:<\/strong> De car\u00e1ter eliminat\u00f3rio e classificat\u00f3rio, consistindo na produ\u00e7\u00e3o de um texto dissertativo-argumentativo. Esta prova ser\u00e1 realizada no mesmo dia da Prova Objetiva. Somente ser\u00e3o corrigidas as provas discursivas dos candidatos que atingirem pontua\u00e7\u00e3o igual ou superior a 50% na Prova Objetiva e estiverem classificados at\u00e9 a 30\u00aa posi\u00e7\u00e3o por emprego p\u00fablico\/\u00e1rea (incluindo empates). A aprova\u00e7\u00e3o exige no m\u00ednimo 50% da pontua\u00e7\u00e3o m\u00e1xima na discursiva. A dura\u00e7\u00e3o total das provas Objetiva e Discursiva ser\u00e1 de 4 horas e 30 minutos.<\/li>\n<li><strong>Avalia\u00e7\u00e3o de T\u00edtulos:<\/strong> De car\u00e1ter unicamente classificat\u00f3rio, destinada aos candidatos n\u00e3o eliminados na Prova Discursiva. Ser\u00e3o considerados t\u00edtulos de p\u00f3s-gradua\u00e7\u00e3o (Especializa\u00e7\u00e3o, Mestrado e Doutorado) na \u00e1rea do emprego p\u00fablico ou \u00e1rea afim.<\/li>\n<\/ul>\n<p><strong>Para o emprego p\u00fablico de N\u00edvel M\u00e9dio\/M\u00e9dio T\u00e9cnico:<\/strong><\/p>\n<ul>\n<li><strong>Prova Objetiva:<\/strong> Etapa \u00fanica, de car\u00e1ter eliminat\u00f3rio e classificat\u00f3rio, composta por quest\u00f5es de m\u00faltipla escolha. Para ser aprovado, o candidato dever\u00e1 obter no m\u00ednimo 50% da pontua\u00e7\u00e3o m\u00e1xima. A dura\u00e7\u00e3o da prova ser\u00e1 de 4 horas.<\/li>\n<\/ul>\n<p>As disciplinas abordadas nas Provas Objetivas est\u00e3o detalhadas no Anexo V do edital, incluindo L\u00edngua Portuguesa, Conhecimentos Espec\u00edficos, Saneamento B\u00e1sico e, para N\u00edvel M\u00e9dio, Matem\u00e1tica, entre outras. Recomenda-se a consulta ao edital para conhecer o conte\u00fado program\u00e1tico completo, os crit\u00e9rios de avalia\u00e7\u00e3o de cada etapa e o cronograma detalhado.<\/p>\n<p>Aplica\u00e7\u00e3o das Provas Objetivas e Discursiva ser\u00e3o no dia <strong>13 de julho de 2025<\/strong>.<\/p>\n<h2>Resultados e Gabarito<\/h2>\n<p>A divulga\u00e7\u00e3o dos resultados do Concurso P\u00fablico da ARIS-MT seguir\u00e1 um cronograma espec\u00edfico, dispon\u00edvel no Anexo I do edital. Os gabaritos preliminares da Prova Objetiva ser\u00e3o publicados no site da banca organizadora, <strong>https:\/\/www.concursos.ufmt.br<\/strong> um dia ap\u00f3s a aplica\u00e7\u00e3o das provas.<\/p>\n<p>Os candidatos poder\u00e3o consultar seus desempenhos individuais na Prova Objetiva, Prova Discursiva (para N\u00edvel Superior) e na Avalia\u00e7\u00e3o de T\u00edtulos (para N\u00edvel Superior) no site da UFMT. Os resultados finais de cada etapa, ap\u00f3s an\u00e1lise de recursos, e o resultado final do concurso ser\u00e3o publicados no site da UFMT e tamb\u00e9m no Di\u00e1rio Oficial de Contas do Tribunal de Contas de Mato Grosso.<\/p>\n<p>A classifica\u00e7\u00e3o final dos candidatos ser\u00e1 feita em ordem decrescente da pontua\u00e7\u00e3o total obtida, calculada da seguinte forma:<\/p>\n<ul>\n<li><strong>N\u00edvel Superior:<\/strong> Soma das pontua\u00e7\u00f5es da Prova Objetiva (PO) + Prova Discursiva (PD) + Avalia\u00e7\u00e3o de T\u00edtulos (AT).<\/li>\n<li><strong>N\u00edvel M\u00e9dio\/M\u00e9dio T\u00e9cnico:<\/strong> Pontua\u00e7\u00e3o da Prova Objetiva (PO).<\/li>\n<\/ul>\n<p>Os crit\u00e9rios de desempate est\u00e3o detalhados no edital e incluem, prioritariamente, idade (para candidatos com 60 anos ou mais), maior pontua\u00e7\u00e3o nas diferentes provas e em disciplinas espec\u00edficas como Conhecimentos Espec\u00edficos, L\u00edngua Portuguesa e Saneamento B\u00e1sico. Persistindo o empate, o candidato mais idoso ter\u00e1 prefer\u00eancia.<\/p>\n<p>A homologa\u00e7\u00e3o do resultado final do concurso ser\u00e1 realizada pela ARIS-MT e publicada no Di\u00e1rio Oficial de Contas do Tribunal de Contas de Mato Grosso a partir do dia <strong>16 de setembro de 2025<\/strong>. O concurso ter\u00e1 validade de 2 (dois) anos, a contar da data de homologa\u00e7\u00e3o, podendo ser prorrogado uma \u00fanica vez por igual per\u00edodo. A convoca\u00e7\u00e3o dos aprovados para nomea\u00e7\u00e3o ocorrer\u00e1 por ato do Diretor Presidente da ARIS-MT, publicado no Di\u00e1rio Oficial de Contas.<\/p>\n","protected":false},"excerpt":{"rendered":"<p>Concurso ARIS-MT (MT) com edital publicado! Vagas p\/ Eng. Civil, Advogado (M\u00e9dio\/Sup.). Inscri\u00e7\u00f5es a partir de 19\/05. Sal\u00e1rios at\u00e9 R$ 6.5k. Confira detalhes!<\/p>\n","protected":false},"author":7,"featured_media":265554,"comment_status":"open","ping_status":"open","sticky":false,"template":"","format":"standard","meta":{"_acf_changed":false,"_breakdance_hide_in_design_set":false,"_breakdance_tags":"","footnotes":""},"categories":[3,6,9,10,117,13,14,16,27],"tags":[47],"_amplo":[],"destaque":[],"instituicoes":[],"class_list":["post-265555","post","type-post","status-publish","format-standard","has-post-thumbnail","hentry","category-administracao","category-biologia","category-ciencias-contabeis","category-direito","category-economia","category-engenharia-ambiental","category-engenharia","category-engenharia-sanitaria","category-quimica","tag-mato-grosso"],"acf":{"_tipo_vagas":"vagas","_numero_vagas":"","_quadro_vagas":"","_cargos":"diversos","_cargos_especificos":"","_salario_max":"R$ 6539.08","_abertura":"20250519","_encerramento":"20250609","_inscricoes":"https:\/\/www.concursos.ufmt.br","_executora_concurso":"","_instituicao_concurso":[],"_link_adicional":null,"_anexos":null,"_produtos":null,"_vagas":"9 vagas + CR","_salario_min":"R$ 3269.72","_instituicao":"AG\u00caNCIA REGULADORA INTERMUNICIPAL DE SANEAMENTO DO ESTADO DE MATO GROSSO \u2013 ARIS-MT","_edital":"https:\/\/www.agrobase.com.br\/concursos\/wp-content\/uploads\/sites\/4\/2025\/05\/edital-01-2025-aris.pdf","_anexos_edital":"https:\/\/www.agrobase.com.br\/concursos\/wp-content\/uploads\/sites\/4\/2025\/05\/anexos-aris-mt.pdf","_fund_incompleto":"","_fund_completo":"","_medio":"<div>\r\n<table class=\"quadro\">\r\n<thead>\r\n<tr>\r\n<th class=\"hcargo\">Cargo<\/th>\r\n<th class=\"hvagas\">Vagas<\/th>\r\n<th class=\"hremuneracao\">Remunera\u00e7\u00e3o<\/th>\r\n<\/tr>\r\n<\/thead>\r\n    <tbody>\r\n      <td class=\"ccargos\">\r\n<span data-balloon-length=\"medium\" aria-label=\"Certificado devidamente registrado, acompanhado de hist\u00f3rico escolar, de conclus\u00e3o de Ensino M\u00e9dio, reconhecido por \u00f3rg\u00e3o competente.\" data-balloon-pos=\"up\">Assistente Administrativo<\/span><\/td>\r\n<td class=\"cvagas\">2 + CR<\/td>\r\n<td class=\"cremuneracao\">R$ 3.269,72 \/40h<\/td>\r\n<\/tr>\r\n    <\/tbody>\r\n  <\/table>\r\n<\/div>","_superior":"<div>\r\n<table class=\"quadro\">\r\n<thead>\r\n<tr>\r\n<th class=\"hcargo\">Cargo<\/th>\r\n<th class=\"hvagas\">Vagas<\/th>\r\n<th class=\"hremuneracao\">Remunera\u00e7\u00e3o<\/th>\r\n<\/tr>\r\n<\/thead>\r\n    <tbody>\r\n      <tr>\r\n<td class=\"ccargos\">\r\n<span data-balloon-length=\"medium\" aria-label=\"Diploma registrado ou certificado acompanhado de hist\u00f3rico escolar de conclus\u00e3o de curso de n\u00edvel superior em Engenharia Civil fornecido por institui\u00e7\u00e3o de ensino superior reconhecida pelo Minist\u00e9rio da Educa\u00e7\u00e3o (MEC), e registro no respectivo \u00f3rg\u00e3o de classe em situa\u00e7\u00e3o de regularidade.\" data-balloon-pos=\"up\">Analista de Fiscaliza\u00e7\u00e3o e Regula\u00e7\u00e3o\/\u00c1rea: Engenharia Civil<\/span><\/td>\r\n<td class=\"cvagas\">1 + CR<\/td>\r\n<td class=\"cremuneracao\">R$ 6.539,08 \/40h<\/td>\r\n<\/tr><tr>\r\n<td class=\"ccargos\">\r\n<span data-balloon-length=\"medium\" aria-label=\"Diploma registrado ou certificado acompanhado de hist\u00f3rico escolar de conclus\u00e3o de curso de n\u00edvel superior em Engenharia Sanit\u00e1ria e\/ou Ambiental fornecido por institui\u00e7\u00e3o de ensino superior reconhecida pelo Minist\u00e9rio da Educa\u00e7\u00e3o (MEC), e registro no respectivo \u00f3rg\u00e3o de classe em situa\u00e7\u00e3o de regularidade.\" data-balloon-pos=\"up\">Analista de Fiscaliza\u00e7\u00e3o e Regula\u00e7\u00e3o\/\u00c1rea: Engenharia Sanit\u00e1ria e\/ou Ambiental<\/span><\/td>\r\n<td class=\"cvagas\">1 + CR<\/td>\r\n<td class=\"cremuneracao\">R$ 6.539,08 \/40h<\/td>\r\n<\/tr><tr>\r\n<td class=\"ccargos\">\r\n<span data-balloon-length=\"medium\" aria-label=\"Diploma registrado ou certificado acompanhado de hist\u00f3rico escolar de conclus\u00e3o de curso de n\u00edvel superior em Biologia fornecido por institui\u00e7\u00e3o de ensino superior reconhecida pelo Minist\u00e9rio da Educa\u00e7\u00e3o (MEC), e registro no respectivo \u00f3rg\u00e3o de classe em situa\u00e7\u00e3o de regularidade.\" data-balloon-pos=\"up\">Analista de Fiscaliza\u00e7\u00e3o e Regula\u00e7\u00e3o\/\u00c1rea: Biologia<\/span><\/td>\r\n<td class=\"cvagas\">CR<\/td>\r\n<td class=\"cremuneracao\">R$ 3.985,77 \/40h<\/td>\r\n<\/tr><tr>\r\n<td class=\"ccargos\">\r\n<span data-balloon-length=\"medium\" aria-label=\"Diploma registrado ou certificado acompanhado de hist\u00f3rico escolar de conclus\u00e3o de curso de n\u00edvel superior em Qu\u00edmica fornecido por institui\u00e7\u00e3o de ensino superior reconhecida pelo Minist\u00e9rio da Educa\u00e7\u00e3o (MEC), e registro no respectivo \u00f3rg\u00e3o de classe em situa\u00e7\u00e3o de regularidade.\" data-balloon-pos=\"up\">Analista de Fiscaliza\u00e7\u00e3o e Regula\u00e7\u00e3o\/\u00c1rea: Qu\u00edmica<\/span><\/td>\r\n<td class=\"cvagas\">CR<\/td>\r\n<td class=\"cremuneracao\">R$ 3.985,77 \/40h<\/td>\r\n<\/tr><tr>\r\n<td class=\"ccargos\">\r\n<span data-balloon-length=\"medium\" aria-label=\"Diploma registrado ou certificado acompanhado de hist\u00f3rico escolar de conclus\u00e3o de curso de n\u00edvel superior em Administra\u00e7\u00e3o fornecido por institui\u00e7\u00e3o de ensino superior reconhecida pelo Minist\u00e9rio da Educa\u00e7\u00e3o (MEC), e registro no respectivo \u00f3rg\u00e3o de classe em situa\u00e7\u00e3o de regularidade.\" data-balloon-pos=\"up\">Analista de Fiscaliza\u00e7\u00e3o e Regula\u00e7\u00e3o\/\u00c1rea: Administra\u00e7\u00e3o<\/span><\/td>\r\n<td class=\"cvagas\">CR<\/td>\r\n<td class=\"cremuneracao\">R$ 6.539,08 \/40h<\/td>\r\n<\/tr><tr>\r\n<td class=\"ccargos\">\r\n<span data-balloon-length=\"medium\" aria-label=\"Diploma registrado ou certificado acompanhado de hist\u00f3rico escolar de conclus\u00e3o de curso de n\u00edvel superior em Ci\u00eancias Econ\u00f4micas fornecido por institui\u00e7\u00e3o de ensino superior reconhecida pelo Minist\u00e9rio da Educa\u00e7\u00e3o (MEC), e registro no respectivo \u00f3rg\u00e3o de classe em situa\u00e7\u00e3o de regularidade.\" data-balloon-pos=\"up\">Analista de Fiscaliza\u00e7\u00e3o e Regula\u00e7\u00e3o\/\u00c1rea: Ci\u00eancias Econ\u00f4micas<\/span><\/td>\r\n<td class=\"cvagas\">1 + CR<\/td>\r\n<td class=\"cremuneracao\">R$ 6.539,08 \/40h<\/td>\r\n<\/tr><tr>\r\n<td class=\"ccargos\">\r\n<span data-balloon-length=\"medium\" aria-label=\"Diploma registrado ou certificado acompanhado de hist\u00f3rico escolar de conclus\u00e3o de curso de n\u00edvel superior em Direito fornecido por institui\u00e7\u00e3o de ensino superior reconhecida pelo Minist\u00e9rio da Educa\u00e7\u00e3o (MEC), e registro no respectivo \u00f3rg\u00e3o de classe em situa\u00e7\u00e3o de regularidade.\" data-balloon-pos=\"up\">Advogado<\/span><\/td>\r\n<td class=\"cvagas\">1 + CR<\/td>\r\n<td class=\"cremuneracao\">R$ 6.539,08 \/40h<\/td>\r\n<\/tr><tr>\r\n<td class=\"ccargos\">\r\n<span data-balloon-length=\"medium\" aria-label=\"Diploma registrado ou certificado acompanhado de hist\u00f3rico escolar de conclus\u00e3o de curso de n\u00edvel superior em Ci\u00eancias Cont\u00e1beis fornecido por institui\u00e7\u00e3o de ensino superior reconhecida pelo Minist\u00e9rio da Educa\u00e7\u00e3o (MEC), e registro no respectivo \u00f3rg\u00e3o de classe em situa\u00e7\u00e3o de regularidade.\" data-balloon-pos=\"up\">Contador<\/span><\/td>\r\n<td class=\"cvagas\">1 + CR<\/td>\r\n<td class=\"cremuneracao\">R$ 6.539,08 \/40h<\/td>\r\n<\/tr><tr>\r\n<td class=\"ccargos\">\r\n<span data-balloon-length=\"medium\" aria-label=\"Diploma registrado ou certificado acompanhado de hist\u00f3rico escolar de conclus\u00e3o de curso de n\u00edvel superior em Administra\u00e7\u00e3o, Ci\u00eancias Cont\u00e1beis, Ci\u00eancias Econ\u00f4micas, Direito ou Gest\u00e3o P\u00fablica fornecido por institui\u00e7\u00e3o de ensino superior reconhecida pelo Minist\u00e9rio da Educa\u00e7\u00e3o (MEC).\" data-balloon-pos=\"up\">Controlador Interno<\/span><\/td>\r\n<td class=\"cvagas\">1 + CR<\/td>\r\n<td class=\"cremuneracao\">R$ 6.539,08 \/40h<\/td>\r\n<\/tr>\r\n    <\/tbody>\r\n  <\/table>\r\n<\/div>"},"_links":{"self":[{"href":"https:\/\/www.agrobase.com.br\/concursos\/wp-json\/wp\/v2\/posts\/265555","targetHints":{"allow":["GET"]}}],"collection":[{"href":"https:\/\/www.agrobase.com.br\/concursos\/wp-json\/wp\/v2\/posts"}],"about":[{"href":"https:\/\/www.agrobase.com.br\/concursos\/wp-json\/wp\/v2\/types\/post"}],"author":[{"embeddable":true,"href":"https:\/\/www.agrobase.com.br\/concursos\/wp-json\/wp\/v2\/users\/7"}],"replies":[{"embeddable":true,"href":"https:\/\/www.agrobase.com.br\/concursos\/wp-json\/wp\/v2\/comments?post=265555"}],"version-history":[{"count":5,"href":"https:\/\/www.agrobase.com.br\/concursos\/wp-json\/wp\/v2\/posts\/265555\/revisions"}],"predecessor-version":[{"id":265562,"href":"https:\/\/www.agrobase.com.br\/concursos\/wp-json\/wp\/v2\/posts\/265555\/revisions\/265562"}],"wp:featuredmedia":[{"embeddable":true,"href":"https:\/\/www.agrobase.com.br\/concursos\/wp-json\/wp\/v2\/media\/265554"}],"wp:attachment":[{"href":"https:\/\/www.agrobase.com.br\/concursos\/wp-json\/wp\/v2\/media?parent=265555"}],"wp:term":[{"taxonomy":"category","embeddable":true,"href":"https:\/\/www.agrobase.com.br\/concursos\/wp-json\/wp\/v2\/categories?post=265555"},{"taxonomy":"post_tag","embeddable":true,"href":"https:\/\/www.agrobase.com.br\/concursos\/wp-json\/wp\/v2\/tags?post=265555"},{"taxonomy":"_amplo","embeddable":true,"href":"https:\/\/www.agrobase.com.br\/concursos\/wp-json\/wp\/v2\/_amplo?post=265555"},{"taxonomy":"destaque","embeddable":true,"href":"https:\/\/www.agrobase.com.br\/concursos\/wp-json\/wp\/v2\/destaque?post=265555"},{"taxonomy":"instituicoes","embeddable":true,"href":"https:\/\/www.agrobase.com.br\/concursos\/wp-json\/wp\/v2\/instituicoes?post=265555"}],"curies":[{"name":"wp","href":"https:\/\/api.w.org\/{rel}","templated":true}]}}