{"id":265306,"date":"2025-06-26T08:10:19","date_gmt":"2025-06-26T11:10:19","guid":{"rendered":"https:\/\/www.agrobase.com.br\/concursos\/?p=265306"},"modified":"2025-06-26T10:20:35","modified_gmt":"2025-06-26T13:20:35","slug":"prefeitura-jenipapo-dos-vieiras-ma-concurso-001-2025","status":"publish","type":"post","link":"https:\/\/www.agrobase.com.br\/concursos\/2025\/prefeitura-jenipapo-dos-vieiras-ma-concurso-001-2025\/","title":{"rendered":"Prefeitura Jenipapo dos Vieiras (MA) &#8211; Concurso 001\/2025 [prorrogado]"},"content":{"rendered":"<h2>Informa\u00e7\u00f5es Gerais<\/h2>\n<p>A Prefeitura Municipal de Jenipapo dos Vieiras, no Estado do Maranh\u00e3o, publicou o edital N\u00b0 001\/2025 do seu Concurso P\u00fablico, organizado pela Funda\u00e7\u00e3o de Apoio Tecnol\u00f3gico \u2013 FUNATEC. O certame visa o preenchimento de <strong>72 vagas imediatas<\/strong>, al\u00e9m da forma\u00e7\u00e3o de cadastro de reserva, para cargos de n\u00edveis fundamental, m\u00e9dio\/t\u00e9cnico e superior. As contrata\u00e7\u00f5es ser\u00e3o realizadas sob o regime estatut\u00e1rio, garantindo estabilidade aos aprovados.<\/p>\n<p>As oportunidades abrangem diversas \u00e1reas de atua\u00e7\u00e3o, incluindo administrativa, operacional (como auxiliar de servi\u00e7os gerais e motorista), educa\u00e7\u00e3o (com vagas para professores de diversas disciplinas e orientador pedag\u00f3gico) e sa\u00fade. Destacamos a presen\u00e7a de vagas para <strong>Nutricionista<\/strong> e para Professor de Ci\u00eancias, \u00e1rea que contempla profissionais com forma\u00e7\u00e3o em <strong>Ci\u00eancias Biol\u00f3gicas<\/strong>.<\/p>\n<p>Este concurso representa uma excelente oportunidade para ingressar no servi\u00e7o p\u00fablico municipal. Continue a leitura para obter informa\u00e7\u00f5es detalhadas sobre o processo de inscri\u00e7\u00e3o, as etapas da sele\u00e7\u00e3o e como acompanhar os resultados.<\/p>\n<h2>Inscri\u00e7\u00f5es<\/h2>\n<p>As inscri\u00e7\u00f5es para o Concurso P\u00fablico da Prefeitura Municipal de Jenipapo dos Vieiras &#8211; MA ser\u00e3o realizadas <strong>exclusivamente pela internet<\/strong>, atrav\u00e9s do site oficial da banca organizadora, FUNATEC. No per\u00edodo de <del datetime=\"2025-06-25T18:13:58+00:00\">28 de abril de 2025 a 28 de maio de 2025<\/del><strong>08 de julho de 2025 e 08 de agosto de 2025<\/strong>, dispon\u00edvel no Anexo I do edital e no portal da FUNATEC.<\/p>\n<p>Os valores das taxas de inscri\u00e7\u00e3o foram definidos de acordo com o n\u00edvel de escolaridade do cargo pretendido:<\/p>\n<ul>\n<li>N\u00edvel Fundamental: <strong>R$ 75,00<\/strong><\/li>\n<li>N\u00edvel M\u00e9dio: <strong>R$ 90,00<\/strong><\/li>\n<li>N\u00edvel Superior: <strong>R$ 110,00<\/strong><\/li>\n<\/ul>\n<p>Para efetivar a inscri\u00e7\u00e3o, o candidato dever\u00e1 preencher o formul\u00e1rio de solicita\u00e7\u00e3o no site da FUNATEC, gerar o boleto banc\u00e1rio e realizar o pagamento da taxa correspondente at\u00e9 a data limite estabelecida no cronograma. A confirma\u00e7\u00e3o da inscri\u00e7\u00e3o ocorrer\u00e1 ap\u00f3s o processamento do pagamento pela institui\u00e7\u00e3o banc\u00e1ria. \u00c9 importante ressaltar que o edital n\u00e3o detalha procedimentos para solicita\u00e7\u00e3o de isen\u00e7\u00e3o da taxa de inscri\u00e7\u00e3o no trecho analisado.<\/p>\n<p>Os candidatos poder\u00e3o acompanhar a divulga\u00e7\u00e3o da rela\u00e7\u00e3o de inscri\u00e7\u00f5es deferidas diretamente no site da FUNATEC, conforme as datas previstas no cronograma. Recomenda-se a leitura atenta e completa do edital para pleno conhecimento de todas as normas e prazos.<\/p>\n<h2>Etapas e Provas<\/h2>\n<p>O Concurso P\u00fablico da Prefeitura Municipal de Jenipapo dos Vieiras &#8211; MA ser\u00e1 composto por diferentes etapas, elaboradas para avaliar os conhecimentos e habilidades dos candidatos. As etapas s\u00e3o as seguintes:<\/p>\n<ul>\n<li><strong>Prova Objetiva:<\/strong> De car\u00e1ter <em>eliminat\u00f3rio e classificat\u00f3rio<\/em>, esta etapa ser\u00e1 aplicada a todos os candidatos, independentemente do cargo, na data de <del datetime=\"2025-06-25T18:13:58+00:00\">27 de julho de 2025<\/del><strong>14 e 21 de setembro de 2025<\/strong>. A prova consistir\u00e1 em 40 quest\u00f5es de m\u00faltipla escolha, com quatro alternativas cada, sendo apenas uma correta. A dura\u00e7\u00e3o m\u00e1xima ser\u00e1 de 3 horas. As disciplinas cobradas, comuns a todos os n\u00edveis de escolaridade, s\u00e3o:\n<ul>\n<li>L\u00edngua Portuguesa (10 quest\u00f5es, peso 1)<\/li>\n<li>Racioc\u00ednio L\u00f3gico e Matem\u00e1tico (5 quest\u00f5es, peso 1)<\/li>\n<li>Legisla\u00e7\u00e3o e Conhecimentos Gerais (5 quest\u00f5es, peso 1)<\/li>\n<li>Conhecimentos Espec\u00edficos do cargo (20 quest\u00f5es, peso 2)<\/li>\n<\/ul>\n<p>Para ser considerado classificado, o candidato dever\u00e1 obter no m\u00ednimo 24 pontos em Conhecimentos Espec\u00edficos e 10 pontos nas disciplinas de conhecimentos b\u00e1sicos, sem obter nota zero em nenhuma delas.<\/li>\n<li><strong>Prova de T\u00edtulos:<\/strong> Esta etapa, de car\u00e1ter <em>classificat\u00f3rio<\/em>, ser\u00e1 exclusiva para os candidatos aos cargos de Professor que forem aprovados e classificados na Prova Objetiva, dentro do limite de duas vezes o n\u00famero de vagas ofertadas. Os t\u00edtulos dever\u00e3o ser enviados em c\u00f3pias autenticadas por e-mail (concurso.jv@funatec.org.br), conforme as especifica\u00e7\u00f5es e prazos do cronograma. A pontua\u00e7\u00e3o ser\u00e1 atribu\u00edda da seguinte forma:\n<ul>\n<li>Doutorado: 3,00 pontos<\/li>\n<li>Mestrado: 2,00 pontos<\/li>\n<li>Especializa\u00e7\u00e3o (m\u00ednimo de 360 horas): 1,00 ponto<\/li>\n<\/ul>\n<\/li>\n<\/ul>\n<p>\u00c9 fundamental que os candidatos consultem o edital completo para obter informa\u00e7\u00f5es detalhadas sobre o conte\u00fado program\u00e1tico de cada disciplina, as regras espec\u00edficas de cada etapa e o cronograma completo do certame.<\/p>\n<h2>Resultados e Gabarito<\/h2>\n<p>A divulga\u00e7\u00e3o dos resultados do Concurso P\u00fablico da Prefeitura Municipal de Jenipapo dos Vieiras &#8211; MA seguir\u00e1 um cronograma estabelecido pela banca organizadora, FUNATEC. O gabarito preliminar da Prova Objetiva, juntamente com os cadernos de quest\u00f5es, ser\u00e1 disponibilizado no site da FUNATEC na data de <strong>15 ou 22 de setembro de 2025<\/strong>, um dia ap\u00f3s a aplica\u00e7\u00e3o da prova, conforme informado no cronograma oficial.<\/p>\n<p>Ap\u00f3s a an\u00e1lise de eventuais recursos, ser\u00e1 publicado o resultado definitivo da Prova Objetiva e, para os cargos de Professor, o resultado da Prova de T\u00edtulos. A lista de inscri\u00e7\u00f5es deferidas tamb\u00e9m ser\u00e1 divulgada no portal da banca. Os candidatos ser\u00e3o classificados em ordem decrescente da nota final. Em caso de empate, os crit\u00e9rios de desempate seguir\u00e3o a seguinte ordem: maior idade (para candidatos com 60 anos ou mais), maior pontua\u00e7\u00e3o em Conhecimentos Espec\u00edficos, maior pontua\u00e7\u00e3o em L\u00edngua Portuguesa, maior idade (para os demais casos) e, por fim, exerc\u00edcio efetivo da fun\u00e7\u00e3o de jurado.<\/p>\n<p>O resultado final do concurso ser\u00e1 homologado pela Prefeitura Municipal de Jenipapo dos Vieiras &#8211; MA e publicado na Imprensa Oficial e no endere\u00e7o eletr\u00f4nico da FUNATEC, a partir do dia <del datetime=\"2025-06-25T18:13:58+00:00\">03 de outubro de 2025<\/del><strong>05 de dezembro de 2025<\/strong>. A convoca\u00e7\u00e3o dos aprovados ocorrer\u00e1 de acordo com a necessidade e conveni\u00eancia da Prefeitura, dentro do prazo de validade do concurso. Os candidatos dever\u00e3o acompanhar as publica\u00e7\u00f5es dos editais de convoca\u00e7\u00e3o, que ser\u00e3o de responsabilidade da Prefeitura, e manter seus dados cadastrais atualizados.<\/p>\n<p>Ressaltamos que o acompanhamento de todas as publica\u00e7\u00f5es oficiais, incluindo cronogramas, resultados e convoca\u00e7\u00f5es, no site da FUNATEC e nos meios oficiais de comunica\u00e7\u00e3o da Prefeitura, \u00e9 de responsabilidade exclusiva do candidato.<\/p>\n","protected":false},"excerpt":{"rendered":"<p>Concurso Pref. Jenipapo dos Vieiras (MA) com edital publicado! Vagas p\/ Professores e Pedagogo (Fund. a Sup.). Sal\u00e1rios at\u00e9 R$ 2.8k. Confira detalhes!<\/p>\n","protected":false},"author":7,"featured_media":265332,"comment_status":"open","ping_status":"open","sticky":false,"template":"","format":"standard","meta":{"_acf_changed":false,"_breakdance_hide_in_design_set":false,"_breakdance_tags":"","footnotes":""},"categories":[6433,6434,12,18,111,100,20,116,23,24,25,26,101],"tags":[49],"_amplo":[],"destaque":[],"instituicoes":[],"class_list":["post-265306","post","type-post","status-publish","format-standard","has-post-thumbnail","hentry","category-biologia-licenciatura","category-educacao-fisica-licenciatura","category-enfermagem","category-fisioterapia","category-geografia","category-historia","category-letras","category-matematica","category-nutricao","category-odontologia","category-pedagogia","category-psicologia","category-servico-social","tag-maranhao"],"acf":{"_tipo_vagas":"vagas","_numero_vagas":"","_quadro_vagas":"","_cargos":"diversos","_cargos_especificos":"","_salario_max":"R$ 2895.19","_abertura":"20250708","_encerramento":"20250808","_inscricoes":"https:\/\/www.funatec.org.br\/","_executora_concurso":"","_instituicao_concurso":[],"_link_adicional":null,"_anexos":[{"_arquivo_anexo":267787,"_titulo_anexo":"Cronograma Atualizado"}],"_produtos":null,"_vagas":"72 vagas + CR","_salario_min":"R$ 1518","_instituicao":"Prefeitura Municipal de Jenipapo dos Vieiras - MA","_edital":"https:\/\/www.agrobase.com.br\/concursos\/wp-content\/uploads\/sites\/4\/2025\/05\/edital-001-2025-jenipapo-dos-vieiras-ma.pdf","_anexos_edital":"https:\/\/www.agrobase.com.br\/concursos\/wp-content\/uploads\/sites\/4\/2025\/05\/anexos-jenipapo.pdf","_fund_incompleto":"","_fund_completo":"<div>\r\n<table class=\"quadro\">\r\n<thead>\r\n<tr>\r\n<th class=\"hcargo\">Cargo<\/th>\r\n<th class=\"hvagas\">Vagas<\/th>\r\n<th class=\"hremuneracao\">Remunera\u00e7\u00e3o<\/th>\r\n<\/tr>\r\n<\/thead>\r\n    <tbody>\r\n      <td class=\"ccargos\">\r\n<span data-balloon-length=\"medium\" aria-label=\"Ensino Fundamental Completo\" data-balloon-pos=\"up\">VIGIA<\/span><\/td>\r\n<td class=\"cvagas\">4 + CR<\/td>\r\n<td class=\"cremuneracao\">R$ 1.518,00 \/40h<\/td>\r\n<\/tr><td class=\"ccargos\">\r\n<span data-balloon-length=\"medium\" aria-label=\"Ensino Fundamental Completo\" data-balloon-pos=\"up\">AUXILIAR DE SERVI\u00c7OS GERAIS<\/span><\/td>\r\n<td class=\"cvagas\">5 + CR<\/td>\r\n<td class=\"cremuneracao\">R$ 1.518,00 \/40h<\/td>\r\n<\/tr><td class=\"ccargos\">\r\n<span data-balloon-length=\"medium\" aria-label=\"Ensino Fundamental Completo\" data-balloon-pos=\"up\">AUXILIAR DE SERVI\u00c7OS GERAIS<\/span><\/td>\r\n<td class=\"cvagas\">1 + CR<\/td>\r\n<td class=\"cremuneracao\">R$ 1.518,00 \/40h<\/td>\r\n<\/tr><td class=\"ccargos\">\r\n<span data-balloon-length=\"medium\" aria-label=\"Ensino Fundamental Completo\" data-balloon-pos=\"up\">VIGIA<\/span><\/td>\r\n<td class=\"cvagas\">1 + CR<\/td>\r\n<td class=\"cremuneracao\">R$ 1.518,00 \/40h<\/td>\r\n<\/tr><td class=\"ccargos\">\r\n<span data-balloon-length=\"medium\" aria-label=\"Ensino Fundamental Completo\" data-balloon-pos=\"up\">AUXILIAR DE SERVI\u00c7OS GERAIS<\/span><\/td>\r\n<td class=\"cvagas\">1 + CR<\/td>\r\n<td class=\"cremuneracao\">R$ 1.518,00 \/40h<\/td>\r\n<\/tr>\r\n    <\/tbody>\r\n  <\/table>\r\n<\/div>","_medio":"<div>\r\n<table class=\"quadro\">\r\n<thead>\r\n<tr>\r\n<th class=\"hcargo\">Cargo<\/th>\r\n<th class=\"hvagas\">Vagas<\/th>\r\n<th class=\"hremuneracao\">Remunera\u00e7\u00e3o<\/th>\r\n<\/tr>\r\n<\/thead>\r\n    <tbody>\r\n      <td class=\"ccargos\">\r\n<span data-balloon-length=\"medium\" aria-label=\"Ensino M\u00e9dio Completo\" data-balloon-pos=\"up\">AGENTE ADMINISTRATIVO<\/span><\/td>\r\n<td class=\"cvagas\">2 + CR<\/td>\r\n<td class=\"cremuneracao\">R$ 1.518,00 \/40h<\/td>\r\n<\/tr><td class=\"ccargos\">\r\n<span data-balloon-length=\"medium\" aria-label=\"Ensino M\u00e9dio Completo e CNH Categoria D ou superior\" data-balloon-pos=\"up\">MOTORISTA CAT. D<\/span><\/td>\r\n<td class=\"cvagas\">5 + CR<\/td>\r\n<td class=\"cremuneracao\">R$ 1.518,00 \/40h<\/td>\r\n<\/tr><td class=\"ccargos\">\r\n<span data-balloon-length=\"medium\" aria-label=\"Ensino M\u00e9dio Completo\" data-balloon-pos=\"up\">AGENTE ADMINISTRATIVO<\/span><\/td>\r\n<td class=\"cvagas\">1 + CR<\/td>\r\n<td class=\"cremuneracao\">R$ 1.518,00 \/40h<\/td>\r\n<\/tr><td class=\"ccargos\">\r\n<span data-balloon-length=\"medium\" aria-label=\"Ensino M\u00e9dio Completo e CNH de categoria B ou superior\" data-balloon-pos=\"up\">MOTORISTA<\/span><\/td>\r\n<td class=\"cvagas\">1 + CR<\/td>\r\n<td class=\"cremuneracao\">R$ 1.518,00 \/40h<\/td>\r\n<\/tr><td class=\"ccargos\">\r\n<span data-balloon-length=\"medium\" aria-label=\"Ensino M\u00e9dio Completo e certificado de curso de digita\u00e7\u00e3o avan\u00e7ada\" data-balloon-pos=\"up\">DIGITADOR<\/span><\/td>\r\n<td class=\"cvagas\">1 + CR<\/td>\r\n<td class=\"cremuneracao\">R$ 1.518,00 \/40h<\/td>\r\n<\/tr>\r\n    <\/tbody>\r\n  <\/table>\r\n<\/div>","_superior":"<div>\r\n<table class=\"quadro\">\r\n<thead>\r\n<tr>\r\n<th class=\"hcargo\">Cargo<\/th>\r\n<th class=\"hvagas\">Vagas<\/th>\r\n<th class=\"hremuneracao\">Remunera\u00e7\u00e3o<\/th>\r\n<\/tr>\r\n<\/thead>\r\n    <tbody>\r\n      <tr>\r\n<td class=\"ccargos\">\r\n<span data-balloon-length=\"medium\" aria-label=\"Ensino Superior em Psicologia e Registro no Conselho Competente\" data-balloon-pos=\"up\">PSICOLOGO<\/span><\/td>\r\n<td class=\"cvagas\">1 + CR<\/td>\r\n<td class=\"cremuneracao\">R$ 2.631,99 \/30h<\/td>\r\n<\/tr><tr>\r\n<td class=\"ccargos\">\r\n<span data-balloon-length=\"medium\" aria-label=\"Ensino Superior em Assist\u00eancia Social e Registro no Conselho Competente\" data-balloon-pos=\"up\">ASSISTENTE SOCIAL<\/span><\/td>\r\n<td class=\"cvagas\">1 + CR<\/td>\r\n<td class=\"cremuneracao\">R$ 2.631,99 \/40h<\/td>\r\n<\/tr><tr>\r\n<td class=\"ccargos\">\r\n<span data-balloon-length=\"medium\" aria-label=\"Ensino Superior em Nutri\u00e7\u00e3o e Registro no Conselho Competente\" data-balloon-pos=\"up\">NUTRICIONISTA<\/span><\/td>\r\n<td class=\"cvagas\">1 + CR<\/td>\r\n<td class=\"cremuneracao\">R$ 2.631,99 \/40h<\/td>\r\n<\/tr><tr>\r\n<td class=\"ccargos\">\r\n<span data-balloon-length=\"medium\" aria-label=\"Licenciatura Plena em Pedagogia com habilita\u00e7\u00e3o espec\u00edfica em Orienta\u00e7\u00e3o Educacional ou Mestrado\/Doutorado em Educa\u00e7\u00e3o + 6 anos de doc\u00eancia\" data-balloon-pos=\"up\">ORIENTADOR PEDAG\u00d3GICO<\/span><\/td>\r\n<td class=\"cvagas\">5 + CR<\/td>\r\n<td class=\"cremuneracao\">R$ 2.895,16 \/20h<\/td>\r\n<\/tr><tr>\r\n<td class=\"ccargos\">\r\n<span data-balloon-length=\"medium\" aria-label=\"Licenciatura Plena em Pedagogia\" data-balloon-pos=\"up\">PROFESSOR DE EDUCA\u00c7\u00c3O INFANTIL<\/span><\/td>\r\n<td class=\"cvagas\">10 + CR<\/td>\r\n<td class=\"cremuneracao\">R$ 2.631,99 \/20h<\/td>\r\n<\/tr><tr>\r\n<td class=\"ccargos\">\r\n<span data-balloon-length=\"medium\" aria-label=\"Licenciatura Plena em Pedagogia\" data-balloon-pos=\"up\">PROFESSOR DE ENSINO FUNDAMENTAL SERIES INICIAIS<\/span><\/td>\r\n<td class=\"cvagas\">10 + CR<\/td>\r\n<td class=\"cremuneracao\">R$ 2.895,19 \/20h<\/td>\r\n<\/tr><tr>\r\n<td class=\"ccargos\">\r\n<span data-balloon-length=\"medium\" aria-label=\"Licenciatura Plena em Matem\u00e1tica\" data-balloon-pos=\"up\">PROFESSOR DE ENSINO FUNDAMENTAL - MATEM\u00c1TICA<\/span><\/td>\r\n<td class=\"cvagas\">5 + CR<\/td>\r\n<td class=\"cremuneracao\">R$ 2.895,19 \/20h<\/td>\r\n<\/tr><tr>\r\n<td class=\"ccargos\">\r\n<span data-balloon-length=\"medium\" aria-label=\"Licenciatura Plena em Ci\u00eancias Biol\u00f3gicas, F\u00edsica ou Qu\u00edmica\" data-balloon-pos=\"up\">PROFESSOR DE ENSINO FUNDAMENTAL - CI\u00caNCIAS<\/span><\/td>\r\n<td class=\"cvagas\">5 + CR<\/td>\r\n<td class=\"cremuneracao\">R$ 2.895,19 \/20h<\/td>\r\n<\/tr><tr>\r\n<td class=\"ccargos\">\r\n<span data-balloon-length=\"medium\" aria-label=\"Licenciatura Plena em Letras com Habilita\u00e7\u00e3o em L\u00edngua Portuguesa\" data-balloon-pos=\"up\">PROFESSOR DE ENSINO FUNDAMENTAL LETRAS<\/span><\/td>\r\n<td class=\"cvagas\">5 + CR<\/td>\r\n<td class=\"cremuneracao\">R$ 2.895,19 \/20h<\/td>\r\n<\/tr><tr>\r\n<td class=\"ccargos\">\r\n<span data-balloon-length=\"medium\" aria-label=\"Licenciatura Plena em Educa\u00e7\u00e3o F\u00edsica\" data-balloon-pos=\"up\">PROFESSOR DE ENSINO FUNDAMENTAL DE EDUCA\u00c7\u00c3O F\u00cdSICA<\/span><\/td>\r\n<td class=\"cvagas\">1 + CR<\/td>\r\n<td class=\"cremuneracao\">R$ 2.895,19 \/20h<\/td>\r\n<\/tr><tr>\r\n<td class=\"ccargos\">\r\n<span data-balloon-length=\"medium\" aria-label=\"Licenciatura Plena em Geografia\" data-balloon-pos=\"up\">PROFESSOR DE ENSINO FUNDAMENTAL DE GEOGRAFIA<\/span><\/td>\r\n<td class=\"cvagas\">1 + CR<\/td>\r\n<td class=\"cremuneracao\">R$ 2.895,19 \/20h<\/td>\r\n<\/tr><tr>\r\n<td class=\"ccargos\">\r\n<span data-balloon-length=\"medium\" aria-label=\"Licenciatura Plena em Hist\u00f3ria\" data-balloon-pos=\"up\">PROFESSOR DE ENSINO FUNDAMENTAL HIST\u00d3RIA<\/span><\/td>\r\n<td class=\"cvagas\">1 + CR<\/td>\r\n<td class=\"cremuneracao\">R$ 2.895,19 \/20h<\/td>\r\n<\/tr><tr>\r\n<td class=\"ccargos\">\r\n<span data-balloon-length=\"medium\" aria-label=\"Ensino Superior em Servi\u00e7o Social e Registro no Conselho Competente\" data-balloon-pos=\"up\">ASSISTENTE SOCIAL<\/span><\/td>\r\n<td class=\"cvagas\">1 + CR<\/td>\r\n<td class=\"cremuneracao\">R$ 2.631,99 \/30h<\/td>\r\n<\/tr><tr>\r\n<td class=\"ccargos\">\r\n<span data-balloon-length=\"medium\" aria-label=\"Ensino Superior em Fisioterapia e Registro no Conselho Competente\" data-balloon-pos=\"up\">FISIOTERAPEUTA<\/span><\/td>\r\n<td class=\"cvagas\">1 + CR<\/td>\r\n<td class=\"cremuneracao\">R$ 2.802,00 \/40h<\/td>\r\n<\/tr><tr>\r\n<td class=\"ccargos\">\r\n<span data-balloon-length=\"medium\" aria-label=\"Ensino Superior em Nutri\u00e7\u00e3o e Registro no Conselho Competente\" data-balloon-pos=\"up\">NUTRICIONISTA<\/span><\/td>\r\n<td class=\"cvagas\">1 + CR<\/td>\r\n<td class=\"cremuneracao\">R$ 2.631,99 \/40h<\/td>\r\n<\/tr><tr>\r\n<td class=\"ccargos\">\r\n<span data-balloon-length=\"medium\" aria-label=\"Ensino Superior em Odontologia e Registro no Conselho Competente\" data-balloon-pos=\"up\">ODONTOLOGO<\/span><\/td>\r\n<td class=\"cvagas\">1 + CR<\/td>\r\n<td class=\"cremuneracao\">R$ 2.802,00 \/40h<\/td>\r\n<\/tr><tr>\r\n<td class=\"ccargos\">\r\n<span data-balloon-length=\"medium\" aria-label=\"Ensino Superior em Enfermagem e Registro no Conselho Competente\" data-balloon-pos=\"up\">ENFERMEIRO<\/span><\/td>\r\n<td class=\"cvagas\">1 + CR<\/td>\r\n<td class=\"cremuneracao\">R$ 2.802,00 \/40h<\/td>\r\n<\/tr>\r\n    <\/tbody>\r\n  <\/table>\r\n<\/div>"},"_links":{"self":[{"href":"https:\/\/www.agrobase.com.br\/concursos\/wp-json\/wp\/v2\/posts\/265306","targetHints":{"allow":["GET"]}}],"collection":[{"href":"https:\/\/www.agrobase.com.br\/concursos\/wp-json\/wp\/v2\/posts"}],"about":[{"href":"https:\/\/www.agrobase.com.br\/concursos\/wp-json\/wp\/v2\/types\/post"}],"author":[{"embeddable":true,"href":"https:\/\/www.agrobase.com.br\/concursos\/wp-json\/wp\/v2\/users\/7"}],"replies":[{"embeddable":true,"href":"https:\/\/www.agrobase.com.br\/concursos\/wp-json\/wp\/v2\/comments?post=265306"}],"version-history":[{"count":9,"href":"https:\/\/www.agrobase.com.br\/concursos\/wp-json\/wp\/v2\/posts\/265306\/revisions"}],"predecessor-version":[{"id":267788,"href":"https:\/\/www.agrobase.com.br\/concursos\/wp-json\/wp\/v2\/posts\/265306\/revisions\/267788"}],"wp:featuredmedia":[{"embeddable":true,"href":"https:\/\/www.agrobase.com.br\/concursos\/wp-json\/wp\/v2\/media\/265332"}],"wp:attachment":[{"href":"https:\/\/www.agrobase.com.br\/concursos\/wp-json\/wp\/v2\/media?parent=265306"}],"wp:term":[{"taxonomy":"category","embeddable":true,"href":"https:\/\/www.agrobase.com.br\/concursos\/wp-json\/wp\/v2\/categories?post=265306"},{"taxonomy":"post_tag","embeddable":true,"href":"https:\/\/www.agrobase.com.br\/concursos\/wp-json\/wp\/v2\/tags?post=265306"},{"taxonomy":"_amplo","embeddable":true,"href":"https:\/\/www.agrobase.com.br\/concursos\/wp-json\/wp\/v2\/_amplo?post=265306"},{"taxonomy":"destaque","embeddable":true,"href":"https:\/\/www.agrobase.com.br\/concursos\/wp-json\/wp\/v2\/destaque?post=265306"},{"taxonomy":"instituicoes","embeddable":true,"href":"https:\/\/www.agrobase.com.br\/concursos\/wp-json\/wp\/v2\/instituicoes?post=265306"}],"curies":[{"name":"wp","href":"https:\/\/api.w.org\/{rel}","templated":true}]}}