{"id":265301,"date":"2025-05-07T08:30:17","date_gmt":"2025-05-07T11:30:17","guid":{"rendered":"https:\/\/www.agrobase.com.br\/concursos\/?p=265301"},"modified":"2025-05-07T12:43:59","modified_gmt":"2025-05-07T15:43:59","slug":"prefeitura-jabora-sc-selecao-publica-01-2025","status":"publish","type":"post","link":"https:\/\/www.agrobase.com.br\/concursos\/2025\/prefeitura-jabora-sc-selecao-publica-01-2025\/","title":{"rendered":"Prefeitura Jabor\u00e1 (SC) &#8211; Sele\u00e7\u00e3o P\u00fablica 01\/2025"},"content":{"rendered":"<h2>Informa\u00e7\u00f5es Gerais<\/h2>\n<p>A Prefeitura Municipal de Jabor\u00e1, em Santa Catarina, publicou o edital n\u00ba 01\/2025 para seu novo Processo Seletivo, organizado pela AMAUC &#8211; Associa\u00e7\u00e3o de Munic\u00edpios do Alto Uruguai Catarinense. O certame, com inscri\u00e7\u00f5es previstas para iniciar em breve, visa o provimento de cargos em car\u00e1ter tempor\u00e1rio e a forma\u00e7\u00e3o de cadastro de reserva para o quadro de pessoal do munic\u00edpio. As oportunidades abrangem diversos n\u00edveis de escolaridade: alfabetizado, fundamental, m\u00e9dio, t\u00e9cnico e superior. O regime de contrata\u00e7\u00e3o ser\u00e1 predominantemente Estatut\u00e1rio, conforme a Lei Complementar Municipal n\u00b0058\/2001, com regime espec\u00edfico (CLT e Estatut\u00e1rio municipal) para os cargos de Agente Comunit\u00e1rio de Sa\u00fade e Agente de Combate a Endemias. H\u00e1 vagas em \u00e1reas como administrativa, operacional, sa\u00fade e educa\u00e7\u00e3o.<\/p>\n<p>Para os profissionais das \u00e1reas de ci\u00eancias agr\u00e1rias e biol\u00f3gicas, este processo seletivo oferece oportunidades para <strong>T\u00e9cnico de Agropecu\u00e1ria<\/strong> (n\u00edvel t\u00e9cnico) e <strong>Professor de Ci\u00eancias<\/strong> (n\u00edvel superior, com habilita\u00e7\u00e3o em Biologia). Se voc\u00ea busca uma coloca\u00e7\u00e3o no servi\u00e7o p\u00fablico catarinense e possui forma\u00e7\u00e3o nessas ou em outras \u00e1reas contempladas, continue a leitura para conhecer os detalhes sobre inscri\u00e7\u00f5es, etapas e como acompanhar os resultados.<\/p>\n<h2>Inscri\u00e7\u00f5es<\/h2>\n<p>As inscri\u00e7\u00f5es para o Processo Seletivo da Prefeitura de Jabor\u00e1\/SC est\u00e3o com per\u00edodo de realiza\u00e7\u00e3o previsto entre <strong>29 de abril de 2025 e 28 de maio de 2025<\/strong>. Os interessados dever\u00e3o se inscrever exclusivamente pela internet, atrav\u00e9s dos endere\u00e7os eletr\u00f4nicos <a href=\"https:\/\/amauc.selecao.net.br\/\" target=\"_blank\" rel=\"noopener noreferrer\">https:\/\/amauc.selecao.net.br\/<\/a> ou <a href=\"http:\/\/www.jabora.sc.gov.br\" target=\"_blank\" rel=\"noopener noreferrer\">www.jabora.sc.gov.br<\/a>. O munic\u00edpio disponibilizar\u00e1 um computador com acesso \u00e0 internet na Casa da Cidadania durante o per\u00edodo de inscri\u00e7\u00f5es, no hor\u00e1rio de funcionamento das atividades administrativas, para auxiliar os candidatos que necessitarem.<\/p>\n<p>Ap\u00f3s preencher o formul\u00e1rio de inscri\u00e7\u00e3o online, o candidato dever\u00e1 imprimir o boleto banc\u00e1rio referente \u00e0 taxa de inscri\u00e7\u00e3o e efetuar o pagamento at\u00e9 o dia <strong>29 de maio de 2025<\/strong>, respeitando os hor\u00e1rios banc\u00e1rios. A compensa\u00e7\u00e3o do boleto tamb\u00e9m deve ocorrer at\u00e9 esta data. \u00c9 fundamental que o candidato leia atentamente o edital, preencha corretamente todos os dados e mantenha o comprovante de inscri\u00e7\u00e3o e de pagamento em seu poder. N\u00e3o ser\u00e3o aceitas inscri\u00e7\u00f5es por outros meios e, uma vez efetivada, n\u00e3o ser\u00e1 permitida altera\u00e7\u00e3o do cargo escolhido. O edital n\u00e3o detalha valores de taxa de inscri\u00e7\u00e3o por n\u00edvel ou procedimentos para solicita\u00e7\u00e3o de isen\u00e7\u00e3o da taxa. Recomenda-se a leitura integral do edital para pleno conhecimento de todas as normas e condi\u00e7\u00f5es.<\/p>\n<h2>Etapas e Provas<\/h2>\n<p>O Processo Seletivo do Munic\u00edpio de Jabor\u00e1\/SC ser\u00e1 composto por diferentes etapas, variando conforme o cargo pretendido:<\/p>\n<ul>\n<li><strong>Prova Escrita Objetiva:<\/strong> Obrigat\u00f3ria para todos os cargos, de car\u00e1ter eliminat\u00f3rio e classificat\u00f3rio. Ser\u00e1 composta por 20 quest\u00f5es de m\u00faltipla escolha (com 5 alternativas cada) e ter\u00e1 dura\u00e7\u00e3o de 2 horas. A pontua\u00e7\u00e3o varia: de 0 a 3,00 pontos para cargos de n\u00edvel fundamental com prova pr\u00e1tica; de 0 a 8,00 pontos para cargos de n\u00edvel superior com prova de t\u00edtulos (Professores); e de 0 a 10,00 pontos para os demais cargos (n\u00edvel alfabetizado, m\u00e9dio e superior que realizam apenas prova escrita). A prova abordar\u00e1 conhecimentos gerais e espec\u00edficos, conforme o conte\u00fado program\u00e1tico do edital. A aplica\u00e7\u00e3o est\u00e1 prevista para o dia <strong>15 de junho de 2025<\/strong>.<\/li>\n<li><strong>Prova Pr\u00e1tica:<\/strong> De car\u00e1ter eliminat\u00f3rio e classificat\u00f3rio, destinada aos candidatos aos cargos de Motorista, Operador de M\u00e1quinas Agr\u00edcolas e Operador de M\u00e1quinas Pesadas que participarem da prova escrita, independentemente da nota obtida nesta. A prova pr\u00e1tica avaliar\u00e1 os conhecimentos e habilidades dos candidatos na execu\u00e7\u00e3o das atribui\u00e7\u00f5es do cargo, com nota de 0 a 7,00 pontos. Ser\u00e1 considerado aprovado no certame o candidato que, na soma das notas da prova escrita e pr\u00e1tica, atingir no m\u00ednimo 3,00 pontos. A prova pr\u00e1tica est\u00e1 prevista para <strong>22 de junho de 2025<\/strong>.<\/li>\n<li><strong>Prova de T\u00edtulos:<\/strong> Exclusiva para os candidatos aos cargos de Professor (todas as \u00e1reas), Professor de Matem\u00e1tica, Professor de Ci\u00eancias e Professor de Ingl\u00eas que participarem da prova escrita. Esta etapa tem car\u00e1ter unicamente classificat\u00f3rio, com pontua\u00e7\u00e3o m\u00e1xima de 2,00 pontos, que ser\u00e1 somada \u00e0 nota da prova escrita. Os t\u00edtulos (forma\u00e7\u00e3o acad\u00eamica e cursos) dever\u00e3o ser enviados digitalmente em formato PDF no ato da inscri\u00e7\u00e3o, entre <strong>29 de abril de 2025 e 28 de maio de 2025<\/strong>, pela \u00e1rea do candidato no site da AMAUC.<\/li>\n<\/ul>\n<p>\u00c9 fundamental a leitura completa do edital para obter informa\u00e7\u00f5es detalhadas sobre o conte\u00fado program\u00e1tico de cada prova, os crit\u00e9rios de avalia\u00e7\u00e3o, as regras espec\u00edficas de cada etapa e o cronograma completo do certame.<\/p>\n<h2>Resultados e Gabarito<\/h2>\n<p>A divulga\u00e7\u00e3o dos resultados do Processo Seletivo de Jabor\u00e1\/SC seguir\u00e1 um cronograma espec\u00edfico. A lista de inscri\u00e7\u00f5es deferidas e indeferidas ser\u00e1 publicada no dia <strong>30 de maio de 2025<\/strong>. Ap\u00f3s o per\u00edodo de recursos, a homologa\u00e7\u00e3o final das inscri\u00e7\u00f5es est\u00e1 prevista para <strong>04 de junho de 2025<\/strong>. A classifica\u00e7\u00e3o preliminar, incluindo os resultados da prova escrita, prova pr\u00e1tica e prova de t\u00edtulos (quando aplic\u00e1vel), ser\u00e1 divulgada no dia <strong>01 de julho de 2025<\/strong>. Todas as publica\u00e7\u00f5es ser\u00e3o feitas nos sites <a href=\"https:\/\/amauc.selecao.net.br\/\" target=\"_blank\" rel=\"noopener noreferrer\">https:\/\/amauc.selecao.net.br\/<\/a> e <a href=\"http:\/\/www.jabora.sc.gov.br\" target=\"_blank\" rel=\"noopener noreferrer\">www.jabora.sc.gov.br<\/a>.<\/p>\n<p>A nota final dos candidatos ser\u00e1 calculada conforme as etapas realizadas: apenas a nota da prova escrita para os cargos que possuem somente essa fase; soma da prova escrita e t\u00edtulos para os cargos de Professor; e soma da prova escrita e pr\u00e1tica para os cargos que incluem avalia\u00e7\u00e3o pr\u00e1tica. Ser\u00e3o considerados aprovados os candidatos que atingirem nota final igual ou superior a 3,00 pontos. Em caso de empate na nota final, os crit\u00e9rios de desempate seguir\u00e3o a seguinte ordem: maior idade (para candidatos com 60 anos ou mais), maior n\u00famero de acertos em Conhecimentos Espec\u00edficos, L\u00edngua Portuguesa, Conhecimentos Gerais, maior idade (geral) e, persistindo o empate, sorteio p\u00fablico.<\/p>\n<p>Ap\u00f3s a an\u00e1lise de eventuais recursos contra o resultado preliminar, o resultado final do Processo Seletivo ser\u00e1 submetido \u00e0 homologa\u00e7\u00e3o do Prefeito Municipal e publicado. A convoca\u00e7\u00e3o dos aprovados obedecer\u00e1 rigorosamente \u00e0 ordem de classifica\u00e7\u00e3o e ocorrer\u00e1 por e-mail, WhatsApp ou telefone informados na inscri\u00e7\u00e3o. Caso n\u00e3o haja resposta, a convoca\u00e7\u00e3o poder\u00e1 ser feita via Di\u00e1rio Oficial dos Munic\u00edpios (DOM). O certame ter\u00e1 validade de 1 (um) ano, podendo ser prorrogado uma vez por igual per\u00edodo.<\/p>\n<p>\u00c9 de responsabilidade exclusiva do candidato acompanhar todas as publica\u00e7\u00f5es oficiais, editais, comunicados e demais informa\u00e7\u00f5es referentes a este Processo Seletivo nos endere\u00e7os eletr\u00f4nicos da banca organizadora (AMAUC) e da Prefeitura de Jabor\u00e1\/SC, bem como manter seus dados de contato atualizados.<\/p>\n","protected":false},"excerpt":{"rendered":"<p>Sel. P\u00fablica Pref. Jabor\u00e1 (SC) com edital publicado! Vagas p\/ Sa\u00fade e Multidisciplinar (Fund. a Sup.). Inscri\u00e7\u00f5es a partir de 29\/04. Sal\u00e1rios at\u00e9 R$ 3.7k. Confira detalhes!<\/p>\n","protected":false},"author":7,"featured_media":265336,"comment_status":"open","ping_status":"open","sticky":false,"template":"","format":"standard","meta":{"_acf_changed":false,"_breakdance_hide_in_design_set":false,"_breakdance_tags":"","footnotes":""},"categories":[6433,12,19,116,25,26,30,134],"tags":[61],"_amplo":[],"destaque":[],"instituicoes":[],"class_list":["post-265301","post","type-post","status-publish","format-standard","has-post-thumbnail","hentry","category-biologia-licenciatura","category-enfermagem","category-fonoaudiologia","category-matematica","category-pedagogia","category-psicologia","category-tecnico-agropecuaria","category-terapia-ocupacional","tag-santa-catarina"],"acf":{"_tipo_vagas":"vagas","_numero_vagas":"","_quadro_vagas":"","_cargos":"diversos","_cargos_especificos":"","_salario_max":"R$ 3724.53","_abertura":"20250429","_encerramento":"20250528","_inscricoes":"https:\/\/amauc.selecao.net.br\/","_executora_concurso":"","_instituicao_concurso":[],"_link_adicional":null,"_anexos":null,"_produtos":null,"_vagas":"9 vagas + CR","_salario_min":"R$ 1462.08","_instituicao":"Prefeitura do Munic\u00edpio de Jabor\u00e1","_edital":"https:\/\/www.agrobase.com.br\/concursos\/wp-content\/uploads\/sites\/4\/2025\/05\/edital-001-2025-jabora-sc.pdf","_anexos_edital":"","_fund_incompleto":"<div>\r\n<table class=\"quadro\">\r\n<thead>\r\n<tr>\r\n<th class=\"hcargo\">Cargo<\/th>\r\n<th class=\"hvagas\">Vagas<\/th>\r\n<th class=\"hremuneracao\">Remunera\u00e7\u00e3o<\/th>\r\n<\/tr>\r\n<\/thead>\r\n    <tbody>\r\n      <td class=\"ccargos\">\r\n<span data-balloon-length=\"medium\" aria-label=\"Alfabetizado\" data-balloon-pos=\"up\">Agente de Higieniza\u00e7\u00e3o, Copa e Cozinha<\/span><\/td>\r\n<td class=\"cvagas\">01 + CR<\/td>\r\n<td class=\"cremuneracao\">R$ 1.462,08 \/40h<\/td>\r\n<\/tr><td class=\"ccargos\">\r\n<span data-balloon-length=\"medium\" aria-label=\"Alfabetizado\" data-balloon-pos=\"up\">Agente de Manuten\u00e7\u00e3o<\/span><\/td>\r\n<td class=\"cvagas\">01 + CR<\/td>\r\n<td class=\"cremuneracao\">R$ 1.462,08 \/40h<\/td>\r\n<\/tr><td class=\"ccargos\">\r\n<span data-balloon-length=\"medium\" aria-label=\"Alfabetizado\" data-balloon-pos=\"up\">Merendeira<\/span><\/td>\r\n<td class=\"cvagas\">CR<\/td>\r\n<td class=\"cremuneracao\">R$ 1.462,08 \/40h<\/td>\r\n<\/tr><td class=\"ccargos\">\r\n<span data-balloon-length=\"medium\" aria-label=\"Alfabetizado\" data-balloon-pos=\"up\">Servente de Obras<\/span><\/td>\r\n<td class=\"cvagas\">CR<\/td>\r\n<td class=\"cremuneracao\">R$ 1.462,08 \/40h<\/td>\r\n<\/tr><td class=\"ccargos\">\r\n<span data-balloon-length=\"medium\" aria-label=\"Alfabetizado\" data-balloon-pos=\"up\">Vigia<\/span><\/td>\r\n<td class=\"cvagas\">CR<\/td>\r\n<td class=\"cremuneracao\">R$ 1.462,08 \/40h<\/td>\r\n<\/tr>\r\n    <\/tbody>\r\n  <\/table>\r\n<\/div>","_fund_completo":"<div>\r\n<table class=\"quadro\">\r\n<thead>\r\n<tr>\r\n<th class=\"hcargo\">Cargo<\/th>\r\n<th class=\"hvagas\">Vagas<\/th>\r\n<th class=\"hremuneracao\">Remunera\u00e7\u00e3o<\/th>\r\n<\/tr>\r\n<\/thead>\r\n    <tbody>\r\n      <td class=\"ccargos\">\r\n<span data-balloon-length=\"medium\" data-balloon-pos=\"up\">Motorista<\/span><\/td>\r\n<td class=\"cvagas\">CR<\/td>\r\n<td class=\"cremuneracao\">R$ 2.265,25 \/40h<\/td>\r\n<\/tr><td class=\"ccargos\">\r\n<span data-balloon-length=\"medium\" data-balloon-pos=\"up\">Operador de M\u00e1quinas Agr\u00edcolas<\/span><\/td>\r\n<td class=\"cvagas\">CR<\/td>\r\n<td class=\"cremuneracao\">R$ 2.265,25 \/40h<\/td>\r\n<\/tr><td class=\"ccargos\">\r\n<span data-balloon-length=\"medium\" aria-label=\"Ensino Fundamental\/Anos Iniciais \u2013 CNH categoria \u201cC\u201d\" data-balloon-pos=\"up\">Operador de M\u00e1quinas Pesadas<\/span><\/td>\r\n<td class=\"cvagas\">CR<\/td>\r\n<td class=\"cremuneracao\">R$ 2.577,00 \/40h<\/td>\r\n<\/tr>\r\n    <\/tbody>\r\n  <\/table>\r\n<\/div>","_medio":"<div>\r\n<table class=\"quadro\">\r\n<thead>\r\n<tr>\r\n<th class=\"hcargo\">Cargo<\/th>\r\n<th class=\"hvagas\">Vagas<\/th>\r\n<th class=\"hremuneracao\">Remunera\u00e7\u00e3o<\/th>\r\n<\/tr>\r\n<\/thead>\r\n    <tbody>\r\n      <td class=\"ccargos\">\r\n<span data-balloon-length=\"medium\" aria-label=\"Ensino m\u00e9dio completo (Lei n\u00ba 11.350) e, estar residindo na Micro-\u00e1rea de atua\u00e7\u00e3o.\" data-balloon-pos=\"up\">Agente Comunit\u00e1rio de Sa\u00fade<\/span><\/td>\r\n<td class=\"cvagas\">02 + CR<\/td>\r\n<td class=\"cremuneracao\">R$ 3.036,00 \/40h<\/td>\r\n<\/tr><td class=\"ccargos\">\r\n<span data-balloon-length=\"medium\" aria-label=\"Ensino m\u00e9dio Completo\" data-balloon-pos=\"up\">Agente de Combate \u00c0s Endemias<\/span><\/td>\r\n<td class=\"cvagas\">01 + CR<\/td>\r\n<td class=\"cremuneracao\">R$ 3.036,00 \/40h<\/td>\r\n<\/tr><td class=\"ccargos\">\r\n<span data-balloon-length=\"medium\" aria-label=\"Ensino M\u00e9dio com Ensino T\u00e9cnico equivalente e com efetivo Registro no Conselho Regional de ODONTOLOGIA CRO\" data-balloon-pos=\"up\">Assistente de Gabinete Odontol\u00f3gico<\/span><\/td>\r\n<td class=\"cvagas\">CR<\/td>\r\n<td class=\"cremuneracao\">R$ 2.165,58 \/40h<\/td>\r\n<\/tr><td class=\"ccargos\">\r\n<span data-balloon-length=\"medium\" aria-label=\"Ensino m\u00e9dio Completo\" data-balloon-pos=\"up\">Auxiliar Administrativo<\/span><\/td>\r\n<td class=\"cvagas\">01 + CR<\/td>\r\n<td class=\"cremuneracao\">R$ 2.165,58 \/40h<\/td>\r\n<\/tr><td class=\"ccargos\">\r\n<span data-balloon-length=\"medium\" aria-label=\"Ensino m\u00e9dio Completo\" data-balloon-pos=\"up\">Instrutor de Inform\u00e1tica<\/span><\/td>\r\n<td class=\"cvagas\">CR<\/td>\r\n<td class=\"cremuneracao\">R$ 2.165,58 \/40h<\/td>\r\n<\/tr><td class=\"ccargos\">\r\n<span data-balloon-length=\"medium\" aria-label=\"Ensino m\u00e9dio Completo\" data-balloon-pos=\"up\">Mec\u00e2nico<\/span><\/td>\r\n<td class=\"cvagas\">CR<\/td>\r\n<td class=\"cremuneracao\">R$ 2.702,28 \/40h<\/td>\r\n<\/tr><td class=\"ccargos\">\r\n<span data-balloon-length=\"medium\" aria-label=\"Ensino m\u00e9dio Completo\" data-balloon-pos=\"up\">Recepcionista<\/span><\/td>\r\n<td class=\"cvagas\">01 + CR<\/td>\r\n<td class=\"cremuneracao\">R$ 1.462,08 \/40h<\/td>\r\n<\/tr><td class=\"ccargos\">\r\n<span data-balloon-length=\"medium\" aria-label=\"Ensino m\u00e9dio Completo com Habilita\u00e7\u00e3o T\u00e9cnico Profissional\" data-balloon-pos=\"up\">T\u00e9cnico de Agropecu\u00e1ria<\/span><\/td>\r\n<td class=\"cvagas\">CR<\/td>\r\n<td class=\"cremuneracao\">R$ 2.215,00 \/40h<\/td>\r\n<\/tr>\r\n    <\/tbody>\r\n  <\/table>\r\n<\/div>","_superior":"<div>\r\n<table class=\"quadro\">\r\n<thead>\r\n<tr>\r\n<th class=\"hcargo\">Cargo<\/th>\r\n<th class=\"hvagas\">Vagas<\/th>\r\n<th class=\"hremuneracao\">Remunera\u00e7\u00e3o<\/th>\r\n<\/tr>\r\n<\/thead>\r\n    <tbody>\r\n      <tr>\r\n<td class=\"ccargos\">\r\n<span data-balloon-length=\"medium\" aria-label=\"Curso Superior em Enfermagem com registro no Conselho Regional de Enfermagem (COREN)\" data-balloon-pos=\"up\">Enfermeiro<\/span><\/td>\r\n<td class=\"cvagas\">01 + CR<\/td>\r\n<td class=\"cremuneracao\">R$ 2.449,34 \/20h<\/td>\r\n<\/tr><tr>\r\n<td class=\"ccargos\">\r\n<span data-balloon-length=\"medium\" aria-label=\"Curso Superior completo em Fonoaudiologia com registro no Conselho Federal de Fonoaudiologia (CFF)\" data-balloon-pos=\"up\">Fonoaudi\u00f3logo (Equipe Multidisciplinar)<\/span><\/td>\r\n<td class=\"cvagas\">01 + CR<\/td>\r\n<td class=\"cremuneracao\">R$ 3.724,53 \/30h<\/td>\r\n<\/tr><tr>\r\n<td class=\"ccargos\">\r\n<span data-balloon-length=\"medium\" aria-label=\"Curso Superior Completo em Terapia Ocupacional com Registro no Conselho Federal de Fisioterapia e Terapia Ocupacional (COFFITO)\" data-balloon-pos=\"up\">Terapeuta Ocupacional (Equipe Multidisciplinar)<\/span><\/td>\r\n<td class=\"cvagas\">01 + CR<\/td>\r\n<td class=\"cremuneracao\">R$ 3.724,53 \/30h<\/td>\r\n<\/tr><tr>\r\n<td class=\"ccargos\">\r\n<span data-balloon-length=\"medium\" aria-label=\"Habilitado - Diploma e Hist\u00f3rico Escolar de Conclus\u00e3o de Curso de Licenciatura Plena em Matem\u00e1tica; ou de Curso de Licenciatura Curta em Ci\u00eancias com habilita\u00e7\u00e3o em Matem\u00e1tica. N\u00e3o Habilitado - Certid\u00e3o\/Declara\u00e7\u00e3o de Frequ\u00eancia a partir do ingresso na 5\u00aa fase em Licenciatura Plena em Matem\u00e1tica.\" data-balloon-pos=\"up\">Professor de Matem\u00e1tica<\/span><\/td>\r\n<td class=\"cvagas\">CR<\/td>\r\n<td class=\"cremuneracao\">R$ 2.920,67 \/20h<\/td>\r\n<\/tr><tr>\r\n<td class=\"ccargos\">\r\n<span data-balloon-length=\"medium\" aria-label=\"Habilitado - Diploma e Hist\u00f3rico Escolar de Conclus\u00e3o de Licenciatura Curta em Ci\u00eancias ou Licenciatura curta em Ci\u00eancias com habilita\u00e7\u00e3o em biologia ou Curso de Licenciatura Plena em Ci\u00eancias Biol\u00f3gicas ou Biologia. N\u00e3o Habilitado - Certid\u00e3o\/Declara\u00e7\u00e3o de frequ\u00eancia a partir do ingresso na 5\u00aa fase do Curso de Licenciatura Plena em Ci\u00eancias Biol\u00f3gicas ou Biologia.\" data-balloon-pos=\"up\">Professor de Ci\u00eancias<\/span><\/td>\r\n<td class=\"cvagas\">CR<\/td>\r\n<td class=\"cremuneracao\">R$ 2.920,67 \/20h<\/td>\r\n<\/tr><tr>\r\n<td class=\"ccargos\">\r\n<span data-balloon-length=\"medium\" aria-label=\"Habilitado - Diploma e Hist\u00f3rico Escolar de Conclus\u00e3o de Curso de Licenciatura Plena ou Curso de Licenciatura Curta em Letras-Ingl\u00eas. N\u00e3o Habilitado - Certid\u00e3o\/Declara\u00e7\u00e3o de Frequ\u00eancia a partir do ingresso na 5\u00aa fase em Curso de Licenciatura Plena Letras-Ingl\u00eas, ou cursando qualquer Licenciatura comprovando no m\u00ednimo 100 horas de curso na \u00e1rea espec\u00edfica de Ingl\u00eas.\" data-balloon-pos=\"up\">Professor de Ingl\u00eas<\/span><\/td>\r\n<td class=\"cvagas\">CR<\/td>\r\n<td class=\"cremuneracao\">R$ 2.920,67 \/20h<\/td>\r\n<\/tr><tr>\r\n<td class=\"ccargos\">\r\n<span data-balloon-length=\"medium\" aria-label=\"Habilitado - Diploma e Hist\u00f3rico Escolar de Conclus\u00e3o de Curso de Licenciatura Plena em Pedagogia; com habilita\u00e7\u00e3o para educa\u00e7\u00e3o infantil e s\u00e9ries iniciais do ensino fundamental, quando for o caso, ou outra gradua\u00e7\u00e3o correspondente \u00e0s \u00e1reas de conhecimento espec\u00edficas do curr\u00edculo, com complementa\u00e7\u00e3o pedag\u00f3gica, nos termos da legisla\u00e7\u00e3o pertinente e vigente. N\u00e3o Habilitado \u2013 Certid\u00e3o de Frequ\u00eancia a partir do ingresso da 5\u00aa fase em Curso de Licenciatura Plena em Pedagogia; com habilita\u00e7\u00e3o para educa\u00e7\u00e3o infantil e s\u00e9ries iniciais do ensino fundamental, quando for o caso, ou outra gradua\u00e7\u00e3o correspondente \u00e0s \u00e1reas de conhecimento espec\u00edficas do curr\u00edculo, com complementa\u00e7\u00e3o pedag\u00f3gica, nos termos da legisla\u00e7\u00e3o pertinente e vigente.\" data-balloon-pos=\"up\">Professor (todas as \u00e1reas)<\/span><\/td>\r\n<td class=\"cvagas\">CR<\/td>\r\n<td class=\"cremuneracao\">R$ 2.920,67 \/10h, 20h, 30h e 40h<\/td>\r\n<\/tr><tr>\r\n<td class=\"ccargos\">\r\n<span data-balloon-length=\"medium\" aria-label=\"Curso Superior em Psicologia com registro no conselho regional de psicologia - CRP\" data-balloon-pos=\"up\">Psic\u00f3logo Escolar<\/span><\/td>\r\n<td class=\"cvagas\">CR<\/td>\r\n<td class=\"cremuneracao\">R$ 2.328,09 \/20h<\/td>\r\n<\/tr>\r\n    <\/tbody>\r\n  <\/table>\r\n<\/div>"},"_links":{"self":[{"href":"https:\/\/www.agrobase.com.br\/concursos\/wp-json\/wp\/v2\/posts\/265301","targetHints":{"allow":["GET"]}}],"collection":[{"href":"https:\/\/www.agrobase.com.br\/concursos\/wp-json\/wp\/v2\/posts"}],"about":[{"href":"https:\/\/www.agrobase.com.br\/concursos\/wp-json\/wp\/v2\/types\/post"}],"author":[{"embeddable":true,"href":"https:\/\/www.agrobase.com.br\/concursos\/wp-json\/wp\/v2\/users\/7"}],"replies":[{"embeddable":true,"href":"https:\/\/www.agrobase.com.br\/concursos\/wp-json\/wp\/v2\/comments?post=265301"}],"version-history":[{"count":4,"href":"https:\/\/www.agrobase.com.br\/concursos\/wp-json\/wp\/v2\/posts\/265301\/revisions"}],"predecessor-version":[{"id":265393,"href":"https:\/\/www.agrobase.com.br\/concursos\/wp-json\/wp\/v2\/posts\/265301\/revisions\/265393"}],"wp:featuredmedia":[{"embeddable":true,"href":"https:\/\/www.agrobase.com.br\/concursos\/wp-json\/wp\/v2\/media\/265336"}],"wp:attachment":[{"href":"https:\/\/www.agrobase.com.br\/concursos\/wp-json\/wp\/v2\/media?parent=265301"}],"wp:term":[{"taxonomy":"category","embeddable":true,"href":"https:\/\/www.agrobase.com.br\/concursos\/wp-json\/wp\/v2\/categories?post=265301"},{"taxonomy":"post_tag","embeddable":true,"href":"https:\/\/www.agrobase.com.br\/concursos\/wp-json\/wp\/v2\/tags?post=265301"},{"taxonomy":"_amplo","embeddable":true,"href":"https:\/\/www.agrobase.com.br\/concursos\/wp-json\/wp\/v2\/_amplo?post=265301"},{"taxonomy":"destaque","embeddable":true,"href":"https:\/\/www.agrobase.com.br\/concursos\/wp-json\/wp\/v2\/destaque?post=265301"},{"taxonomy":"instituicoes","embeddable":true,"href":"https:\/\/www.agrobase.com.br\/concursos\/wp-json\/wp\/v2\/instituicoes?post=265301"}],"curies":[{"name":"wp","href":"https:\/\/api.w.org\/{rel}","templated":true}]}}