{"id":265243,"date":"2025-05-07T07:00:40","date_gmt":"2025-05-07T10:00:40","guid":{"rendered":"https:\/\/www.agrobase.com.br\/concursos\/?p=265243"},"modified":"2025-05-07T13:21:12","modified_gmt":"2025-05-07T16:21:12","slug":"palmeiras-ba-selecao-simplificada-03-2025","status":"publish","type":"post","link":"https:\/\/www.agrobase.com.br\/concursos\/2025\/palmeiras-ba-selecao-simplificada-03-2025\/","title":{"rendered":"Palmeiras (BA) &#8211; Sele\u00e7\u00e3o Simplificada | 03\/2025"},"content":{"rendered":"<h2>Informa\u00e7\u00f5es Gerais<\/h2>\n<p>A Secretaria Municipal de Meio Ambiente, Agricultura e Mudan\u00e7a do Clima de Palmeiras (SEMMAP), no estado da Bahia, anunciou a abertura do Processo Seletivo Simplificado para contrata\u00e7\u00e3o de pessoal por tempo determinado. Este certame, regido pelo Regime Especial de Direito Administrativo (REDA) e amparado pela Lei Municipal n\u00ba 937\/2025, tem como objetivo o preenchimento de 28 vagas imediatas, al\u00e9m da forma\u00e7\u00e3o de cadastro de reserva. As contrata\u00e7\u00f5es visam suprir necessidades tempor\u00e1rias e de excepcional interesse p\u00fablico nas unidades da SEMMAP.<\/p>\n<p>O edital, publicado e com inscri\u00e7\u00f5es previstas para breve, contempla oportunidades para candidatos com forma\u00e7\u00e3o de n\u00edveis M\u00e9dio\/T\u00e9cnico e Superior. As \u00e1reas de atua\u00e7\u00e3o s\u00e3o variadas, incluindo fun\u00e7\u00f5es administrativas, de monitoramento, fiscaliza\u00e7\u00e3o e especializadas. <strong>Para os profissionais das \u00e1reas de ci\u00eancias agr\u00e1rias e ambientais, o concurso oferece vagas como T\u00e9cnico Agr\u00edcola (n\u00edvel m\u00e9dio\/t\u00e9cnico), e para n\u00edvel superior, h\u00e1 posi\u00e7\u00f5es para graduados em Agronomia (ou Engenharia Agr\u00edcola\/Agr\u00f4noma) e Engenharia Ambiental (e \u00e1reas afins)<\/strong>. O contrato de trabalho ter\u00e1 prazo determinado de at\u00e9 2 (dois) anos, com possibilidade de renova\u00e7\u00e3o por igual per\u00edodo, uma \u00fanica vez, mediante autoriza\u00e7\u00e3o legislativa. Acompanhe as se\u00e7\u00f5es seguintes para conhecer os detalhes sobre como participar, as fases da sele\u00e7\u00e3o e o cronograma de resultados.<\/p>\n<h2>Inscri\u00e7\u00f5es<\/h2>\n<p>As inscri\u00e7\u00f5es para o Processo Seletivo Simplificado da SEMMAP de Palmeiras\/BA ser\u00e3o <strong>gratuitas<\/strong> e realizadas exclusivamente de forma <strong>presencial<\/strong>. Os interessados dever\u00e3o comparecer \u00e0 Secretaria Municipal de Meio Ambiente, Agricultura e Mudan\u00e7a do Clima (SEMMAP), localizada no Centro Administrativo Municipal, Rua Aurelino Jos\u00e9 Pereira, n\u00ba 292, Centro, Palmeiras &#8211; Bahia, no per\u00edodo de <strong>05 de maio de 2025 a 09 de maio de 2025<\/strong> (exceto s\u00e1bados, domingos e feriados). O hor\u00e1rio de atendimento para inscri\u00e7\u00f5es ser\u00e1 das 09h \u00e0s 12h e das 14h \u00e0s 16h30.<\/p>\n<p>Para se inscrever, o candidato dever\u00e1 preencher o formul\u00e1rio de inscri\u00e7\u00e3o\/curr\u00edculo (Anexo II do edital), que pode ser obtido no Di\u00e1rio Oficial da Prefeitura de Palmeiras (https:\/\/www.palmeiras.ba.gov.br\/Site\/DiarioOficial) ou diretamente na SEMMAP durante o per\u00edodo de inscri\u00e7\u00e3o. No ato da inscri\u00e7\u00e3o, ser\u00e1 necess\u00e1rio apresentar o formul\u00e1rio preenchido com letra leg\u00edvel, sem rasuras, e o original e c\u00f3pia dos seguintes documentos: documento de identidade, CPF, comprovante de resid\u00eancia, e todos os documentos comprobat\u00f3rios de escolaridade m\u00ednima e demais pr\u00e9-requisitos para a vaga desejada, conforme item 3 do edital. Documentos de experi\u00eancia profissional e qualifica\u00e7\u00e3o tamb\u00e9m devem ser apresentados neste momento. Cada candidato poder\u00e1 se inscrever para apenas um cargo. \u00c9 fundamental que todas as informa\u00e7\u00f5es prestadas sejam ver\u00eddicas, sob pena de exclus\u00e3o do certame. N\u00e3o haver\u00e1 isen\u00e7\u00e3o de taxa, pois as inscri\u00e7\u00f5es s\u00e3o gratuitas. Os candidatos devem acompanhar todas as publica\u00e7\u00f5es referentes ao processo seletivo. Recomenda-se a leitura atenta e completa do edital antes de efetuar a inscri\u00e7\u00e3o.<\/p>\n<h2>Etapas e Provas<\/h2>\n<p>O Processo Seletivo Simplificado da SEMMAP de Palmeiras\/BA ser\u00e1 constitu\u00eddo por duas etapas principais, aplic\u00e1veis a todas as fun\u00e7\u00f5es tempor\u00e1rias:<\/p>\n<ul>\n<li><strong>Etapa I: Avalia\u00e7\u00e3o Curricular<\/strong>\n<ul>\n<li><strong>Car\u00e1ter:<\/strong> Classificat\u00f3rio e eliminat\u00f3rio.<\/li>\n<li><strong>Formato:<\/strong> An\u00e1lise documental das informa\u00e7\u00f5es fornecidas no formul\u00e1rio de inscri\u00e7\u00e3o\/curr\u00edculo e dos documentos comprobat\u00f3rios apresentados no ato da inscri\u00e7\u00e3o. Visa aferir o perfil do candidato com base no n\u00edvel de escolaridade, conhecimentos espec\u00edficos e experi\u00eancia profissional.<\/li>\n<li><strong>Pontua\u00e7\u00e3o:<\/strong> M\u00e1ximo de 50 pontos. Ser\u00e3o considerados habilitados para a pr\u00f3xima fase os candidatos com pontua\u00e7\u00e3o igual ou superior a 15 pontos. A n\u00e3o comprova\u00e7\u00e3o das informa\u00e7\u00f5es declaradas implicar\u00e1 na desclassifica\u00e7\u00e3o.<\/li>\n<\/ul>\n<\/li>\n<li><strong>Etapa II: Entrevista<\/strong>\n<ul>\n<li><strong>Car\u00e1ter:<\/strong> Classificat\u00f3rio.<\/li>\n<li><strong>Formato:<\/strong> Realizada de forma presencial, por ordem de chegada, na sede da SEMMAP. Tem como objetivo aferir se o candidato possui o conhecimento t\u00e9cnico desejado, o perfil profissional adequado para o exerc\u00edcio da fun\u00e7\u00e3o, al\u00e9m de avaliar habilidades socioemocionais e sua rela\u00e7\u00e3o com o trabalho.<\/li>\n<li><strong>Pontua\u00e7\u00e3o:<\/strong> M\u00e1ximo de 50 pontos. O candidato considerado n\u00e3o apto na entrevista ser\u00e1 eliminado do processo seletivo.<\/li>\n<li><strong>Convoca\u00e7\u00e3o:<\/strong> Ser\u00e3o convocados para esta etapa os candidatos habilitados na Avalia\u00e7\u00e3o Curricular, respeitando o limite de at\u00e9 6 (seis) vezes o n\u00famero de vagas previstas no edital, incluindo os empatados na \u00faltima posi\u00e7\u00e3o.<\/li>\n<\/ul>\n<\/li>\n<\/ul>\n<p>\u00c9 fundamental a leitura integral do edital para obter detalhes sobre os crit\u00e9rios de pontua\u00e7\u00e3o da avalia\u00e7\u00e3o curricular, o conte\u00fado que poder\u00e1 ser abordado na entrevista, as regras espec\u00edficas de cada etapa e o cronograma completo do certame.<\/p>\n<h2>Resultados e Gabarito<\/h2>\n<p>A divulga\u00e7\u00e3o dos resultados do Processo Seletivo Simplificado da SEMMAP de Palmeiras\/BA seguir\u00e1 um cronograma espec\u00edfico. A lista de inscritos definitivos e o resultado provis\u00f3rio da Avalia\u00e7\u00e3o Curricular est\u00e3o previstos para <strong>14 de maio de 2025<\/strong>. O resultado provis\u00f3rio da classifica\u00e7\u00e3o final, somando Avalia\u00e7\u00e3o Curricular e Entrevista, ser\u00e1 divulgado em <strong>20 de maio de 2025<\/strong>. Ap\u00f3s a an\u00e1lise de recursos, o resultado final definitivo do certame ser\u00e1 publicado em <strong>28 de maio de 2025<\/strong>.<\/p>\n<p>Os candidatos habilitados ser\u00e3o classificados em ordem decrescente da nota final (soma da Avalia\u00e7\u00e3o Curricular e Entrevista). Haver\u00e1 listas separadas para ampla concorr\u00eancia, candidatos negros e Pessoas com Defici\u00eancia (PCD). Os crit\u00e9rios de desempate incluem, prioritariamente: idade igual ou superior a 60 anos, maior nota em Experi\u00eancia Profissional, maior participa\u00e7\u00e3o em conselhos de pol\u00edticas ambientais\/agr\u00e1rias, maior idade, maior nota em Cursos de Qualifica\u00e7\u00e3o e exerc\u00edcio da fun\u00e7\u00e3o de jurado. Detalhes completos sobre os crit\u00e9rios est\u00e3o no edital.<\/p>\n<p>\u00c9 de responsabilidade exclusiva do candidato acompanhar todas as publica\u00e7\u00f5es oficiais \u2013 editais, comunicados, resultados e convoca\u00e7\u00f5es \u2013 no Di\u00e1rio Oficial do Munic\u00edpio de Palmeiras e nos demais canais informados pela SEMMAP. Manter os dados cadastrais atualizados \u00e9 fundamental para n\u00e3o perder prazos importantes.<\/p>\n","protected":false},"excerpt":{"rendered":"<p>Proc. Seletivo SEMMAP (BA) com edital publicado! Vagas p\/ Monitor, Agente, Agr\u00f4nomo (M\u00e9dio\/Sup.). Inscri\u00e7\u00f5es a partir de 05\/05. Sal\u00e1rios at\u00e9 R$ 2.6k. Confira detalhes!<\/p>\n","protected":false},"author":7,"featured_media":265335,"comment_status":"open","ping_status":"open","sticky":false,"template":"","format":"standard","meta":{"_acf_changed":false,"_breakdance_hide_in_design_set":false,"_breakdance_tags":"","footnotes":""},"categories":[4,95,13,111,29],"tags":[42],"_amplo":[],"destaque":[],"instituicoes":[],"class_list":["post-265243","post","type-post","status-publish","format-standard","has-post-thumbnail","hentry","category-agronomia","category-engenharia-agricola","category-engenharia-ambiental","category-geografia","category-tecnico-agricola","tag-bahia"],"acf":{"_tipo_vagas":"vagas","_numero_vagas":"","_quadro_vagas":"","_cargos":"diversos","_cargos_especificos":"","_salario_max":"R$ 2600","_abertura":"20250505","_encerramento":"20250509","_inscricoes":"","_executora_concurso":"","_instituicao_concurso":[],"_link_adicional":null,"_anexos":null,"_produtos":null,"_vagas":"28 vagas + CR","_salario_min":"R$ 1600","_instituicao":"Secretaria Municipal de Meio Ambiente, Agricultura e Mudan\u00e7a do Clima de Palmeiras (SEMMAP)","_edital":"https:\/\/www.agrobase.com.br\/concursos\/wp-content\/uploads\/sites\/4\/2025\/05\/edital-003-2025-palmeiras-ba.pdf","_anexos_edital":"","_fund_incompleto":"","_fund_completo":"","_medio":"<div>\r\n<table class=\"quadro\">\r\n<thead>\r\n<tr>\r\n<th class=\"hcargo\">Cargo<\/th>\r\n<th class=\"hvagas\">Vagas<\/th>\r\n<th class=\"hremuneracao\">Remunera\u00e7\u00e3o<\/th>\r\n<\/tr>\r\n<\/thead>\r\n    <tbody>\r\n      <td class=\"ccargos\">\r\n<span data-balloon-length=\"medium\" aria-label=\"Ensino M\u00e9dio Completo ou Forma\u00e7\u00e3o T\u00e9cnica Profissionalizante de N\u00edvel M\u00e9dio em institui\u00e7\u00e3o reconhecida pelo Minist\u00e9rio da Educa\u00e7\u00e3o (MEC).\" data-balloon-pos=\"up\">T\u00e9cnico de N\u00edvel M\u00e9dio \/ Monitor ambiental<\/span><\/td>\r\n<td class=\"cvagas\">9 + CR<\/td>\r\n<td class=\"cremuneracao\">R$ 1.600,00 \/40h<\/td>\r\n<\/tr><td class=\"ccargos\">\r\n<span data-balloon-length=\"medium\" aria-label=\"Ensino M\u00e9dio Completo ou Forma\u00e7\u00e3o T\u00e9cnica Profissionalizante de N\u00edvel M\u00e9dio em institui\u00e7\u00e3o reconhecida pelo Minist\u00e9rio da Educa\u00e7\u00e3o (MEC).\" data-balloon-pos=\"up\">T\u00e9cnico de N\u00edvel M\u00e9dio \/ Agente administrativo<\/span><\/td>\r\n<td class=\"cvagas\">9 + CR<\/td>\r\n<td class=\"cremuneracao\">R$ 1.600,00 \/40h<\/td>\r\n<\/tr><td class=\"ccargos\">\r\n<span data-balloon-length=\"medium\" aria-label=\"Ensino M\u00e9dio Completo ou Forma\u00e7\u00e3o T\u00e9cnica Profissionalizante de N\u00edvel M\u00e9dio (MEC) e CNH categoria B.\" data-balloon-pos=\"up\">T\u00e9cnico de N\u00edvel M\u00e9dio \/ Motorista<\/span><\/td>\r\n<td class=\"cvagas\">3 + CR<\/td>\r\n<td class=\"cremuneracao\">R$ 1.600,00 \/40h<\/td>\r\n<\/tr><td class=\"ccargos\">\r\n<span data-balloon-length=\"medium\" aria-label=\"Ensino M\u00e9dio Completo ou Forma\u00e7\u00e3o T\u00e9cnica Profissionalizante de N\u00edvel M\u00e9dio (MEC) com 10 anos de experi\u00eancia em movimentos sociais na \u00e1rea ambiental.\" data-balloon-pos=\"up\">T\u00e9cnico de N\u00edvel M\u00e9dio \/ Educador popular e mestre tradicional de saberes socioambientais<\/span><\/td>\r\n<td class=\"cvagas\">1 + CR<\/td>\r\n<td class=\"cremuneracao\">R$ 1.700,00 \/40h<\/td>\r\n<\/tr><td class=\"ccargos\">\r\n<span data-balloon-length=\"medium\" aria-label=\"Ensino M\u00e9dio Completo ou Forma\u00e7\u00e3o T\u00e9cnica Profissionalizante de N\u00edvel M\u00e9dio (MEC) e CNH categoria B.\" data-balloon-pos=\"up\">T\u00e9cnico de N\u00edvel M\u00e9dio \/ Fiscal de meio ambiente<\/span><\/td>\r\n<td class=\"cvagas\">2 + CR<\/td>\r\n<td class=\"cremuneracao\">R$ 1.700,00 \/30h<\/td>\r\n<\/tr><td class=\"ccargos\">\r\n<span data-balloon-length=\"medium\" aria-label=\"Forma\u00e7\u00e3o T\u00e9cnica Profissionalizante de N\u00edvel M\u00e9dio em Agricultura, ou em Agropecu\u00e1ria, ou afins (MEC).\" data-balloon-pos=\"up\">T\u00e9cnico de N\u00edvel M\u00e9dio \/ T\u00e9cnico agr\u00edcola<\/span><\/td>\r\n<td class=\"cvagas\">1 + CR<\/td>\r\n<td class=\"cremuneracao\">R$ 1.800,00 \/30h<\/td>\r\n<\/tr>\r\n    <\/tbody>\r\n  <\/table>\r\n<\/div>","_superior":"<div>\r\n<table class=\"quadro\">\r\n<thead>\r\n<tr>\r\n<th class=\"hcargo\">Cargo<\/th>\r\n<th class=\"hvagas\">Vagas<\/th>\r\n<th class=\"hremuneracao\">Remunera\u00e7\u00e3o<\/th>\r\n<\/tr>\r\n<\/thead>\r\n    <tbody>\r\n      <tr>\r\n<td class=\"ccargos\">\r\n<span data-balloon-length=\"medium\" aria-label=\"Gradua\u00e7\u00e3o em Agronomia ou Engenharia Agr\u00edcola ou Engenharia Agr\u00f4noma.\" data-balloon-pos=\"up\">T\u00e9cnico de N\u00edvel Superior \/ Agronomia e Pol\u00edtica Rural<\/span><\/td>\r\n<td class=\"cvagas\">1 + CR<\/td>\r\n<td class=\"cremuneracao\">R$ 2.600,00 \/30h<\/td>\r\n<\/tr><tr>\r\n<td class=\"ccargos\">\r\n<span data-balloon-length=\"medium\" aria-label=\"Gradua\u00e7\u00e3o em Geografia com experi\u00eancia em geoprocessamento, an\u00e1lise territorial e ecoturismo.\" data-balloon-pos=\"up\">T\u00e9cnico de N\u00edvel Superior \/ An\u00e1lise Ambiental, Geografia e Geoprocessamento<\/span><\/td>\r\n<td class=\"cvagas\">1 + CR<\/td>\r\n<td class=\"cremuneracao\">R$ 2.600,00 \/30h<\/td>\r\n<\/tr><tr>\r\n<td class=\"ccargos\">\r\n<span data-balloon-length=\"medium\" aria-label=\"Gradua\u00e7\u00e3o em Engenharia Ambiental e afins.\" data-balloon-pos=\"up\">T\u00e9cnico de N\u00edvel Superior \/ An\u00e1lise Ambiental Integral<\/span><\/td>\r\n<td class=\"cvagas\">1 + CR<\/td>\r\n<td class=\"cremuneracao\">R$ 2.600,00 \/30h<\/td>\r\n<\/tr>\r\n    <\/tbody>\r\n  <\/table>\r\n<\/div>"},"_links":{"self":[{"href":"https:\/\/www.agrobase.com.br\/concursos\/wp-json\/wp\/v2\/posts\/265243","targetHints":{"allow":["GET"]}}],"collection":[{"href":"https:\/\/www.agrobase.com.br\/concursos\/wp-json\/wp\/v2\/posts"}],"about":[{"href":"https:\/\/www.agrobase.com.br\/concursos\/wp-json\/wp\/v2\/types\/post"}],"author":[{"embeddable":true,"href":"https:\/\/www.agrobase.com.br\/concursos\/wp-json\/wp\/v2\/users\/7"}],"replies":[{"embeddable":true,"href":"https:\/\/www.agrobase.com.br\/concursos\/wp-json\/wp\/v2\/comments?post=265243"}],"version-history":[{"count":5,"href":"https:\/\/www.agrobase.com.br\/concursos\/wp-json\/wp\/v2\/posts\/265243\/revisions"}],"predecessor-version":[{"id":265407,"href":"https:\/\/www.agrobase.com.br\/concursos\/wp-json\/wp\/v2\/posts\/265243\/revisions\/265407"}],"wp:featuredmedia":[{"embeddable":true,"href":"https:\/\/www.agrobase.com.br\/concursos\/wp-json\/wp\/v2\/media\/265335"}],"wp:attachment":[{"href":"https:\/\/www.agrobase.com.br\/concursos\/wp-json\/wp\/v2\/media?parent=265243"}],"wp:term":[{"taxonomy":"category","embeddable":true,"href":"https:\/\/www.agrobase.com.br\/concursos\/wp-json\/wp\/v2\/categories?post=265243"},{"taxonomy":"post_tag","embeddable":true,"href":"https:\/\/www.agrobase.com.br\/concursos\/wp-json\/wp\/v2\/tags?post=265243"},{"taxonomy":"_amplo","embeddable":true,"href":"https:\/\/www.agrobase.com.br\/concursos\/wp-json\/wp\/v2\/_amplo?post=265243"},{"taxonomy":"destaque","embeddable":true,"href":"https:\/\/www.agrobase.com.br\/concursos\/wp-json\/wp\/v2\/destaque?post=265243"},{"taxonomy":"instituicoes","embeddable":true,"href":"https:\/\/www.agrobase.com.br\/concursos\/wp-json\/wp\/v2\/instituicoes?post=265243"}],"curies":[{"name":"wp","href":"https:\/\/api.w.org\/{rel}","templated":true}]}}