{"id":264503,"date":"2025-04-28T07:10:01","date_gmt":"2025-04-28T10:10:01","guid":{"rendered":"https:\/\/www.agrobase.com.br\/concursos\/?p=264503"},"modified":"2025-04-27T16:18:01","modified_gmt":"2025-04-27T19:18:01","slug":"processo-seletivo-de-rafael-godeiro-rn-edital-001-2025","status":"publish","type":"post","link":"https:\/\/www.agrobase.com.br\/concursos\/2025\/processo-seletivo-de-rafael-godeiro-rn-edital-001-2025\/","title":{"rendered":"Processo Seletivo de Rafael Godeiro &#8211; RN | Edital 001\/2025"},"content":{"rendered":"<p>A Prefeitura de Rafael Godeiro republicou o edital de Processo Seletivo, destinado a preencher 46 vagas, al\u00e9m de formar cadastro reserva, para profissionais de n\u00edveis t\u00e9cnico e superior.<\/p>\n<p>De acordo com o edital o per\u00edodo de inscri\u00e7\u00f5es ser\u00e1 de 29 a 30 de abril de 2025, no hor\u00e1rio das 8h \u00e0s 12h e das 14h \u00e0s 17h, presencialmente, na Rua Pedro Holanda Montenegro, n\u00ba 142, Centro, com taxas de R$ 80,00 a R$ 100,00.<\/p>\n<p>De acordo com o edital, as oportunidades s\u00e3o para os seguintes cargos e lota\u00e7\u00f5es:<\/p>\n<p>Sa\u00fade: Agente Comunit\u00e1rio de Sa\u00fade (3 vagas); Assistente Social (1 vaga); Bioqu\u00edmico (1 vaga); Dentista (1 vaga); Educador F\u00edsico (1 vaga); Enfermeiro (1 vaga); Farmac\u00eautico (1 vaga); Fisioterapeuta (1 vaga); Fonoaudi\u00f3logo (1 vaga); Nutricionista (1 vaga); Psic\u00f3logo (1 vaga); T\u00e9cnico em Enfermagem (6 vagas); T\u00e9cnico em Laborat\u00f3rio de An\u00e1lises Cl\u00ednicas (1 vaga); T\u00e9cnico em Servi\u00e7os Odontol\u00f3gicos (1 vaga); Terapeuta Ocupacional (1 vaga);<br \/>\nEduca\u00e7\u00e3o e Cultura: Professor de Libras Braille (1 vaga); Professor de L\u00edngua Inglesa (2 vagas); Professor de L\u00edngua Portuguesa (1 vaga); Professor de Literatura (1 vaga); Professor de Matem\u00e1tica (1 vaga); Professor Pedagogo (2 vagas); Professor Pedagogo Educa\u00e7\u00e3o Especial (3 vagas); Professor Pedagogo Educa\u00e7\u00e3o Inclusiva (3 vagas); Professor Pedagogo Educa\u00e7\u00e3o Infantil (2 vagas); Psicopedagogo (2 vagas);<br \/>\nAssist\u00eancia Social: Assistente Social (1 vaga); Psic\u00f3logo (1 vaga); Assistente Terap\u00eautico (1 vaga); Pedagogo Educa\u00e7\u00e3o Inclusiva (1 vaga); Pedagogo Educa\u00e7\u00e3o Especial (1 vaga); Pedagogo Psicopedagogo (1 vaga).<\/p>\n<p>Ao serem admitidos, os profissionais dever\u00e3o cumprir jornadas de 20 a 40 horas semanais e contar\u00e3o com remunera\u00e7\u00e3o mensal que varia de um sal\u00e1rio m\u00ednimo a R$ 2.500,00.<\/p>\n<p>A sele\u00e7\u00e3o dos candidatos ser\u00e1 realizada por meio das seguintes etapas:<\/p>\n<p>An\u00e1lise de Curr\u00edculo\/T\u00edtulos, de car\u00e1ter eliminat\u00f3rio e classificat\u00f3rio;<br \/>\nEntrevista, de car\u00e1ter classificat\u00f3rio.<\/p>\n","protected":false},"excerpt":{"rendered":"<p>A Prefeitura de Rafael Godeiro republicou o edital de Processo Seletivo, destinado a preencher 46 vagas, al\u00e9m de formar cadastro reserva, para profissionais de n\u00edveis t\u00e9cnico e superior.<\/p>\n","protected":false},"author":7,"featured_media":264577,"comment_status":"open","ping_status":"open","sticky":false,"template":"","format":"standard","meta":{"_acf_changed":false,"_breakdance_hide_in_design_set":false,"_breakdance_tags":"","footnotes":""},"categories":[106,11,12,17,18,19,20,116,23,24,25,26,101,108,134],"tags":[57],"_amplo":[6427],"destaque":[],"instituicoes":[6865],"class_list":["post-264503","post","type-post","status-publish","format-standard","has-post-thumbnail","hentry","category-bioquimica","category-educacao-fisica","category-enfermagem","category-farmacia","category-fisioterapia","category-fonoaudiologia","category-letras","category-matematica","category-nutricao","category-odontologia","category-pedagogia","category-psicologia","category-servico-social","category-tecnico-enfermagem","category-terapia-ocupacional","tag-rio-grande-do-norte","_amplo-nivel-medio","instituicoes-prefeitura-municipal-de-rafael-godeiro-rn"],"acf":{"_tipo_vagas":"vagas + cadastro de reserva","_numero_vagas":46,"_quadro_vagas":"","_cargos":"diversos","_cargos_especificos":"","_salario_max":"R$ 2.500,00","_abertura":"20250429","_encerramento":"20250430","_inscricoes":"","_executora_concurso":"","_instituicao_concurso":[6865],"_link_adicional":null,"_anexos":[{"_arquivo_anexo":264505,"_titulo_anexo":"Edital 001\/2025"}],"_produtos":null,"_vagas":"","_salario_min":"","_instituicao":"","_edital":"","_anexos_edital":"","_fund_incompleto":"","_fund_completo":"","_medio":"","_superior":""},"_links":{"self":[{"href":"https:\/\/www.agrobase.com.br\/concursos\/wp-json\/wp\/v2\/posts\/264503","targetHints":{"allow":["GET"]}}],"collection":[{"href":"https:\/\/www.agrobase.com.br\/concursos\/wp-json\/wp\/v2\/posts"}],"about":[{"href":"https:\/\/www.agrobase.com.br\/concursos\/wp-json\/wp\/v2\/types\/post"}],"author":[{"embeddable":true,"href":"https:\/\/www.agrobase.com.br\/concursos\/wp-json\/wp\/v2\/users\/7"}],"replies":[{"embeddable":true,"href":"https:\/\/www.agrobase.com.br\/concursos\/wp-json\/wp\/v2\/comments?post=264503"}],"version-history":[{"count":3,"href":"https:\/\/www.agrobase.com.br\/concursos\/wp-json\/wp\/v2\/posts\/264503\/revisions"}],"predecessor-version":[{"id":264578,"href":"https:\/\/www.agrobase.com.br\/concursos\/wp-json\/wp\/v2\/posts\/264503\/revisions\/264578"}],"acf:term":[{"embeddable":true,"taxonomy":"instituicoes","href":"https:\/\/www.agrobase.com.br\/concursos\/wp-json\/wp\/v2\/instituicoes\/6865"}],"wp:featuredmedia":[{"embeddable":true,"href":"https:\/\/www.agrobase.com.br\/concursos\/wp-json\/wp\/v2\/media\/264577"}],"wp:attachment":[{"href":"https:\/\/www.agrobase.com.br\/concursos\/wp-json\/wp\/v2\/media?parent=264503"}],"wp:term":[{"taxonomy":"category","embeddable":true,"href":"https:\/\/www.agrobase.com.br\/concursos\/wp-json\/wp\/v2\/categories?post=264503"},{"taxonomy":"post_tag","embeddable":true,"href":"https:\/\/www.agrobase.com.br\/concursos\/wp-json\/wp\/v2\/tags?post=264503"},{"taxonomy":"_amplo","embeddable":true,"href":"https:\/\/www.agrobase.com.br\/concursos\/wp-json\/wp\/v2\/_amplo?post=264503"},{"taxonomy":"destaque","embeddable":true,"href":"https:\/\/www.agrobase.com.br\/concursos\/wp-json\/wp\/v2\/destaque?post=264503"},{"taxonomy":"instituicoes","embeddable":true,"href":"https:\/\/www.agrobase.com.br\/concursos\/wp-json\/wp\/v2\/instituicoes?post=264503"}],"curies":[{"name":"wp","href":"https:\/\/api.w.org\/{rel}","templated":true}]}}