{"id":263694,"date":"2025-04-10T07:10:12","date_gmt":"2025-04-10T10:10:12","guid":{"rendered":"https:\/\/www.agrobase.com.br\/concursos\/?p=263694"},"modified":"2025-04-09T12:32:17","modified_gmt":"2025-04-09T15:32:17","slug":"processo-seletivo-de-presidente-figueiredo-am-edital-002-2025","status":"publish","type":"post","link":"https:\/\/www.agrobase.com.br\/concursos\/2025\/processo-seletivo-de-presidente-figueiredo-am-edital-002-2025\/","title":{"rendered":"Processo Seletivo de Presidente Figueiredo &#8211; AM | Edital 002\/2025"},"content":{"rendered":"<p>A Prefeitura de Presidente Figueiredo &#8211; AM publicou a abertura de inscri\u00e7\u00f5es para um Processo Seletivo, visando a contrata\u00e7\u00e3o tempor\u00e1ria de pessoal da Secretaria Municipal de Sa\u00fade (SEMS).<\/p>\n<p>O processo seletivo oferece 306 vagas, distribu\u00eddas em diversas \u00e1reas de atua\u00e7\u00e3o, contemplando profissionais de n\u00edvel fundamental, m\u00e9dio\/t\u00e9cnico e superior. Os sal\u00e1rios variam de R$ 1.518,00 a R$ 3.900,57, com cargas hor\u00e1rias de 24 a 40 horas semanais.<\/p>\n<p>Entre as vagas ofertadas, est\u00e3o: Assistente Social (3 vagas); Cirurgi\u00e3o Dentista (21 vagas); Enfermeiro (62 vagas); Farmac\u00eautico\/Bioqu\u00edmico (6 vagas); Farmac\u00eautico (5 vagas); Fisioterapeuta (6 vagas); Fonoaudi\u00f3logo (2 vagas); Nutricionista (4 vagas); Psic\u00f3logo (4 vagas); Educador F\u00edsico (2 vagas); M\u00e9dico Veterin\u00e1rio (1 vaga); T\u00e9cnico em Enfermagem (90 vagas); T\u00e9cnico em Patologia Cl\u00ednica (8 vagas); T\u00e9cnico em Radiologia (2 vagas); T\u00e9cnico em Sa\u00fade Bucal (11 vagas); Assistente Administrativo (25 vagas); Motorista categoria &#8221;D&#8221; (16 vagas); Motorista categoria &#8221;D&#8221; &#8211; SAMU (5 vagas); Auxiliar de Servi\u00e7os Gerais (26 vagas); Cozinheiro (7 vagas).<\/p>\n<p>As inscri\u00e7\u00f5es ser\u00e3o realizadas nos dias 10 e 11 de abril de 2025, no hor\u00e1rio das 8h \u00e0s 16h, no N\u00facleo de Ensino Superior de Presidente Figueiredo, localizado na Avenida Amazonino Mendes, Bairro Galo da Serra.<\/p>\n","protected":false},"excerpt":{"rendered":"<p>A Prefeitura de Presidente Figueiredo &#8211; AM publicou a abertura de inscri\u00e7\u00f5es para um Processo Seletivo, visando a contrata\u00e7\u00e3o tempor\u00e1ria de pessoal da Secretaria Municipal de Sa\u00fade (SEMS).<\/p>\n","protected":false},"author":7,"featured_media":263767,"comment_status":"open","ping_status":"open","sticky":false,"template":"","format":"standard","meta":{"_acf_changed":false,"_breakdance_hide_in_design_set":false,"_breakdance_tags":"","footnotes":""},"categories":[106,11,12,17,18,19,22,23,24,26,101,108,143],"tags":[41],"_amplo":[6427],"destaque":[],"instituicoes":[950],"class_list":["post-263694","post","type-post","status-publish","format-standard","has-post-thumbnail","hentry","category-bioquimica","category-educacao-fisica","category-enfermagem","category-farmacia","category-fisioterapia","category-fonoaudiologia","category-veterinaria","category-nutricao","category-odontologia","category-psicologia","category-servico-social","category-tecnico-enfermagem","category-tecnico-odontologia","tag-amazonas","_amplo-nivel-medio","instituicoes-prefeitura-municipal-de-presidente-figueiredo-am"],"acf":{"_tipo_vagas":"vagas","_numero_vagas":306,"_quadro_vagas":"","_cargos":"diversos","_cargos_especificos":"","_salario_max":"R$ 3.900,57","_abertura":"20250410","_encerramento":"20250411","_inscricoes":"","_executora_concurso":"","_instituicao_concurso":[950],"_link_adicional":null,"_anexos":[{"_arquivo_anexo":263695,"_titulo_anexo":"Edital 002\/2025"}],"_produtos":null,"_vagas":"","_salario_min":"","_instituicao":"","_edital":"","_anexos_edital":"","_fund_incompleto":"","_fund_completo":"","_medio":"","_superior":""},"_links":{"self":[{"href":"https:\/\/www.agrobase.com.br\/concursos\/wp-json\/wp\/v2\/posts\/263694","targetHints":{"allow":["GET"]}}],"collection":[{"href":"https:\/\/www.agrobase.com.br\/concursos\/wp-json\/wp\/v2\/posts"}],"about":[{"href":"https:\/\/www.agrobase.com.br\/concursos\/wp-json\/wp\/v2\/types\/post"}],"author":[{"embeddable":true,"href":"https:\/\/www.agrobase.com.br\/concursos\/wp-json\/wp\/v2\/users\/7"}],"replies":[{"embeddable":true,"href":"https:\/\/www.agrobase.com.br\/concursos\/wp-json\/wp\/v2\/comments?post=263694"}],"version-history":[{"count":2,"href":"https:\/\/www.agrobase.com.br\/concursos\/wp-json\/wp\/v2\/posts\/263694\/revisions"}],"predecessor-version":[{"id":263697,"href":"https:\/\/www.agrobase.com.br\/concursos\/wp-json\/wp\/v2\/posts\/263694\/revisions\/263697"}],"acf:term":[{"embeddable":true,"taxonomy":"instituicoes","href":"https:\/\/www.agrobase.com.br\/concursos\/wp-json\/wp\/v2\/instituicoes\/950"}],"wp:featuredmedia":[{"embeddable":true,"href":"https:\/\/www.agrobase.com.br\/concursos\/wp-json\/wp\/v2\/media\/263767"}],"wp:attachment":[{"href":"https:\/\/www.agrobase.com.br\/concursos\/wp-json\/wp\/v2\/media?parent=263694"}],"wp:term":[{"taxonomy":"category","embeddable":true,"href":"https:\/\/www.agrobase.com.br\/concursos\/wp-json\/wp\/v2\/categories?post=263694"},{"taxonomy":"post_tag","embeddable":true,"href":"https:\/\/www.agrobase.com.br\/concursos\/wp-json\/wp\/v2\/tags?post=263694"},{"taxonomy":"_amplo","embeddable":true,"href":"https:\/\/www.agrobase.com.br\/concursos\/wp-json\/wp\/v2\/_amplo?post=263694"},{"taxonomy":"destaque","embeddable":true,"href":"https:\/\/www.agrobase.com.br\/concursos\/wp-json\/wp\/v2\/destaque?post=263694"},{"taxonomy":"instituicoes","embeddable":true,"href":"https:\/\/www.agrobase.com.br\/concursos\/wp-json\/wp\/v2\/instituicoes?post=263694"}],"curies":[{"name":"wp","href":"https:\/\/api.w.org\/{rel}","templated":true}]}}