{"id":263605,"date":"2025-04-08T08:30:08","date_gmt":"2025-04-08T11:30:08","guid":{"rendered":"https:\/\/www.agrobase.com.br\/concursos\/?p=263605"},"modified":"2025-04-07T14:39:01","modified_gmt":"2025-04-07T17:39:01","slug":"processo-seletivo-do-cim-amfri-sc-edital-001-2025","status":"publish","type":"post","link":"https:\/\/www.agrobase.com.br\/concursos\/2025\/processo-seletivo-do-cim-amfri-sc-edital-001-2025\/","title":{"rendered":"Processo Seletivo do CIM-AMFRI &#8211; SC | Edital 001\/2025"},"content":{"rendered":"<p>O Cons\u00f3rcio Intermunicipal Multifinalit\u00e1rio da Regi\u00e3o da Amfri (CIM-AMFRI) anuncia a realiza\u00e7\u00e3o de um novo Processo Seletivo, que tem por objetivo o preenchimento de sete vagas por tempo determinado.<\/p>\n<p>H\u00e1 oportunidades dispon\u00edveis entre os seguintes cargos: Analista de Comunica\u00e7\u00e3o e Rela\u00e7\u00f5es P\u00fablicas (1 vaga); Arquiteto (1 vaga); Economista (1 vaga); Engenheiro Ambiental (1 vaga); Engenheiro Civil (1 vaga); Engenheiro de Tr\u00e1fego (1 vaga); e Auxiliar Administrativo (1 vaga).<\/p>\n<p>Para concorrer a uma das chances ofertadas, \u00e9 necess\u00e1rio que o candidato tenha escolaridade entre n\u00edveis m\u00e9dio e superior, conforme a respectiva \u00e1rea do cargo pleiteado.<\/p>\n<p>Ao ser contratado, o docente deve exercer fun\u00e7\u00f5es em jornadas de 40 horas semanais, referente a remunera\u00e7\u00e3o mensal no valor que alterna entre R$ 4.225,00 a R$ 10.628,94 acrescido de aux\u00edlio-alimenta\u00e7\u00e3o.<\/p>\n<p>Os interessados em participar do Processo Seletivo, podem se inscrever a partir das 16h de 01 de abril de 2025 at\u00e9 as 16h do dia 30 de abril de 2025, por meio do site da Univali.<\/p>\n<p>Vale ressaltar que o pagamento da taxa no valor de R$ 70,00 a 100,00<\/p>\n","protected":false},"excerpt":{"rendered":"<p>O Cons\u00f3rcio Intermunicipal Multifinalit\u00e1rio da Regi\u00e3o da Amfri (CIM-AMFRI) anuncia a realiza\u00e7\u00e3o de um novo Processo Seletivo, que tem por objetivo o preenchimento de sete vagas por tempo determinado.<\/p>\n","protected":false},"author":7,"featured_media":263619,"comment_status":"open","ping_status":"open","sticky":false,"template":"","format":"standard","meta":{"_acf_changed":false,"_breakdance_hide_in_design_set":false,"_breakdance_tags":"","footnotes":""},"categories":[5,120,117,13,14,99,124,110],"tags":[61],"_amplo":[6427],"destaque":[],"instituicoes":[6852],"class_list":["post-263605","post","type-post","status-publish","format-standard","has-post-thumbnail","hentry","category-arquitetura","category-comunicacao-social","category-economia","category-engenharia-ambiental","category-engenharia","category-jornalismo","category-publicidade","category-relacoes-publicas","tag-santa-catarina","_amplo-nivel-medio","instituicoes-consorcio-intermunicipal-multifinalitario-da-regiao-da-amfri-cim-amfri"],"acf":{"_tipo_vagas":"vagas","_numero_vagas":7,"_quadro_vagas":"","_cargos":"diversos","_cargos_especificos":"","_salario_max":"R$ 10.628,94","_abertura":"20250401","_encerramento":"20250430","_inscricoes":"https:\/\/univali.selecao.net.br\/","_executora_concurso":72629,"_instituicao_concurso":[6852],"_link_adicional":null,"_anexos":[{"_arquivo_anexo":263606,"_titulo_anexo":"Edital 001\/2025"}],"_produtos":null,"_vagas":"","_salario_min":"","_instituicao":"","_edital":"","_anexos_edital":"","_fund_incompleto":"","_fund_completo":"","_medio":"","_superior":""},"_links":{"self":[{"href":"https:\/\/www.agrobase.com.br\/concursos\/wp-json\/wp\/v2\/posts\/263605","targetHints":{"allow":["GET"]}}],"collection":[{"href":"https:\/\/www.agrobase.com.br\/concursos\/wp-json\/wp\/v2\/posts"}],"about":[{"href":"https:\/\/www.agrobase.com.br\/concursos\/wp-json\/wp\/v2\/types\/post"}],"author":[{"embeddable":true,"href":"https:\/\/www.agrobase.com.br\/concursos\/wp-json\/wp\/v2\/users\/7"}],"replies":[{"embeddable":true,"href":"https:\/\/www.agrobase.com.br\/concursos\/wp-json\/wp\/v2\/comments?post=263605"}],"version-history":[{"count":2,"href":"https:\/\/www.agrobase.com.br\/concursos\/wp-json\/wp\/v2\/posts\/263605\/revisions"}],"predecessor-version":[{"id":263608,"href":"https:\/\/www.agrobase.com.br\/concursos\/wp-json\/wp\/v2\/posts\/263605\/revisions\/263608"}],"acf:term":[{"embeddable":true,"taxonomy":"instituicoes","href":"https:\/\/www.agrobase.com.br\/concursos\/wp-json\/wp\/v2\/instituicoes\/6852"}],"acf:post":[{"embeddable":true,"href":"https:\/\/www.agrobase.com.br\/concursos\/wp-json\/wp\/v2\/executora\/72629"}],"wp:featuredmedia":[{"embeddable":true,"href":"https:\/\/www.agrobase.com.br\/concursos\/wp-json\/wp\/v2\/media\/263619"}],"wp:attachment":[{"href":"https:\/\/www.agrobase.com.br\/concursos\/wp-json\/wp\/v2\/media?parent=263605"}],"wp:term":[{"taxonomy":"category","embeddable":true,"href":"https:\/\/www.agrobase.com.br\/concursos\/wp-json\/wp\/v2\/categories?post=263605"},{"taxonomy":"post_tag","embeddable":true,"href":"https:\/\/www.agrobase.com.br\/concursos\/wp-json\/wp\/v2\/tags?post=263605"},{"taxonomy":"_amplo","embeddable":true,"href":"https:\/\/www.agrobase.com.br\/concursos\/wp-json\/wp\/v2\/_amplo?post=263605"},{"taxonomy":"destaque","embeddable":true,"href":"https:\/\/www.agrobase.com.br\/concursos\/wp-json\/wp\/v2\/destaque?post=263605"},{"taxonomy":"instituicoes","embeddable":true,"href":"https:\/\/www.agrobase.com.br\/concursos\/wp-json\/wp\/v2\/instituicoes?post=263605"}],"curies":[{"name":"wp","href":"https:\/\/api.w.org\/{rel}","templated":true}]}}