{"id":263460,"date":"2025-04-07T07:00:51","date_gmt":"2025-04-07T10:00:51","guid":{"rendered":"https:\/\/www.agrobase.com.br\/concursos\/?p=263460"},"modified":"2025-04-07T09:50:33","modified_gmt":"2025-04-07T12:50:33","slug":"processo-seletivo-de-crato-ce-edital-001-2025","status":"publish","type":"post","link":"https:\/\/www.agrobase.com.br\/concursos\/2025\/processo-seletivo-de-crato-ce-edital-001-2025\/","title":{"rendered":"Processo Seletivo de Crato &#8211; CE | Edital 001\/2025"},"content":{"rendered":"<p>A Prefeitura de Crato &#8211; CE anunciou a abertura de um edital de Processo Seletivo, com o objetivo de formar cadastro reserva para profissionais de n\u00edveis fundamental, m\u00e9dio, t\u00e9cnico e superior.<\/p>\n<p>De acordo com o edital, as oportunidades est\u00e3o distrib\u00eddas entre os seguintes cargos e secretarias:<\/p>\n<p>Secretaria de Educa\u00e7\u00e3o: Ajudante de Carga e Descarga; Secret\u00e1rio Escolar; Nutricionista; T\u00e9cnico de Inform\u00e1tica; Monitor de Transporte Escolar; Cuidador de Vida; T\u00e9cnico de Inform\u00e1tica; Porteiro; Motorista de Transporte Escolar;<br \/>\nSecretaria de Assist\u00eancia Social e Cidadania: Visitador Social; Supervisor Social; Entrevistador Social do Cad\u00danico; Facilitador de Oficina; Psic\u00f3logo;<br \/>\nSecretaria de Esporte e Juventude: Professor de Projetos Comunit\u00e1rios; Professor de Inicia\u00e7\u00e3o Esportiva;<br \/>\nSecretaria de Desenvolvimento Rural e Recursos H\u00eddricos: Nutricionista;<br \/>\nSecretaria de Servi\u00e7os P\u00fablicos e Conserva\u00e7\u00e3o: Auxiliar de Servi\u00e7o de Campo\/Capina\u00e7\u00e3o; Coveiro;<br \/>\nSecretaria de Infraestrutura: Operador de M\u00e1quinas Pesadas Motoniveladora; Operador de M\u00e1quinas Pesadas Retroescavadeira; Motorista de Ve\u00edculo Pesado Caminh\u00e3o<br \/>\nSecretaria de Direitos Humanos: Psic\u00f3logo;<br \/>\nSecretaria de Sa\u00fade: M\u00e9dico Cirurgi\u00e3o Cabe\u00e7a e Pesco\u00e7o; M\u00e9dico Generalista; M\u00e9dico Neuropediatra; M\u00e9dico Psiquiatra da Inf\u00e2ncia e da Adolesc\u00eancia; M\u00e9dico Psiquiatra; M\u00e9dico Plantonista; M\u00e9dico Patologista; M\u00e9dico Cirurgi\u00e3o Pediatra; M\u00e9dico Mastologista; M\u00e9dico Reumatologista; M\u00e9dico Ultrassonografia; M\u00e9dico Oncologia; Cirurgi\u00e3o Dentista ESF; Cirurgi\u00e3o Dentista Periodontia; Cirurgi\u00e3o Dentista Endodontia; Cirurgi\u00e3o Dentista Odontopediatria; Cirurgi\u00e3o Dentista Especialista em Pacientes com Necessidades Especiais; Cirurgi\u00e3o Dentista Especialista em Pr\u00f3tese; Cirurgi\u00e3o Dentista Especialista em Bucomaxilo Facial; Enfermeiro; Fonoaudi\u00f3logo; Fisioterapeuta; Nutricionista; Psic\u00f3logo; Farmac\u00eautico; Terapeuta Ocupacional; Tecn\u00f3logo de Alimentos; Tecn\u00f3logo em Saneamento Ambiental; T\u00e9cnico de Enfermagem; T\u00e9cnico de Inform\u00e1tica; Auxiliar de Sa\u00fade Bucal; Auxiliar de Farm\u00e1cia; Agente do Projeto Boa Noite.<\/p>\n<p>Ao serem admitidos, os profissionais dever\u00e3o cumprir jornadas de 08h a 40 horas semanais e contar\u00e3o com remunera\u00e7\u00e3o mensal de R$ 1.518,00 a R$ 8.000,00.<\/p>\n<p>Os interessados poder\u00e3o se inscrever a partir das 8h do dia 04 de abril de 2025 at\u00e9 \u00e0s 23h59 do dia 07 de abril de 2025, pelo seguinte endere\u00e7o de e-mail: pss.crato.ce.gov.br.<\/p>\n","protected":false},"excerpt":{"rendered":"<p>A Prefeitura de Crato &#8211; CE anunciou a abertura de um edital de Processo Seletivo, com o objetivo de formar cadastro reserva para profissionais de n\u00edveis fundamental, m\u00e9dio, t\u00e9cnico e superior.<\/p>\n","protected":false},"author":7,"featured_media":263538,"comment_status":"open","ping_status":"open","sticky":false,"template":"","format":"standard","meta":{"_acf_changed":false,"_breakdance_hide_in_design_set":false,"_breakdance_tags":"","footnotes":""},"categories":[12,17,18,19,21,23,24,26,108,130,134],"tags":[43],"_amplo":[6427],"destaque":[],"instituicoes":[5775],"class_list":["post-263460","post","type-post","status-publish","format-standard","has-post-thumbnail","hentry","category-enfermagem","category-farmacia","category-fisioterapia","category-fonoaudiologia","category-medicina","category-nutricao","category-odontologia","category-psicologia","category-tecnico-enfermagem","category-tecnico-informatica","category-terapia-ocupacional","tag-ceara","_amplo-nivel-medio","instituicoes-prefeitura-municipal-de-crato-ce"],"acf":{"_tipo_vagas":"cadastro de reserva","_numero_vagas":"","_quadro_vagas":"","_cargos":"diversos","_cargos_especificos":"","_salario_max":"R$ 8.000,00","_abertura":"20250404","_encerramento":"20250407","_inscricoes":"","_executora_concurso":"","_instituicao_concurso":[5775],"_link_adicional":null,"_anexos":[{"_arquivo_anexo":263461,"_titulo_anexo":"Edital 001\/2025"}],"_produtos":null,"_vagas":"","_salario_min":"","_instituicao":"","_edital":"","_anexos_edital":"","_fund_incompleto":"","_fund_completo":"","_medio":"","_superior":""},"_links":{"self":[{"href":"https:\/\/www.agrobase.com.br\/concursos\/wp-json\/wp\/v2\/posts\/263460","targetHints":{"allow":["GET"]}}],"collection":[{"href":"https:\/\/www.agrobase.com.br\/concursos\/wp-json\/wp\/v2\/posts"}],"about":[{"href":"https:\/\/www.agrobase.com.br\/concursos\/wp-json\/wp\/v2\/types\/post"}],"author":[{"embeddable":true,"href":"https:\/\/www.agrobase.com.br\/concursos\/wp-json\/wp\/v2\/users\/7"}],"replies":[{"embeddable":true,"href":"https:\/\/www.agrobase.com.br\/concursos\/wp-json\/wp\/v2\/comments?post=263460"}],"version-history":[{"count":4,"href":"https:\/\/www.agrobase.com.br\/concursos\/wp-json\/wp\/v2\/posts\/263460\/revisions"}],"predecessor-version":[{"id":263533,"href":"https:\/\/www.agrobase.com.br\/concursos\/wp-json\/wp\/v2\/posts\/263460\/revisions\/263533"}],"acf:term":[{"embeddable":true,"taxonomy":"instituicoes","href":"https:\/\/www.agrobase.com.br\/concursos\/wp-json\/wp\/v2\/instituicoes\/5775"}],"wp:featuredmedia":[{"embeddable":true,"href":"https:\/\/www.agrobase.com.br\/concursos\/wp-json\/wp\/v2\/media\/263538"}],"wp:attachment":[{"href":"https:\/\/www.agrobase.com.br\/concursos\/wp-json\/wp\/v2\/media?parent=263460"}],"wp:term":[{"taxonomy":"category","embeddable":true,"href":"https:\/\/www.agrobase.com.br\/concursos\/wp-json\/wp\/v2\/categories?post=263460"},{"taxonomy":"post_tag","embeddable":true,"href":"https:\/\/www.agrobase.com.br\/concursos\/wp-json\/wp\/v2\/tags?post=263460"},{"taxonomy":"_amplo","embeddable":true,"href":"https:\/\/www.agrobase.com.br\/concursos\/wp-json\/wp\/v2\/_amplo?post=263460"},{"taxonomy":"destaque","embeddable":true,"href":"https:\/\/www.agrobase.com.br\/concursos\/wp-json\/wp\/v2\/destaque?post=263460"},{"taxonomy":"instituicoes","embeddable":true,"href":"https:\/\/www.agrobase.com.br\/concursos\/wp-json\/wp\/v2\/instituicoes?post=263460"}],"curies":[{"name":"wp","href":"https:\/\/api.w.org\/{rel}","templated":true}]}}