{"id":263443,"date":"2025-04-04T08:50:47","date_gmt":"2025-04-04T11:50:47","guid":{"rendered":"https:\/\/www.agrobase.com.br\/concursos\/?p=263443"},"modified":"2025-04-03T15:20:43","modified_gmt":"2025-04-03T18:20:43","slug":"concursos-publicos-de-franca-sp-edital-001-022-003-004-e-005-2025","status":"publish","type":"post","link":"https:\/\/www.agrobase.com.br\/concursos\/2025\/concursos-publicos-de-franca-sp-edital-001-022-003-004-e-005-2025\/","title":{"rendered":"Concursos P\u00fablicos de Franca &#8211; SP | Edital 001, 022, 003, 004 e 005\/2025"},"content":{"rendered":"<p>A Prefeitura de Franca &#8211; SP divulga a abertura de cinco Concursos P\u00fablicos, com o objetivo de contratar profissionais de n\u00edvel fundamental, m\u00e9dio, t\u00e9cnico e superior.<\/p>\n<p>De acordo com os editais, as oportunidades s\u00e3o para os seguintes cargos:<\/p>\n<p>    Edital 001\/2025: Agente de Videomonitoramento; Analista de Controle Interno; Auxiliar em Sa\u00fade Bucal; T\u00e9cnico em Meio Ambiente; Orientador Social;<br \/>\n    Edital 002\/2025: Carpinteiro; Diretor de Escola; Motorista I; Professor PEB I &#8211; Educa\u00e7\u00e3o Especial; Serralheiro;<br \/>\n    Edital 003\/2025: Procurador Municipal;<br \/>\n    Edital 004\/2025: M\u00e9dico de Sa\u00fade Ocupacional; M\u00e9dico Emergencialista &#8211; Cl\u00ednico Geral; M\u00e9dico Emergencialista &#8211; Pediatra; M\u00e9dico Especialista em Ultrassonografia Ginecol\u00f3gica e Obstetr\u00edcia; M\u00e9dico Ginecologista\/Obstetra; M\u00e9dico Homeopata; M\u00e9dico Neurologista Infantil; M\u00e9dico Ortopedista Infantil; M\u00e9dico Otorrinolaringologista; M\u00e9dico Patologista; M\u00e9dico Proctologista; M\u00e9dico Radiologista; M\u00e9dico Cl\u00ednico Geral; M\u00e9dico Endocrinologista; M\u00e9dico Oftalmologista Retin\u00f3logo; M\u00e9dico Pediatra; M\u00e9dico Cirurgi\u00e3o Ambulatorial; M\u00e9dico Psiquiatra Infantil; M\u00e9dico Cirurgi\u00e3o Gastroenterologista;<br \/>\n    Edital 005\/2025: Agente de Defesa Civil Substituto &#8211; Coordenador Pedag\u00f3gico Substituto; M\u00e9dico Cardiologista Substituto; M\u00e9dico Emergencialista Pediatra Substituto; M\u00e9dico Endocrinologista Substituto; M\u00e9dico Especialista em Doppler Substituto; M\u00e9dico Especialista em Ultrassonografia Ginecol\u00f3gica e Obstetr\u00edcia Substituto; M\u00e9dico da Fam\u00edlia Substituto; M\u00e9dico Ginecologista\/Obstetr\u00edcia Substituto; M\u00e9dico Geriatra Substituto; M\u00e9dico Homeopata Substituto; M\u00e9dico Infectologista Substituto; M\u00e9dico Mastologista Substituto; M\u00e9dico Neurologista Cl\u00ednico Geral Substituto; M\u00e9dico Oftalmologista Substituto; M\u00e9dico Oncologista Substituto; M\u00e9dico Ortopedista Substituto; M\u00e9dico Otorrinolaringologista Substituto; M\u00e9dico Pediatra Substituto; M\u00e9dico Pneumologista Substituto; M\u00e9dico Pneumologista Cirurgi\u00e3o Tor\u00e1cico Substituto; M\u00e9dico Psiquiatra Infantil Substituto; M\u00e9dico Psiquiatra Adulto Substituto; M\u00e9dico Radiologista Substituto; M\u00e9dico Reumatologista Substituto; M\u00e9dico Urologista Substituto; M\u00e9dico Vascular Substituto; Orientador Educacional Substituto; Pedagogo Substituto; Professor PEB II &#8211; Educa\u00e7\u00e3o Art\u00edstica &#8211; Substituto; Professor PEB II &#8211; F\u00edsica &#8211; Substituto; Professor PEB II &#8211; Geografia &#8211; Substituto; Professor PEB II &#8211; Matem\u00e1tica &#8211; Substituto; Professor PEB II &#8211; Sociologia &#8211; Substituto; Servente Merendeiro Substituto; Supervisor de Ensino Substituto; Professor Substituto PEB I &#8211; Educa\u00e7\u00e3o Especial.<\/p>\n<p>Ao serem contratados, os profissionais dever\u00e3o cumprir jornadas de 20 a 40 horas semanais e contar\u00e3o com remunera\u00e7\u00e3o mensal de R$ 1.927,62 a R$ 6.988,06. Alguns cargos como: Professor e M\u00e9dico ser\u00e3o remunerados de acordo com a quantidade de horas\/aulas ou plant\u00f5es, respectivamente.<\/p>\n<p>Os interessados poder\u00e3o se inscrever no per\u00edodo de 29 de mar\u00e7o de 2025 a 29 de abril de 2025, at\u00e9 as 23h59, pelo site do IBAM, com taxas de R$ 56,00 a R$ R$ 116,00.<\/p>\n<p>A classifica\u00e7\u00e3o dos candidatos ser\u00e1 realizada por meio de prova objetiva (para todos os cargos), prevista para o dia 18 de maio de 2025. Para alguns cargos tamb\u00e9m haver\u00e1 prova pr\u00e1tica, provas de t\u00edtulos e provas dissertativas.<\/p>\n","protected":false},"excerpt":{"rendered":"<p>A Prefeitura de Franca &#8211; SP divulga a abertura de cinco Concursos P\u00fablicos, com o objetivo de contratar profissionais de n\u00edvel fundamental, m\u00e9dio, t\u00e9cnico e superior.<\/p>\n","protected":false},"author":7,"featured_media":263446,"comment_status":"open","ping_status":"open","sticky":false,"template":"","format":"standard","meta":{"_acf_changed":false,"_breakdance_hide_in_design_set":false,"_breakdance_tags":"","footnotes":""},"categories":[10,141,6436,111,116,21,25,118,31],"tags":[62],"_amplo":[6427],"destaque":[],"instituicoes":[2211],"class_list":["post-263443","post","type-post","status-publish","format-standard","has-post-thumbnail","hentry","category-direito","category-educacao-artistica","category-fisica-licenciatura","category-geografia","category-matematica","category-medicina","category-pedagogia","category-sociologia","category-tecnico-ambiental","tag-sao-paulo","_amplo-nivel-medio","instituicoes-prefeitura-municipal-de-franca-sp"],"acf":{"_tipo_vagas":"cadastro de reserva","_numero_vagas":"","_quadro_vagas":"","_cargos":"diversos","_cargos_especificos":"","_salario_max":"R$ 6.988,06","_abertura":"20250329","_encerramento":"20250429","_inscricoes":"https:\/\/novo.ibamsp-concursos.org.br\/","_executora_concurso":40070,"_instituicao_concurso":[2211],"_link_adicional":null,"_anexos":[{"_arquivo_anexo":263448,"_titulo_anexo":"Edital 001\/2025"},{"_arquivo_anexo":263449,"_titulo_anexo":"Edital 002\/2025"},{"_arquivo_anexo":263450,"_titulo_anexo":"Edital 003\/2025"},{"_arquivo_anexo":263451,"_titulo_anexo":"Edital 004\/2025"},{"_arquivo_anexo":263452,"_titulo_anexo":"Edital 005\/2025"}],"_produtos":null,"_vagas":"","_salario_min":"","_instituicao":"","_edital":"","_anexos_edital":"","_fund_incompleto":"","_fund_completo":"","_medio":"","_superior":""},"_links":{"self":[{"href":"https:\/\/www.agrobase.com.br\/concursos\/wp-json\/wp\/v2\/posts\/263443","targetHints":{"allow":["GET"]}}],"collection":[{"href":"https:\/\/www.agrobase.com.br\/concursos\/wp-json\/wp\/v2\/posts"}],"about":[{"href":"https:\/\/www.agrobase.com.br\/concursos\/wp-json\/wp\/v2\/types\/post"}],"author":[{"embeddable":true,"href":"https:\/\/www.agrobase.com.br\/concursos\/wp-json\/wp\/v2\/users\/7"}],"replies":[{"embeddable":true,"href":"https:\/\/www.agrobase.com.br\/concursos\/wp-json\/wp\/v2\/comments?post=263443"}],"version-history":[{"count":3,"href":"https:\/\/www.agrobase.com.br\/concursos\/wp-json\/wp\/v2\/posts\/263443\/revisions"}],"predecessor-version":[{"id":263453,"href":"https:\/\/www.agrobase.com.br\/concursos\/wp-json\/wp\/v2\/posts\/263443\/revisions\/263453"}],"acf:term":[{"embeddable":true,"taxonomy":"instituicoes","href":"https:\/\/www.agrobase.com.br\/concursos\/wp-json\/wp\/v2\/instituicoes\/2211"}],"acf:post":[{"embeddable":true,"href":"https:\/\/www.agrobase.com.br\/concursos\/wp-json\/wp\/v2\/executora\/40070"}],"wp:featuredmedia":[{"embeddable":true,"href":"https:\/\/www.agrobase.com.br\/concursos\/wp-json\/wp\/v2\/media\/263446"}],"wp:attachment":[{"href":"https:\/\/www.agrobase.com.br\/concursos\/wp-json\/wp\/v2\/media?parent=263443"}],"wp:term":[{"taxonomy":"category","embeddable":true,"href":"https:\/\/www.agrobase.com.br\/concursos\/wp-json\/wp\/v2\/categories?post=263443"},{"taxonomy":"post_tag","embeddable":true,"href":"https:\/\/www.agrobase.com.br\/concursos\/wp-json\/wp\/v2\/tags?post=263443"},{"taxonomy":"_amplo","embeddable":true,"href":"https:\/\/www.agrobase.com.br\/concursos\/wp-json\/wp\/v2\/_amplo?post=263443"},{"taxonomy":"destaque","embeddable":true,"href":"https:\/\/www.agrobase.com.br\/concursos\/wp-json\/wp\/v2\/destaque?post=263443"},{"taxonomy":"instituicoes","embeddable":true,"href":"https:\/\/www.agrobase.com.br\/concursos\/wp-json\/wp\/v2\/instituicoes?post=263443"}],"curies":[{"name":"wp","href":"https:\/\/api.w.org\/{rel}","templated":true}]}}