{"id":263406,"date":"2025-04-04T07:50:31","date_gmt":"2025-04-04T10:50:31","guid":{"rendered":"https:\/\/www.agrobase.com.br\/concursos\/?p=263406"},"modified":"2025-04-03T13:14:30","modified_gmt":"2025-04-03T16:14:30","slug":"processo-seletivo-de-sao-jose-da-lapa-mg-edital-001-2025-2","status":"publish","type":"post","link":"https:\/\/www.agrobase.com.br\/concursos\/2025\/processo-seletivo-de-sao-jose-da-lapa-mg-edital-001-2025-2\/","title":{"rendered":"Processo Seletivo de S\u00e3o Jos\u00e9 da Lapa &#8211; MG | Edital 001\/2025"},"content":{"rendered":"<p>A Prefeitura de S\u00e3o Jos\u00e9 da Lapa anuncia a abertura de um Processo Seletivo, com o objetivo de preencher oito vagas para profissionais de n\u00edveis m\u00e9dio, t\u00e9cnico e superior.<\/p>\n<p>De acordo com o edital, as oportunidades s\u00e3o para os seguintes cargos: Assistente Social; Atendente de Farm\u00e1cia; Auxiliar em Sa\u00fade Bucal; Cirurgi\u00e3o Dentista; Cirurgi\u00e3o Dentista Especialista em Cirurgia; Cirurgi\u00e3o Dentista Periodontista; Contador; Enfermeiro Plantonista; Enfermeiro (Programa Sa\u00fade da Fam\u00edlia) (1 vaga); Farmac\u00eautico (1 vaga); Fisioterapeuta; Fonoaudi\u00f3logo (1 vaga); M\u00e9dico Veterin\u00e1rio; Motorista Carteira D; Motorista de Ambul\u00e2ncia; Nutricionista; Porteiro (Servi\u00e7os de Sa\u00fade); Profissional de Educa\u00e7\u00e3o F\u00edsica; Psic\u00f3logo; Recepcionista (Servi\u00e7os de Sa\u00fade); T\u00e9cnico de Enfermagem Equipe Vacina; T\u00e9cnico de Enfermagem Plantonista; T\u00e9cnico de Enfermagem (PSF) (3 vagas); T\u00e9cnico em Contabilidade; T\u00e9cnico de Sa\u00fade Bucal; Terapeuta Ocupacional (2 vagas).<\/p>\n<p>Para participar da sele\u00e7\u00e3o, \u00e9 necess\u00e1rio que o candidato comprove o n\u00edvel de escolaridade exigido para a fun\u00e7\u00e3o em que pretende atuar, tenha registro no respectivo conselho de classe (quando exigido) e atenda a outros requisitos estabelecidos no edital.<\/p>\n<p>Ao serem admitidos, os profissionais dever\u00e3o cumprir jornadas de 20 a 40 horas semanais ou escalas de 12hx36h, e contar\u00e3o com remunera\u00e7\u00e3o mensal de R$ 1.518,00 a R$ 8.285,90.<\/p>\n<p>Os interessados poder\u00e3o se inscrever a partir das 8h do dia 04 de abril de 2025 at\u00e9 \u00e0s 23h59 do dia 14 de abril de 2025, atrav\u00e9s de preenchimento do formul\u00e1rio de inscri\u00e7\u00e3o, disponibilizado no site da Prefeitura Municipal.<\/p>\n","protected":false},"excerpt":{"rendered":"<p>A Prefeitura de S\u00e3o Jos\u00e9 da Lapa anuncia a abertura de um Processo Seletivo, com o objetivo de preencher oito vagas para profissionais de n\u00edveis m\u00e9dio, t\u00e9cnico e superior.<\/p>\n","protected":false},"author":7,"featured_media":263410,"comment_status":"open","ping_status":"open","sticky":false,"template":"","format":"standard","meta":{"_acf_changed":false,"_breakdance_hide_in_design_set":false,"_breakdance_tags":"","footnotes":""},"categories":[9,6434,12,17,18,19,22,23,24,26,101,128,108,143,134],"tags":[50],"_amplo":[6427],"destaque":[],"instituicoes":[1626],"class_list":["post-263406","post","type-post","status-publish","format-standard","has-post-thumbnail","hentry","category-ciencias-contabeis","category-educacao-fisica-licenciatura","category-enfermagem","category-farmacia","category-fisioterapia","category-fonoaudiologia","category-veterinaria","category-nutricao","category-odontologia","category-psicologia","category-servico-social","category-tecnico-em-contabilidade","category-tecnico-enfermagem","category-tecnico-odontologia","category-terapia-ocupacional","tag-minas-gerais","_amplo-nivel-medio","instituicoes-prefeitura-municipal-de-sao-jose-da-lapa-mg"],"acf":{"_tipo_vagas":"vagas + cadastro de reserva","_numero_vagas":8,"_quadro_vagas":"","_cargos":"diversos","_cargos_especificos":"","_salario_max":"R$ 8.285,90","_abertura":"20250404","_encerramento":"20250414","_inscricoes":"https:\/\/www.saojosedalapa.mg.gov.br\/","_executora_concurso":"","_instituicao_concurso":[1626],"_link_adicional":null,"_anexos":[{"_arquivo_anexo":263408,"_titulo_anexo":"Edital 001\/2025"}],"_produtos":null,"_vagas":"","_salario_min":"","_instituicao":"","_edital":"","_anexos_edital":"","_fund_incompleto":"","_fund_completo":"","_medio":"","_superior":""},"_links":{"self":[{"href":"https:\/\/www.agrobase.com.br\/concursos\/wp-json\/wp\/v2\/posts\/263406","targetHints":{"allow":["GET"]}}],"collection":[{"href":"https:\/\/www.agrobase.com.br\/concursos\/wp-json\/wp\/v2\/posts"}],"about":[{"href":"https:\/\/www.agrobase.com.br\/concursos\/wp-json\/wp\/v2\/types\/post"}],"author":[{"embeddable":true,"href":"https:\/\/www.agrobase.com.br\/concursos\/wp-json\/wp\/v2\/users\/7"}],"replies":[{"embeddable":true,"href":"https:\/\/www.agrobase.com.br\/concursos\/wp-json\/wp\/v2\/comments?post=263406"}],"version-history":[{"count":2,"href":"https:\/\/www.agrobase.com.br\/concursos\/wp-json\/wp\/v2\/posts\/263406\/revisions"}],"predecessor-version":[{"id":263411,"href":"https:\/\/www.agrobase.com.br\/concursos\/wp-json\/wp\/v2\/posts\/263406\/revisions\/263411"}],"acf:term":[{"embeddable":true,"taxonomy":"instituicoes","href":"https:\/\/www.agrobase.com.br\/concursos\/wp-json\/wp\/v2\/instituicoes\/1626"}],"wp:featuredmedia":[{"embeddable":true,"href":"https:\/\/www.agrobase.com.br\/concursos\/wp-json\/wp\/v2\/media\/263410"}],"wp:attachment":[{"href":"https:\/\/www.agrobase.com.br\/concursos\/wp-json\/wp\/v2\/media?parent=263406"}],"wp:term":[{"taxonomy":"category","embeddable":true,"href":"https:\/\/www.agrobase.com.br\/concursos\/wp-json\/wp\/v2\/categories?post=263406"},{"taxonomy":"post_tag","embeddable":true,"href":"https:\/\/www.agrobase.com.br\/concursos\/wp-json\/wp\/v2\/tags?post=263406"},{"taxonomy":"_amplo","embeddable":true,"href":"https:\/\/www.agrobase.com.br\/concursos\/wp-json\/wp\/v2\/_amplo?post=263406"},{"taxonomy":"destaque","embeddable":true,"href":"https:\/\/www.agrobase.com.br\/concursos\/wp-json\/wp\/v2\/destaque?post=263406"},{"taxonomy":"instituicoes","embeddable":true,"href":"https:\/\/www.agrobase.com.br\/concursos\/wp-json\/wp\/v2\/instituicoes?post=263406"}],"curies":[{"name":"wp","href":"https:\/\/api.w.org\/{rel}","templated":true}]}}