{"id":263200,"date":"2025-04-01T07:50:40","date_gmt":"2025-04-01T10:50:40","guid":{"rendered":"https:\/\/www.agrobase.com.br\/concursos\/?p=263200"},"modified":"2025-03-31T14:22:40","modified_gmt":"2025-03-31T17:22:40","slug":"processo-seletivo-de-silves-am-edital-002-003-e-004-2025","status":"publish","type":"post","link":"https:\/\/www.agrobase.com.br\/concursos\/2025\/processo-seletivo-de-silves-am-edital-002-003-e-004-2025\/","title":{"rendered":"Processo Seletivo de Silves &#8211; AM | Edital 002, 003 e 004\/2025"},"content":{"rendered":"<p>A Prefeitura de Silves &#8211; AM anunciou a abertura de tr\u00eas Processos Seletivos, que visam contratar e formar cadastro reserva de profissionais de n\u00edvel m\u00e9dio, t\u00e9cnico e superior.<\/p>\n<p>Confira as oportunidades:<\/p>\n<p>    Edital 002\/2025: Agente Comunit\u00e1rio de Sa\u00fade (2 vagas); Auxiliar de Consult\u00f3rio Dent\u00e1rio da Estrat\u00e9gia de Sa\u00fade da Fam\u00edlia (1 vaga); Cirurgi\u00e3o-Dentista da Estrat\u00e9gia de Sa\u00fade da Fam\u00edlia (2 vagas); Enfermeiro da Estrat\u00e9gia de Sa\u00fade da Fam\u00edlia (2 vagas); Fonoaudi\u00f3logo (1 vaga); T\u00e9cnico de Enfermagem (3 vagas); T\u00e9cnico de Enfermagem da Estrat\u00e9gia de Sa\u00fade da Fam\u00edlia (8 vagas).<br \/>\n    Edital 003\/2025: T\u00e9cnico Agropecu\u00e1rio (3 vagas).<br \/>\n    Edital 004\/2025: Assistente Social (1 vaga); Psic\u00f3logo (1 vaga); Instrutor de Educa\u00e7\u00e3o F\u00edsica Conviv\u00eancia do Idoso (1 vaga); Cadastrador Social (1 vaga); Assistente Social Conviv\u00eancia do Idoso (1 vaga).<\/p>\n<p>A carga hor\u00e1ria prevista para os cargos varia de 30h a 40 horas semanais, com remunera\u00e7\u00e3o mensal no valor de R$ 1.518,00 a R$ 6.050,00.<\/p>\n<p>As inscri\u00e7\u00f5es podem ser realizadas no per\u00edodo de 28 de mar\u00e7o de 2025 a 06 de abril de 2025, at\u00e9 as 23h59, de forma online. Ser\u00e1 cobrada taxa nos valores de R$ 40,00 a R$ 60,00.<\/p>\n<p>A sele\u00e7\u00e3o dos candidatos consistir\u00e1 de prova objetiva, prevista para o dia 27 de abril de 2025<\/p>\n","protected":false},"excerpt":{"rendered":"<p>A Prefeitura de Silves &#8211; AM anunciou a abertura de tr\u00eas Processos Seletivos, que visam contratar e formar cadastro reserva de profissionais de n\u00edvel m\u00e9dio, t\u00e9cnico e superior.<\/p>\n","protected":false},"author":7,"featured_media":263206,"comment_status":"open","ping_status":"open","sticky":false,"template":"","format":"standard","meta":{"_acf_changed":false,"_breakdance_hide_in_design_set":false,"_breakdance_tags":"","footnotes":""},"categories":[6434,12,19,24,26,101,30,108],"tags":[41],"_amplo":[6427],"destaque":[],"instituicoes":[6482],"class_list":["post-263200","post","type-post","status-publish","format-standard","has-post-thumbnail","hentry","category-educacao-fisica-licenciatura","category-enfermagem","category-fonoaudiologia","category-odontologia","category-psicologia","category-servico-social","category-tecnico-agropecuaria","category-tecnico-enfermagem","tag-amazonas","_amplo-nivel-medio","instituicoes-prefeitura-municipal-de-silves-am"],"acf":{"_tipo_vagas":"vagas","_numero_vagas":27,"_quadro_vagas":"","_cargos":"diversos","_cargos_especificos":"","_salario_max":"R$ 6.050,00","_abertura":"20250328","_encerramento":"20250406","_inscricoes":"https:\/\/www.ibptec.org.br\/","_executora_concurso":"","_instituicao_concurso":[6482],"_link_adicional":null,"_anexos":[{"_arquivo_anexo":263202,"_titulo_anexo":"Edital 002\/2025"},{"_arquivo_anexo":263203,"_titulo_anexo":"Edital 003\/2025"},{"_arquivo_anexo":263204,"_titulo_anexo":"Edital 004\/2025"}],"_produtos":null,"_vagas":"","_salario_min":"","_instituicao":"","_edital":"","_anexos_edital":"","_fund_incompleto":"","_fund_completo":"","_medio":"","_superior":""},"_links":{"self":[{"href":"https:\/\/www.agrobase.com.br\/concursos\/wp-json\/wp\/v2\/posts\/263200","targetHints":{"allow":["GET"]}}],"collection":[{"href":"https:\/\/www.agrobase.com.br\/concursos\/wp-json\/wp\/v2\/posts"}],"about":[{"href":"https:\/\/www.agrobase.com.br\/concursos\/wp-json\/wp\/v2\/types\/post"}],"author":[{"embeddable":true,"href":"https:\/\/www.agrobase.com.br\/concursos\/wp-json\/wp\/v2\/users\/7"}],"replies":[{"embeddable":true,"href":"https:\/\/www.agrobase.com.br\/concursos\/wp-json\/wp\/v2\/comments?post=263200"}],"version-history":[{"count":2,"href":"https:\/\/www.agrobase.com.br\/concursos\/wp-json\/wp\/v2\/posts\/263200\/revisions"}],"predecessor-version":[{"id":263207,"href":"https:\/\/www.agrobase.com.br\/concursos\/wp-json\/wp\/v2\/posts\/263200\/revisions\/263207"}],"acf:term":[{"embeddable":true,"taxonomy":"instituicoes","href":"https:\/\/www.agrobase.com.br\/concursos\/wp-json\/wp\/v2\/instituicoes\/6482"}],"wp:featuredmedia":[{"embeddable":true,"href":"https:\/\/www.agrobase.com.br\/concursos\/wp-json\/wp\/v2\/media\/263206"}],"wp:attachment":[{"href":"https:\/\/www.agrobase.com.br\/concursos\/wp-json\/wp\/v2\/media?parent=263200"}],"wp:term":[{"taxonomy":"category","embeddable":true,"href":"https:\/\/www.agrobase.com.br\/concursos\/wp-json\/wp\/v2\/categories?post=263200"},{"taxonomy":"post_tag","embeddable":true,"href":"https:\/\/www.agrobase.com.br\/concursos\/wp-json\/wp\/v2\/tags?post=263200"},{"taxonomy":"_amplo","embeddable":true,"href":"https:\/\/www.agrobase.com.br\/concursos\/wp-json\/wp\/v2\/_amplo?post=263200"},{"taxonomy":"destaque","embeddable":true,"href":"https:\/\/www.agrobase.com.br\/concursos\/wp-json\/wp\/v2\/destaque?post=263200"},{"taxonomy":"instituicoes","embeddable":true,"href":"https:\/\/www.agrobase.com.br\/concursos\/wp-json\/wp\/v2\/instituicoes?post=263200"}],"curies":[{"name":"wp","href":"https:\/\/api.w.org\/{rel}","templated":true}]}}