{"id":262404,"date":"2025-03-20T07:40:12","date_gmt":"2025-03-20T10:40:12","guid":{"rendered":"https:\/\/www.agrobase.com.br\/concursos\/?p=262404"},"modified":"2025-03-19T13:09:44","modified_gmt":"2025-03-19T16:09:44","slug":"processo-seletivo-de-dores-do-rio-preto-es-edital-005-2025","status":"publish","type":"post","link":"https:\/\/www.agrobase.com.br\/concursos\/2025\/processo-seletivo-de-dores-do-rio-preto-es-edital-005-2025\/","title":{"rendered":"Processo Seletivo de Dores do Rio Preto &#8211; ES | Edital 005\/2025"},"content":{"rendered":"<p>A Prefeitura de Dores do Rio Preto &#8211; ES divulgou inscri\u00e7\u00f5es para um novo Processo Seletivo, que tem como objetivo preencher seis vagas de n\u00edvel fundamental, m\u00e9dio e superior.<\/p>\n<p>As oportunidades s\u00e3o para os cargos de: Fiscal de Obras e Postura (1 vaga); Agente de Servi\u00e7os Educacionais (1 vaga); Auxiliar de Servi\u00e7os de Limpeza e Conserva\u00e7\u00e3o (2 vagas); Jardineiro (1 vaga); Operador de M\u00e1quina (1 vaga); Cirurgi\u00e3o Dentista; Fonoaudi\u00f3logo; M\u00e9dico; M\u00e9dico Sa\u00fade Mental; M\u00e9dico Serdia; M\u00e9dico Aten\u00e7\u00e3o B\u00e1sica; M\u00e9dico Veterin\u00e1rio; Terapeuta Ocupacional; Calceteiro; Eletricista de Baixa e Alta Tens\u00e3o; Mestre de Obras; Motorista Profissional; Zelador de Cemit\u00e9rio.<\/p>\n<p>A carga hor\u00e1ria prevista para os cargos varia de 04h a 40 horas semanais, com remunera\u00e7\u00e3o mensal no valor de R$ 1.054,72 a R$ 12.607,07, al\u00e9m de aux\u00edlio-alimenta\u00e7\u00e3o de R$ 300,00. Vale ressaltar que a remunera\u00e7\u00e3o inferior a um sal\u00e1rio m\u00ednimo receber\u00e1 complementa\u00e7\u00e3o salarial na forma da lei.<\/p>\n<p>Os interessados podem se inscrever no per\u00edodo de 24 a 27 de mar\u00e7o de 2025, das 8h30 \u00e0s 10h30 e das 12h30 \u00e0s 15h30, no Audit\u00f3rio do CREAS &#8220;Francimar Carlos Pinheiro&#8221;, situado na Rua Edson Crisantone de Ara\u00fajo, 57, Centro.<\/p>\n","protected":false},"excerpt":{"rendered":"<p>A Prefeitura de Dores do Rio Preto &#8211; ES divulgou inscri\u00e7\u00f5es para um novo Processo Seletivo, que tem como objetivo preencher seis vagas de n\u00edvel fundamental, m\u00e9dio e superior.<\/p>\n","protected":false},"author":7,"featured_media":262408,"comment_status":"open","ping_status":"open","sticky":false,"template":"","format":"standard","meta":{"_acf_changed":false,"_breakdance_hide_in_design_set":false,"_breakdance_tags":"","footnotes":""},"categories":[19,21,22,24,134],"tags":[45],"_amplo":[6427],"destaque":[],"instituicoes":[4064],"class_list":["post-262404","post","type-post","status-publish","format-standard","has-post-thumbnail","hentry","category-fonoaudiologia","category-medicina","category-veterinaria","category-odontologia","category-terapia-ocupacional","tag-espirito-santo","_amplo-nivel-medio","instituicoes-prefeitura-municipal-de-dores-do-rio-preto-es"],"acf":{"_tipo_vagas":"vagas + cadastro de reserva","_numero_vagas":6,"_quadro_vagas":"","_cargos":"diversos","_cargos_especificos":"","_salario_max":"R$ 12.607,07","_abertura":"20250324","_encerramento":"20250327","_inscricoes":"","_executora_concurso":"","_instituicao_concurso":[4064],"_link_adicional":null,"_anexos":[{"_arquivo_anexo":262406,"_titulo_anexo":"Edital 005\/2025"}],"_produtos":null,"_vagas":"","_salario_min":"","_instituicao":"","_edital":"","_anexos_edital":"","_fund_incompleto":"","_fund_completo":"","_medio":"","_superior":""},"_links":{"self":[{"href":"https:\/\/www.agrobase.com.br\/concursos\/wp-json\/wp\/v2\/posts\/262404","targetHints":{"allow":["GET"]}}],"collection":[{"href":"https:\/\/www.agrobase.com.br\/concursos\/wp-json\/wp\/v2\/posts"}],"about":[{"href":"https:\/\/www.agrobase.com.br\/concursos\/wp-json\/wp\/v2\/types\/post"}],"author":[{"embeddable":true,"href":"https:\/\/www.agrobase.com.br\/concursos\/wp-json\/wp\/v2\/users\/7"}],"replies":[{"embeddable":true,"href":"https:\/\/www.agrobase.com.br\/concursos\/wp-json\/wp\/v2\/comments?post=262404"}],"version-history":[{"count":0,"href":"https:\/\/www.agrobase.com.br\/concursos\/wp-json\/wp\/v2\/posts\/262404\/revisions"}],"acf:term":[{"embeddable":true,"taxonomy":"instituicoes","href":"https:\/\/www.agrobase.com.br\/concursos\/wp-json\/wp\/v2\/instituicoes\/4064"}],"wp:featuredmedia":[{"embeddable":true,"href":"https:\/\/www.agrobase.com.br\/concursos\/wp-json\/wp\/v2\/media\/262408"}],"wp:attachment":[{"href":"https:\/\/www.agrobase.com.br\/concursos\/wp-json\/wp\/v2\/media?parent=262404"}],"wp:term":[{"taxonomy":"category","embeddable":true,"href":"https:\/\/www.agrobase.com.br\/concursos\/wp-json\/wp\/v2\/categories?post=262404"},{"taxonomy":"post_tag","embeddable":true,"href":"https:\/\/www.agrobase.com.br\/concursos\/wp-json\/wp\/v2\/tags?post=262404"},{"taxonomy":"_amplo","embeddable":true,"href":"https:\/\/www.agrobase.com.br\/concursos\/wp-json\/wp\/v2\/_amplo?post=262404"},{"taxonomy":"destaque","embeddable":true,"href":"https:\/\/www.agrobase.com.br\/concursos\/wp-json\/wp\/v2\/destaque?post=262404"},{"taxonomy":"instituicoes","embeddable":true,"href":"https:\/\/www.agrobase.com.br\/concursos\/wp-json\/wp\/v2\/instituicoes?post=262404"}],"curies":[{"name":"wp","href":"https:\/\/api.w.org\/{rel}","templated":true}]}}