{"id":261979,"date":"2025-03-12T07:00:50","date_gmt":"2025-03-12T10:00:50","guid":{"rendered":"https:\/\/www.agrobase.com.br\/concursos\/?p=261979"},"modified":"2025-03-11T10:44:39","modified_gmt":"2025-03-11T13:44:39","slug":"processo-seletivo-de-amatura-am-edital-001-2025","status":"publish","type":"post","link":"https:\/\/www.agrobase.com.br\/concursos\/2025\/processo-seletivo-de-amatura-am-edital-001-2025\/","title":{"rendered":"Processo Seletivo de Amatur\u00e1 &#8211; AM | Edital 001\/2025"},"content":{"rendered":"<p>A Prefeitura de Amatur\u00e1 anuncia a abertura de um novo Processo Seletivo, com o objetivo de preencher 357 vagas para profissionais de n\u00edveis fundamental completo, m\u00e9dio e superior.<\/p>\n<p>De acordo com o edital, as oportunidades s\u00e3o para os seguintes cargos: Auxiliar de Servi\u00e7os Gerais Zona Urbana (16 vagas); Auxiliar de Servi\u00e7os Gerais Zona Rural (17 vagas); Merendeiro Zona Urbana (8 vagas); Merendeiro Zona Rural (15 vagas); Motorista Fluvial Zona Urbana (3 vagas); Motorista Fluvial Zona Rural (7 vagas); Motorista de \u00d4nibus Escolar Zona Urbana (2 vagas); Vigia Zona Urbana (16 vagas); Vigia Zona Rural (16 vagas); Profissional de Apoio Zona Urbana (11 vagas); Profissional de Apoio Zona Rural (2 vagas); Assistente Social Zona Urbana (1 vaga); Nutricionista Zona Urbana (1 vaga); Fonoaudi\u00f3logo Zona Urbana (1 vaga); T\u00e9cnico em Nutri\u00e7\u00e3o Zona Urbana (2 vagas); T\u00e9cnico em Nutri\u00e7\u00e3o Zona Rural (2 vagas); Psic\u00f3logo Zona Urbana (1 vaga); Coordenador Pedag\u00f3gico Zona Urbana (2 vagas); Coordenador Pedag\u00f3gico Zona Rural (2 vagas); Monitor Escolar Zona Urbana (20 vagas); Monitor Escolar Zona Rural (20 vagas); Assistente Administrativo Zona Urbana (10 vagas); Assistente Administrativo Zona Rural (10 vagas); Secret\u00e1rio Escolar Zona Urbana (3 vagas); Secret\u00e1rio Escolar Zona Rural (10 vagas); Agente de Portaria Zona Urbana (7 vagas); Assistente Bil\u00edngue Zona Rural Escolas Municipais Ind\u00edgenas (11 vagas); Professor de Libras Zona Urbana (1 vaga); Professor de Educa\u00e7\u00e3o Infantil do 1\u00ba ao 5\u00ba Ano do Ensino Fundamental Anos Iniciais Zona Urbana (26 vagas); Professor de Educa\u00e7\u00e3o Infantil do 1\u00ba ao 5\u00ba Ano do Ensino Fundamental Anos Iniciais Zona Rural (26 vagas); Professor de L\u00edngua Portuguesa do Ensino Fundamental Anos Finais do 6\u00ba ao 9\u00ba Ano Zona Urbana (11 vagas); Professor de L\u00edngua Portuguesa do Ensino Fundamental Anos Finais do 6\u00ba ao 9\u00ba Ano Zona Rural (11 vagas); Professor de Matem\u00e1tica do Ensino Fundamental Anos Finais 6\u00ba ao 9\u00ba Ano Zona Rural (11 vagas); Professor de Matem\u00e1tica do Ensino Fundamental Anos Finais 6\u00ba ao 9\u00ba Ano Zona Urbana (11 vagas); Professor de Geografia do Ensino Fundamental Anos Finais 6\u00ba ao 9\u00ba Ano Zona Rural (6 vagas); Professor de Geografia do Ensino Fundamental Anos Finais 6\u00ba ao 9\u00ba Ano Zona Urbana (2 vagas); Professor de Ci\u00eancias Naturais do Ensino Fundamental Anos Finais 6\u00ba ao 9\u00ba Ano Zona Urbana (3 vagas); Professor de Ci\u00eancias Naturais do Ensino Fundamental Anos Finais 6\u00ba ao 9\u00ba Ano Zona Rural (6 vagas); Professor de Hist\u00f3ria do Ensino Fundamental Anos Finais 6\u00ba ao 9\u00ba Ano Zona Rural (6 vagas); Professor de Hist\u00f3ria do Ensino Fundamental Anos Finais 6\u00ba ao 9\u00ba Ano Zona Urbana (3 vagas); Professor de Educa\u00e7\u00e3o F\u00edsica do Ensino Fundamental Anos Finais 6\u00ba ao 9\u00ba Ano Zona Urbana (4 vagas); Professor de Educa\u00e7\u00e3o F\u00edsica do Ensino Fundamental Anos Finais 6\u00ba ao 9\u00ba Ano Zona Rural (4 vagas); Tradutor Pedag\u00f3gico Ind\u00edgena (11 vagas); Neuropsic\u00f3logo (1 vaga).<\/p>\n<p>Ao serem admitidos, os profissionais dever\u00e3o cumprir jornadas de 20 a 40 horas semanais e contar\u00e3o com remunera\u00e7\u00e3o mensal de R$ 1.518,00 a R$ 4.900,00.<\/p>\n<p>Os interessados poder\u00e3o se inscrever a partir das 9h do dia 11 de mar\u00e7o de 2025 at\u00e9 as 17h do dia 12 de mar\u00e7o de 2025, presencialmente, na Secretaria Municipal de Educa\u00e7\u00e3o, localizada na Avenida 21 de Junho, n\u00ba 1.270, bairro Centro.<\/p>\n<p>A sele\u00e7\u00e3o dos candidatos ser\u00e1 feita por meio das seguintes etapas:<\/p>\n<p>    Prova de desempenho did\u00e1tico, para o cargo de Professor;<br \/>\n    Plano de a\u00e7\u00e3o para o cargo de Nutricionista;<br \/>\n    Plano de trabalho para os cargos de Psic\u00f3logo, Fonoaudi\u00f3logo, Assistente Social e Neuropsic\u00f3logo;<br \/>\n    Entrevista para os cargos administrativos, prevista para os dias 18 e 19 de mar\u00e7o de 2025.<\/p>\n","protected":false},"excerpt":{"rendered":"<p>A Prefeitura de Amatur\u00e1 anuncia a abertura de um novo Processo Seletivo, com o objetivo de preencher 357 vagas para profissionais de n\u00edveis fundamental completo, m\u00e9dio e superior.<\/p>\n","protected":false},"author":7,"featured_media":261983,"comment_status":"open","ping_status":"open","sticky":false,"template":"","format":"standard","meta":{"_acf_changed":false,"_breakdance_hide_in_design_set":false,"_breakdance_tags":"","footnotes":""},"categories":[6433,6434,19,111,100,20,116,23,25,26,101],"tags":[41],"_amplo":[6427],"destaque":[],"instituicoes":[1488],"class_list":["post-261979","post","type-post","status-publish","format-standard","has-post-thumbnail","hentry","category-biologia-licenciatura","category-educacao-fisica-licenciatura","category-fonoaudiologia","category-geografia","category-historia","category-letras","category-matematica","category-nutricao","category-pedagogia","category-psicologia","category-servico-social","tag-amazonas","_amplo-nivel-medio","instituicoes-prefeitura-municipal-de-amatura-am"],"acf":{"_tipo_vagas":"vagas","_numero_vagas":357,"_quadro_vagas":"","_cargos":"diversos","_cargos_especificos":"","_salario_max":"R$ 4.900,00","_abertura":"20250311","_encerramento":"20250312","_inscricoes":"","_executora_concurso":"","_instituicao_concurso":[1488],"_link_adicional":null,"_anexos":[{"_arquivo_anexo":261981,"_titulo_anexo":"Edital 001\/2025"}],"_produtos":null,"_vagas":"","_salario_min":"","_instituicao":"","_edital":"","_anexos_edital":"","_fund_incompleto":"","_fund_completo":"","_medio":"","_superior":""},"_links":{"self":[{"href":"https:\/\/www.agrobase.com.br\/concursos\/wp-json\/wp\/v2\/posts\/261979","targetHints":{"allow":["GET"]}}],"collection":[{"href":"https:\/\/www.agrobase.com.br\/concursos\/wp-json\/wp\/v2\/posts"}],"about":[{"href":"https:\/\/www.agrobase.com.br\/concursos\/wp-json\/wp\/v2\/types\/post"}],"author":[{"embeddable":true,"href":"https:\/\/www.agrobase.com.br\/concursos\/wp-json\/wp\/v2\/users\/7"}],"replies":[{"embeddable":true,"href":"https:\/\/www.agrobase.com.br\/concursos\/wp-json\/wp\/v2\/comments?post=261979"}],"version-history":[{"count":0,"href":"https:\/\/www.agrobase.com.br\/concursos\/wp-json\/wp\/v2\/posts\/261979\/revisions"}],"acf:term":[{"embeddable":true,"taxonomy":"instituicoes","href":"https:\/\/www.agrobase.com.br\/concursos\/wp-json\/wp\/v2\/instituicoes\/1488"}],"wp:featuredmedia":[{"embeddable":true,"href":"https:\/\/www.agrobase.com.br\/concursos\/wp-json\/wp\/v2\/media\/261983"}],"wp:attachment":[{"href":"https:\/\/www.agrobase.com.br\/concursos\/wp-json\/wp\/v2\/media?parent=261979"}],"wp:term":[{"taxonomy":"category","embeddable":true,"href":"https:\/\/www.agrobase.com.br\/concursos\/wp-json\/wp\/v2\/categories?post=261979"},{"taxonomy":"post_tag","embeddable":true,"href":"https:\/\/www.agrobase.com.br\/concursos\/wp-json\/wp\/v2\/tags?post=261979"},{"taxonomy":"_amplo","embeddable":true,"href":"https:\/\/www.agrobase.com.br\/concursos\/wp-json\/wp\/v2\/_amplo?post=261979"},{"taxonomy":"destaque","embeddable":true,"href":"https:\/\/www.agrobase.com.br\/concursos\/wp-json\/wp\/v2\/destaque?post=261979"},{"taxonomy":"instituicoes","embeddable":true,"href":"https:\/\/www.agrobase.com.br\/concursos\/wp-json\/wp\/v2\/instituicoes?post=261979"}],"curies":[{"name":"wp","href":"https:\/\/api.w.org\/{rel}","templated":true}]}}