{"id":261932,"date":"2025-03-11T07:30:19","date_gmt":"2025-03-11T10:30:19","guid":{"rendered":"https:\/\/www.agrobase.com.br\/concursos\/?p=261932"},"modified":"2025-03-10T12:25:46","modified_gmt":"2025-03-10T15:25:46","slug":"processo-seletivo-de-primavera-do-leste-mt-edital-474-2025","status":"publish","type":"post","link":"https:\/\/www.agrobase.com.br\/concursos\/2025\/processo-seletivo-de-primavera-do-leste-mt-edital-474-2025\/","title":{"rendered":"Processo Seletivo de Primavera do Leste &#8211; MT | Edital 474\/2025"},"content":{"rendered":"<p>A Prefeitura de Primavera do Leste &#8211; MT anuncia a abertura do Processo Seletivo, que tem como objetivo a forma\u00e7\u00e3o de cadastro de reserva de profissionais com n\u00edveis m\u00e9dio, t\u00e9cnico e superior.<\/p>\n<p>As oportunidades s\u00e3o para os cargos de Auxiliar de Cozinha; Cozinheiro; Coveiro; Motorista; Auxiliar de Consult\u00f3rio Dent\u00e1rio; T\u00e9cnico em Enfermagem; T\u00e9cnico em Enfermagem SAMU; T\u00e9cnico em Higiene Dental; T\u00e9cnico em Imobiliza\u00e7\u00e3o Ortop\u00e9dica; T\u00e9cnico em Laborat\u00f3rio; T\u00e9cnico em Manuten\u00e7\u00e3o; T\u00e9cnico em Radiologia 24h SM; Assistente Social; Bioqu\u00edmico; Cirurgi\u00e3o Dentista; Cirurgi\u00e3o Dentista 20 hrs &#8211; Paciente PNE; Cirurgi\u00e3o Dentista &#8211; Pr\u00f3tese Dent\u00e1ria; Enfermeiro Intervencionista do SAMU; Enfermeiro Padr\u00e3o; Farmac\u00eautico; Fisioterapeuta; Fonoaudi\u00f3logo; M\u00e9dico Cl\u00ednico Geral; M\u00e9dico Especialista em Alergia; M\u00e9dico Especialista em Anestesia; M\u00e9dico Especialista em Cardiologia; M\u00e9dico Especialista em Cirurgia Geral; M\u00e9dico Especialista em Cirurgia Vascular; M\u00e9dico Especialista em Ginecologia; M\u00e9dico Especialista em Infectologia; M\u00e9dico Especialista em Pediatria; M\u00e9dico Especialista em Urologia; M\u00e9dico Intervencionista do SAMU; Nutricionista; Psic\u00f3logo.<\/p>\n<p>Ao serem contratados, os profissionais atuar\u00e3o em uma carga hor\u00e1ria de 20 a 40 horas semanais e receber\u00e3o remunera\u00e7\u00f5es que variam de R$ 2.261,50 a R$ 15.678,48 por m\u00eas de acordo com o cargo.<\/p>\n<p>Para concorrer, os candidatos devem possuir a escolaridade exigida para a fun\u00e7\u00e3o desejada de n\u00edveis fundamental, m\u00e9dio, t\u00e9cnico e superior, registro no respectivo conselho de classe e idade m\u00ednima de 18 anos, entre outros requisitos descritos no edital.<\/p>\n<p>As inscri\u00e7\u00f5es ser\u00e3o realizadas no per\u00edodo de 11 a 20 de mar\u00e7o de 2025, at\u00e9 \u00e0s 23h59 do \u00faltimo dia, via internet, por meio do site da Prefeitura.<\/p>\n<p>A sele\u00e7\u00e3o dos candidatos ser\u00e1 feita por meio de prova objetiva prevista para ser aplicada no dia 13 de abril de 2025. O conte\u00fado program\u00e1tico consistir\u00e1 em quest\u00f5es de portugu\u00eas, de conhecimentos gerais e espec\u00edficos.<\/p>\n","protected":false},"excerpt":{"rendered":"<p>A Prefeitura de Primavera do Leste &#8211; MT anuncia a abertura do Processo Seletivo, que tem como objetivo a forma\u00e7\u00e3o de cadastro de reserva de profissionais com n\u00edveis m\u00e9dio, t\u00e9cnico e superior.<\/p>\n","protected":false},"author":7,"featured_media":261936,"comment_status":"open","ping_status":"open","sticky":false,"template":"","format":"standard","meta":{"_acf_changed":false,"_breakdance_hide_in_design_set":false,"_breakdance_tags":"","footnotes":""},"categories":[106,12,17,18,19,21,23,24,26,101,108,161],"tags":[47],"_amplo":[6427],"destaque":[],"instituicoes":[1542],"class_list":["post-261932","post","type-post","status-publish","format-standard","has-post-thumbnail","hentry","category-bioquimica","category-enfermagem","category-farmacia","category-fisioterapia","category-fonoaudiologia","category-medicina","category-nutricao","category-odontologia","category-psicologia","category-servico-social","category-tecnico-enfermagem","category-tecnico-laboratorio","tag-mato-grosso","_amplo-nivel-medio","instituicoes-prefeitura-municipal-de-primavera-do-leste-mt"],"acf":{"_tipo_vagas":"cadastro de reserva","_numero_vagas":"","_quadro_vagas":"","_cargos":"diversos","_cargos_especificos":"","_salario_max":"R$ 15.678,48","_abertura":"20250311","_encerramento":"20250320","_inscricoes":"https:\/\/seletivo.primaveradoleste.mt.gov.br\/","_executora_concurso":"","_instituicao_concurso":[1542],"_link_adicional":null,"_anexos":[{"_arquivo_anexo":261934,"_titulo_anexo":"Edital 474\/2025"}],"_produtos":null,"_vagas":"","_salario_min":"","_instituicao":"","_edital":"","_anexos_edital":"","_fund_incompleto":"","_fund_completo":"","_medio":"","_superior":""},"_links":{"self":[{"href":"https:\/\/www.agrobase.com.br\/concursos\/wp-json\/wp\/v2\/posts\/261932","targetHints":{"allow":["GET"]}}],"collection":[{"href":"https:\/\/www.agrobase.com.br\/concursos\/wp-json\/wp\/v2\/posts"}],"about":[{"href":"https:\/\/www.agrobase.com.br\/concursos\/wp-json\/wp\/v2\/types\/post"}],"author":[{"embeddable":true,"href":"https:\/\/www.agrobase.com.br\/concursos\/wp-json\/wp\/v2\/users\/7"}],"replies":[{"embeddable":true,"href":"https:\/\/www.agrobase.com.br\/concursos\/wp-json\/wp\/v2\/comments?post=261932"}],"version-history":[{"count":0,"href":"https:\/\/www.agrobase.com.br\/concursos\/wp-json\/wp\/v2\/posts\/261932\/revisions"}],"acf:term":[{"embeddable":true,"taxonomy":"instituicoes","href":"https:\/\/www.agrobase.com.br\/concursos\/wp-json\/wp\/v2\/instituicoes\/1542"}],"wp:featuredmedia":[{"embeddable":true,"href":"https:\/\/www.agrobase.com.br\/concursos\/wp-json\/wp\/v2\/media\/261936"}],"wp:attachment":[{"href":"https:\/\/www.agrobase.com.br\/concursos\/wp-json\/wp\/v2\/media?parent=261932"}],"wp:term":[{"taxonomy":"category","embeddable":true,"href":"https:\/\/www.agrobase.com.br\/concursos\/wp-json\/wp\/v2\/categories?post=261932"},{"taxonomy":"post_tag","embeddable":true,"href":"https:\/\/www.agrobase.com.br\/concursos\/wp-json\/wp\/v2\/tags?post=261932"},{"taxonomy":"_amplo","embeddable":true,"href":"https:\/\/www.agrobase.com.br\/concursos\/wp-json\/wp\/v2\/_amplo?post=261932"},{"taxonomy":"destaque","embeddable":true,"href":"https:\/\/www.agrobase.com.br\/concursos\/wp-json\/wp\/v2\/destaque?post=261932"},{"taxonomy":"instituicoes","embeddable":true,"href":"https:\/\/www.agrobase.com.br\/concursos\/wp-json\/wp\/v2\/instituicoes?post=261932"}],"curies":[{"name":"wp","href":"https:\/\/api.w.org\/{rel}","templated":true}]}}