{"id":261703,"date":"2025-03-06T07:00:07","date_gmt":"2025-03-06T10:00:07","guid":{"rendered":"https:\/\/www.agrobase.com.br\/concursos\/?p=261703"},"modified":"2025-03-05T11:18:39","modified_gmt":"2025-03-05T14:18:39","slug":"processo-seletivo-de-cafelandia-pr-edital-001-2025","status":"publish","type":"post","link":"https:\/\/www.agrobase.com.br\/concursos\/2025\/processo-seletivo-de-cafelandia-pr-edital-001-2025\/","title":{"rendered":"Processo Seletivo de Cafel\u00e2ndia &#8211; PR | Edital 001\/2025"},"content":{"rendered":"<p>A Prefeitura de Cafel\u00e2ndia &#8211; PR anuncia a abertura de um Processo Seletivo, com o objetivo de preencher 23 vagas para profissionais de n\u00edveis alfabetizado e fundamental.<\/p>\n<p>De acordo com o edital, as oportunidades s\u00e3o para os seguintes cargos: Cozinheira (3 vagas); Servente de Servi\u00e7os Gerais (10 vagas); Servi\u00e7os Gerais (10 vagas).<\/p>\n<p>Para participar da sele\u00e7\u00e3o, \u00e9 necess\u00e1rio que o candidato comprove o n\u00edvel de escolaridade exigido para a fun\u00e7\u00e3o em que pretende atuar, tenha idade m\u00ednima de 18 anos, entre outros requisitos.<\/p>\n<p>Ao serem admitidos, os profissionais dever\u00e3o cumprir jornadas de 40 horas semanais e contar\u00e3o com remunera\u00e7\u00e3o mensal de R$ 1.697,47.<\/p>\n<p>Os interessados podem se inscrever a partir das 8h do dia 07 de mar\u00e7o de 2025 at\u00e9 \u00e0s 16h30 do dia 21 de mar\u00e7o de 2025 (observado hor\u00e1rio oficial de Bras\u00edlia DF), pelo site da Prefeitura Municipal.<\/p>\n<p>Aqueles que preferirem poder\u00e3o realizar as inscri\u00e7\u00f5es presencialmente, no hor\u00e1rio das 7h30 \u00e0s 11h30 e das 13h30 \u00e0s 16h30, exceto s\u00e1bados e domingos, no Setor de Recursos Humanos da Prefeitura Municipal, localizada na Rua Vereador Luiz Picolli, n\u00ba 299.<\/p>\n<p>A sele\u00e7\u00e3o dos candidatos ser\u00e1 feita por meio de prova objetiva, prevista para ser realizada no dia 30 de mar\u00e7o de 2025.<\/p>\n","protected":false},"excerpt":{"rendered":"<p>A Prefeitura de Cafel\u00e2ndia &#8211; PR anuncia a abertura de um Processo Seletivo, com o objetivo de preencher 23 vagas para profissionais de n\u00edveis alfabetizado e fundamental.<\/p>\n","protected":false},"author":7,"featured_media":261707,"comment_status":"open","ping_status":"open","sticky":false,"template":"","format":"standard","meta":{"_acf_changed":false,"_breakdance_hide_in_design_set":false,"_breakdance_tags":"","footnotes":""},"categories":[1],"tags":[52],"_amplo":[6427],"destaque":[],"instituicoes":[5981],"class_list":["post-261703","post","type-post","status-publish","format-standard","has-post-thumbnail","hentry","category-sem-categoria","tag-parana","_amplo-nivel-medio","instituicoes-prefeitura-municipal-de-cafelandia-pr"],"acf":{"_tipo_vagas":"vagas","_numero_vagas":23,"_quadro_vagas":"","_cargos":"diversos","_cargos_especificos":"","_salario_max":"R$ 1.697,47","_abertura":"20250307","_encerramento":"20250321","_inscricoes":"https:\/\/cafelandia.pr.gov.br\/%5d","_executora_concurso":"","_instituicao_concurso":[5981],"_link_adicional":null,"_anexos":[{"_arquivo_anexo":261705,"_titulo_anexo":"Edital 001\/2025"}],"_produtos":null,"_vagas":"","_salario_min":"","_instituicao":"","_edital":"","_anexos_edital":"","_fund_incompleto":"","_fund_completo":"","_medio":"","_superior":""},"_links":{"self":[{"href":"https:\/\/www.agrobase.com.br\/concursos\/wp-json\/wp\/v2\/posts\/261703","targetHints":{"allow":["GET"]}}],"collection":[{"href":"https:\/\/www.agrobase.com.br\/concursos\/wp-json\/wp\/v2\/posts"}],"about":[{"href":"https:\/\/www.agrobase.com.br\/concursos\/wp-json\/wp\/v2\/types\/post"}],"author":[{"embeddable":true,"href":"https:\/\/www.agrobase.com.br\/concursos\/wp-json\/wp\/v2\/users\/7"}],"replies":[{"embeddable":true,"href":"https:\/\/www.agrobase.com.br\/concursos\/wp-json\/wp\/v2\/comments?post=261703"}],"version-history":[{"count":0,"href":"https:\/\/www.agrobase.com.br\/concursos\/wp-json\/wp\/v2\/posts\/261703\/revisions"}],"acf:term":[{"embeddable":true,"taxonomy":"instituicoes","href":"https:\/\/www.agrobase.com.br\/concursos\/wp-json\/wp\/v2\/instituicoes\/5981"}],"wp:featuredmedia":[{"embeddable":true,"href":"https:\/\/www.agrobase.com.br\/concursos\/wp-json\/wp\/v2\/media\/261707"}],"wp:attachment":[{"href":"https:\/\/www.agrobase.com.br\/concursos\/wp-json\/wp\/v2\/media?parent=261703"}],"wp:term":[{"taxonomy":"category","embeddable":true,"href":"https:\/\/www.agrobase.com.br\/concursos\/wp-json\/wp\/v2\/categories?post=261703"},{"taxonomy":"post_tag","embeddable":true,"href":"https:\/\/www.agrobase.com.br\/concursos\/wp-json\/wp\/v2\/tags?post=261703"},{"taxonomy":"_amplo","embeddable":true,"href":"https:\/\/www.agrobase.com.br\/concursos\/wp-json\/wp\/v2\/_amplo?post=261703"},{"taxonomy":"destaque","embeddable":true,"href":"https:\/\/www.agrobase.com.br\/concursos\/wp-json\/wp\/v2\/destaque?post=261703"},{"taxonomy":"instituicoes","embeddable":true,"href":"https:\/\/www.agrobase.com.br\/concursos\/wp-json\/wp\/v2\/instituicoes?post=261703"}],"curies":[{"name":"wp","href":"https:\/\/api.w.org\/{rel}","templated":true}]}}