{"id":260988,"date":"2025-02-20T07:30:49","date_gmt":"2025-02-20T10:30:49","guid":{"rendered":"https:\/\/www.agrobase.com.br\/concursos\/?p=260988"},"modified":"2025-02-19T11:38:13","modified_gmt":"2025-02-19T14:38:13","slug":"processo-seletivo-de-sao-jose-da-lapa-mg-edital-001-2025","status":"publish","type":"post","link":"https:\/\/www.agrobase.com.br\/concursos\/2025\/processo-seletivo-de-sao-jose-da-lapa-mg-edital-001-2025\/","title":{"rendered":"Processo Seletivo de S\u00e3o Jos\u00e9 da Lapa &#8211; MG | Edital 001\/2025"},"content":{"rendered":"<p>A Prefeitura de S\u00e3o Jos\u00e9 da Lapa &#8211; MG anuncia a abertura de Processo Seletivo, que tem como objetivo contratar profissionais de n\u00edvel m\u00e9dio e superior.<\/p>\n<p>Confira as oportunidades: Auxiliar Administrativo; Auxiliar de Servi\u00e7os Gerais; Educador Social Prote\u00e7\u00e3o Social B\u00e1sica (Cras); Educador Social Prote\u00e7\u00e3o Social de Alta Complexidade (Lar das Crian\u00e7as); Psic\u00f3logo Prote\u00e7\u00e3o Social B\u00e1sica (Cras); Psic\u00f3logo Prote\u00e7\u00e3o Social de M\u00e9dia Complexidade (Creas); Psic\u00f3logo Prote\u00e7\u00e3o Social de Alta Complexidade (Lar das Crian\u00e7as).<\/p>\n<p>A carga hor\u00e1ria a ser cumprida \u00e9 de 20 a 40 horas semanais ou 12&#215;36 e a remunera\u00e7\u00e3o mensal equivale a R$ 1.518,00 a R$ 2.681,26.<\/p>\n<p>Interessados poder\u00e3o se inscrever durante o per\u00edodo de 18 a 24 de fevereiro de 2025, at\u00e9 as 12h, exclusivamente via internet.<\/p>\n","protected":false},"excerpt":{"rendered":"<p>A Prefeitura de S\u00e3o Jos\u00e9 da Lapa &#8211; MG anuncia a abertura de Processo Seletivo, que tem como objetivo contratar profissionais de n\u00edvel m\u00e9dio e superior.<\/p>\n","protected":false},"author":7,"featured_media":260992,"comment_status":"open","ping_status":"open","sticky":false,"template":"","format":"standard","meta":{"_acf_changed":false,"_breakdance_hide_in_design_set":false,"_breakdance_tags":"","footnotes":""},"categories":[26],"tags":[50],"_amplo":[6427],"destaque":[],"instituicoes":[1626],"class_list":["post-260988","post","type-post","status-publish","format-standard","has-post-thumbnail","hentry","category-psicologia","tag-minas-gerais","_amplo-nivel-medio","instituicoes-prefeitura-municipal-de-sao-jose-da-lapa-mg"],"acf":{"_tipo_vagas":"cadastro de reserva","_numero_vagas":"","_quadro_vagas":"","_cargos":"diversos","_cargos_especificos":"","_salario_max":"R$ 2.681,26","_abertura":"20250218","_encerramento":"20250224","_inscricoes":"https:\/\/www.saojosedalapa.mg.gov.br\/","_executora_concurso":"","_instituicao_concurso":[1626],"_link_adicional":null,"_anexos":[{"_arquivo_anexo":260990,"_titulo_anexo":"Edital 001\/2025"}],"_produtos":null,"_vagas":"","_salario_min":"","_instituicao":"","_edital":"","_anexos_edital":"","_fund_incompleto":"","_fund_completo":"","_medio":"","_superior":""},"_links":{"self":[{"href":"https:\/\/www.agrobase.com.br\/concursos\/wp-json\/wp\/v2\/posts\/260988","targetHints":{"allow":["GET"]}}],"collection":[{"href":"https:\/\/www.agrobase.com.br\/concursos\/wp-json\/wp\/v2\/posts"}],"about":[{"href":"https:\/\/www.agrobase.com.br\/concursos\/wp-json\/wp\/v2\/types\/post"}],"author":[{"embeddable":true,"href":"https:\/\/www.agrobase.com.br\/concursos\/wp-json\/wp\/v2\/users\/7"}],"replies":[{"embeddable":true,"href":"https:\/\/www.agrobase.com.br\/concursos\/wp-json\/wp\/v2\/comments?post=260988"}],"version-history":[{"count":0,"href":"https:\/\/www.agrobase.com.br\/concursos\/wp-json\/wp\/v2\/posts\/260988\/revisions"}],"acf:term":[{"embeddable":true,"taxonomy":"instituicoes","href":"https:\/\/www.agrobase.com.br\/concursos\/wp-json\/wp\/v2\/instituicoes\/1626"}],"wp:featuredmedia":[{"embeddable":true,"href":"https:\/\/www.agrobase.com.br\/concursos\/wp-json\/wp\/v2\/media\/260992"}],"wp:attachment":[{"href":"https:\/\/www.agrobase.com.br\/concursos\/wp-json\/wp\/v2\/media?parent=260988"}],"wp:term":[{"taxonomy":"category","embeddable":true,"href":"https:\/\/www.agrobase.com.br\/concursos\/wp-json\/wp\/v2\/categories?post=260988"},{"taxonomy":"post_tag","embeddable":true,"href":"https:\/\/www.agrobase.com.br\/concursos\/wp-json\/wp\/v2\/tags?post=260988"},{"taxonomy":"_amplo","embeddable":true,"href":"https:\/\/www.agrobase.com.br\/concursos\/wp-json\/wp\/v2\/_amplo?post=260988"},{"taxonomy":"destaque","embeddable":true,"href":"https:\/\/www.agrobase.com.br\/concursos\/wp-json\/wp\/v2\/destaque?post=260988"},{"taxonomy":"instituicoes","embeddable":true,"href":"https:\/\/www.agrobase.com.br\/concursos\/wp-json\/wp\/v2\/instituicoes?post=260988"}],"curies":[{"name":"wp","href":"https:\/\/api.w.org\/{rel}","templated":true}]}}