{"id":260616,"date":"2025-02-12T08:10:18","date_gmt":"2025-02-12T11:10:18","guid":{"rendered":"https:\/\/www.agrobase.com.br\/concursos\/?p=260616"},"modified":"2025-02-11T14:15:31","modified_gmt":"2025-02-11T17:15:31","slug":"processo-seletivo-de-dores-de-campos-mg-edital-001-2025","status":"publish","type":"post","link":"https:\/\/www.agrobase.com.br\/concursos\/2025\/processo-seletivo-de-dores-de-campos-mg-edital-001-2025\/","title":{"rendered":"Processo Seletivo de Dores de Campos &#8211; MG | Edital 001\/2025"},"content":{"rendered":"<p>No estado de Minas Gerais, a Prefeitura de Dores de Campos divulgou Processo Seletivo, com o objetivo de preencher cadastro reserva, com candidatos de n\u00edvel fundamental e m\u00e9dio.<\/p>\n<p>Agente de Combate \u00e0s Endemias (ACE) (2 vagas); Agente Comunit\u00e1rio de Sa\u00fade (ACS) &#8211; PSF Get\u00falio Vargas &#8211; Micro\u00e1rea 1; Agente Comunit\u00e1rio de Sa\u00fade (ACS) &#8211; Psf Get\u00falio Vargas &#8211; Micro\u00e1rea 2; Agente Comunit\u00e1rio de Sa\u00fade (ACS) &#8211; PSF Get\u00falio Vargas &#8211; Micro\u00e1rea 3; Agente Comunit\u00e1rio de Sa\u00fade (ACS) &#8211; PSF Get\u00falio Vargas &#8211; Micro\u00e1rea 4; &#8211; Agente Comunit\u00e1rio de Sa\u00fade (ACS) &#8211; PSFGet\u00falio Vargas &#8211; Micro\u00e1rea 5; Agente Comunit\u00e1rio de Sa\u00fade (ACS) &#8211; PSF Get\u00falio Vargas &#8211; Micro\u00e1rea 6; Agente Comunit\u00e1rio de Sa\u00fade (ACS) &#8211; PSF Get\u00falio Vargas &#8211; Micro\u00e1rea 7; Agente Comunit\u00e1rio de Sa\u00fade (ACS) &#8211; PSF Get\u00falio Vargas &#8211; Micro\u00e1rea 8; Agente Comunit\u00e1rio de Sa\u00fade (ACS) &#8211; PSF Get\u00falio Vargas &#8211; Micro\u00e1rea 9; Agente Comunit\u00e1rio de Sa\u00fade (ACS) &#8211; PSF Get\u00falio Vargas &#8211; Micro\u00e1rea 10; Agente Comunit\u00e1rio de Sa\u00fade (ACS) &#8211; PSF Paloma &#8211; Micro\u00e1rea 1; Agente Comunit\u00e1rio de Sa\u00fade (ACS) &#8211; PSF Paloma &#8211; Micro\u00e1rea 2; Agente Comunit\u00e1rio de Sa\u00fade (ACS) &#8211; PSF Paloma &#8211; Micro\u00e1rea 3; Agente Comunit\u00e1rio de Sa\u00fade (ACS) &#8211; PSF Paloma &#8211; Micro\u00e1rea 4; Agente Comunit\u00e1rio de Sa\u00fade (ACS) &#8211; PSF Paloma &#8211; Micro\u00e1rea 5; Agente Comunit\u00e1rio de Sa\u00fade (ACS) &#8211; PSF Paloma &#8211; Micro\u00e1rea 6; Agente Comunit\u00e1rio de Sa\u00fade (ACS) &#8211; PSF Paloma &#8211; Micro\u00e1rea 7; Agente Comunit\u00e1rio de Sa\u00fade (ACS) &#8211; PSF Paloma &#8211; Micro\u00e1rea 8; Agente Comunit\u00e1rio de Sa\u00fade (ACS) &#8211; PSF Paloma &#8211; Micro\u00e1rea 9.<\/p>\n<p>Ao serem admitidos, os profissionais dever\u00e3o atuar em jornada de 40 horas semanais de trabalho, com sal\u00e1rios de R$ 3.036,00.<\/p>\n<p>Os interessados podem se inscrever pela internet, no per\u00edodo das 9h do dia 07 de abril de 2025 at\u00e9 as 16h do dia 06 de maio de 2025, no site do IDEPI. O valor da taxa de inscri\u00e7\u00e3o ser\u00e1 de R$ 80,00.<\/p>\n","protected":false},"excerpt":{"rendered":"<p>No estado de Minas Gerais, a Prefeitura de Dores de Campos divulgou Processo Seletivo, com o objetivo de preencher cadastro reserva, com candidatos de n\u00edvel fundamental e m\u00e9dio.<\/p>\n","protected":false},"author":7,"featured_media":260621,"comment_status":"open","ping_status":"open","sticky":false,"template":"","format":"standard","meta":{"_acf_changed":false,"_breakdance_hide_in_design_set":false,"_breakdance_tags":"","footnotes":""},"categories":[1],"tags":[50],"_amplo":[6427],"destaque":[],"instituicoes":[1389],"class_list":["post-260616","post","type-post","status-publish","format-standard","has-post-thumbnail","hentry","category-sem-categoria","tag-minas-gerais","_amplo-nivel-medio","instituicoes-prefeitura-municipal-de-dores-de-campos-mg"],"acf":{"_tipo_vagas":"cadastro de reserva","_numero_vagas":"","_quadro_vagas":260619,"_cargos":"diversos","_cargos_especificos":"","_salario_max":"R$ 3.036,00","_abertura":"20250407","_encerramento":"20250506","_inscricoes":"https:\/\/www.idepi.org.br\/","_executora_concurso":"","_instituicao_concurso":[1389],"_link_adicional":null,"_anexos":[{"_arquivo_anexo":260618,"_titulo_anexo":"Edital 001\/2025"}],"_produtos":null,"_vagas":"","_salario_min":"","_instituicao":"","_edital":"","_anexos_edital":"","_fund_incompleto":"","_fund_completo":"","_medio":"","_superior":""},"_links":{"self":[{"href":"https:\/\/www.agrobase.com.br\/concursos\/wp-json\/wp\/v2\/posts\/260616","targetHints":{"allow":["GET"]}}],"collection":[{"href":"https:\/\/www.agrobase.com.br\/concursos\/wp-json\/wp\/v2\/posts"}],"about":[{"href":"https:\/\/www.agrobase.com.br\/concursos\/wp-json\/wp\/v2\/types\/post"}],"author":[{"embeddable":true,"href":"https:\/\/www.agrobase.com.br\/concursos\/wp-json\/wp\/v2\/users\/7"}],"replies":[{"embeddable":true,"href":"https:\/\/www.agrobase.com.br\/concursos\/wp-json\/wp\/v2\/comments?post=260616"}],"version-history":[{"count":0,"href":"https:\/\/www.agrobase.com.br\/concursos\/wp-json\/wp\/v2\/posts\/260616\/revisions"}],"acf:term":[{"embeddable":true,"taxonomy":"instituicoes","href":"https:\/\/www.agrobase.com.br\/concursos\/wp-json\/wp\/v2\/instituicoes\/1389"}],"wp:featuredmedia":[{"embeddable":true,"href":"https:\/\/www.agrobase.com.br\/concursos\/wp-json\/wp\/v2\/media\/260621"}],"wp:attachment":[{"href":"https:\/\/www.agrobase.com.br\/concursos\/wp-json\/wp\/v2\/media?parent=260616"}],"wp:term":[{"taxonomy":"category","embeddable":true,"href":"https:\/\/www.agrobase.com.br\/concursos\/wp-json\/wp\/v2\/categories?post=260616"},{"taxonomy":"post_tag","embeddable":true,"href":"https:\/\/www.agrobase.com.br\/concursos\/wp-json\/wp\/v2\/tags?post=260616"},{"taxonomy":"_amplo","embeddable":true,"href":"https:\/\/www.agrobase.com.br\/concursos\/wp-json\/wp\/v2\/_amplo?post=260616"},{"taxonomy":"destaque","embeddable":true,"href":"https:\/\/www.agrobase.com.br\/concursos\/wp-json\/wp\/v2\/destaque?post=260616"},{"taxonomy":"instituicoes","embeddable":true,"href":"https:\/\/www.agrobase.com.br\/concursos\/wp-json\/wp\/v2\/instituicoes?post=260616"}],"curies":[{"name":"wp","href":"https:\/\/api.w.org\/{rel}","templated":true}]}}