{"id":260424,"date":"2025-02-10T07:40:23","date_gmt":"2025-02-10T10:40:23","guid":{"rendered":"https:\/\/www.agrobase.com.br\/concursos\/?p=260424"},"modified":"2025-02-07T14:37:49","modified_gmt":"2025-02-07T17:37:49","slug":"processo-seletivo-de-maues-am-edital-002-2025","status":"publish","type":"post","link":"https:\/\/www.agrobase.com.br\/concursos\/2025\/processo-seletivo-de-maues-am-edital-002-2025\/","title":{"rendered":"Processo Seletivo de Mau\u00e9s &#8211; AM | Edital 002\/2025"},"content":{"rendered":"<p>A Prefeitura Municipal de Mau\u00e9s &#8211; AM divulga a abertura de um Processo Seletivo, com o objetivo de preencher 806 vagas para profissionais de n\u00edveis fundamental, m\u00e9dio e superior.<\/p>\n<p>De acordo com o edital, as oportunidades s\u00e3o para os seguintes cargos:<\/p>\n<p>Zona Rural e \u00c1rea Ind\u00edgena<\/p>\n<p>Polo I: Professor I Educa\u00e7\u00e3o Infantil (12 vagas); Professor I &#8211; Anos Iniciais 1\u00ba ao 5\u00ba Ano (15 vagas); Professor II Anos Finais 6\u00ba ao 9\u00ba Ano (18 vagas); Professor II Educa\u00e7\u00e3o Inclusiva (3 vagas); Professor II Educa\u00e7\u00e3o de Jovens e Adultos (EJA) (6 vagas).<\/p>\n<p>Polo II: Educa\u00e7\u00e3o Infantil (5 vagas); Professor I &#8211; Anos Iniciais 1\u00ba ao 5\u00ba Ano (12 vagas); Professor II Anos Finais 6\u00ba ao 9\u00ba Ano (13 vagas); Professor II Educa\u00e7\u00e3o Inclusiva (3 vagas); Professor II Educa\u00e7\u00e3o de Jovens e Adultos (EJA) (3 vagas);<\/p>\n<p>Polo III \u00c1rea Ind\u00edgena: Professor Ind\u00edgena I Educa\u00e7\u00e3o Infantil (20 vagas); Professor Ind\u00edgena I Anos Iniciais 1\u00ba ao 5\u00ba Ano (27 vagas); Professor Ind\u00edgena II Anos Finais 6\u00ba ao 9\u00ba Ano (38 vagas); Professor Ind\u00edgena II Educa\u00e7\u00e3o Inclusiva (4 vagas); Professor II Educa\u00e7\u00e3o de Jovens e Adultos (EJA) (2 vagas);<\/p>\n<p>Polo IV: Professor I Educa\u00e7\u00e3o Infantil (5 vagas); Professor II Anos Iniciais 1\u00ba ao 5\u00ba Ano (10 vagas); Professor II Anos Finais 6\u00ba ao 9\u00ba Ano (11 vagas); Professor II Educa\u00e7\u00e3o Inclusiva (2 vagas); Professor II Educa\u00e7\u00e3o de Jovens e Adultos;<\/p>\n<p>Polo V: Professor I Educa\u00e7\u00e3o Infantil (5 vagas); Professor II Anos Iniciais 1\u00ba ao 5\u00ba Ano (13 vagas); Professor II Anos Finais 6\u00ba ao 9\u00ba Ano (12 vagas); Professor II Educa\u00e7\u00e3o Inclusiva (2 vagas); Professor II Educa\u00e7\u00e3o de Jovens e Adultos (3 vagas);<\/p>\n<p>Polo VI: Professor I Educa\u00e7\u00e3o Infantil (5 vagas); Professor II Anos Iniciais 1\u00ba ao 5\u00ba Ano (13 vagas); Professor II Anos Finais 6\u00ba ao 9\u00ba Ano (12 vagas); Professor II Educa\u00e7\u00e3o Inclusiva (1 vaga); Professor II Educa\u00e7\u00e3o de Jovens e Adultos;<\/p>\n<p>Polo VII: Professor I Educa\u00e7\u00e3o Infantil (8 vagas); Professor II Anos Iniciais 1\u00ba ao 5\u00ba Ano (12 vagas); Professor II Anos Finais 6\u00ba ao 9\u00ba Ano (12 vagas); Professor II Educa\u00e7\u00e3o Inclusiva (2 vagas); Professor II Educa\u00e7\u00e3o de Jovens e Adultos (6 vagas);<\/p>\n<p>Polo VIII: Professor I Educa\u00e7\u00e3o Infantil (6 vagas); Professor II Anos Iniciais 1\u00ba ao 5\u00ba Ano (13 vagas); Professor II Anos Finais 6\u00ba ao 9\u00ba Ano (11 vagas); Professor II Educa\u00e7\u00e3o Inclusiva (2 vagas); Professor II Educa\u00e7\u00e3o de Jovens e Adultos;<\/p>\n<p>Polo IX: Professor I Educa\u00e7\u00e3o Infantil (6 vagas); Professor II Anos Iniciais 1\u00ba ao 5\u00ba Ano (13 vagas); Professor II Anos Finais 6\u00ba ao 9\u00ba Ano (13 vagas); Professor II Educa\u00e7\u00e3o Inclusiva (2 vagas); Professor II Educa\u00e7\u00e3o de Jovens e Adultos;<\/p>\n<p>Polo X: Professor I Educa\u00e7\u00e3o Infantil (4 vagas); Professor II Anos Iniciais 1\u00ba ao 5\u00ba Ano (13 vagas); Professor II Anos Finais 6\u00ba ao 9\u00ba Ano (13 vagas); Professor II Educa\u00e7\u00e3o Inclusiva (2 vagas); Professor II Educa\u00e7\u00e3o de Jovens e Adultos;<\/p>\n<p>Polo XI: Professor I Educa\u00e7\u00e3o Infantil (6 vagas); Professor II Anos Iniciais 1\u00ba ao 5\u00ba Ano (14 vagas); Professor II Anos Finais 6\u00ba ao 9\u00ba Ano (14 vagas); Professor II Educa\u00e7\u00e3o Inclusiva (2 vagas); Professor II Educa\u00e7\u00e3o de Jovens e Adultos (1 vaga);<\/p>\n<p>Polo XII: Professor I Educa\u00e7\u00e3o Infantil (7 vagas); Professor II Anos Iniciais 1\u00ba ao 5\u00ba Ano (13 vagas); Professor II Anos Finais 6\u00ba ao 9\u00ba Ano (12 vagas); Professor II Educa\u00e7\u00e3o Inclusiva (2 vagas); Professor II Educa\u00e7\u00e3o de Jovens e Adultos;<\/p>\n<p>Zona urbana: Educa\u00e7\u00e3o Infantil (40 vagas); Ensino Fundamental Anos Iniciais 1\u00ba ao 5\u00ba Ano (10 vagas); L\u00edngua Inglesa (2 vagas); L\u00edngua Portuguesa (5 vagas); Matem\u00e1tica (2 vagas); Educa\u00e7\u00e3o F\u00edsica (1 vaga); Geografia (2 vagas); Hist\u00f3ria (2 vagas); Educa\u00e7\u00e3o Inclusiva\/AEE (51 vagas);<\/p>\n<p>T\u00e9cnico Administrativo:<\/p>\n<p>Polo I: Assistente Administrativo (3 vagas); Auxiliar de Servi\u00e7os Municipais (8 vagas); Cozinheira\/Merendeira (2 vagas);<\/p>\n<p>Polo II: Assistente Administrativo (2 vagas); Auxiliar de Servi\u00e7os Municipais (6 vagas); Cozinheira\/Merendeira (2 vagas);<\/p>\n<p>Polo III \u00c1rea Ind\u00edgena: Assistente Administrativo (6 vagas); Auxiliar de Servi\u00e7os Municipais (6 vagas); Cozinheira\/Merendeira (2 vagas);<\/p>\n<p>Polo IV: Assistente Administrativo (1 vaga); Auxiliar de Servi\u00e7os Municipais (3 vagas); Cozinheira\/Merendeira (2 vagas);<\/p>\n<p>Polo V: Assistente Administrativo (1 vaga); Auxiliar de Servi\u00e7os Municipais (4 vagas); Cozinheira\/Merendeira (2 vagas);<\/p>\n<p>Polo VI: Assistente Administrativo (2 vagas); Auxiliar de Servi\u00e7os Municipais (4 vagas); Cozinheira\/Merendeira (2 vagas);<\/p>\n<p>Polo VII: Assistente Administrativo (2 vagas); Auxiliar de Servi\u00e7os Municipais (6 vagas); Cozinheira\/Merendeira (2 vagas);<\/p>\n<p>Polo VIII: Assistente Administrativo (1 vaga); Auxiliar de Servi\u00e7os Municipais (7 vagas); Cozinheira\/Merendeira (2 vagas);<\/p>\n<p>Polo IX: Assistente Administrativo (2 vagas); Auxiliar de Servi\u00e7os Municipais (6 vagas); Cozinheira\/Merendeira (2 vagas);<\/p>\n<p>Polo X: Assistente Administrativo (2 vagas); Auxiliar de Servi\u00e7os Municipais (4 vagas); Cozinheira\/Merendeira (2 vagas);<\/p>\n<p>Polo XI: Assistente Administrativo; Auxiliar de Servi\u00e7os Municipais (4 vagas); Cozinheira\/Merendeira (2 vagas);<\/p>\n<p>Polo XII: Assistente Administrativo; Auxiliar de Servi\u00e7os Municipais (4 vagas); Cozinheira\/Merendeira (2 vagas);<\/p>\n<p>Zona Urbana: Pedagogo com Especializa\u00e7\u00e3o em Neuropsicopedagogia (1 vaga); Psic\u00f3logo (3 vagas); Nutricionista (2 vagas); Assistente Social (3 vagas); Fonoaudi\u00f3logo (1 vaga); T\u00e9cnico em Inform\u00e1tica (4 vagas); Assistente Administrativo (13 vagas); Auxiliar de Servi\u00e7os Municipais (27 vagas); Cozinheira\/Merendeira (21 vagas); Vigia (22 vagas); Motorista de Autos Cat D (2 vagas).<\/p>\n<p>Ao serem admitidos, os profissionais dever\u00e3o cumprir jornadas de 20 a 40 horas semanais e contar\u00e3o com remunera\u00e7\u00e3o mensal de R$ 1.518,00 a R$ 5.473,52.<\/p>\n<p>As inscri\u00e7\u00f5es podem ser realizadas entre os dias de 12 e 14 de fevereiro de 2025, no hor\u00e1rio das 8h \u00e0s 12h e das 14h \u00e0s 17h, presencialmente, na Escola Municipal Salum de Almeida, localizada na Rua S\u00e3o Jo\u00e3o, Ramalho J\u00fanior.<\/p>\n","protected":false},"excerpt":{"rendered":"<p>A Prefeitura Municipal de Mau\u00e9s &#8211; AM divulga a abertura de um Processo Seletivo, com o objetivo de preencher 806 vagas para profissionais de n\u00edveis fundamental, m\u00e9dio e superior.<\/p>\n","protected":false},"author":7,"featured_media":260428,"comment_status":"open","ping_status":"open","sticky":false,"template":"","format":"standard","meta":{"_acf_changed":false,"_breakdance_hide_in_design_set":false,"_breakdance_tags":"","footnotes":""},"categories":[19,111,100,20,116,23,25,26,101,130],"tags":[41],"_amplo":[6427],"destaque":[],"instituicoes":[1028],"class_list":["post-260424","post","type-post","status-publish","format-standard","has-post-thumbnail","hentry","category-fonoaudiologia","category-geografia","category-historia","category-letras","category-matematica","category-nutricao","category-pedagogia","category-psicologia","category-servico-social","category-tecnico-informatica","tag-amazonas","_amplo-nivel-medio","instituicoes-prefeitura-municipal-de-maues-am"],"acf":{"_tipo_vagas":"vagas","_numero_vagas":806,"_quadro_vagas":"","_cargos":"diversos","_cargos_especificos":"","_salario_max":"R$ 5.473,52","_abertura":"20250212","_encerramento":"20250214","_inscricoes":"","_executora_concurso":"","_instituicao_concurso":[1028],"_link_adicional":null,"_anexos":[{"_arquivo_anexo":260426,"_titulo_anexo":"Edital 002\/2025"}],"_produtos":null,"_vagas":"","_salario_min":"","_instituicao":"","_edital":"","_anexos_edital":"","_fund_incompleto":"","_fund_completo":"","_medio":"","_superior":""},"_links":{"self":[{"href":"https:\/\/www.agrobase.com.br\/concursos\/wp-json\/wp\/v2\/posts\/260424","targetHints":{"allow":["GET"]}}],"collection":[{"href":"https:\/\/www.agrobase.com.br\/concursos\/wp-json\/wp\/v2\/posts"}],"about":[{"href":"https:\/\/www.agrobase.com.br\/concursos\/wp-json\/wp\/v2\/types\/post"}],"author":[{"embeddable":true,"href":"https:\/\/www.agrobase.com.br\/concursos\/wp-json\/wp\/v2\/users\/7"}],"replies":[{"embeddable":true,"href":"https:\/\/www.agrobase.com.br\/concursos\/wp-json\/wp\/v2\/comments?post=260424"}],"version-history":[{"count":0,"href":"https:\/\/www.agrobase.com.br\/concursos\/wp-json\/wp\/v2\/posts\/260424\/revisions"}],"acf:term":[{"embeddable":true,"taxonomy":"instituicoes","href":"https:\/\/www.agrobase.com.br\/concursos\/wp-json\/wp\/v2\/instituicoes\/1028"}],"wp:featuredmedia":[{"embeddable":true,"href":"https:\/\/www.agrobase.com.br\/concursos\/wp-json\/wp\/v2\/media\/260428"}],"wp:attachment":[{"href":"https:\/\/www.agrobase.com.br\/concursos\/wp-json\/wp\/v2\/media?parent=260424"}],"wp:term":[{"taxonomy":"category","embeddable":true,"href":"https:\/\/www.agrobase.com.br\/concursos\/wp-json\/wp\/v2\/categories?post=260424"},{"taxonomy":"post_tag","embeddable":true,"href":"https:\/\/www.agrobase.com.br\/concursos\/wp-json\/wp\/v2\/tags?post=260424"},{"taxonomy":"_amplo","embeddable":true,"href":"https:\/\/www.agrobase.com.br\/concursos\/wp-json\/wp\/v2\/_amplo?post=260424"},{"taxonomy":"destaque","embeddable":true,"href":"https:\/\/www.agrobase.com.br\/concursos\/wp-json\/wp\/v2\/destaque?post=260424"},{"taxonomy":"instituicoes","embeddable":true,"href":"https:\/\/www.agrobase.com.br\/concursos\/wp-json\/wp\/v2\/instituicoes?post=260424"}],"curies":[{"name":"wp","href":"https:\/\/api.w.org\/{rel}","templated":true}]}}