{"id":260095,"date":"2025-02-04T08:10:42","date_gmt":"2025-02-04T11:10:42","guid":{"rendered":"https:\/\/www.agrobase.com.br\/concursos\/?p=260095"},"modified":"2025-02-03T14:46:59","modified_gmt":"2025-02-03T17:46:59","slug":"processo-seletivo-do-mgs-edital-001-2025","status":"publish","type":"post","link":"https:\/\/www.agrobase.com.br\/concursos\/2025\/processo-seletivo-do-mgs-edital-001-2025\/","title":{"rendered":"Processo Seletivo do MGS | Edital 001\/2025"},"content":{"rendered":"<p>A MGS &#8211; Minas Gerais Administra\u00e7\u00e3o e Servi\u00e7os S.A anuncia a abertura de um Processo Seletivo, com o objetivo de formar cadastro reserva para o cargo de Assistente Administrativo.<\/p>\n<p>De acordo com o edital, as oportunidades s\u00e3o para atuar no estado do Esp\u00edrito Santo, nas seguintes localidades: \u00c1gua Doce do Norte; \u00c1guia Branca; Alfredo Chaves; Alto Rio Novo; Apiac\u00e1; At\u00edlio Viv\u00e1cqua; Boa Esperan\u00e7a; Cachoeiro de Itapemirim; Cariacica; Concei\u00e7\u00e3o do Castelo; Divino de S\u00e3o Louren\u00e7o; Dores do Rio Preto; Fund\u00e3o; Ibatiba; Ibira\u00e7u; Ibitirama; Iconha; Irupi Itagua\u00e7u; Itapemirim; Itarana; I\u00fana; Jaguar\u00e9; Jer\u00f4nimo Monteiro; Jo\u00e3o Neiva; Laranja da Terra; Linhares; Manten\u00f3polis; Marechal Floriano; Maril\u00e2ndia; Mimoso do Sul; Mucurici; Muniz Freire; Muqui; Pancas; Pedro Can\u00e1rio; Pinheiros; Pi\u00fama; Ponto Belo; Presidente Kennedy; Rio Bananal; Rio Novo do Sul; Santa Leopoldina; Santa Maria de Jetib\u00e1; Santa Teresa; S\u00e3o Domingos do Norte; S\u00e3o Gabriel da Palha; S\u00e3o Mateus; S\u00e3o Roque do Cana\u00e3; Serra; Sooretama; Vargem Alta; Venda Nova do Imigrante; Viana; Vila Pav\u00e3o; Vila Val\u00e9rio; Vila Velha; e Vit\u00f3ria.<\/p>\n<p>Para participar do Processo Seletivo, \u00e9 necess\u00e1rio que os candidatos tenham ensino m\u00e9dio completo, idade m\u00ednima de 18 anos, entre outros requisitos.<\/p>\n<p>Ao serem admitidos, os profissionais dever\u00e3o cumprir jornadas de 40 horas semanais e contar\u00e3o com remunera\u00e7\u00e3o mensal de R$ 1.913,82.<\/p>\n<p>Os interessados podem se inscrever entre os dias 31 de janeiro de 2025 e 28 de fevereiro de 2025, at\u00e9 \u00e0s 17h, pelo site do IBFC. As inscri\u00e7\u00f5es possuem taxa de R$ 59,00, cuja solicita\u00e7\u00e3o de isen\u00e7\u00e3o do valor poder\u00e1 ser feita at\u00e9 \u00e0s 17h do dia 1\u00ba de fevereiro de 2025.<\/p>\n<p>A sele\u00e7\u00e3o dos candidatos ser\u00e1 realizada por meio de prova objetiva, prevista para ser aplicada no dia 23 de mar\u00e7o de 2025.<\/p>\n","protected":false},"excerpt":{"rendered":"<p>A MGS &#8211; Minas Gerais Administra\u00e7\u00e3o e Servi\u00e7os S.A anuncia a abertura de um Processo Seletivo, com o objetivo de formar cadastro reserva para o cargo de Assistente Administrativo.<\/p>\n","protected":false},"author":7,"featured_media":260099,"comment_status":"open","ping_status":"open","sticky":false,"template":"","format":"standard","meta":{"_acf_changed":false,"_breakdance_hide_in_design_set":false,"_breakdance_tags":"","footnotes":""},"categories":[1],"tags":[50],"_amplo":[6427,6428],"destaque":[],"instituicoes":[2151],"class_list":["post-260095","post","type-post","status-publish","format-standard","has-post-thumbnail","hentry","category-sem-categoria","tag-minas-gerais","_amplo-nivel-medio","_amplo-nivel-superior","instituicoes-minas-gerais-administracao-e-servicos-mgs"],"acf":{"_tipo_vagas":"cadastro de reserva","_numero_vagas":"","_quadro_vagas":"","_cargos":"outros espec\u00edficos","_cargos_especificos":"Assistente Administrativo","_salario_max":"R$ 1.913,82","_abertura":"20250131","_encerramento":"20250228","_inscricoes":"https:\/\/ibfc.selecao.net.br\/informacoes\/474\/","_executora_concurso":40860,"_instituicao_concurso":[2151],"_link_adicional":null,"_anexos":[{"_arquivo_anexo":260097,"_titulo_anexo":"Edital 001\/2025"}],"_produtos":null,"_vagas":"","_salario_min":"","_instituicao":"","_edital":"","_anexos_edital":"","_fund_incompleto":"","_fund_completo":"","_medio":"","_superior":""},"_links":{"self":[{"href":"https:\/\/www.agrobase.com.br\/concursos\/wp-json\/wp\/v2\/posts\/260095","targetHints":{"allow":["GET"]}}],"collection":[{"href":"https:\/\/www.agrobase.com.br\/concursos\/wp-json\/wp\/v2\/posts"}],"about":[{"href":"https:\/\/www.agrobase.com.br\/concursos\/wp-json\/wp\/v2\/types\/post"}],"author":[{"embeddable":true,"href":"https:\/\/www.agrobase.com.br\/concursos\/wp-json\/wp\/v2\/users\/7"}],"replies":[{"embeddable":true,"href":"https:\/\/www.agrobase.com.br\/concursos\/wp-json\/wp\/v2\/comments?post=260095"}],"version-history":[{"count":0,"href":"https:\/\/www.agrobase.com.br\/concursos\/wp-json\/wp\/v2\/posts\/260095\/revisions"}],"acf:term":[{"embeddable":true,"taxonomy":"instituicoes","href":"https:\/\/www.agrobase.com.br\/concursos\/wp-json\/wp\/v2\/instituicoes\/2151"}],"acf:post":[{"embeddable":true,"href":"https:\/\/www.agrobase.com.br\/concursos\/wp-json\/wp\/v2\/executora\/40860"}],"wp:featuredmedia":[{"embeddable":true,"href":"https:\/\/www.agrobase.com.br\/concursos\/wp-json\/wp\/v2\/media\/260099"}],"wp:attachment":[{"href":"https:\/\/www.agrobase.com.br\/concursos\/wp-json\/wp\/v2\/media?parent=260095"}],"wp:term":[{"taxonomy":"category","embeddable":true,"href":"https:\/\/www.agrobase.com.br\/concursos\/wp-json\/wp\/v2\/categories?post=260095"},{"taxonomy":"post_tag","embeddable":true,"href":"https:\/\/www.agrobase.com.br\/concursos\/wp-json\/wp\/v2\/tags?post=260095"},{"taxonomy":"_amplo","embeddable":true,"href":"https:\/\/www.agrobase.com.br\/concursos\/wp-json\/wp\/v2\/_amplo?post=260095"},{"taxonomy":"destaque","embeddable":true,"href":"https:\/\/www.agrobase.com.br\/concursos\/wp-json\/wp\/v2\/destaque?post=260095"},{"taxonomy":"instituicoes","embeddable":true,"href":"https:\/\/www.agrobase.com.br\/concursos\/wp-json\/wp\/v2\/instituicoes?post=260095"}],"curies":[{"name":"wp","href":"https:\/\/api.w.org\/{rel}","templated":true}]}}