{"id":260089,"date":"2025-02-04T08:00:45","date_gmt":"2025-02-04T11:00:45","guid":{"rendered":"https:\/\/www.agrobase.com.br\/concursos\/?p=260089"},"modified":"2025-02-03T14:08:04","modified_gmt":"2025-02-03T17:08:04","slug":"processo-seletivo-de-palmeira-pr-edital-001-2025-2","status":"publish","type":"post","link":"https:\/\/www.agrobase.com.br\/concursos\/2025\/processo-seletivo-de-palmeira-pr-edital-001-2025-2\/","title":{"rendered":"Processo Seletivo de Palmeira &#8211; PR | Edital 001\/2025"},"content":{"rendered":"<p>Foram abertas as inscri\u00e7\u00f5es ao Processo Seletivo de <a title=\"Prefeitura de Palmeira\" href=\"https:\/\/palmeira.pr.gov.br\/\" target=\"_blank\" rel=\"noopener\">Palmeira &#8211; PR<\/a>, que visa preencher cadastro reserva em cargos de n\u00edvel m\u00e9dio e superior.<\/p>\n<h2>Cargos<\/h2>\n<p>Segundo informado pelo edital 001\/2025, que abre o Processo Seletivo da cidade de Palmeira, no Paran\u00e1, ser\u00e3o selecionados profissionais para cadastro reserva nos cargos abaixo:<\/p>\n<p><em>Agente Comunit\u00e1rio de Sa\u00fade (ESF Central); Agente Comunit\u00e1rio de Sa\u00fade (ESF Col\u00f4nia Francesa); Agente Comunit\u00e1rio de Sa\u00fade (ESF Dr. Jorge Amin Bacila); Agente Comunit\u00e1rio de Sa\u00fade (ESF Faxinal dos Quartins); Agente Comunit\u00e1rio de Sa\u00fade (ESF Guarauninha); Agente Comunit\u00e1rio de Sa\u00fade (ESF Jardim Cristine); Agente Comunit\u00e1rio de Sa\u00fade (ESF Pinheiral de Baixo); Agente Comunit\u00e1rio de Sa\u00fade (ESF Queimadas); Agente Comunit\u00e1rio de Sa\u00fade (ESF Rocio I); Agente Comunit\u00e1rio de Sa\u00fade (ESF Rocio II); Agente Comunit\u00e1rio de Sa\u00fade (ESF Santa Rosa); Agente Comunit\u00e1rio de Sa\u00fade (ESF Vieiras); Agente Comunit\u00e1rio de Sa\u00fade (ESF Vila Rosa); Agente Comunit\u00e1rio de Sa\u00fade (ESF Vilinha); Agente Comunit\u00e1rio de Sa\u00fade (ESF Witmarsum); Agente de Combate \u00e0 Dengue; Assistente de Farm\u00e1cia; Assistente Social; Auxiliar Administrativo; Cirurgi\u00e3o Dentista; Cirurgi\u00e3o Dentista Estrat\u00e9gia &#8211; ESF; Enfermeiro; Enfermeiro &#8211; ESF; Farmac\u00eautico; Fisioterapeuta; Fonoaudi\u00f3logo; M\u00e9dico &#8211; ESF ; M\u00e9dico Cl\u00ednico Geral; Motorista II; Nutricionista; Psic\u00f3logo; T\u00e9cnico em Enfermagem; T\u00e9cnico em Higiene Dent\u00e1ria; Terapeuta Ocupacional<\/em><\/p>\n<h2>Remunera\u00e7\u00e3o<\/h2>\n<p>Os sal\u00e1rios podem ser de <strong>R$ 1.679,02<\/strong> at\u00e9 <strong>R$ 18.915,58<\/strong>, para atua\u00e7\u00f5es em jornadas de trabalho de <strong>20h<\/strong> a <strong>40 horas<\/strong> por semana, dependendo do cargo.<\/p>\n<h2>Inscri\u00e7\u00f5es<\/h2>\n<p>A abertura das inscri\u00e7\u00f5es ser\u00e1 feita a partir das 12h do dia <strong>04 de fevereiro de 2024<\/strong> e ficar\u00e1 aberta at\u00e9 \u00e0s 23h59 do dia <strong>19 de fevereiro de 2025<\/strong>. Ser\u00e1 poss\u00edvel se inscrever acessando o endere\u00e7o eletr\u00f4nico da Prefeitura.<\/p>\n<h2>Provas<\/h2>\n<p>Dadas as informa\u00e7\u00f5es do edital de abertura, as provas abaixo ser\u00e3o aplicadas aos concorrentes desse concurso:<\/p>\n<ol>\n<li><strong>Prova de t\u00edtulos<\/strong>.<\/li>\n<\/ol>\n<h2>Resultados<\/h2>\n<p>O resultado final do Processo Seletivo ser\u00e1 publicado no \u00f3rg\u00e3o de divulga\u00e7\u00e3o dos Atos Oficiais do Munic\u00edpio de Palmeira e no site www.palmeira.pr.gov.br.<\/p>\n","protected":false},"excerpt":{"rendered":"<p>Foram abertas as inscri\u00e7\u00f5es ao Processo Seletivo de <a title=\"Prefeitura de Palmeira\" href=\"https:\/\/palmeira.pr.gov.br\/\" target=\"_blank\" rel=\"noopener\">Palmeira &#8211; PR<\/a>, que visa preencher cadastro reserva em cargos de n\u00edvel m\u00e9dio e superior.<\/p>\n","protected":false},"author":7,"featured_media":260093,"comment_status":"open","ping_status":"open","sticky":false,"template":"","format":"standard","meta":{"_acf_changed":false,"_breakdance_hide_in_design_set":false,"_breakdance_tags":"","footnotes":""},"categories":[12,17,18,19,21,23,24,26,101,108,134],"tags":[52],"_amplo":[6427],"destaque":[],"instituicoes":[2140],"class_list":["post-260089","post","type-post","status-publish","format-standard","has-post-thumbnail","hentry","category-enfermagem","category-farmacia","category-fisioterapia","category-fonoaudiologia","category-medicina","category-nutricao","category-odontologia","category-psicologia","category-servico-social","category-tecnico-enfermagem","category-terapia-ocupacional","tag-parana","_amplo-nivel-medio","instituicoes-prefeitura-municipal-de-palmeira-pr"],"acf":{"_tipo_vagas":"cadastro de reserva","_numero_vagas":"","_quadro_vagas":"","_cargos":"diversos","_cargos_especificos":"","_salario_max":"R$ 18.915,58","_abertura":"20250204","_encerramento":"20250218","_inscricoes":"https:\/\/palmeira.pr.gov.br\/concursos-publicos-e-psss\/#chamamentos","_executora_concurso":"","_instituicao_concurso":[2140],"_link_adicional":null,"_anexos":[{"_arquivo_anexo":260091,"_titulo_anexo":"Edital 001\/2025"}],"_produtos":null,"_vagas":"","_salario_min":"","_instituicao":"","_edital":"","_anexos_edital":"","_fund_incompleto":"","_fund_completo":"","_medio":"","_superior":""},"_links":{"self":[{"href":"https:\/\/www.agrobase.com.br\/concursos\/wp-json\/wp\/v2\/posts\/260089","targetHints":{"allow":["GET"]}}],"collection":[{"href":"https:\/\/www.agrobase.com.br\/concursos\/wp-json\/wp\/v2\/posts"}],"about":[{"href":"https:\/\/www.agrobase.com.br\/concursos\/wp-json\/wp\/v2\/types\/post"}],"author":[{"embeddable":true,"href":"https:\/\/www.agrobase.com.br\/concursos\/wp-json\/wp\/v2\/users\/7"}],"replies":[{"embeddable":true,"href":"https:\/\/www.agrobase.com.br\/concursos\/wp-json\/wp\/v2\/comments?post=260089"}],"version-history":[{"count":0,"href":"https:\/\/www.agrobase.com.br\/concursos\/wp-json\/wp\/v2\/posts\/260089\/revisions"}],"acf:term":[{"embeddable":true,"taxonomy":"instituicoes","href":"https:\/\/www.agrobase.com.br\/concursos\/wp-json\/wp\/v2\/instituicoes\/2140"}],"wp:featuredmedia":[{"embeddable":true,"href":"https:\/\/www.agrobase.com.br\/concursos\/wp-json\/wp\/v2\/media\/260093"}],"wp:attachment":[{"href":"https:\/\/www.agrobase.com.br\/concursos\/wp-json\/wp\/v2\/media?parent=260089"}],"wp:term":[{"taxonomy":"category","embeddable":true,"href":"https:\/\/www.agrobase.com.br\/concursos\/wp-json\/wp\/v2\/categories?post=260089"},{"taxonomy":"post_tag","embeddable":true,"href":"https:\/\/www.agrobase.com.br\/concursos\/wp-json\/wp\/v2\/tags?post=260089"},{"taxonomy":"_amplo","embeddable":true,"href":"https:\/\/www.agrobase.com.br\/concursos\/wp-json\/wp\/v2\/_amplo?post=260089"},{"taxonomy":"destaque","embeddable":true,"href":"https:\/\/www.agrobase.com.br\/concursos\/wp-json\/wp\/v2\/destaque?post=260089"},{"taxonomy":"instituicoes","embeddable":true,"href":"https:\/\/www.agrobase.com.br\/concursos\/wp-json\/wp\/v2\/instituicoes?post=260089"}],"curies":[{"name":"wp","href":"https:\/\/api.w.org\/{rel}","templated":true}]}}