{"id":259932,"date":"2025-01-31T08:00:32","date_gmt":"2025-01-31T11:00:32","guid":{"rendered":"https:\/\/www.agrobase.com.br\/concursos\/?p=259932"},"modified":"2025-01-30T13:39:18","modified_gmt":"2025-01-30T16:39:18","slug":"processo-seletivo-de-quartel-geral-mg-edital-001-2025","status":"publish","type":"post","link":"https:\/\/www.agrobase.com.br\/concursos\/2025\/processo-seletivo-de-quartel-geral-mg-edital-001-2025\/","title":{"rendered":"Processo Seletivo de Quartel Geral &#8211; MG | Edital 001\/2025"},"content":{"rendered":"<p>A Prefeitura de Quartel Geral &#8211; MG anuncia a abertura de Processo Seletivo, que tem por objetivo a forma\u00e7\u00e3o de cadastro reserva de n\u00edveis fundamental, m\u00e9dio e superior.<\/p>\n<p>H\u00e1 oportunidades dispon\u00edveis entre os seguintes cargos: Agente De Servi\u00e7o Administrativo; Auxiliar de Servi\u00e7o P\u00fablico; Auxiliar de Servi\u00e7o Administrativo; Agente de Vigil\u00e2ncia Sanit\u00e1ria; Gari; Oficial do Servi\u00e7o P\u00fablico; Vigia; Salva Vidas; Agente Fiscal; T\u00e9cnico em Enfermagem; Atendente de Consult\u00f3rio Dent\u00e1rio; T\u00e9cnico de N\u00edvel M\u00e9dio; Operador de M\u00e1quinas Pesadas; Monitor Esportivo; Motorista; T\u00e9cnico de Higiene Bucal; Coveiro; Massoterapeuta; Fiscal de Vigil\u00e2ncia Sanit\u00e1ria; Fisioterapeuta II; T\u00e9cnico em Inform\u00e1tica; Nutricionista da Aten\u00e7\u00e3o Prim\u00e1ria; Psic\u00f3logo; Pedreiro; Tesoureiro; Agente Comunit\u00e1rio de Sa\u00fade; Agente de Combate a Endemias; Mec\u00e2nico; Contador; Fisioterapeuta I; Controlador Interno; Enfermeiro; Auxiliar de Topografia; Dentista do PSF; Topografo; Engenheiro Civil; Enfermeiro do PSF; M\u00e9dico do PSF; Coordenador do CRAS; Psicologo do CRAS; Assistente Social do Munic\u00edpio.<\/p>\n<p>Ao serem contratados, os profissionais devem exercer fun\u00e7\u00f5es em jornadas de 24 a 40 horas semanais, com remunera\u00e7\u00e3o mensal entre R$ 1.412,00 a R$ 18.491,08.<\/p>\n<p>Os interessados em participar podem se inscrever no per\u00edodo de 30 de janeiro de 2025 a 07 de fevereiro de 2025, at\u00e9 as 17h, de forma online.<\/p>\n","protected":false},"excerpt":{"rendered":"<p>A Prefeitura de Quartel Geral &#8211; MG anuncia a abertura de Processo Seletivo, que tem por objetivo a forma\u00e7\u00e3o de cadastro reserva de n\u00edveis fundamental, m\u00e9dio e superior.<\/p>\n","protected":false},"author":7,"featured_media":259936,"comment_status":"open","ping_status":"open","sticky":false,"template":"","format":"standard","meta":{"_acf_changed":false,"_breakdance_hide_in_design_set":false,"_breakdance_tags":"","footnotes":""},"categories":[9,12,14,18,21,23,24,26,101,108,130,143],"tags":[50],"_amplo":[6427],"destaque":[],"instituicoes":[5639],"class_list":["post-259932","post","type-post","status-publish","format-standard","has-post-thumbnail","hentry","category-ciencias-contabeis","category-enfermagem","category-engenharia","category-fisioterapia","category-medicina","category-nutricao","category-odontologia","category-psicologia","category-servico-social","category-tecnico-enfermagem","category-tecnico-informatica","category-tecnico-odontologia","tag-minas-gerais","_amplo-nivel-medio","instituicoes-prefeitura-municipal-de-quartel-geral-mg"],"acf":{"_tipo_vagas":"cadastro de reserva","_numero_vagas":"","_quadro_vagas":"","_cargos":"diversos","_cargos_especificos":"","_salario_max":"R$ 18.491,08","_abertura":"20250130","_encerramento":"20250207","_inscricoes":"https:\/\/docs.google.com\/forms\/d\/e\/1FAIpQLSc4XKn9z_k0lD3jJgb2nqBY-aQMlECit99I5YbMLbQuAgPVLg\/closedform","_executora_concurso":"","_instituicao_concurso":[5639],"_link_adicional":null,"_anexos":[{"_arquivo_anexo":259934,"_titulo_anexo":"Edital 001\/2025"}],"_produtos":null,"_vagas":"","_salario_min":"","_instituicao":"","_edital":"","_anexos_edital":"","_fund_incompleto":"","_fund_completo":"","_medio":"","_superior":""},"_links":{"self":[{"href":"https:\/\/www.agrobase.com.br\/concursos\/wp-json\/wp\/v2\/posts\/259932","targetHints":{"allow":["GET"]}}],"collection":[{"href":"https:\/\/www.agrobase.com.br\/concursos\/wp-json\/wp\/v2\/posts"}],"about":[{"href":"https:\/\/www.agrobase.com.br\/concursos\/wp-json\/wp\/v2\/types\/post"}],"author":[{"embeddable":true,"href":"https:\/\/www.agrobase.com.br\/concursos\/wp-json\/wp\/v2\/users\/7"}],"replies":[{"embeddable":true,"href":"https:\/\/www.agrobase.com.br\/concursos\/wp-json\/wp\/v2\/comments?post=259932"}],"version-history":[{"count":0,"href":"https:\/\/www.agrobase.com.br\/concursos\/wp-json\/wp\/v2\/posts\/259932\/revisions"}],"acf:term":[{"embeddable":true,"taxonomy":"instituicoes","href":"https:\/\/www.agrobase.com.br\/concursos\/wp-json\/wp\/v2\/instituicoes\/5639"}],"wp:featuredmedia":[{"embeddable":true,"href":"https:\/\/www.agrobase.com.br\/concursos\/wp-json\/wp\/v2\/media\/259936"}],"wp:attachment":[{"href":"https:\/\/www.agrobase.com.br\/concursos\/wp-json\/wp\/v2\/media?parent=259932"}],"wp:term":[{"taxonomy":"category","embeddable":true,"href":"https:\/\/www.agrobase.com.br\/concursos\/wp-json\/wp\/v2\/categories?post=259932"},{"taxonomy":"post_tag","embeddable":true,"href":"https:\/\/www.agrobase.com.br\/concursos\/wp-json\/wp\/v2\/tags?post=259932"},{"taxonomy":"_amplo","embeddable":true,"href":"https:\/\/www.agrobase.com.br\/concursos\/wp-json\/wp\/v2\/_amplo?post=259932"},{"taxonomy":"destaque","embeddable":true,"href":"https:\/\/www.agrobase.com.br\/concursos\/wp-json\/wp\/v2\/destaque?post=259932"},{"taxonomy":"instituicoes","embeddable":true,"href":"https:\/\/www.agrobase.com.br\/concursos\/wp-json\/wp\/v2\/instituicoes?post=259932"}],"curies":[{"name":"wp","href":"https:\/\/api.w.org\/{rel}","templated":true}]}}