{"id":259374,"date":"2025-01-22T08:30:38","date_gmt":"2025-01-22T11:30:38","guid":{"rendered":"https:\/\/www.agrobase.com.br\/concursos\/?p=259374"},"modified":"2025-01-21T14:29:20","modified_gmt":"2025-01-21T17:29:20","slug":"processo-seletivo-de-rio-preto-da-eva-am-edital-002-2025","status":"publish","type":"post","link":"https:\/\/www.agrobase.com.br\/concursos\/2025\/processo-seletivo-de-rio-preto-da-eva-am-edital-002-2025\/","title":{"rendered":"Processo Seletivo de Rio Preto da Eva &#8211; AM | Edital 002\/2025"},"content":{"rendered":"<p>A Prefeitura de Rio Preto da Eva &#8211; AM divulgou a abertura de edital de Processo Seletivo, destinado \u00e0 contrata\u00e7\u00e3o de profissionais de n\u00edveis m\u00e9dio e superior.<\/p>\n<p>As oportunidades s\u00e3o: Vigia Escolar (33 vagas); Nutricionista (3 vagas); Psic\u00f3logo (3 vagas); Fonoaudi\u00f3logo (1 vaga); Assistente Social (2 vagas); Motorista (8 vagas).<\/p>\n<p>Sendo contratados, os profissionais devem atuar em jornadas de 30h oua 40 horas semanais, fazendo jus \u00e0 remunera\u00e7\u00e3o que varia de R$ 1.518,00 a R$ 3.870,00 ao m\u00eas.<\/p>\n<p>Os interessados puderam se inscrever no per\u00edodo de 21 a 28 de janeiro de 2025, das 8h \u00e0s 14h, exclusivamente de forma presencial, na Secretaria Municipal de Educa\u00e7\u00e3o Cultura e Desporto (SEMECD), localizada na Rua Pl\u00ednio Coelho, N\u00ba 09.<\/p>\n","protected":false},"excerpt":{"rendered":"<p>A Prefeitura de Rio Preto da Eva &#8211; AM divulgou a abertura de edital de Processo Seletivo, destinado \u00e0 contrata\u00e7\u00e3o de profissionais de n\u00edveis m\u00e9dio e superior.<\/p>\n","protected":false},"author":7,"featured_media":259378,"comment_status":"open","ping_status":"open","sticky":false,"template":"","format":"standard","meta":{"_acf_changed":false,"_breakdance_hide_in_design_set":false,"_breakdance_tags":"","footnotes":""},"categories":[19,23,26,101],"tags":[41],"_amplo":[6427],"destaque":[],"instituicoes":[1173],"class_list":["post-259374","post","type-post","status-publish","format-standard","has-post-thumbnail","hentry","category-fonoaudiologia","category-nutricao","category-psicologia","category-servico-social","tag-amazonas","_amplo-nivel-medio","instituicoes-prefeitura-municipal-de-rio-preto-da-eva-am"],"acf":{"_tipo_vagas":"vagas","_numero_vagas":50,"_quadro_vagas":"","_cargos":"diversos","_cargos_especificos":"","_salario_max":"R$ 3.870,00","_abertura":"20250121","_encerramento":"20250128","_inscricoes":"","_executora_concurso":"","_instituicao_concurso":[1173],"_link_adicional":null,"_anexos":[{"_arquivo_anexo":259376,"_titulo_anexo":"Edital 002\/2025"}],"_produtos":null,"_vagas":"","_salario_min":"","_instituicao":"","_edital":"","_anexos_edital":"","_fund_incompleto":"","_fund_completo":"","_medio":"","_superior":""},"_links":{"self":[{"href":"https:\/\/www.agrobase.com.br\/concursos\/wp-json\/wp\/v2\/posts\/259374","targetHints":{"allow":["GET"]}}],"collection":[{"href":"https:\/\/www.agrobase.com.br\/concursos\/wp-json\/wp\/v2\/posts"}],"about":[{"href":"https:\/\/www.agrobase.com.br\/concursos\/wp-json\/wp\/v2\/types\/post"}],"author":[{"embeddable":true,"href":"https:\/\/www.agrobase.com.br\/concursos\/wp-json\/wp\/v2\/users\/7"}],"replies":[{"embeddable":true,"href":"https:\/\/www.agrobase.com.br\/concursos\/wp-json\/wp\/v2\/comments?post=259374"}],"version-history":[{"count":0,"href":"https:\/\/www.agrobase.com.br\/concursos\/wp-json\/wp\/v2\/posts\/259374\/revisions"}],"acf:term":[{"embeddable":true,"taxonomy":"instituicoes","href":"https:\/\/www.agrobase.com.br\/concursos\/wp-json\/wp\/v2\/instituicoes\/1173"}],"wp:featuredmedia":[{"embeddable":true,"href":"https:\/\/www.agrobase.com.br\/concursos\/wp-json\/wp\/v2\/media\/259378"}],"wp:attachment":[{"href":"https:\/\/www.agrobase.com.br\/concursos\/wp-json\/wp\/v2\/media?parent=259374"}],"wp:term":[{"taxonomy":"category","embeddable":true,"href":"https:\/\/www.agrobase.com.br\/concursos\/wp-json\/wp\/v2\/categories?post=259374"},{"taxonomy":"post_tag","embeddable":true,"href":"https:\/\/www.agrobase.com.br\/concursos\/wp-json\/wp\/v2\/tags?post=259374"},{"taxonomy":"_amplo","embeddable":true,"href":"https:\/\/www.agrobase.com.br\/concursos\/wp-json\/wp\/v2\/_amplo?post=259374"},{"taxonomy":"destaque","embeddable":true,"href":"https:\/\/www.agrobase.com.br\/concursos\/wp-json\/wp\/v2\/destaque?post=259374"},{"taxonomy":"instituicoes","embeddable":true,"href":"https:\/\/www.agrobase.com.br\/concursos\/wp-json\/wp\/v2\/instituicoes?post=259374"}],"curies":[{"name":"wp","href":"https:\/\/api.w.org\/{rel}","templated":true}]}}