{"id":259209,"date":"2025-01-20T07:50:31","date_gmt":"2025-01-20T10:50:31","guid":{"rendered":"https:\/\/www.agrobase.com.br\/concursos\/?p=259209"},"modified":"2025-01-17T13:47:22","modified_gmt":"2025-01-17T16:47:22","slug":"processo-seletivo-de-porto-walter-ac-edital-001-2025","status":"publish","type":"post","link":"https:\/\/www.agrobase.com.br\/concursos\/2025\/processo-seletivo-de-porto-walter-ac-edital-001-2025\/","title":{"rendered":"Processo Seletivo de Porto Walter &#8211; AC | Edital 001\/2025"},"content":{"rendered":"<p>A Prefeitura de Porto Walter &#8211; AC anuncia a abertura de um Processo Seletivo, com o objetivo de formar cadastro reserva para profissionais de n\u00edveis alfabetizado, fundamental, m\u00e9dio, t\u00e9cnico e superior.<\/p>\n<p>De acordo com o edital, as oportunidades s\u00e3o para os seguintes cargos: Agente Comunit\u00e1rio de Sa\u00fade; Agente de Endemias; Assistente Educacional; Assistente Social; Auxiliar Administrativo; Auxiliar de Sa\u00fade Bucal; Auxiliar Operador de Servi\u00e7os Diversos; Biom\u00e9dico; Educador F\u00edsico; Enfermeiro; Farmac\u00eautico; Fisioterapeuta; Fonoaudi\u00f3logo; Merendeira; Microscopista; Motorista; Motorista Fluvial; Nutricionista; Orientador Social; Professor da Educa\u00e7\u00e3o Infantil; Professor de EJA; Professor do Ensino Fundamental Anos Finais; Professor do Ensino Fundamental Anos Iniciais; Professor Educa\u00e7\u00e3o do Campo Programa Primeira Inf\u00e2ncia; Professor Int\u00e9rprete de Libras; Professor Mediador; Professor Monitor Domiciliar; Psic\u00f3logo; Recepcionista; Servente; T\u00e9cnico de Enfermagem; T\u00e9cnico em An\u00e1lises Cl\u00ednicas; T\u00e9cnico Social; Terapeuta Ocupacional; Visitador do Programa Crian\u00e7a Feliz.<\/p>\n<p>Ao serem admitidos, os profissionais dever\u00e3o cumprir jornadas de 25 a 40 horas semanais e contar\u00e3o com remunera\u00e7\u00e3o mensal de R$ 1.518,00 a R$ 3.500,00.<\/p>\n<p>Os interessados poder\u00e3o se inscrever entre os dias 16 e 23 de janeiro de 2025, at\u00e9 \u00e0s 23h59, pelo site Decorp, com taxas de R$ 40,00 a R$ 100,00.<\/p>\n<p>A sele\u00e7\u00e3o dos candidatos ser\u00e1 realizada por meio de prova objetiva, prevista para o dia 23 de fevereiro de 2025. Tamb\u00e9m haver\u00e1 avalia\u00e7\u00e3o curricular e de t\u00edtulos.<\/p>\n","protected":false},"excerpt":{"rendered":"<p>A Prefeitura de Porto Walter &#8211; AC anuncia a abertura de um Processo Seletivo, com o objetivo de formar cadastro reserva para profissionais de n\u00edveis alfabetizado, fundamental, m\u00e9dio, t\u00e9cnico e superior.<\/p>\n","protected":false},"author":7,"featured_media":259213,"comment_status":"open","ping_status":"open","sticky":false,"template":"","format":"standard","meta":{"_acf_changed":false,"_breakdance_hide_in_design_set":false,"_breakdance_tags":"","footnotes":""},"categories":[7,11,12,17,18,19,23,25,26,101,108,134],"tags":[38],"_amplo":[6427],"destaque":[],"instituicoes":[4779],"class_list":["post-259209","post","type-post","status-publish","format-standard","has-post-thumbnail","hentry","category-biomedicina","category-educacao-fisica","category-enfermagem","category-farmacia","category-fisioterapia","category-fonoaudiologia","category-nutricao","category-pedagogia","category-psicologia","category-servico-social","category-tecnico-enfermagem","category-terapia-ocupacional","tag-acre","_amplo-nivel-medio","instituicoes-prefeitura-municipal-de-porto-walter-ac"],"acf":{"_tipo_vagas":"cadastro de reserva","_numero_vagas":"","_quadro_vagas":"","_cargos":"diversos","_cargos_especificos":"","_salario_max":"R$ 3.500,00","_abertura":"20250116","_encerramento":"20250123","_inscricoes":"https:\/\/portal.decorp.selecao.site\/edital\/ver\/15","_executora_concurso":"","_instituicao_concurso":[4779],"_link_adicional":null,"_anexos":[{"_arquivo_anexo":259211,"_titulo_anexo":"Edital 001\/2025"}],"_produtos":null,"_vagas":"","_salario_min":"","_instituicao":"","_edital":"","_anexos_edital":"","_fund_incompleto":"","_fund_completo":"","_medio":"","_superior":""},"_links":{"self":[{"href":"https:\/\/www.agrobase.com.br\/concursos\/wp-json\/wp\/v2\/posts\/259209","targetHints":{"allow":["GET"]}}],"collection":[{"href":"https:\/\/www.agrobase.com.br\/concursos\/wp-json\/wp\/v2\/posts"}],"about":[{"href":"https:\/\/www.agrobase.com.br\/concursos\/wp-json\/wp\/v2\/types\/post"}],"author":[{"embeddable":true,"href":"https:\/\/www.agrobase.com.br\/concursos\/wp-json\/wp\/v2\/users\/7"}],"replies":[{"embeddable":true,"href":"https:\/\/www.agrobase.com.br\/concursos\/wp-json\/wp\/v2\/comments?post=259209"}],"version-history":[{"count":0,"href":"https:\/\/www.agrobase.com.br\/concursos\/wp-json\/wp\/v2\/posts\/259209\/revisions"}],"acf:term":[{"embeddable":true,"taxonomy":"instituicoes","href":"https:\/\/www.agrobase.com.br\/concursos\/wp-json\/wp\/v2\/instituicoes\/4779"}],"wp:featuredmedia":[{"embeddable":true,"href":"https:\/\/www.agrobase.com.br\/concursos\/wp-json\/wp\/v2\/media\/259213"}],"wp:attachment":[{"href":"https:\/\/www.agrobase.com.br\/concursos\/wp-json\/wp\/v2\/media?parent=259209"}],"wp:term":[{"taxonomy":"category","embeddable":true,"href":"https:\/\/www.agrobase.com.br\/concursos\/wp-json\/wp\/v2\/categories?post=259209"},{"taxonomy":"post_tag","embeddable":true,"href":"https:\/\/www.agrobase.com.br\/concursos\/wp-json\/wp\/v2\/tags?post=259209"},{"taxonomy":"_amplo","embeddable":true,"href":"https:\/\/www.agrobase.com.br\/concursos\/wp-json\/wp\/v2\/_amplo?post=259209"},{"taxonomy":"destaque","embeddable":true,"href":"https:\/\/www.agrobase.com.br\/concursos\/wp-json\/wp\/v2\/destaque?post=259209"},{"taxonomy":"instituicoes","embeddable":true,"href":"https:\/\/www.agrobase.com.br\/concursos\/wp-json\/wp\/v2\/instituicoes?post=259209"}],"curies":[{"name":"wp","href":"https:\/\/api.w.org\/{rel}","templated":true}]}}