{"id":259070,"date":"2025-01-16T07:50:33","date_gmt":"2025-01-16T10:50:33","guid":{"rendered":"https:\/\/www.agrobase.com.br\/concursos\/?p=259070"},"modified":"2025-01-15T12:07:09","modified_gmt":"2025-01-15T15:07:09","slug":"processo-seletivo-de-parintins-am-edital-001-2025","status":"publish","type":"post","link":"https:\/\/www.agrobase.com.br\/concursos\/2025\/processo-seletivo-de-parintins-am-edital-001-2025\/","title":{"rendered":"Processo Seletivo de Parintins &#8211; AM | Edital 001\/2025"},"content":{"rendered":"<p>Foi publicado edital de abertura do Processo Seletivo de <a href=\"https:\/\/parintins.am.gov.br\/\" target=\"_blank\" title=\"Prefeitura Municipal de Parintins\" rel=\"noopener\">Parintins &#8211; AM<\/a>, o qual deve selecionar profissionais para mais de 1500 vagas.<\/p>\n<h2>Cargos<\/h2>\n<p>Ser\u00e3o, ao todo 1503 vagas, sendo divididas entre cargos com exig\u00eancia de escolaridade de n\u00edvel fundamental, m\u00e9dio e superior, nas seguintes fun\u00e7\u00f5es:<\/p>\n<p><em>Professor Educa\u00e7\u00e3o Infantil &#8211; Creche &#8211; Zona Urbana (7 vagas); Inspetor de Aluno de Escola P\u00fablica Educa\u00e7\u00e3o Infantil &#8211; Creche &#8211; Zona Urbana (13); Professor de Atendimento Educacional Especializado &#8211; AEE para atender alunos com Transtorno do Espectro Autista &#8211; TEA &#8211; Creche &#8211; Zona Urbana (1 vaga); Professor Educa\u00e7\u00e3o Infantil &#8211; Zona Urbana (47 vagas); Professor Educa\u00e7\u00e3o Infantil &#8211; Zona Rural (65 vagas); Professor Indigenista Bil\u00edngue de N\u00edvel Superior na Educa\u00e7\u00e3o Infantil &#8211; \u00c1rea Ind\u00edgena &#8211; Zona Rural (6 vagas); Professor de Ensino Fundamental 1\u00ba ao 5\u00ba Ano &#8211; Zona Urbana (27 vagas) Professor de Ensino Fundamental 1\u00ba ao 5\u00ba Ano &#8211; Zona Rural (103 vagas); Professor Indigenista Bil\u00edngue do Ensino Fundamental 1\u00ba Ao 5\u00ba Ano &#8211; Zona Rural (10 vagas); Professor de Ensino Fundamental 6\u00ba do 9\u00ba Ano L\u00edngua Portuguesa &#8211; Zona Urbana (13 vagas); Professor de Ensino Fundamental 6\u00ba do 9\u00ba Ano L\u00edngua Portuguesa &#8211; Zona Rural (37 vagas); Professor de L\u00edngua Estrangeira Moderna no Ensino Fundamental (L\u00edngua Espanhola) &#8211; Zona Urbana (3 vagas); Professor 6\u00ba ao 9\u00ba Ano &#8211; L\u00edngua Brasileira de Sinais &#8211; Libras &#8211; Zona Urbana (3 vagas); Professor de Ensino Fundamental 6\u00ba ao 9\u00ba Ano Educa\u00e7\u00e3o F\u00edsica &#8211; Zona Urbana (18 vagas); Professor de Ensino Fundamental 6\u00ba ao 9\u00ba Ano Educa\u00e7\u00e3o F\u00edsica &#8211; Zona Rural (16 vagas); Professor Indigenista Bil\u00edngue do Ensino Fundamental 6\u00ba ao 9\u00ba Ano L\u00edngua Portuguesa &#8211; Zona Rural (8 vagas); Professor de Ensino Fundamental 6\u00ba ao 9\u00ba Ano L\u00edngua Inglesa &#8211; Zona Urbana (14 vagas); Professor de Ensino Fundamental 6\u00ba ao 9\u00ba Ano L\u00edngua Inglesa &#8211; Zona Rural (4 vagas); Professor de Ensino Fundamental 6\u00ba Ao 9\u00ba Ano Matem\u00e1tica &#8211; Zona Urbana (10 vagas); Professor de Ensino Fundamental 6\u00ba Ao 9\u00ba Ano Matem\u00e1tica &#8211; Zona Rural (40 vagas); Professor Indigenista Bilingue do Ensino Fundamental 6\u00ba ao 9\u00ba Ano Matem\u00e1tica &#8211; Zona Rural (4 vagas); Professor de Ensino Fundamental 6\u00ba ao 9\u00ba Ano &#8211; Ci\u00eancias &#8211; Zona Urbana (6 vagas); Professor de Ensino Fundamental 6\u00ba ao 9\u00ba Ano &#8211; Ci\u00eancias &#8211; Zona Rural (13 vagas); Professor de Ensino Fundamental 6\u00ba ao 9\u00ba Ano Geografia &#8211; Zona Urbana (4 vagas); Professor de Ensino Fundamental 6\u00ba ao 9\u00ba Ano Geografia &#8211; Zona Rural (11 vagas); Professor Indigenista Bil\u00edngue de Ensino Fundamental 6\u00ba ao 9\u00ba Ano Geografia &#8211; Zona Rural (3 vagas); Professor de Ensino Fundamental 6\u00ba ao 9\u00ba Ano &#8211; Hist\u00f3ria &#8211; Zona Urbana (7 vagas); Professor de Ensino Fundamental 6\u00ba ao 9\u00ba Ano &#8211; Hist\u00f3ria &#8211; Zona Rural (16 vagas); Professor de Atendimento Educacional Especializado AEE Sala de Recurso &#8211; Zona Urbana (19 vagas); Professor de Atendimento Educacional Especializado AEE Sala de Recurso &#8211; Zona Rural (5 vagas); Professor de Atendimento Educacional Especializado &#8211; AEE para atender alunos com transtorno do Espectro Autista -TEA &#8211; Zona Urbana (84 vagas); Professor de Atendimento Educacional Especializado &#8211; AEE para atender alunos com transtorno do Espectro Autista -TEA &#8211; Zona Rural (10 vagas); Inspetor de Aluno de Escola P\u00fablica &#8211; Zona Urbana (40 vagas); Inspetor de Aluno de Escola P\u00fablica &#8211; Zona Rural (5 vagas); Inspetor de Aluno de Escola P\u00fablica Educa\u00e7\u00e3o Infantil &#8211; Zona Urbana (25 vagas); Inspetor de Aluno de Escola P\u00fablica Educa\u00e7\u00e3o Infantil &#8211; Zona Rural (3 vagas); Instrutor de Aprendizagem em Inform\u00e1tica &#8211; Zona Urbana (9 vagas); Instrutor de Aprendizagem em Inform\u00e1tica &#8211; Zona Rural (9 vagas); Monitor para atender alunos com Defici\u00eancia &#8211; AEE Educa\u00e7\u00e3o Infantil e Fundamental &#8211; Zona Urbana (139 vagas);<\/em><\/p>\n<p><em>Monitor para atender alunos com Defici\u00eancia &#8211; AEE Educa\u00e7\u00e3o Infantil e Fundamental &#8211; Zona Rural (67); Auxiliar Administrativo &#8211; Zona Urbana (50 vagas); Auxiliar Administrativo &#8211; Zona Rural (17 vagas); Auxiliar de Servi\u00e7os Gerais &#8211; Zona Urbana (98 vagas); Auxiliar de Servi\u00e7os Gerais &#8211; Zona Rural (109 vagas); Cozinheiro &#8211; Zona Urbana (58 vagas); Cozinheiro &#8211; Zona Rural (71 vagas); Vigia &#8211; Zona Urbana (93 vagas); Vigia &#8211; Zona Rural (72 vagas); Marinheiro Fluvial &#8211; Zona Urbana (2 vagas); Motorista Categoria B &#8211; Zona Urbana (2 vagas); Motorista Categoria B &#8211; Zona Rural (3 vagas); Motorista Categoria D &#8211; Zona Urbana (4 vagas).<\/em><\/p>\n<h2>Remunera\u00e7\u00f5es<\/h2>\n<p>Ao serem admitidos os sal\u00e1rios podem ser de <strong>R$ 1.518,00<\/strong> at\u00e9 <strong>R$ 4.583,00<\/strong>, dependendo do cargo. Os profissionais dever\u00e3o atuar em jornadas de 20h a 40 horas semanais de trabalho.<\/p>\n<h2>Inscri\u00e7\u00f5es<\/h2>\n<p>O per\u00edodo para inscri\u00e7\u00f5es ser\u00e1 de <strong>14<\/strong> a <strong>19 de janeiro de 2025<\/strong>, de forma online, no site oficial do Munic\u00edpio.<\/p>\n<h2>Etapas<\/h2>\n<ol>\n<li><strong>An\u00e1lise de Curriculum Vitae,<\/strong> que compreende o exame da documenta\u00e7\u00e3o exigida.<\/li>\n<\/ol>\n<h2>Validade da Sele\u00e7\u00e3o<\/h2>\n<p>A contrata\u00e7\u00e3o ser\u00e1 para o per\u00edodo de <strong>24 de fevereiro de 2025<\/strong> at\u00e9 <strong>23 de dezembro de 2025<\/strong>, contado da assinatura do contrato administrativo.<\/p>\n","protected":false},"excerpt":{"rendered":"<p>Foi publicado edital de abertura do Processo Seletivo de Parintins &#8211; AM, o qual deve selecionar profissionais para mais de 1500 vagas.<\/p>\n","protected":false},"author":7,"featured_media":259075,"comment_status":"open","ping_status":"open","sticky":false,"template":"","format":"standard","meta":{"_acf_changed":false,"_breakdance_hide_in_design_set":false,"_breakdance_tags":"","footnotes":""},"categories":[6433,6434,111,100,20,116,25],"tags":[41],"_amplo":[6427],"destaque":[],"instituicoes":[2801],"class_list":["post-259070","post","type-post","status-publish","format-standard","has-post-thumbnail","hentry","category-biologia-licenciatura","category-educacao-fisica-licenciatura","category-geografia","category-historia","category-letras","category-matematica","category-pedagogia","tag-amazonas","_amplo-nivel-medio","instituicoes-prefeitura-municipal-de-parintins-am"],"acf":{"_tipo_vagas":"vagas","_numero_vagas":1503,"_quadro_vagas":259073,"_cargos":"diversos","_cargos_especificos":"","_salario_max":"R$ 4.583,00","_abertura":"20250114","_encerramento":"20250119","_inscricoes":"http:\/\/portal.parintins.selecao.site\/","_executora_concurso":"","_instituicao_concurso":[2801],"_link_adicional":null,"_anexos":[{"_arquivo_anexo":259072,"_titulo_anexo":"Edital 001\/2025"}],"_produtos":null,"_vagas":"","_salario_min":"","_instituicao":"","_edital":"","_anexos_edital":"","_fund_incompleto":"","_fund_completo":"","_medio":"","_superior":""},"_links":{"self":[{"href":"https:\/\/www.agrobase.com.br\/concursos\/wp-json\/wp\/v2\/posts\/259070","targetHints":{"allow":["GET"]}}],"collection":[{"href":"https:\/\/www.agrobase.com.br\/concursos\/wp-json\/wp\/v2\/posts"}],"about":[{"href":"https:\/\/www.agrobase.com.br\/concursos\/wp-json\/wp\/v2\/types\/post"}],"author":[{"embeddable":true,"href":"https:\/\/www.agrobase.com.br\/concursos\/wp-json\/wp\/v2\/users\/7"}],"replies":[{"embeddable":true,"href":"https:\/\/www.agrobase.com.br\/concursos\/wp-json\/wp\/v2\/comments?post=259070"}],"version-history":[{"count":0,"href":"https:\/\/www.agrobase.com.br\/concursos\/wp-json\/wp\/v2\/posts\/259070\/revisions"}],"acf:term":[{"embeddable":true,"taxonomy":"instituicoes","href":"https:\/\/www.agrobase.com.br\/concursos\/wp-json\/wp\/v2\/instituicoes\/2801"}],"wp:featuredmedia":[{"embeddable":true,"href":"https:\/\/www.agrobase.com.br\/concursos\/wp-json\/wp\/v2\/media\/259075"}],"wp:attachment":[{"href":"https:\/\/www.agrobase.com.br\/concursos\/wp-json\/wp\/v2\/media?parent=259070"}],"wp:term":[{"taxonomy":"category","embeddable":true,"href":"https:\/\/www.agrobase.com.br\/concursos\/wp-json\/wp\/v2\/categories?post=259070"},{"taxonomy":"post_tag","embeddable":true,"href":"https:\/\/www.agrobase.com.br\/concursos\/wp-json\/wp\/v2\/tags?post=259070"},{"taxonomy":"_amplo","embeddable":true,"href":"https:\/\/www.agrobase.com.br\/concursos\/wp-json\/wp\/v2\/_amplo?post=259070"},{"taxonomy":"destaque","embeddable":true,"href":"https:\/\/www.agrobase.com.br\/concursos\/wp-json\/wp\/v2\/destaque?post=259070"},{"taxonomy":"instituicoes","embeddable":true,"href":"https:\/\/www.agrobase.com.br\/concursos\/wp-json\/wp\/v2\/instituicoes?post=259070"}],"curies":[{"name":"wp","href":"https:\/\/api.w.org\/{rel}","templated":true}]}}