{"id":259019,"date":"2025-01-15T08:40:42","date_gmt":"2025-01-15T11:40:42","guid":{"rendered":"https:\/\/www.agrobase.com.br\/concursos\/?p=259019"},"modified":"2025-01-14T14:46:28","modified_gmt":"2025-01-14T17:46:28","slug":"processo-seletivo-de-careiro-da-varzea-am-edital-002-2025","status":"publish","type":"post","link":"https:\/\/www.agrobase.com.br\/concursos\/2025\/processo-seletivo-de-careiro-da-varzea-am-edital-002-2025\/","title":{"rendered":"Processo Seletivo de Careiro da V\u00e1rzea &#8211; AM | Edital 002\/2025"},"content":{"rendered":"<p>A Prefeitura de Careiro da V\u00e1rzea publicou edital de Processo Seletivo, com o objetivo de preencher 113 vagas na Secretaria Municipal de Educa\u00e7\u00e3o.<\/p>\n<p>O documento informa atualiza\u00e7\u00e3o no quadro de vagas.<\/p>\n<p>As oportunidades s\u00e3o para as fun\u00e7\u00f5es de: Assistente Social (1 vaga); Fonoaudi\u00f3logo (1 vaga); Nutricionista (1 vaga); Psic\u00f3logo (2 vagas); Psicopedagogo (1 vaga); Agente Administrativo (16 vagas); Auxiliar de Sala (3 vagas); Secret\u00e1rio (6 vagas); Recepcionista (1 vaga); Eletricista (1 vaga); Guarda Municipal (11 vagas); Auxiliar de Servi\u00e7os Gerais (52 vagas); Merendeiro (16 vagas); Art\u00edfice (1 vaga).<\/p>\n<p>Para concorrer a uma das vagas \u00e9 necess\u00e1rio que o candidato tenha ensino fundamental, m\u00e9dio ou superior (conforme vaga desejada), esteja em dia com as obriga\u00e7\u00f5es militares e perante a justi\u00e7a eleitoral, entre outros requisitos.<\/p>\n<p>Ao serem admitidos, os profissionais dever\u00e3o cumprir jornadas de 30 a 40 horas semanais e contar\u00e3o com remunera\u00e7\u00e3o mensal de R$ 1.518,00 a R$ 3.799,00.<\/p>\n<p>Os interessados poder\u00e3o se inscrever de 13 a 28 de janeiro de 2025, de forma presencial, das 8h \u00e0s 14h (hor\u00e1rio local), na Rua Marechal Rondon, s\/n &#8211; Centro &#8211; Setor Biblioteca do Munic\u00edpio.<\/p>\n","protected":false},"excerpt":{"rendered":"<p>A Prefeitura de Careiro da V\u00e1rzea publicou edital de Processo Seletivo, com o objetivo de preencher 113 vagas na Secretaria Municipal de Educa\u00e7\u00e3o.<\/p>\n","protected":false},"author":7,"featured_media":259023,"comment_status":"open","ping_status":"open","sticky":false,"template":"","format":"standard","meta":{"_acf_changed":false,"_breakdance_hide_in_design_set":false,"_breakdance_tags":"","footnotes":""},"categories":[19,23,25,26,101],"tags":[41],"_amplo":[6427],"destaque":[],"instituicoes":[1223],"class_list":["post-259019","post","type-post","status-publish","format-standard","has-post-thumbnail","hentry","category-fonoaudiologia","category-nutricao","category-pedagogia","category-psicologia","category-servico-social","tag-amazonas","_amplo-nivel-medio","instituicoes-prefeitura-municipal-de-careiro-da-varzea-am"],"acf":{"_tipo_vagas":"vagas","_numero_vagas":113,"_quadro_vagas":"","_cargos":"diversos","_cargos_especificos":"","_salario_max":"R$ 3.799,00","_abertura":"20250113","_encerramento":"20250128","_inscricoes":"","_executora_concurso":"","_instituicao_concurso":[1223],"_link_adicional":null,"_anexos":[{"_arquivo_anexo":259021,"_titulo_anexo":"Edital 002\/2025"}],"_produtos":null,"_vagas":"","_salario_min":"","_instituicao":"","_edital":"","_anexos_edital":"","_fund_incompleto":"","_fund_completo":"","_medio":"","_superior":""},"_links":{"self":[{"href":"https:\/\/www.agrobase.com.br\/concursos\/wp-json\/wp\/v2\/posts\/259019","targetHints":{"allow":["GET"]}}],"collection":[{"href":"https:\/\/www.agrobase.com.br\/concursos\/wp-json\/wp\/v2\/posts"}],"about":[{"href":"https:\/\/www.agrobase.com.br\/concursos\/wp-json\/wp\/v2\/types\/post"}],"author":[{"embeddable":true,"href":"https:\/\/www.agrobase.com.br\/concursos\/wp-json\/wp\/v2\/users\/7"}],"replies":[{"embeddable":true,"href":"https:\/\/www.agrobase.com.br\/concursos\/wp-json\/wp\/v2\/comments?post=259019"}],"version-history":[{"count":0,"href":"https:\/\/www.agrobase.com.br\/concursos\/wp-json\/wp\/v2\/posts\/259019\/revisions"}],"acf:term":[{"embeddable":true,"taxonomy":"instituicoes","href":"https:\/\/www.agrobase.com.br\/concursos\/wp-json\/wp\/v2\/instituicoes\/1223"}],"wp:featuredmedia":[{"embeddable":true,"href":"https:\/\/www.agrobase.com.br\/concursos\/wp-json\/wp\/v2\/media\/259023"}],"wp:attachment":[{"href":"https:\/\/www.agrobase.com.br\/concursos\/wp-json\/wp\/v2\/media?parent=259019"}],"wp:term":[{"taxonomy":"category","embeddable":true,"href":"https:\/\/www.agrobase.com.br\/concursos\/wp-json\/wp\/v2\/categories?post=259019"},{"taxonomy":"post_tag","embeddable":true,"href":"https:\/\/www.agrobase.com.br\/concursos\/wp-json\/wp\/v2\/tags?post=259019"},{"taxonomy":"_amplo","embeddable":true,"href":"https:\/\/www.agrobase.com.br\/concursos\/wp-json\/wp\/v2\/_amplo?post=259019"},{"taxonomy":"destaque","embeddable":true,"href":"https:\/\/www.agrobase.com.br\/concursos\/wp-json\/wp\/v2\/destaque?post=259019"},{"taxonomy":"instituicoes","embeddable":true,"href":"https:\/\/www.agrobase.com.br\/concursos\/wp-json\/wp\/v2\/instituicoes?post=259019"}],"curies":[{"name":"wp","href":"https:\/\/api.w.org\/{rel}","templated":true}]}}