{"id":258769,"date":"2025-01-10T08:10:09","date_gmt":"2025-01-10T11:10:09","guid":{"rendered":"https:\/\/www.agrobase.com.br\/concursos\/?p=258769"},"modified":"2025-01-09T13:26:16","modified_gmt":"2025-01-09T16:26:16","slug":"processo-seletivo-da-seed-pr-edital-001-2025-e-002-2025","status":"publish","type":"post","link":"https:\/\/www.agrobase.com.br\/concursos\/2025\/processo-seletivo-da-seed-pr-edital-001-2025-e-002-2025\/","title":{"rendered":"Processo Seletivo da SEED &#8211; PR | Edital 001\/2025 e 002\/2025"},"content":{"rendered":"<p>A Secretaria de Estado da Educa\u00e7\u00e3o do Paran\u00e1 (SEED &#8211; PR) anunciou a abertura de inscri\u00e7\u00f5es para dois novos Processos Seletivos, com o objetivo de preencher 300 vagas em diversos cargos.<\/p>\n<p>Segundo os editais, as oportunidades s\u00e3o para os cargos de:<\/p>\n<p>Edital 001\/2025: Assistente Administrativo &#8211; Assistente Administrativo; Assistente Administrativo &#8211; Educa\u00e7\u00e3o do Campo; Assistente Administrativo &#8211; Educa\u00e7\u00e3o Escolar Ind\u00edgena; Assistente Administrativo &#8211; Educa\u00e7\u00e3o Escolar Quilombola; Assistente Administrativo &#8211; Ilhas; e Assistente Administrativo &#8211; Col\u00e9gio Agr\u00edcola.<\/p>\n<p>Edital 002\/2025: Auxiliar de Servi\u00e7os Gerais &#8211; Limpeza\/Merenda; Auxiliar de Servi\u00e7os Gerais &#8211; Manejo; Auxiliar de Servi\u00e7os Gerais\/Educa\u00e7\u00e3o do Campo &#8211; Limpeza\/Merenda; Auxiliar de Servi\u00e7os Gerais\/Educa\u00e7\u00e3o do Campo &#8211; Manejo; Auxiliar de Servi\u00e7os Gerais\/Educa\u00e7\u00e3o Ind\u00edgena &#8211; Limpeza\/Merenda; Auxiliar de Servi\u00e7os Gerais Educa\u00e7\u00e3o Ind\u00edgena &#8211; Manejo; Auxiliar de Servi\u00e7os Gerais\/Educa\u00e7\u00e3o Quilombola &#8211; Limpeza\/Merenda; Auxiliar de Servi\u00e7os Gerais\/Educa\u00e7\u00e3o Quilombola &#8211; Manejo; Auxiliar de Servi\u00e7os Gerais\/Ilhas &#8211; Limpeza\/Merenda; Auxiliar de Servi\u00e7os Gerais\/Ilhas &#8211; Manejo; Auxiliar de Servi\u00e7os Gerais\/Col\u00e9gios Agr\u00edcolas &#8211; Limpeza\/Merenda; Auxiliar de Servi\u00e7os Gerais\/Col\u00e9gios Agr\u00edcolas &#8211; Manejo; Auxiliar de Servi\u00e7os Gerais &#8211; Motorista e Auxiliar de Servi\u00e7os Gerais &#8211; Tratorista.<\/p>\n<p>Ao serem admitidos, os profissionais dever\u00e3o atuar em jornada de 40 horas semanais de trabalho, com remunera\u00e7\u00e3o mensal no valor que varia de R$ 2.066,29 a R$ 4.064,77, al\u00e9m de benef\u00edcios como aux\u00edlio-alimenta\u00e7\u00e3o de R$ 213,60 e aux\u00edlio-transporte de R$ 231,55.<\/p>\n<p>Os interessados podem se inscrever exclusivamente pela internet, no per\u00edodo das 9h do dia 14 de janeiro de 2025 at\u00e9 as 18h do dia 26 de janeiro de 2025, no site do Governo do Paran\u00e1.<\/p>\n","protected":false},"excerpt":{"rendered":"<p>A Secretaria de Estado da Educa\u00e7\u00e3o do Paran\u00e1 (SEED &#8211; PR) anunciou a abertura de inscri\u00e7\u00f5es para dois novos Processos Seletivos, com o objetivo de preencher 300 vagas em diversos cargos.<\/p>\n","protected":false},"author":7,"featured_media":258774,"comment_status":"open","ping_status":"open","sticky":false,"template":"","format":"standard","meta":{"_acf_changed":false,"_breakdance_hide_in_design_set":false,"_breakdance_tags":"","footnotes":""},"categories":[1],"tags":[52],"_amplo":[6427],"destaque":[],"instituicoes":[2148],"class_list":["post-258769","post","type-post","status-publish","format-standard","has-post-thumbnail","hentry","category-sem-categoria","tag-parana","_amplo-nivel-medio","instituicoes-secretaria-de-estado-da-educacao-do-parana-seed"],"acf":{"_tipo_vagas":"vagas","_numero_vagas":300,"_quadro_vagas":"","_cargos":"diversos","_cargos_especificos":"","_salario_max":"R$ 4.064,77","_abertura":"20250114","_encerramento":"20250126","_inscricoes":"http:\/\/www.pss.pr.gov.br\/","_executora_concurso":"","_instituicao_concurso":[2148],"_link_adicional":null,"_anexos":[{"_arquivo_anexo":258771,"_titulo_anexo":"Edital 001\/2025"},{"_arquivo_anexo":258772,"_titulo_anexo":"Edital 002\/2025"}],"_produtos":null,"_vagas":"","_salario_min":"","_instituicao":"","_edital":"","_anexos_edital":"","_fund_incompleto":"","_fund_completo":"","_medio":"","_superior":""},"_links":{"self":[{"href":"https:\/\/www.agrobase.com.br\/concursos\/wp-json\/wp\/v2\/posts\/258769","targetHints":{"allow":["GET"]}}],"collection":[{"href":"https:\/\/www.agrobase.com.br\/concursos\/wp-json\/wp\/v2\/posts"}],"about":[{"href":"https:\/\/www.agrobase.com.br\/concursos\/wp-json\/wp\/v2\/types\/post"}],"author":[{"embeddable":true,"href":"https:\/\/www.agrobase.com.br\/concursos\/wp-json\/wp\/v2\/users\/7"}],"replies":[{"embeddable":true,"href":"https:\/\/www.agrobase.com.br\/concursos\/wp-json\/wp\/v2\/comments?post=258769"}],"version-history":[{"count":0,"href":"https:\/\/www.agrobase.com.br\/concursos\/wp-json\/wp\/v2\/posts\/258769\/revisions"}],"acf:term":[{"embeddable":true,"taxonomy":"instituicoes","href":"https:\/\/www.agrobase.com.br\/concursos\/wp-json\/wp\/v2\/instituicoes\/2148"}],"wp:featuredmedia":[{"embeddable":true,"href":"https:\/\/www.agrobase.com.br\/concursos\/wp-json\/wp\/v2\/media\/258774"}],"wp:attachment":[{"href":"https:\/\/www.agrobase.com.br\/concursos\/wp-json\/wp\/v2\/media?parent=258769"}],"wp:term":[{"taxonomy":"category","embeddable":true,"href":"https:\/\/www.agrobase.com.br\/concursos\/wp-json\/wp\/v2\/categories?post=258769"},{"taxonomy":"post_tag","embeddable":true,"href":"https:\/\/www.agrobase.com.br\/concursos\/wp-json\/wp\/v2\/tags?post=258769"},{"taxonomy":"_amplo","embeddable":true,"href":"https:\/\/www.agrobase.com.br\/concursos\/wp-json\/wp\/v2\/_amplo?post=258769"},{"taxonomy":"destaque","embeddable":true,"href":"https:\/\/www.agrobase.com.br\/concursos\/wp-json\/wp\/v2\/destaque?post=258769"},{"taxonomy":"instituicoes","embeddable":true,"href":"https:\/\/www.agrobase.com.br\/concursos\/wp-json\/wp\/v2\/instituicoes?post=258769"}],"curies":[{"name":"wp","href":"https:\/\/api.w.org\/{rel}","templated":true}]}}