{"id":258265,"date":"2025-01-02T07:05:42","date_gmt":"2025-01-02T10:05:42","guid":{"rendered":"https:\/\/www.agrobase.com.br\/concursos\/?p=258265"},"modified":"2025-01-01T12:11:05","modified_gmt":"2025-01-01T15:11:05","slug":"concurso-prefeitura-e-camara-municipal-de-cerejeiras-ro-edital-02-2024","status":"publish","type":"post","link":"https:\/\/www.agrobase.com.br\/concursos\/2025\/concurso-prefeitura-e-camara-municipal-de-cerejeiras-ro-edital-02-2024\/","title":{"rendered":"Concurso Prefeitura e C\u00e2mara Municipal de Cerejeiras &#8211; RO | Edital 02\/2024"},"content":{"rendered":"<p>No estado de Rond\u00f4nia, a <strong>C\u00e2mara de Cerejeiras e a Prefeitura Municipal<\/strong> anunciaram uma retifica\u00e7\u00e3o referente ao edital de Concurso P\u00fablico, que tem como preencher nove vagas, al\u00e9m de formar cadastro reserva, para profissionais de n\u00edveis fundamental, m\u00e9dio e superior.<\/p>\n<p>Conforme o documento (retifica\u00e7\u00e3o I) houve altera\u00e7\u00e3o nos requisitos para o cargo de Fiscal Municipal. Al\u00e9m disso, o quadro de fun\u00e7\u00f5es referente a prova objetiva tamb\u00e9m foi alterado, assim como os crit\u00e9rios para realiza\u00e7\u00e3o da prova pr\u00e1tica para o cargo de Agente Operacional\/Motorista.<\/p>\n<p>De acordo com o edital, as oportunidades s\u00e3o para os seguintes cargos:<\/p>\n<ul>\n<li><strong>Prefeitura Municipal:<\/strong> Agente de Infraestrutura\/ Operador de M\u00e1quinas Pesadas (3 vagas); Fiscal Municipal; Agente de Gest\u00e3o P\u00fablica \/ Agente Administrativo; Agente Educacional &#8211; Cuidador de Alunos; Especialista em Sa\u00fade I &#8211; Terapeuta Ocupacional; T\u00e9cnico de N\u00edvel Superior I &#8211; Nutricionista; Especialista em Sa\u00fade I\/Fonoaudi\u00f3logo; T\u00e9cnico de N\u00edvel Superior I &#8211; Tecn\u00f3logo em Gest\u00e3o Ambiental (1 vaga); Engenheiro Ambiental;<\/li>\n<li><strong>C\u00e2mara Municipal:<\/strong> T\u00e9cnico N\u00edvel Superior I\/ Analista Legislativo (1 vaga); T\u00e9cnico N\u00edvel Superior I \/ Analista Administrativo (1 vaga); T\u00e9cnico N\u00edvel Superior II \/ Procurador Jur\u00eddico; T\u00e9cnico N\u00edvel Superior II \/ Contador; T\u00e9cnico N\u00edvel Superior II \/ Controlador Interno; Agente de Gest\u00e3o P\u00fablica \/ Agente Administrativo (2 vagas); Agente Operacional \/ Motorista (1 vaga); Agente de Servi\u00e7os\/ Zelador; Agente de Servi\u00e7os \/ Agente de Conserva\u00e7\u00e3o.<\/li>\n<\/ul>\n<p>Para concorrer a uma das vagas \u00e9 necess\u00e1rio que o candidato comprove o n\u00edvel de escolaridade exigido para a fun\u00e7\u00e3o em que pretende atuar, tenha idade m\u00ednima de 18 anos, entre outros requisitos.<\/p>\n<p>Ao serem admitidos, os profissionais dever\u00e3o cumprir jornadas de 30 a 40 horas semanais e contar\u00e3o com remunera\u00e7\u00e3o mensal de <strong>R$ 1.233,71 a R$ 4.519,85<\/strong>.<\/p>\n<p>Os interessados poder\u00e3o se inscrever no per\u00edodo de <strong>23 de dezembro de 2024 a 23 de janeiro de 2025<\/strong>, pelo site <a href=\"https:\/\/www.omniconcursospublicos.com.br\/informacoes\/247\/\" target=\"_blank\" rel=\"noopener\">Omni Concursos<\/a>, com taxas de R$ 80,00 a R$ 120,00. Vale pontuar que a solicita\u00e7\u00e3o de isen\u00e7\u00e3o do valor poder\u00e1 ser feita entre os dias 23 e 30 de dezembro de 2024.<\/p>\n<p>A classifica\u00e7\u00e3o dos candidatos ser\u00e1 feita por meio de prova objetiva e discursiva, prevista para o dia 23 de fevereiro de 2025; prova pr\u00e1tica (para o cargo de Agente Operacional\/Motorista), prevista para os dias 8 e 9 de mar\u00e7o de 2025; e prova de t\u00edtulos.<\/p>\n<p>O prazo de validade do Concurso P\u00fablico ser\u00e1 de dois anos, contados da data da homologa\u00e7\u00e3o do resultado final, podendo ser prorrogado uma \u00fanica vez por igual per\u00edodo, a crit\u00e9rio da Administra\u00e7\u00e3o.<\/p>\n<p>Mais detalhes podem ser encontrados no edital completo, dispon\u00edvel em anexo.<\/p>\n","protected":false},"excerpt":{"rendered":"<p>No estado de Rond\u00f4nia, a C\u00e2mara de Cerejeiras e a Prefeitura Municipal anunciaram uma retifica\u00e7\u00e3o referente ao edital de Concurso P\u00fablico, que tem como preencher nove vagas, al\u00e9m de formar cadastro reserva, para profissionais de n\u00edveis fundamental, m\u00e9dio e superior. Conforme o documento (retifica\u00e7\u00e3o I) houve altera\u00e7\u00e3o nos requisitos para o cargo de Fiscal Municipal. [&hellip;]<\/p>\n","protected":false},"author":5229,"featured_media":258269,"comment_status":"open","ping_status":"open","sticky":false,"template":"","format":"standard","meta":{"_acf_changed":false,"_breakdance_hide_in_design_set":false,"_breakdance_tags":"","footnotes":""},"categories":[13,19,23,134],"tags":[59],"_amplo":[6427,6428],"destaque":[],"instituicoes":[3343],"class_list":["post-258265","post","type-post","status-publish","format-standard","has-post-thumbnail","hentry","category-engenharia-ambiental","category-fonoaudiologia","category-nutricao","category-terapia-ocupacional","tag-rondonia","_amplo-nivel-medio","_amplo-nivel-superior","instituicoes-prefeitura-municipal-de-cerejeiras-ro"],"acf":{"_tipo_vagas":"vagas + cadastro de reserva","_numero_vagas":9,"_quadro_vagas":"","_cargos":"diversos","_cargos_especificos":"","_salario_max":"R$ 4.519,85","_abertura":"20241223","_encerramento":"20250223","_inscricoes":"https:\/\/www.omniconcursospublicos.com.br\/informacoes\/247\/","_executora_concurso":40668,"_instituicao_concurso":[3343],"_link_adicional":null,"_anexos":[{"_arquivo_anexo":258266,"_titulo_anexo":"Edital 02\/2024 retificado"}],"_produtos":null,"_vagas":"","_salario_min":"","_instituicao":"","_edital":"","_anexos_edital":"","_fund_incompleto":"","_fund_completo":"","_medio":"","_superior":""},"_links":{"self":[{"href":"https:\/\/www.agrobase.com.br\/concursos\/wp-json\/wp\/v2\/posts\/258265","targetHints":{"allow":["GET"]}}],"collection":[{"href":"https:\/\/www.agrobase.com.br\/concursos\/wp-json\/wp\/v2\/posts"}],"about":[{"href":"https:\/\/www.agrobase.com.br\/concursos\/wp-json\/wp\/v2\/types\/post"}],"author":[{"embeddable":true,"href":"https:\/\/www.agrobase.com.br\/concursos\/wp-json\/wp\/v2\/users\/5229"}],"replies":[{"embeddable":true,"href":"https:\/\/www.agrobase.com.br\/concursos\/wp-json\/wp\/v2\/comments?post=258265"}],"version-history":[{"count":0,"href":"https:\/\/www.agrobase.com.br\/concursos\/wp-json\/wp\/v2\/posts\/258265\/revisions"}],"acf:term":[{"embeddable":true,"taxonomy":"instituicoes","href":"https:\/\/www.agrobase.com.br\/concursos\/wp-json\/wp\/v2\/instituicoes\/3343"}],"acf:post":[{"embeddable":true,"href":"https:\/\/www.agrobase.com.br\/concursos\/wp-json\/wp\/v2\/executora\/40668"}],"wp:featuredmedia":[{"embeddable":true,"href":"https:\/\/www.agrobase.com.br\/concursos\/wp-json\/wp\/v2\/media\/258269"}],"wp:attachment":[{"href":"https:\/\/www.agrobase.com.br\/concursos\/wp-json\/wp\/v2\/media?parent=258265"}],"wp:term":[{"taxonomy":"category","embeddable":true,"href":"https:\/\/www.agrobase.com.br\/concursos\/wp-json\/wp\/v2\/categories?post=258265"},{"taxonomy":"post_tag","embeddable":true,"href":"https:\/\/www.agrobase.com.br\/concursos\/wp-json\/wp\/v2\/tags?post=258265"},{"taxonomy":"_amplo","embeddable":true,"href":"https:\/\/www.agrobase.com.br\/concursos\/wp-json\/wp\/v2\/_amplo?post=258265"},{"taxonomy":"destaque","embeddable":true,"href":"https:\/\/www.agrobase.com.br\/concursos\/wp-json\/wp\/v2\/destaque?post=258265"},{"taxonomy":"instituicoes","embeddable":true,"href":"https:\/\/www.agrobase.com.br\/concursos\/wp-json\/wp\/v2\/instituicoes?post=258265"}],"curies":[{"name":"wp","href":"https:\/\/api.w.org\/{rel}","templated":true}]}}