{"id":258234,"date":"2024-12-31T09:44:20","date_gmt":"2024-12-31T12:44:20","guid":{"rendered":"https:\/\/www.agrobase.com.br\/concursos\/?p=258234"},"modified":"2024-12-31T09:44:20","modified_gmt":"2024-12-31T12:44:20","slug":"processo-seletivo-da-prefeitura-de-recreio-mg-edital-007-2024","status":"publish","type":"post","link":"https:\/\/www.agrobase.com.br\/concursos\/2024\/processo-seletivo-da-prefeitura-de-recreio-mg-edital-007-2024\/","title":{"rendered":"Processo Seletivo da Prefeitura de Recreio &#8211; MG | Edital 007\/2024"},"content":{"rendered":"<p>No estado de <strong>Minas Gerais, a Prefeitura de Recreio<\/strong>, por meio da Secretaria Municipal de Administra\u00e7\u00e3o anuncia a realiza\u00e7\u00e3o de um novo Processo Seletivo, que tem por objetivo o preenchimento de <em>24 vagas<\/em>, bem como a forma\u00e7\u00e3o de cadastro reserva destinado \u00e0 contrata\u00e7\u00e3o de profissionais.<\/p>\n<p>H\u00e1 oportunidades dispon\u00edveis entre os seguintes cargos: <em>Auxiliar Administrativo (1); Enfermeiro (1); Fiscal Sanit\u00e1rio (1); Farmac\u00eautico\/ Bioqu\u00edmico (1); Fisioterapeuta (1); Nutricionista (1); M\u00e9dico Cl\u00ednico do PSF\/ESF (1); Odont\u00f3logo do PSF (1); Odont\u00f3logo (1); Professor de Educa\u00e7\u00e3o F\u00edsica (1); T\u00e9cnico de Higiene dental (1); Agente Comunit\u00e1rio de Sa\u00fade (2); Agente Controlador de dengue (2); T\u00e9cnico em Enfermagem (1); Fiscal Municipal (1); Terapeuta Ocupacional (1); Fonoaudi\u00f3logo (1); Assistente Social Para a Sa\u00fade (1); Assistente Social para o desenvolvimento Social (1); Psic\u00f3logo Para a Sa\u00fade (1); Psic\u00f3logo para o Desenvolvimento Social (1); e T\u00e9cnico de Inform\u00e1tica &#8211; TI (1)<\/em>.<\/p>\n<p>Para concorrer a uma das chances ofertadas, \u00e9 necess\u00e1rio que o candidato tenha escolaridade entre n\u00edveis fundamental, m\u00e9dio, t\u00e9cnico e superior, conforme o respectivo cargo pleiteado.<\/p>\n<p>Ao ser contratado, o profissional deve exercer fun\u00e7\u00f5es em jornadas de 20 a 40 horas semanais, referente a remunera\u00e7\u00e3o mensal no valor que alterna entre <strong>R$ 1.412,00 a R$ 10.500,00<\/strong>.<\/p>\n<p>Os interessados em participar do Processo Seletivo, podem se inscrever no per\u00edodo de <strong>13 a 17 de janeiro de 2025<\/strong>, na sede da Prefeitura Municipal, situada na Rua Prefeito Jos\u00e9 Ant\u00f4nio, n\u00ba 126, Centro. O atendimento \u00e9 das 8h \u00e0s 12h.<\/p>\n<p>Vale ressaltar que o pagamento da taxa no valor de R$ 50,00 a R$ 200,00 deve ser efetuado at\u00e9 a data limite do per\u00edodo de inscri\u00e7\u00e3o. Entretanto, os candidatos que se enquadram nos crit\u00e9rios especificados no edital, poder\u00e3o solicitar a isen\u00e7\u00e3o da taxa at\u00e9 14 de janeiro de 2025.<\/p>\n<p>Como forma de classifica\u00e7\u00e3o, os candidatos ser\u00e3o avaliados mediante aplica\u00e7\u00e3o de prova objetiva, na data prevista de 3 de fevereiro de 2025, \u00e0s 17h, a Escola Municipal Nice Damasceno de Almeida, situada na Rua Sargento Euber de Queiroz, s\/n, Bairro Sebasti\u00e3o Dadu Arruda, em Recreio, Minas Gerais.<\/p>\n<p>A prova consistir\u00e1 em quest\u00f5es que envolvem as \u00e1reas de atualidades, hist\u00f3ria e lei org\u00e2nica do munic\u00edpio de Recreio e estado de Minas Gerais, portugu\u00eas, hist\u00f3ria, geografia, cultura, economia, executivo e legislativo, s\u00edmbolos municipais, dom\u00ednio de t\u00f3picos atuais e relevantes de diversas \u00e1reas, tais como: desenvolvimento sustent\u00e1vel, ecologia, tecnologia, inova\u00e7\u00e3o tecnol\u00f3gica, energia, pol\u00edtica, economia, sociedade, rela\u00e7\u00f5es internacionais, educa\u00e7\u00e3o, sa\u00fade, seguran\u00e7a artes e literatura e suas vincula\u00e7\u00f5es hist\u00f3ricas.<\/p>\n<p>De acordo com o edital de abertura, o Processo Seletivo ter\u00e1 validade durante 12 meses, contados a partir da data da homologa\u00e7\u00e3o do resultado final, com possibilidade de prorroga\u00e7\u00e3o, uma vez, por igual per\u00edodo.<\/p>\n","protected":false},"excerpt":{"rendered":"<p>No estado de Minas Gerais, a Prefeitura de Recreio, por meio da Secretaria Municipal de Administra\u00e7\u00e3o anuncia a realiza\u00e7\u00e3o de um novo Processo Seletivo, que tem por objetivo o preenchimento de 24 vagas, bem como a forma\u00e7\u00e3o de cadastro reserva destinado \u00e0 contrata\u00e7\u00e3o de profissionais. H\u00e1 oportunidades dispon\u00edveis entre os seguintes cargos: Auxiliar Administrativo (1); [&hellip;]<\/p>\n","protected":false},"author":5229,"featured_media":258238,"comment_status":"open","ping_status":"open","sticky":false,"template":"","format":"standard","meta":{"_acf_changed":false,"_breakdance_hide_in_design_set":false,"_breakdance_tags":"","footnotes":""},"categories":[6,7,11,12,17,18,19,22,23,24,26,101,130],"tags":[50],"_amplo":[6427,6428],"destaque":[],"instituicoes":[747],"class_list":["post-258234","post","type-post","status-publish","format-standard","has-post-thumbnail","hentry","category-biologia","category-biomedicina","category-educacao-fisica","category-enfermagem","category-farmacia","category-fisioterapia","category-fonoaudiologia","category-veterinaria","category-nutricao","category-odontologia","category-psicologia","category-servico-social","category-tecnico-informatica","tag-minas-gerais","_amplo-nivel-medio","_amplo-nivel-superior","instituicoes-prefeitura-municipal-de-recreio-mg"],"acf":{"_tipo_vagas":"vagas + cadastro de reserva","_numero_vagas":24,"_quadro_vagas":"","_cargos":"diversos","_cargos_especificos":"","_salario_max":"R$ 10.500,00","_abertura":"20250113","_encerramento":"20250117","_inscricoes":"","_executora_concurso":"","_instituicao_concurso":[747],"_link_adicional":null,"_anexos":[{"_arquivo_anexo":258235,"_titulo_anexo":"Edital 007\/2024"}],"_produtos":null,"_vagas":"","_salario_min":"","_instituicao":"","_edital":"","_anexos_edital":"","_fund_incompleto":"","_fund_completo":"","_medio":"","_superior":""},"_links":{"self":[{"href":"https:\/\/www.agrobase.com.br\/concursos\/wp-json\/wp\/v2\/posts\/258234","targetHints":{"allow":["GET"]}}],"collection":[{"href":"https:\/\/www.agrobase.com.br\/concursos\/wp-json\/wp\/v2\/posts"}],"about":[{"href":"https:\/\/www.agrobase.com.br\/concursos\/wp-json\/wp\/v2\/types\/post"}],"author":[{"embeddable":true,"href":"https:\/\/www.agrobase.com.br\/concursos\/wp-json\/wp\/v2\/users\/5229"}],"replies":[{"embeddable":true,"href":"https:\/\/www.agrobase.com.br\/concursos\/wp-json\/wp\/v2\/comments?post=258234"}],"version-history":[{"count":0,"href":"https:\/\/www.agrobase.com.br\/concursos\/wp-json\/wp\/v2\/posts\/258234\/revisions"}],"acf:term":[{"embeddable":true,"taxonomy":"instituicoes","href":"https:\/\/www.agrobase.com.br\/concursos\/wp-json\/wp\/v2\/instituicoes\/747"}],"wp:featuredmedia":[{"embeddable":true,"href":"https:\/\/www.agrobase.com.br\/concursos\/wp-json\/wp\/v2\/media\/258238"}],"wp:attachment":[{"href":"https:\/\/www.agrobase.com.br\/concursos\/wp-json\/wp\/v2\/media?parent=258234"}],"wp:term":[{"taxonomy":"category","embeddable":true,"href":"https:\/\/www.agrobase.com.br\/concursos\/wp-json\/wp\/v2\/categories?post=258234"},{"taxonomy":"post_tag","embeddable":true,"href":"https:\/\/www.agrobase.com.br\/concursos\/wp-json\/wp\/v2\/tags?post=258234"},{"taxonomy":"_amplo","embeddable":true,"href":"https:\/\/www.agrobase.com.br\/concursos\/wp-json\/wp\/v2\/_amplo?post=258234"},{"taxonomy":"destaque","embeddable":true,"href":"https:\/\/www.agrobase.com.br\/concursos\/wp-json\/wp\/v2\/destaque?post=258234"},{"taxonomy":"instituicoes","embeddable":true,"href":"https:\/\/www.agrobase.com.br\/concursos\/wp-json\/wp\/v2\/instituicoes?post=258234"}],"curies":[{"name":"wp","href":"https:\/\/api.w.org\/{rel}","templated":true}]}}