{"id":258215,"date":"2024-12-31T07:15:46","date_gmt":"2024-12-31T10:15:46","guid":{"rendered":"https:\/\/www.agrobase.com.br\/concursos\/?p=258215"},"modified":"2024-12-30T15:52:15","modified_gmt":"2024-12-30T18:52:15","slug":"concurso-publico-da-ufjf-mg-edital-113-2024","status":"publish","type":"post","link":"https:\/\/www.agrobase.com.br\/concursos\/2024\/concurso-publico-da-ufjf-mg-edital-113-2024\/","title":{"rendered":"Concurso P\u00fablico da UFJF &#8211; MG | Edital 113\/2024"},"content":{"rendered":"<p>No estado de Minas Gerais, a <strong>Universidade Federal de Juiz de Fora (UFJF)<\/strong> publicou nesta segunda-feira (23) o edital que abre Concurso P\u00fablico para contrata\u00e7\u00e3o de 30 professores efetivos.<\/p>\n<p>As vagas est\u00e3o distribu\u00eddas entre os campi de Juiz de Fora e Governador Valadares:<\/p>\n<ul>\n<li><strong>Campus Juiz de Fora:<\/strong>\n<ul>\n<li>Microeconomia (1 vaga); Redes de Comunica\u00e7\u00f5es. (1 vaga); Tecnologia e Inova\u00e7\u00e3o (1 vaga); Projetos de M\u00e1quinas e Mec\u00e2nica dos s\u00f3lidos (1 vaga); Doen\u00e7as Infecciosas e Parasit\u00e1rias (DIP); Temas Integradores em Cl\u00ednica Ampliada (TICA); Semiologia M\u00e9dica (1 vaga); Inspe\u00e7\u00e3o e Tecnologia de Produtos de Origem Animal e Est\u00e1gio Obrigat\u00f3rio em Servi\u00e7o na \u00e1rea (1 vaga); Medicina Veterin\u00e1ria de Animais Silvestres e Est\u00e1gio Obrigat\u00f3rio em Servi\u00e7o na \u00e1rea. (1 vaga); Doen\u00e7as Parasit\u00e1rias de Animais Dom\u00e9sticos e Est\u00e1gio Obrigat\u00f3rio em Servi\u00e7o na \u00e1rea (1 vaga); Experimenta\u00e7\u00e3o e Produ\u00e7\u00e3o de N\u00e3o Ruminantes e Est\u00e1gio Obrigat\u00f3rio em Servi\u00e7o na \u00e1rea (1 vaga); Cirurgia Veterin\u00e1ria e Est\u00e1gio Obrigat\u00f3rio em Servi\u00e7o na \u00e1rea (1 vaga); Epidemiologia, M\u00e9todos Epidemiol\u00f3gicos, An\u00e1lises de Dados em Estudos Epidemiol\u00f3gicos, T\u00f3picos Avan\u00e7ados em Epidemiologia, Temas Integradores da Cl\u00ednica Ampliada (TICA) (1 vaga); Pr\u00f3tese, Oclus\u00e3o e Cl\u00ednicas Integradas (1 vaga); Fundamentos do Trabalho Profissional do Servi\u00e7o Social (1 vaga); Estado, Pol\u00edtica Social e Gest\u00e3o P\u00fablica (1 vaga); Hist\u00f3ria, teoria e cr\u00edtica de arte com \u00eanfase em institui\u00e7\u00f5es art\u00edsticas (1 vaga); M\u00fasica e Educa\u00e7\u00e3o Musical: Instrumentos Musicalizadores (1 vaga); Inform\u00e1tica na Educa\u00e7\u00e3o (1 vaga); Ensino de F\u00edsica (1 vaga); Tratamento e preven\u00e7\u00e3o psicol\u00f3gica, interven\u00e7\u00e3o terap\u00eautica, dist\u00farbios psicossom\u00e1ticos (1 vaga).<\/li>\n<\/ul>\n<\/li>\n<li><strong>Campus Governador Valadares:<\/strong>\n<ul>\n<li>Bioqu\u00edmica B\u00e1sica e Bioqu\u00edmica Fisiol\u00f3gica (1 vaga); Anatomia Humana (1 vaga); Comportamento Motor, Atividades Aqu\u00e1ticas, Orienta\u00e7\u00e3o de Trabalho de Conclus\u00e3o de Curso e Orienta\u00e7\u00e3o de Est\u00e1gios (1 vaga); Psicologia do Esporte e da Atividade F\u00edsica, Voleibol, Orienta\u00e7\u00e3o de Trabalho de Conclus\u00e3o de Curso e Orienta\u00e7\u00e3o de Est\u00e1gios (1 vaga); Fisioterapia na Sa\u00fade da Mulher, Fisioterapia Dermatofuncional e Est\u00e1gio Supervisionado (1 vaga); Gastroenterologia (1 vaga); Ginecologia e Obstetr\u00edcia (1 vaga); Cirurgia Bucomaxilofacial (1 vaga); Diagn\u00f3stico Bucal e Maxilofacial, Estomatologia, Patologia Oral e Maxilofacial e Ergonomia (1 vaga); Contabilidade Societ\u00e1ria, Sistemas de Informa\u00e7\u00e3o e Tecnologias em Contabilidade e Pr\u00e1tica Cont\u00e1bil (1 vaga); Direitos Sociais, Direito do Trabalho, Direito Processual do Trabalho, Pr\u00e1tica Trabalhista (1 vaga).<\/li>\n<\/ul>\n<\/li>\n<\/ul>\n<p>Para participar, os candidatos devem ter gradua\u00e7\u00e3o em \u00e1rea espec\u00edfica e, na maioria dos casos, doutorado.<\/p>\n<p>A remunera\u00e7\u00e3o varia de <strong>R$ 2.437,59 a R$ 10.481,64<\/strong>, dependendo da titula\u00e7\u00e3o do candidato e do regime de trabalho, que pode ser de 20 horas semanais, 40 horas ou dedica\u00e7\u00e3o exclusiva.<\/p>\n<p>As inscri\u00e7\u00f5es poder\u00e3o ser realizadas no per\u00edodo de <strong>28 de janeiro a 10 de mar\u00e7o de 2025<\/strong>, exclusivamente <a href=\"https:\/\/www2.ufjf.br\/propp\/\" target=\"_blank\" rel=\"noopener\">via internet<\/a>, no site da Universidade. A taxa de inscri\u00e7\u00e3o \u00e9 de R$ 180,00.<\/p>\n<p>O processo seletivo ser\u00e1 composto por diferentes etapas, incluindo prova escrita dissertiva, prova did\u00e1tica, prova de memorial e plano de atua\u00e7\u00e3o profissional, e avalia\u00e7\u00e3o de t\u00edtulos.<\/p>\n<p>Os aprovados ser\u00e3o nomeados de acordo com a ordem de classifica\u00e7\u00e3o e conforme o interesse institucional, com prazo de validade do concurso de dois anos, sem possibilidade de prorroga\u00e7\u00e3o.<\/p>\n<p>Mais informa\u00e7\u00f5es podem ser obtidas no edital completo em nosso site.<\/p>\n","protected":false},"excerpt":{"rendered":"<p>No estado de Minas Gerais, a Universidade Federal de Juiz de Fora (UFJF) publicou nesta segunda-feira (23) o edital que abre Concurso P\u00fablico para contrata\u00e7\u00e3o de 30 professores efetivos. As vagas est\u00e3o distribu\u00eddas entre os campi de Juiz de Fora e Governador Valadares: Campus Juiz de Fora: Microeconomia (1 vaga); Redes de Comunica\u00e7\u00f5es. (1 vaga); [&hellip;]<\/p>\n","protected":false},"author":5229,"featured_media":258219,"comment_status":"open","ping_status":"open","sticky":false,"template":"","format":"standard","meta":{"_acf_changed":false,"_breakdance_hide_in_design_set":false,"_breakdance_tags":"","footnotes":""},"categories":[4,6433,7,6434,12,14,136,17,18,19,111,21,22,23,24,26,134,28],"tags":[50],"_amplo":[6428],"destaque":[],"instituicoes":[707],"class_list":["post-258215","post","type-post","status-publish","format-standard","has-post-thumbnail","hentry","category-agronomia","category-biologia-licenciatura","category-biomedicina","category-educacao-fisica-licenciatura","category-enfermagem","category-engenharia","category-estatistica","category-farmacia","category-fisioterapia","category-fonoaudiologia","category-geografia","category-medicina","category-veterinaria","category-nutricao","category-odontologia","category-psicologia","category-terapia-ocupacional","category-zootecnia","tag-minas-gerais","_amplo-nivel-superior","instituicoes-universidade-federal-de-juiz-de-fora-ufjf"],"acf":{"_tipo_vagas":"vagas","_numero_vagas":30,"_quadro_vagas":"","_cargos":"professores","_cargos_especificos":"","_salario_max":"R$ 10.481,64","_abertura":"20250128","_encerramento":"20250310","_inscricoes":"https:\/\/www2.ufjf.br\/propp\/","_executora_concurso":"","_instituicao_concurso":[707],"_link_adicional":null,"_anexos":[{"_arquivo_anexo":258216,"_titulo_anexo":"Edital 113\/2024"}],"_produtos":null,"_vagas":"","_salario_min":"","_instituicao":"","_edital":"","_anexos_edital":"","_fund_incompleto":"","_fund_completo":"","_medio":"","_superior":""},"_links":{"self":[{"href":"https:\/\/www.agrobase.com.br\/concursos\/wp-json\/wp\/v2\/posts\/258215","targetHints":{"allow":["GET"]}}],"collection":[{"href":"https:\/\/www.agrobase.com.br\/concursos\/wp-json\/wp\/v2\/posts"}],"about":[{"href":"https:\/\/www.agrobase.com.br\/concursos\/wp-json\/wp\/v2\/types\/post"}],"author":[{"embeddable":true,"href":"https:\/\/www.agrobase.com.br\/concursos\/wp-json\/wp\/v2\/users\/5229"}],"replies":[{"embeddable":true,"href":"https:\/\/www.agrobase.com.br\/concursos\/wp-json\/wp\/v2\/comments?post=258215"}],"version-history":[{"count":0,"href":"https:\/\/www.agrobase.com.br\/concursos\/wp-json\/wp\/v2\/posts\/258215\/revisions"}],"acf:term":[{"embeddable":true,"taxonomy":"instituicoes","href":"https:\/\/www.agrobase.com.br\/concursos\/wp-json\/wp\/v2\/instituicoes\/707"}],"wp:featuredmedia":[{"embeddable":true,"href":"https:\/\/www.agrobase.com.br\/concursos\/wp-json\/wp\/v2\/media\/258219"}],"wp:attachment":[{"href":"https:\/\/www.agrobase.com.br\/concursos\/wp-json\/wp\/v2\/media?parent=258215"}],"wp:term":[{"taxonomy":"category","embeddable":true,"href":"https:\/\/www.agrobase.com.br\/concursos\/wp-json\/wp\/v2\/categories?post=258215"},{"taxonomy":"post_tag","embeddable":true,"href":"https:\/\/www.agrobase.com.br\/concursos\/wp-json\/wp\/v2\/tags?post=258215"},{"taxonomy":"_amplo","embeddable":true,"href":"https:\/\/www.agrobase.com.br\/concursos\/wp-json\/wp\/v2\/_amplo?post=258215"},{"taxonomy":"destaque","embeddable":true,"href":"https:\/\/www.agrobase.com.br\/concursos\/wp-json\/wp\/v2\/destaque?post=258215"},{"taxonomy":"instituicoes","embeddable":true,"href":"https:\/\/www.agrobase.com.br\/concursos\/wp-json\/wp\/v2\/instituicoes?post=258215"}],"curies":[{"name":"wp","href":"https:\/\/api.w.org\/{rel}","templated":true}]}}