{"id":257815,"date":"2024-12-23T09:46:35","date_gmt":"2024-12-23T12:46:35","guid":{"rendered":"https:\/\/www.agrobase.com.br\/concursos\/?p=257815"},"modified":"2024-12-23T09:46:35","modified_gmt":"2024-12-23T12:46:35","slug":"processo-seletivo-da-prefeitura-de-sao-miguel-do-oeste-sc-edital-002-2024","status":"publish","type":"post","link":"https:\/\/www.agrobase.com.br\/concursos\/2024\/processo-seletivo-da-prefeitura-de-sao-miguel-do-oeste-sc-edital-002-2024\/","title":{"rendered":"Processo Seletivo da Prefeitura de S\u00e3o Miguel do Oeste &#8211; SC | Edital 002\/2024"},"content":{"rendered":"<p>No estado de Santa Catarina, a <strong>Prefeitura de S\u00e3o Miguel do Oeste<\/strong>, por meio da Associa\u00e7\u00e3o dos Munic\u00edpios do Extremo Oeste de Santa Catarina (Ameosc) anuncia a realiza\u00e7\u00e3o de um novo Processo Seletivo, que tem por objetivo a forma\u00e7\u00e3o de cadastro reserva destinado \u00e0 contrata\u00e7\u00e3o de profissionais, em regime estatut\u00e1rio.<\/p>\n<p>H\u00e1 oportunidades dispon\u00edveis entre os seguintes cargos: <em>Administrador; Advogado; Arquiteto; Assistente Social; Bibliotec\u00e1rio; Bioqu\u00edmico; Cirurgi\u00e3o Dentista Especialidade em Pr\u00f3tese Dent\u00e1ria); Contador; Controlador Interno; Educador F\u00edsico; Enfermeiro; Engenheiro Civil; Farmac\u00eautico; Fiscal de Tributos; Fisioterapeuta; Fonoaudi\u00f3logo; Jornalista; M\u00e9dico (Cl\u00ednico Geral); M\u00e9dico (Ginecologista); M\u00e9dico (Infectologista); M\u00e9dico (Neurologista); M\u00e9dico (Pediatra); M\u00e9dico (Psiquiatra); M\u00e9dico (Ultrassonografista); M\u00e9dico Veterin\u00e1rio; Nutricionista; Odont\u00f3logo; Pedagogo; Psic\u00f3logo; Terapeuta Ocupacional; Agente Comunit\u00e1rio de Sa\u00fade; Atendente Social; Auxiliar de Consult\u00f3rio Dent\u00e1rio; Fiscal de Obras e Posturas; Fiscal Sanit\u00e1rio; Motorista; Operador de M\u00e1quinas; T\u00e9cnico Administrativo; T\u00e9cnico Agr\u00edcola; T\u00e9cnico em Agrimensura; T\u00e9cnico em Enfermagem; T\u00e9cnico em Inform\u00e1tica; e T\u00e9cnico em Seguran\u00e7a do Trabalho.<\/em><\/p>\n<p>Para concorrer a uma das chances ofertadas, \u00e9 necess\u00e1rio que o candidato tenha escolaridade entre n\u00edveis m\u00e9dio, t\u00e9cnico e superior, conforme o respectivo cargo pleiteado.<\/p>\n<p>Ao ser contratado, o profissional deve exercer fun\u00e7\u00f5es em jornadas de 30 a 40 horas semanais, referente a remunera\u00e7\u00e3o mensal no valor que alterna entre <strong>R$ 1.992,75 a R$ 23.914,01.<\/strong><\/p>\n<p>Os interessados em participar do Processo Seletivo, podem se inscrever de forma eletr\u00f4nica, a partir das <strong>8h de 20 de dezembro de 2024 at\u00e9 o dia 20 de janeiro de 2025<\/strong>, por meio do site da <a href=\"https:\/\/ameosc.selecao.net.br\/informacoes\/2420\/\" target=\"_blank\" rel=\"noopener\">Ameosc<\/a>.<\/p>\n<p>Entretanto, os candidatos que n\u00e3o dispuserem de acesso \u00e0 internet, poder\u00e3o realizar a inscri\u00e7\u00e3o na Prefeitura Municipal, situada na Rua Marcilio Dias, n.\u00ba 1199, Centro, durante o hor\u00e1rio de expediente do \u00f3rg\u00e3o.<\/p>\n<p>Vale ressaltar que o pagamento da taxa no valor de R$ 70,00 a R$ 110,00, deve ser efetuado at\u00e9 21 de janeiro de 2025. No entanto, os candidatos que se enquadram nos crit\u00e9rios especificados no edital, poder\u00e3o solicitar a isen\u00e7\u00e3o da taxa at\u00e9 3 de janeiro de 2025.<\/p>\n<p>Como forma de classifica\u00e7\u00e3o, os candidatos ser\u00e3o avaliados mediante aplica\u00e7\u00e3o de prova objetiva, na data prevista de 9 de fevereiro de 2025, \u00e0s 9h, em local a ser informado posteriormente.<\/p>\n<p>A prova ter\u00e1 dura\u00e7\u00e3o m\u00e1xima de duas horas e 30 minutos e consistir\u00e1 em 20 quest\u00f5es que envolvem as disciplinas de conhecimentos espec\u00edficos, l\u00edngua portuguesa e conhecimentos gerais.<\/p>\n<p>Logo, os candidatos inscritos nos cargos de Motorista e Operador de M\u00e1quinas, ser\u00e3o submetidos \u00e0 fase de prova pr\u00e1tica, realizada \u00e0s 13h da mesma data prevista para aplica\u00e7\u00e3o da etapa anterior.<\/p>\n<p>De acordo com o edital de abertura, o Processo Seletivo ter\u00e1 validade durante um ano, contados a partir da publica\u00e7\u00e3o da homologa\u00e7\u00e3o, com possibilidade de ser prorrogado, uma vez, por igual per\u00edodo.<\/p>\n","protected":false},"excerpt":{"rendered":"<p>No estado de Santa Catarina, a Prefeitura de S\u00e3o Miguel do Oeste, por meio da Associa\u00e7\u00e3o dos Munic\u00edpios do Extremo Oeste de Santa Catarina (Ameosc) anuncia a realiza\u00e7\u00e3o de um novo Processo Seletivo, que tem por objetivo a forma\u00e7\u00e3o de cadastro reserva destinado \u00e0 contrata\u00e7\u00e3o de profissionais, em regime estatut\u00e1rio. H\u00e1 oportunidades dispon\u00edveis entre os [&hellip;]<\/p>\n","protected":false},"author":5229,"featured_media":257818,"comment_status":"open","ping_status":"open","sticky":false,"template":"","format":"standard","meta":{"_acf_changed":false,"_breakdance_hide_in_design_set":false,"_breakdance_tags":"","footnotes":""},"categories":[3,5,94,106,9,10,117,11,12,14,17,18,19,99,21,22,23,24,25,26,101,29,108,130,157,134],"tags":[61],"_amplo":[6427,6428],"destaque":[],"instituicoes":[233],"class_list":["post-257815","post","type-post","status-publish","format-standard","has-post-thumbnail","hentry","category-administracao","category-arquitetura","category-biblioteconomia","category-bioquimica","category-ciencias-contabeis","category-direito","category-economia","category-educacao-fisica","category-enfermagem","category-engenharia","category-farmacia","category-fisioterapia","category-fonoaudiologia","category-jornalismo","category-medicina","category-veterinaria","category-nutricao","category-odontologia","category-pedagogia","category-psicologia","category-servico-social","category-tecnico-agricola","category-tecnico-enfermagem","category-tecnico-informatica","category-tecnico-seguranca-trabalho","category-terapia-ocupacional","tag-santa-catarina","_amplo-nivel-medio","_amplo-nivel-superior","instituicoes-prefeitura-municipal-de-sao-miguel-do-oeste-sc"],"acf":{"_tipo_vagas":"cadastro de reserva","_numero_vagas":"","_quadro_vagas":"","_cargos":"diversos","_cargos_especificos":"","_salario_max":"R$ 23.914,01","_abertura":"20241220","_encerramento":"20250120","_inscricoes":"https:\/\/ameosc.selecao.net.br\/informacoes\/2420\/","_executora_concurso":39302,"_instituicao_concurso":[233],"_link_adicional":null,"_anexos":[{"_arquivo_anexo":257816,"_titulo_anexo":"Edital 002\/2024"}],"_produtos":null,"_vagas":"","_salario_min":"","_instituicao":"","_edital":"","_anexos_edital":"","_fund_incompleto":"","_fund_completo":"","_medio":"","_superior":""},"_links":{"self":[{"href":"https:\/\/www.agrobase.com.br\/concursos\/wp-json\/wp\/v2\/posts\/257815","targetHints":{"allow":["GET"]}}],"collection":[{"href":"https:\/\/www.agrobase.com.br\/concursos\/wp-json\/wp\/v2\/posts"}],"about":[{"href":"https:\/\/www.agrobase.com.br\/concursos\/wp-json\/wp\/v2\/types\/post"}],"author":[{"embeddable":true,"href":"https:\/\/www.agrobase.com.br\/concursos\/wp-json\/wp\/v2\/users\/5229"}],"replies":[{"embeddable":true,"href":"https:\/\/www.agrobase.com.br\/concursos\/wp-json\/wp\/v2\/comments?post=257815"}],"version-history":[{"count":0,"href":"https:\/\/www.agrobase.com.br\/concursos\/wp-json\/wp\/v2\/posts\/257815\/revisions"}],"acf:term":[{"embeddable":true,"taxonomy":"instituicoes","href":"https:\/\/www.agrobase.com.br\/concursos\/wp-json\/wp\/v2\/instituicoes\/233"}],"acf:post":[{"embeddable":true,"href":"https:\/\/www.agrobase.com.br\/concursos\/wp-json\/wp\/v2\/executora\/39302"}],"wp:featuredmedia":[{"embeddable":true,"href":"https:\/\/www.agrobase.com.br\/concursos\/wp-json\/wp\/v2\/media\/257818"}],"wp:attachment":[{"href":"https:\/\/www.agrobase.com.br\/concursos\/wp-json\/wp\/v2\/media?parent=257815"}],"wp:term":[{"taxonomy":"category","embeddable":true,"href":"https:\/\/www.agrobase.com.br\/concursos\/wp-json\/wp\/v2\/categories?post=257815"},{"taxonomy":"post_tag","embeddable":true,"href":"https:\/\/www.agrobase.com.br\/concursos\/wp-json\/wp\/v2\/tags?post=257815"},{"taxonomy":"_amplo","embeddable":true,"href":"https:\/\/www.agrobase.com.br\/concursos\/wp-json\/wp\/v2\/_amplo?post=257815"},{"taxonomy":"destaque","embeddable":true,"href":"https:\/\/www.agrobase.com.br\/concursos\/wp-json\/wp\/v2\/destaque?post=257815"},{"taxonomy":"instituicoes","embeddable":true,"href":"https:\/\/www.agrobase.com.br\/concursos\/wp-json\/wp\/v2\/instituicoes?post=257815"}],"curies":[{"name":"wp","href":"https:\/\/api.w.org\/{rel}","templated":true}]}}